{"id":62344,"date":"2025-12-09T15:13:39","date_gmt":"2025-12-09T18:13:39","guid":{"rendered":"https:\/\/verdadeon.com.br\/portal\/?p=62344"},"modified":"2025-12-09T15:13:39","modified_gmt":"2025-12-09T18:13:39","slug":"governo-oficializa-novas-regras-para-obtencao-de-cnh","status":"publish","type":"post","link":"https:\/\/verdadeon.com.br\/portal\/2025\/12\/09\/governo-oficializa-novas-regras-para-obtencao-de-cnh\/","title":{"rendered":"Governo oficializa novas regras para obten\u00e7\u00e3o de CNH"},"content":{"rendered":"<div class=\"header-noticia full-width\">\n<h2 class=\"linha-fina-noticia\">Custo da carteira de habilita\u00e7\u00e3o ser\u00e1 reduzido em at\u00e9 80%<\/h2>\n<\/div>\n<div class=\"subheader\">\n<div class=\"container-autoria\">\n<p><strong>O Governo Federal oficializou nesta ter\u00e7a-feira (9) as novas regras para obten\u00e7\u00e3o da Carteira Nacional de Habilita\u00e7\u00e3o (CNH). <\/strong><\/p>\n<p>[&#8230;]<\/p>\n<p><strong>O ministro dos Transportes, Renan Filho, avaliou que as mudan\u00e7as modernizam, simplificam e barateiam a CNH<\/strong>. \u201cUma decis\u00e3o politicamente muito forte que vai atender cerca de 100 milh\u00f5es de brasileiros que t\u00eam a carteira ou est\u00e3o esperando a oportunidade para tirara a carteira\u201d.<\/p>\n<p>\u201cEssa pol\u00edtica \u00e9 t\u00e3o forte que a demanda por forma\u00e7\u00e3o de condutores no Brasil parou. Est\u00e1 todo mundo esperando hoje pelo barateamento da Carteira Nacional de Habilita\u00e7\u00e3o. Vai cair em at\u00e9 80% nos estados brasileiros. \u00c9 uma marca muito forte, muito importante\u201d, completou.<\/p>\n<h2>Entenda<\/h2>\n<p>A resolu\u00e7\u00e3o, aprovado por unanimidade na semana passada, simplifica etapas,\u00a0<a href=\"https:\/\/agenciabrasil.ebc.com.br\/geral\/noticia\/2025-12\/contran-aprova-resolucao-que-retira-exigencia-de-autoescola-para-cnh\" target=\"_blank\" rel=\"noopener\">retira a obrigatoriedade de passar por autoescola\u00a0<\/a>para fazer a prova de dire\u00e7\u00e3o, amplia formas de prepara\u00e7\u00e3o do candidato e reduz em at\u00e9 80% o custo total da carteira de motorista.\u00a0<strong>Durante o evento, tamb\u00e9m foi lan\u00e7ada a nova vers\u00e3o do aplicativo da CNH<\/strong>.<\/p>\n<p><strong>O texto prev\u00ea curso te\u00f3rico gratuito e digital, flexibiliza\u00e7\u00e3o de aulas pr\u00e1ticas e abertura para instrutores credenciados pelos departamentos de tr\u00e2nsito (Detrans). A abertura do processo pode ser feita pelo\u00a0<a href=\"https:\/\/www.gov.br\/transportes\/pt-br\" target=\"_blank\" rel=\"noopener\">site<\/a>\u00a0do Minist\u00e9rio dos Transportes ou pela Carteira Digital de Tr\u00e2nsito (CDT).\u00a0<\/strong><\/p>\n<p>J\u00e1 o\u00a0<a href=\"https:\/\/www.gov.br\/pt-br\/apps\/carteira-digital-de-transito-1\" target=\"_blank\" rel=\"noopener\">aplicativo<\/a>\u00a0vai viabilizar a obten\u00e7\u00e3o da CNH sem necessidade de passar por uma autoescola, disponibilizando o material para que os pretendentes a condutor estudem as regras de tr\u00e2nsito. Quem quiser ainda poder\u00e1 fazer aulas te\u00f3ricas e pr\u00e1ticas em uma autoescola.<\/p>\n<p><strong>Dados da Secretaria Nacional de Tr\u00e2nsito (Senatran) indicam que 20 milh\u00f5es de brasileiros dirigem sem habilita\u00e7\u00e3o enquanto 30 milh\u00f5es t\u00eam idade para ter a CNH, mas n\u00e3o possuem o documento principalmente por n\u00e3o conseguirem arcar com os custos, que podem chegar a R$ 5 mil.<\/strong><\/p>\n<p>Veja as principais mudan\u00e7as:<\/p>\n<h2>Abertura do processo<\/h2>\n<ul>\n<li>Poder\u00e1 ser feita pelo site do Minist\u00e9rio dos Transportes ou pelo aplicativo da Carteira Digital de Tr\u00e2nsito (CDT).<\/li>\n<li>Aulas te\u00f3ricas<\/li>\n<li>O Minist\u00e9rio dos Transportes ir\u00e1 disponibilizar todo o conte\u00fado te\u00f3rico online gratuitamente.<\/li>\n<li>Quem preferir poder\u00e1 estudar presencialmente em autoescolas ou institui\u00e7\u00f5es credenciadas.<\/li>\n<\/ul>\n<h2>Aulas pr\u00e1ticas<\/h2>\n<ul>\n<li>-A exig\u00eancia de aulas pr\u00e1ticas passar\u00e1 das atuais 20 horas-aula para duas horas.<\/li>\n<li>O candidato poder\u00e1 escolher entre: autoescolas tradicionais, instrutores aut\u00f4nomos credenciados pelos Detrans ou prepara\u00e7\u00f5es personalizadas.<\/li>\n<li>Ser\u00e1 permitido uso de carro pr\u00f3prio para as aulas pr\u00e1ticas<\/li>\n<\/ul>\n<h2>Provas<\/h2>\n<ul>\n<li>Mesmo sem a obrigatoriedade das aulas, o condutor ainda \u00e9 obrigado a fazer as provas te\u00f3rica e pr\u00e1tica para obter a CNH.<\/li>\n<li>Outras etapas obrigat\u00f3rias como coleta biom\u00e9trica e exame m\u00e9dico devem ser feitas presencialmente no Detran.<\/li>\n<\/ul>\n<h2>Instrutores<\/h2>\n<ul>\n<li>Os instrutores aut\u00f4nomos ser\u00e3o autorizados e fiscalizados pelos \u00f3rg\u00e3os estaduais, com crit\u00e9rios padronizados nacionalmente.<\/li>\n<li>A identifica\u00e7\u00e3o e o controle ser\u00e3o integrados \u00e0 Carteira Digital de Tr\u00e2nsito.<\/li>\n<\/ul>\n<p>Fonte: Ag\u00eancia Brasil<\/p>\n<\/div>\n<\/div>\n","protected":false},"excerpt":{"rendered":"<p>Custo da carteira de habilita\u00e7\u00e3o ser\u00e1 reduzido em at\u00e9 80% O Governo Federal oficializou nesta ter\u00e7a-feira (9) as novas regras para obten\u00e7\u00e3o da Carteira Nacional de<span class=\"excerpt-hellip\"> [\u2026]<\/span><\/p>\n","protected":false},"author":10,"featured_media":62155,"comment_status":"open","ping_status":"open","sticky":false,"template":"","format":"standard","meta":{"_jetpack_memberships_contains_paid_content":false,"footnotes":"","jetpack_publicize_message":"","jetpack_publicize_feature_enabled":true,"jetpack_social_post_already_shared":true,"jetpack_social_options":{"image_generator_settings":{"template":"highway","default_image_id":0,"enabled":false},"version":2}},"categories":[28,44],"tags":[],"class_list":["post-62344","post","type-post","status-publish","format-standard","has-post-thumbnail","hentry","category-cotidiano","category-noticias"],"yoast_head":"<!-- This site is optimized with the Yoast SEO plugin v25.6 - https:\/\/yoast.com\/wordpress\/plugins\/seo\/ -->\n<title>Governo oficializa novas regras para obten\u00e7\u00e3o de CNH - VerdadeOn<\/title>\n<meta name=\"robots\" content=\"index, follow, max-snippet:-1, max-image-preview:large, max-video-preview:-1\" \/>\n<link rel=\"canonical\" href=\"https:\/\/verdadeon.com.br\/portal\/2025\/12\/09\/governo-oficializa-novas-regras-para-obtencao-de-cnh\/\" \/>\n<meta property=\"og:locale\" content=\"pt_BR\" \/>\n<meta property=\"og:type\" content=\"article\" \/>\n<meta property=\"og:title\" content=\"Governo oficializa novas regras para obten\u00e7\u00e3o de CNH - VerdadeOn\" \/>\n<meta property=\"og:description\" content=\"Custo da carteira de habilita\u00e7\u00e3o ser\u00e1 reduzido em at\u00e9 80% O Governo Federal oficializou nesta ter\u00e7a-feira (9) as novas regras para obten\u00e7\u00e3o da Carteira Nacional de [\u2026]\" \/>\n<meta property=\"og:url\" content=\"https:\/\/verdadeon.com.br\/portal\/2025\/12\/09\/governo-oficializa-novas-regras-para-obtencao-de-cnh\/\" \/>\n<meta property=\"og:site_name\" content=\"VerdadeOn\" \/>\n<meta property=\"article:published_time\" content=\"2025-12-09T18:13:39+00:00\" \/>\n<meta property=\"og:image\" content=\"https:\/\/verdadeon.com.br\/portal\/wp-content\/uploads\/2025\/12\/cnh_digital_abr1305223952.webp\" \/>\n\t<meta property=\"og:image:width\" content=\"1170\" \/>\n\t<meta property=\"og:image:height\" content=\"700\" \/>\n\t<meta property=\"og:image:type\" content=\"image\/webp\" \/>\n<meta name=\"author\" content=\"Redacao VerdadeOn\" \/>\n<meta name=\"twitter:card\" content=\"summary_large_image\" \/>\n<meta name=\"twitter:label1\" content=\"Escrito por\" \/>\n\t<meta name=\"twitter:data1\" content=\"Redacao VerdadeOn\" \/>\n\t<meta name=\"twitter:label2\" content=\"Est. tempo de leitura\" \/>\n\t<meta name=\"twitter:data2\" content=\"3 minutos\" \/>\n<script type=\"application\/ld+json\" class=\"yoast-schema-graph\">{\"@context\":\"https:\/\/schema.org\",\"@graph\":[{\"@type\":\"WebPage\",\"@id\":\"https:\/\/verdadeon.com.br\/portal\/2025\/12\/09\/governo-oficializa-novas-regras-para-obtencao-de-cnh\/\",\"url\":\"https:\/\/verdadeon.com.br\/portal\/2025\/12\/09\/governo-oficializa-novas-regras-para-obtencao-de-cnh\/\",\"name\":\"Governo oficializa novas regras para obten\u00e7\u00e3o de CNH - VerdadeOn\",\"isPartOf\":{\"@id\":\"https:\/\/verdadeon.com.br\/portal\/#website\"},\"primaryImageOfPage\":{\"@id\":\"https:\/\/verdadeon.com.br\/portal\/2025\/12\/09\/governo-oficializa-novas-regras-para-obtencao-de-cnh\/#primaryimage\"},\"image\":{\"@id\":\"https:\/\/verdadeon.com.br\/portal\/2025\/12\/09\/governo-oficializa-novas-regras-para-obtencao-de-cnh\/#primaryimage\"},\"thumbnailUrl\":\"https:\/\/i0.wp.com\/verdadeon.com.br\/portal\/wp-content\/uploads\/2025\/12\/cnh_digital_abr1305223952.webp?fit=1170%2C700&ssl=1\",\"datePublished\":\"2025-12-09T18:13:39+00:00\",\"author\":{\"@id\":\"https:\/\/verdadeon.com.br\/portal\/#\/schema\/person\/a5060ad1e9ea3df545188fc93ce43d2f\"},\"breadcrumb\":{\"@id\":\"https:\/\/verdadeon.com.br\/portal\/2025\/12\/09\/governo-oficializa-novas-regras-para-obtencao-de-cnh\/#breadcrumb\"},\"inLanguage\":\"pt-BR\",\"potentialAction\":[{\"@type\":\"ReadAction\",\"target\":[\"https:\/\/verdadeon.com.br\/portal\/2025\/12\/09\/governo-oficializa-novas-regras-para-obtencao-de-cnh\/\"]}]},{\"@type\":\"ImageObject\",\"inLanguage\":\"pt-BR\",\"@id\":\"https:\/\/verdadeon.com.br\/portal\/2025\/12\/09\/governo-oficializa-novas-regras-para-obtencao-de-cnh\/#primaryimage\",\"url\":\"https:\/\/i0.wp.com\/verdadeon.com.br\/portal\/wp-content\/uploads\/2025\/12\/cnh_digital_abr1305223952.webp?fit=1170%2C700&ssl=1\",\"contentUrl\":\"https:\/\/i0.wp.com\/verdadeon.com.br\/portal\/wp-content\/uploads\/2025\/12\/cnh_digital_abr1305223952.webp?fit=1170%2C700&ssl=1\",\"width\":1170,\"height\":700,\"caption\":\"(\u00a9Marcello Casal JrAg\u00eancia Brasil)\"},{\"@type\":\"BreadcrumbList\",\"@id\":\"https:\/\/verdadeon.com.br\/portal\/2025\/12\/09\/governo-oficializa-novas-regras-para-obtencao-de-cnh\/#breadcrumb\",\"itemListElement\":[{\"@type\":\"ListItem\",\"position\":1,\"name\":\"In\u00edcio\",\"item\":\"https:\/\/verdadeon.com.br\/portal\/\"},{\"@type\":\"ListItem\",\"position\":2,\"name\":\"Governo oficializa novas regras para obten\u00e7\u00e3o de CNH\"}]},{\"@type\":\"WebSite\",\"@id\":\"https:\/\/verdadeon.com.br\/portal\/#website\",\"url\":\"https:\/\/verdadeon.com.br\/portal\/\",\"name\":\"VerdadeOn\",\"description\":\"Not\u00edcias di\u00e1rias sobre Franca, Regi\u00e3o, Esporte, Cultura, Cotidiano, Colunas. Cobertura nos principais eventos da cidade \u00e9 aqui - Verdadeon Franca\",\"potentialAction\":[{\"@type\":\"SearchAction\",\"target\":{\"@type\":\"EntryPoint\",\"urlTemplate\":\"https:\/\/verdadeon.com.br\/portal\/?s={search_term_string}\"},\"query-input\":{\"@type\":\"PropertyValueSpecification\",\"valueRequired\":true,\"valueName\":\"search_term_string\"}}],\"inLanguage\":\"pt-BR\"},{\"@type\":\"Person\",\"@id\":\"https:\/\/verdadeon.com.br\/portal\/#\/schema\/person\/a5060ad1e9ea3df545188fc93ce43d2f\",\"name\":\"Redacao VerdadeOn\",\"image\":{\"@type\":\"ImageObject\",\"inLanguage\":\"pt-BR\",\"@id\":\"https:\/\/verdadeon.com.br\/portal\/#\/schema\/person\/image\/\",\"url\":\"https:\/\/secure.gravatar.com\/avatar\/459a9613caaaf07f582c3d0841eea68bdd66f533e465e6ba8b9cb45619572cf4?s=96&d=mm&r=g\",\"contentUrl\":\"https:\/\/secure.gravatar.com\/avatar\/459a9613caaaf07f582c3d0841eea68bdd66f533e465e6ba8b9cb45619572cf4?s=96&d=mm&r=g\",\"caption\":\"Redacao VerdadeOn\"},\"url\":\"https:\/\/verdadeon.com.br\/portal\/author\/redacao\/\"}]}<\/script>\n<!-- \/ Yoast SEO plugin. -->","yoast_head_json":{"title":"Governo oficializa novas regras para obten\u00e7\u00e3o de CNH - VerdadeOn","robots":{"index":"index","follow":"follow","max-snippet":"max-snippet:-1","max-image-preview":"max-image-preview:large","max-video-preview":"max-video-preview:-1"},"canonical":"https:\/\/verdadeon.com.br\/portal\/2025\/12\/09\/governo-oficializa-novas-regras-para-obtencao-de-cnh\/","og_locale":"pt_BR","og_type":"article","og_title":"Governo oficializa novas regras para obten\u00e7\u00e3o de CNH - VerdadeOn","og_description":"Custo da carteira de habilita\u00e7\u00e3o ser\u00e1 reduzido em at\u00e9 80% O Governo Federal oficializou nesta ter\u00e7a-feira (9) as novas regras para obten\u00e7\u00e3o da Carteira Nacional de [\u2026]","og_url":"https:\/\/verdadeon.com.br\/portal\/2025\/12\/09\/governo-oficializa-novas-regras-para-obtencao-de-cnh\/","og_site_name":"VerdadeOn","article_published_time":"2025-12-09T18:13:39+00:00","og_image":[{"width":1170,"height":700,"url":"https:\/\/verdadeon.com.br\/portal\/wp-content\/uploads\/2025\/12\/cnh_digital_abr1305223952.webp","type":"image\/webp"}],"author":"Redacao VerdadeOn","twitter_card":"summary_large_image","twitter_misc":{"Escrito por":"Redacao VerdadeOn","Est. tempo de leitura":"3 minutos"},"schema":{"@context":"https:\/\/schema.org","@graph":[{"@type":"WebPage","@id":"https:\/\/verdadeon.com.br\/portal\/2025\/12\/09\/governo-oficializa-novas-regras-para-obtencao-de-cnh\/","url":"https:\/\/verdadeon.com.br\/portal\/2025\/12\/09\/governo-oficializa-novas-regras-para-obtencao-de-cnh\/","name":"Governo oficializa novas regras para obten\u00e7\u00e3o de CNH - VerdadeOn","isPartOf":{"@id":"https:\/\/verdadeon.com.br\/portal\/#website"},"primaryImageOfPage":{"@id":"https:\/\/verdadeon.com.br\/portal\/2025\/12\/09\/governo-oficializa-novas-regras-para-obtencao-de-cnh\/#primaryimage"},"image":{"@id":"https:\/\/verdadeon.com.br\/portal\/2025\/12\/09\/governo-oficializa-novas-regras-para-obtencao-de-cnh\/#primaryimage"},"thumbnailUrl":"https:\/\/i0.wp.com\/verdadeon.com.br\/portal\/wp-content\/uploads\/2025\/12\/cnh_digital_abr1305223952.webp?fit=1170%2C700&ssl=1","datePublished":"2025-12-09T18:13:39+00:00","author":{"@id":"https:\/\/verdadeon.com.br\/portal\/#\/schema\/person\/a5060ad1e9ea3df545188fc93ce43d2f"},"breadcrumb":{"@id":"https:\/\/verdadeon.com.br\/portal\/2025\/12\/09\/governo-oficializa-novas-regras-para-obtencao-de-cnh\/#breadcrumb"},"inLanguage":"pt-BR","potentialAction":[{"@type":"ReadAction","target":["https:\/\/verdadeon.com.br\/portal\/2025\/12\/09\/governo-oficializa-novas-regras-para-obtencao-de-cnh\/"]}]},{"@type":"ImageObject","inLanguage":"pt-BR","@id":"https:\/\/verdadeon.com.br\/portal\/2025\/12\/09\/governo-oficializa-novas-regras-para-obtencao-de-cnh\/#primaryimage","url":"https:\/\/i0.wp.com\/verdadeon.com.br\/portal\/wp-content\/uploads\/2025\/12\/cnh_digital_abr1305223952.webp?fit=1170%2C700&ssl=1","contentUrl":"https:\/\/i0.wp.com\/verdadeon.com.br\/portal\/wp-content\/uploads\/2025\/12\/cnh_digital_abr1305223952.webp?fit=1170%2C700&ssl=1","width":1170,"height":700,"caption":"(\u00a9Marcello Casal JrAg\u00eancia Brasil)"},{"@type":"BreadcrumbList","@id":"https:\/\/verdadeon.com.br\/portal\/2025\/12\/09\/governo-oficializa-novas-regras-para-obtencao-de-cnh\/#breadcrumb","itemListElement":[{"@type":"ListItem","position":1,"name":"In\u00edcio","item":"https:\/\/verdadeon.com.br\/portal\/"},{"@type":"ListItem","position":2,"name":"Governo oficializa novas regras para obten\u00e7\u00e3o de CNH"}]},{"@type":"WebSite","@id":"https:\/\/verdadeon.com.br\/portal\/#website","url":"https:\/\/verdadeon.com.br\/portal\/","name":"VerdadeOn","description":"Not\u00edcias di\u00e1rias sobre Franca, Regi\u00e3o, Esporte, Cultura, Cotidiano, Colunas. Cobertura nos principais eventos da cidade \u00e9 aqui - Verdadeon Franca","potentialAction":[{"@type":"SearchAction","target":{"@type":"EntryPoint","urlTemplate":"https:\/\/verdadeon.com.br\/portal\/?s={search_term_string}"},"query-input":{"@type":"PropertyValueSpecification","valueRequired":true,"valueName":"search_term_string"}}],"inLanguage":"pt-BR"},{"@type":"Person","@id":"https:\/\/verdadeon.com.br\/portal\/#\/schema\/person\/a5060ad1e9ea3df545188fc93ce43d2f","name":"Redacao VerdadeOn","image":{"@type":"ImageObject","inLanguage":"pt-BR","@id":"https:\/\/verdadeon.com.br\/portal\/#\/schema\/person\/image\/","url":"https:\/\/secure.gravatar.com\/avatar\/459a9613caaaf07f582c3d0841eea68bdd66f533e465e6ba8b9cb45619572cf4?s=96&d=mm&r=g","contentUrl":"https:\/\/secure.gravatar.com\/avatar\/459a9613caaaf07f582c3d0841eea68bdd66f533e465e6ba8b9cb45619572cf4?s=96&d=mm&r=g","caption":"Redacao VerdadeOn"},"url":"https:\/\/verdadeon.com.br\/portal\/author\/redacao\/"}]}},"jetpack_publicize_connections":[],"jetpack_featured_media_url":"https:\/\/i0.wp.com\/verdadeon.com.br\/portal\/wp-content\/uploads\/2025\/12\/cnh_digital_abr1305223952.webp?fit=1170%2C700&ssl=1","jetpack_sharing_enabled":true,"_links":{"self":[{"href":"https:\/\/verdadeon.com.br\/portal\/wp-json\/wp\/v2\/posts\/62344","targetHints":{"allow":["GET"]}}],"collection":[{"href":"https:\/\/verdadeon.com.br\/portal\/wp-json\/wp\/v2\/posts"}],"about":[{"href":"https:\/\/verdadeon.com.br\/portal\/wp-json\/wp\/v2\/types\/post"}],"author":[{"embeddable":true,"href":"https:\/\/verdadeon.com.br\/portal\/wp-json\/wp\/v2\/users\/10"}],"replies":[{"embeddable":true,"href":"https:\/\/verdadeon.com.br\/portal\/wp-json\/wp\/v2\/comments?post=62344"}],"version-history":[{"count":1,"href":"https:\/\/verdadeon.com.br\/portal\/wp-json\/wp\/v2\/posts\/62344\/revisions"}],"predecessor-version":[{"id":62345,"href":"https:\/\/verdadeon.com.br\/portal\/wp-json\/wp\/v2\/posts\/62344\/revisions\/62345"}],"wp:featuredmedia":[{"embeddable":true,"href":"https:\/\/verdadeon.com.br\/portal\/wp-json\/wp\/v2\/media\/62155"}],"wp:attachment":[{"href":"https:\/\/verdadeon.com.br\/portal\/wp-json\/wp\/v2\/media?parent=62344"}],"wp:term":[{"taxonomy":"category","embeddable":true,"href":"https:\/\/verdadeon.com.br\/portal\/wp-json\/wp\/v2\/categories?post=62344"},{"taxonomy":"post_tag","embeddable":true,"href":"https:\/\/verdadeon.com.br\/portal\/wp-json\/wp\/v2\/tags?post=62344"}],"curies":[{"name":"wp","href":"https:\/\/api.w.org\/{rel}","templated":true}]}}