{"id":62339,"date":"2025-12-09T14:55:22","date_gmt":"2025-12-09T17:55:22","guid":{"rendered":"https:\/\/verdadeon.com.br\/portal\/?p=62339"},"modified":"2025-12-09T14:55:22","modified_gmt":"2025-12-09T17:55:22","slug":"formacao-de-ciclone-extratropical-no-sul-do-pais-influencia-clima-chuvoso-em-franca","status":"publish","type":"post","link":"https:\/\/verdadeon.com.br\/portal\/2025\/12\/09\/formacao-de-ciclone-extratropical-no-sul-do-pais-influencia-clima-chuvoso-em-franca\/","title":{"rendered":"Forma\u00e7\u00e3o de ciclone extratropical no sul do pa\u00eds influencia clima chuvoso em Franca"},"content":{"rendered":"<h2>Acumulados de chuva atingem n\u00edvel m\u00e9dio na regi\u00e3o, segundo Defesa Civil<\/h2>\n<p style=\"text-align: right;\"><strong><em>Por Pedro Maia<\/em><\/strong><br \/>\n<strong><em>Editor-chefe<\/em><\/strong><\/p>\n<p>A Defesa Civil do Estado de S\u00e3o Paulo emitiu um alerta para condi\u00e7\u00f5es de tempo mais severas iniciadas nesta ter\u00e7a-feira, 9, e que se estendem at\u00e9 quinta-feira, 11, motivado pela forma\u00e7\u00e3o de um ciclone extratropical no sul do pa\u00eds. Este mesmo ciclone influencia o clima, n\u00e3o s\u00f3 em Franca, como em v\u00e1rias regi\u00f5es paulistas, que ter\u00e3o chuvas volumosas, fortes rajadas de vento e prov\u00e1veis tempestades.<\/p>\n<p><strong>Previs\u00e3o do tempo para Franca<\/strong><\/p>\n<p>Segundo o Instituto Climatempo, nesta quarta-feira, 10, faz sol com algumas nuvens e chuva passageira. \u00c0 noite, o c\u00e9u fica nublado e pode chuviscar (7.5mm &#8211; 100%). M\u00ednimas de 19\u00b0C e m\u00e1ximas de 26\u00b0C.<\/p>\n<p>Na quinta-feira, 11, pancadas de chuva de manh\u00e3 (0.2mm &#8211; 81%) e muitas nuvens \u00e0 tarde. \u00c0 noite, tempo firme. M\u00ednimas de 20\u00b0C e m\u00e1ximas de 29\u00b0C.<\/p>\n<p>Na sexta-feira, 12, sol com algumas nuvens. Chove r\u00e1pido durante o dia e \u00e0 noite (6.7mm &#8211; 84%). M\u00ednimas de 21\u00b0C e m\u00e1ximas de 27\u00b0C.<\/p>\n<p>No s\u00e1bado, 13, sol com aumento de nuvens e pancadas de chuva no fim da manh\u00e3 e \u00e0 tarde. Noite com temporal. Precipita\u00e7\u00f5es podem chegar a 17.2mm, com 87% de chances.<\/p>\n<p><strong>Acumulados<\/strong><\/p>\n<p>Os acumulados de chuva ser\u00e3o de n\u00edvel m\u00e9dio nas regi\u00f5es de Franca, S\u00e3o Jos\u00e9 do Rio Preto, Ara\u00e7atuba, Barretos e Ribeir\u00e3o Preto. Conforme trazido pela Ag\u00eancia SP, a\u00a0Defesa Civil refor\u00e7a que a popula\u00e7\u00e3o deve redobrar os cuidados durante a vig\u00eancia do alerta:<\/p>\n<ul class=\"wp-block-list\">\n<li>evitar \u00e1reas arborizadas durante ventos fortes;<\/li>\n<li>prender ou recolher objetos soltos que possam ser arremessados;<\/li>\n<li>nunca tentar atravessar \u00e1reas alagadas ou com enxurradas;<\/li>\n<li>atentar-se aos sinais de deslizamento de terra, como rachaduras nas paredes dos im\u00f3veis e \u00e1gua lamacenta descendo pela encosta.<\/li>\n<\/ul>\n<p>Em caso de emerg\u00eancia, a popula\u00e7\u00e3o deve acionar a Defesa Civil pelo n\u00famero 199 e o Corpo de Bombeiros pelo n\u00famero 193.<\/p>\n","protected":false},"excerpt":{"rendered":"<p>Acumulados de chuva atingem n\u00edvel m\u00e9dio na regi\u00e3o, segundo Defesa Civil Por Pedro Maia Editor-chefe A Defesa Civil do Estado de S\u00e3o Paulo emitiu um alerta<span class=\"excerpt-hellip\"> [\u2026]<\/span><\/p>\n","protected":false},"author":10,"featured_media":24014,"comment_status":"open","ping_status":"open","sticky":false,"template":"","format":"standard","meta":{"_jetpack_memberships_contains_paid_content":false,"footnotes":"","jetpack_publicize_message":"","jetpack_publicize_feature_enabled":true,"jetpack_social_post_already_shared":true,"jetpack_social_options":{"image_generator_settings":{"template":"highway","default_image_id":0,"enabled":false},"version":2}},"categories":[28,44],"tags":[],"class_list":["post-62339","post","type-post","status-publish","format-standard","has-post-thumbnail","hentry","category-cotidiano","category-noticias"],"yoast_head":"<!-- This site is optimized with the Yoast SEO plugin v25.6 - https:\/\/yoast.com\/wordpress\/plugins\/seo\/ -->\n<title>Forma\u00e7\u00e3o de ciclone extratropical no sul do pa\u00eds influencia clima chuvoso em Franca - VerdadeOn<\/title>\n<meta name=\"robots\" content=\"index, follow, max-snippet:-1, max-image-preview:large, max-video-preview:-1\" \/>\n<link rel=\"canonical\" href=\"https:\/\/verdadeon.com.br\/portal\/2025\/12\/09\/formacao-de-ciclone-extratropical-no-sul-do-pais-influencia-clima-chuvoso-em-franca\/\" \/>\n<meta property=\"og:locale\" content=\"pt_BR\" \/>\n<meta property=\"og:type\" content=\"article\" \/>\n<meta property=\"og:title\" content=\"Forma\u00e7\u00e3o de ciclone extratropical no sul do pa\u00eds influencia clima chuvoso em Franca - VerdadeOn\" \/>\n<meta property=\"og:description\" content=\"Acumulados de chuva atingem n\u00edvel m\u00e9dio na regi\u00e3o, segundo Defesa Civil Por Pedro Maia Editor-chefe A Defesa Civil do Estado de S\u00e3o Paulo emitiu um alerta [\u2026]\" \/>\n<meta property=\"og:url\" content=\"https:\/\/verdadeon.com.br\/portal\/2025\/12\/09\/formacao-de-ciclone-extratropical-no-sul-do-pais-influencia-clima-chuvoso-em-franca\/\" \/>\n<meta property=\"og:site_name\" content=\"VerdadeOn\" \/>\n<meta property=\"article:published_time\" content=\"2025-12-09T17:55:22+00:00\" \/>\n<meta property=\"og:image\" content=\"https:\/\/verdadeon.com.br\/portal\/wp-content\/uploads\/2022\/03\/chuva-no-dia-26-de-marco-no-Centro-de-Franca.jpeg\" \/>\n\t<meta property=\"og:image:width\" content=\"1599\" \/>\n\t<meta property=\"og:image:height\" content=\"899\" \/>\n\t<meta property=\"og:image:type\" content=\"image\/jpeg\" \/>\n<meta name=\"author\" content=\"Redacao VerdadeOn\" \/>\n<meta name=\"twitter:card\" content=\"summary_large_image\" \/>\n<meta name=\"twitter:label1\" content=\"Escrito por\" \/>\n\t<meta name=\"twitter:data1\" content=\"Redacao VerdadeOn\" \/>\n\t<meta name=\"twitter:label2\" content=\"Est. tempo de leitura\" \/>\n\t<meta name=\"twitter:data2\" content=\"2 minutos\" \/>\n<script type=\"application\/ld+json\" class=\"yoast-schema-graph\">{\"@context\":\"https:\/\/schema.org\",\"@graph\":[{\"@type\":\"WebPage\",\"@id\":\"https:\/\/verdadeon.com.br\/portal\/2025\/12\/09\/formacao-de-ciclone-extratropical-no-sul-do-pais-influencia-clima-chuvoso-em-franca\/\",\"url\":\"https:\/\/verdadeon.com.br\/portal\/2025\/12\/09\/formacao-de-ciclone-extratropical-no-sul-do-pais-influencia-clima-chuvoso-em-franca\/\",\"name\":\"Forma\u00e7\u00e3o de ciclone extratropical no sul do pa\u00eds influencia clima chuvoso em Franca - VerdadeOn\",\"isPartOf\":{\"@id\":\"https:\/\/verdadeon.com.br\/portal\/#website\"},\"primaryImageOfPage\":{\"@id\":\"https:\/\/verdadeon.com.br\/portal\/2025\/12\/09\/formacao-de-ciclone-extratropical-no-sul-do-pais-influencia-clima-chuvoso-em-franca\/#primaryimage\"},\"image\":{\"@id\":\"https:\/\/verdadeon.com.br\/portal\/2025\/12\/09\/formacao-de-ciclone-extratropical-no-sul-do-pais-influencia-clima-chuvoso-em-franca\/#primaryimage\"},\"thumbnailUrl\":\"https:\/\/i0.wp.com\/verdadeon.com.br\/portal\/wp-content\/uploads\/2022\/03\/chuva-no-dia-26-de-marco-no-Centro-de-Franca.jpeg?fit=1599%2C899&ssl=1\",\"datePublished\":\"2025-12-09T17:55:22+00:00\",\"author\":{\"@id\":\"https:\/\/verdadeon.com.br\/portal\/#\/schema\/person\/a5060ad1e9ea3df545188fc93ce43d2f\"},\"breadcrumb\":{\"@id\":\"https:\/\/verdadeon.com.br\/portal\/2025\/12\/09\/formacao-de-ciclone-extratropical-no-sul-do-pais-influencia-clima-chuvoso-em-franca\/#breadcrumb\"},\"inLanguage\":\"pt-BR\",\"potentialAction\":[{\"@type\":\"ReadAction\",\"target\":[\"https:\/\/verdadeon.com.br\/portal\/2025\/12\/09\/formacao-de-ciclone-extratropical-no-sul-do-pais-influencia-clima-chuvoso-em-franca\/\"]}]},{\"@type\":\"ImageObject\",\"inLanguage\":\"pt-BR\",\"@id\":\"https:\/\/verdadeon.com.br\/portal\/2025\/12\/09\/formacao-de-ciclone-extratropical-no-sul-do-pais-influencia-clima-chuvoso-em-franca\/#primaryimage\",\"url\":\"https:\/\/i0.wp.com\/verdadeon.com.br\/portal\/wp-content\/uploads\/2022\/03\/chuva-no-dia-26-de-marco-no-Centro-de-Franca.jpeg?fit=1599%2C899&ssl=1\",\"contentUrl\":\"https:\/\/i0.wp.com\/verdadeon.com.br\/portal\/wp-content\/uploads\/2022\/03\/chuva-no-dia-26-de-marco-no-Centro-de-Franca.jpeg?fit=1599%2C899&ssl=1\",\"width\":1599,\"height\":899,\"caption\":\"Franca t\u00eam dias chuvosos at\u00e9 sexta-feira, 13 (\u00a9Fernando Calixto\/Jornal Verdade)\"},{\"@type\":\"BreadcrumbList\",\"@id\":\"https:\/\/verdadeon.com.br\/portal\/2025\/12\/09\/formacao-de-ciclone-extratropical-no-sul-do-pais-influencia-clima-chuvoso-em-franca\/#breadcrumb\",\"itemListElement\":[{\"@type\":\"ListItem\",\"position\":1,\"name\":\"In\u00edcio\",\"item\":\"https:\/\/verdadeon.com.br\/portal\/\"},{\"@type\":\"ListItem\",\"position\":2,\"name\":\"Forma\u00e7\u00e3o de ciclone extratropical no sul do pa\u00eds influencia clima chuvoso em Franca\"}]},{\"@type\":\"WebSite\",\"@id\":\"https:\/\/verdadeon.com.br\/portal\/#website\",\"url\":\"https:\/\/verdadeon.com.br\/portal\/\",\"name\":\"VerdadeOn\",\"description\":\"Not\u00edcias di\u00e1rias sobre Franca, Regi\u00e3o, Esporte, Cultura, Cotidiano, Colunas. Cobertura nos principais eventos da cidade \u00e9 aqui - Verdadeon Franca\",\"potentialAction\":[{\"@type\":\"SearchAction\",\"target\":{\"@type\":\"EntryPoint\",\"urlTemplate\":\"https:\/\/verdadeon.com.br\/portal\/?s={search_term_string}\"},\"query-input\":{\"@type\":\"PropertyValueSpecification\",\"valueRequired\":true,\"valueName\":\"search_term_string\"}}],\"inLanguage\":\"pt-BR\"},{\"@type\":\"Person\",\"@id\":\"https:\/\/verdadeon.com.br\/portal\/#\/schema\/person\/a5060ad1e9ea3df545188fc93ce43d2f\",\"name\":\"Redacao VerdadeOn\",\"image\":{\"@type\":\"ImageObject\",\"inLanguage\":\"pt-BR\",\"@id\":\"https:\/\/verdadeon.com.br\/portal\/#\/schema\/person\/image\/\",\"url\":\"https:\/\/secure.gravatar.com\/avatar\/459a9613caaaf07f582c3d0841eea68bdd66f533e465e6ba8b9cb45619572cf4?s=96&d=mm&r=g\",\"contentUrl\":\"https:\/\/secure.gravatar.com\/avatar\/459a9613caaaf07f582c3d0841eea68bdd66f533e465e6ba8b9cb45619572cf4?s=96&d=mm&r=g\",\"caption\":\"Redacao VerdadeOn\"},\"url\":\"https:\/\/verdadeon.com.br\/portal\/author\/redacao\/\"}]}<\/script>\n<!-- \/ Yoast SEO plugin. -->","yoast_head_json":{"title":"Forma\u00e7\u00e3o de ciclone extratropical no sul do pa\u00eds influencia clima chuvoso em Franca - VerdadeOn","robots":{"index":"index","follow":"follow","max-snippet":"max-snippet:-1","max-image-preview":"max-image-preview:large","max-video-preview":"max-video-preview:-1"},"canonical":"https:\/\/verdadeon.com.br\/portal\/2025\/12\/09\/formacao-de-ciclone-extratropical-no-sul-do-pais-influencia-clima-chuvoso-em-franca\/","og_locale":"pt_BR","og_type":"article","og_title":"Forma\u00e7\u00e3o de ciclone extratropical no sul do pa\u00eds influencia clima chuvoso em Franca - VerdadeOn","og_description":"Acumulados de chuva atingem n\u00edvel m\u00e9dio na regi\u00e3o, segundo Defesa Civil Por Pedro Maia Editor-chefe A Defesa Civil do Estado de S\u00e3o Paulo emitiu um alerta [\u2026]","og_url":"https:\/\/verdadeon.com.br\/portal\/2025\/12\/09\/formacao-de-ciclone-extratropical-no-sul-do-pais-influencia-clima-chuvoso-em-franca\/","og_site_name":"VerdadeOn","article_published_time":"2025-12-09T17:55:22+00:00","og_image":[{"width":1599,"height":899,"url":"https:\/\/verdadeon.com.br\/portal\/wp-content\/uploads\/2022\/03\/chuva-no-dia-26-de-marco-no-Centro-de-Franca.jpeg","type":"image\/jpeg"}],"author":"Redacao VerdadeOn","twitter_card":"summary_large_image","twitter_misc":{"Escrito por":"Redacao VerdadeOn","Est. tempo de leitura":"2 minutos"},"schema":{"@context":"https:\/\/schema.org","@graph":[{"@type":"WebPage","@id":"https:\/\/verdadeon.com.br\/portal\/2025\/12\/09\/formacao-de-ciclone-extratropical-no-sul-do-pais-influencia-clima-chuvoso-em-franca\/","url":"https:\/\/verdadeon.com.br\/portal\/2025\/12\/09\/formacao-de-ciclone-extratropical-no-sul-do-pais-influencia-clima-chuvoso-em-franca\/","name":"Forma\u00e7\u00e3o de ciclone extratropical no sul do pa\u00eds influencia clima chuvoso em Franca - VerdadeOn","isPartOf":{"@id":"https:\/\/verdadeon.com.br\/portal\/#website"},"primaryImageOfPage":{"@id":"https:\/\/verdadeon.com.br\/portal\/2025\/12\/09\/formacao-de-ciclone-extratropical-no-sul-do-pais-influencia-clima-chuvoso-em-franca\/#primaryimage"},"image":{"@id":"https:\/\/verdadeon.com.br\/portal\/2025\/12\/09\/formacao-de-ciclone-extratropical-no-sul-do-pais-influencia-clima-chuvoso-em-franca\/#primaryimage"},"thumbnailUrl":"https:\/\/i0.wp.com\/verdadeon.com.br\/portal\/wp-content\/uploads\/2022\/03\/chuva-no-dia-26-de-marco-no-Centro-de-Franca.jpeg?fit=1599%2C899&ssl=1","datePublished":"2025-12-09T17:55:22+00:00","author":{"@id":"https:\/\/verdadeon.com.br\/portal\/#\/schema\/person\/a5060ad1e9ea3df545188fc93ce43d2f"},"breadcrumb":{"@id":"https:\/\/verdadeon.com.br\/portal\/2025\/12\/09\/formacao-de-ciclone-extratropical-no-sul-do-pais-influencia-clima-chuvoso-em-franca\/#breadcrumb"},"inLanguage":"pt-BR","potentialAction":[{"@type":"ReadAction","target":["https:\/\/verdadeon.com.br\/portal\/2025\/12\/09\/formacao-de-ciclone-extratropical-no-sul-do-pais-influencia-clima-chuvoso-em-franca\/"]}]},{"@type":"ImageObject","inLanguage":"pt-BR","@id":"https:\/\/verdadeon.com.br\/portal\/2025\/12\/09\/formacao-de-ciclone-extratropical-no-sul-do-pais-influencia-clima-chuvoso-em-franca\/#primaryimage","url":"https:\/\/i0.wp.com\/verdadeon.com.br\/portal\/wp-content\/uploads\/2022\/03\/chuva-no-dia-26-de-marco-no-Centro-de-Franca.jpeg?fit=1599%2C899&ssl=1","contentUrl":"https:\/\/i0.wp.com\/verdadeon.com.br\/portal\/wp-content\/uploads\/2022\/03\/chuva-no-dia-26-de-marco-no-Centro-de-Franca.jpeg?fit=1599%2C899&ssl=1","width":1599,"height":899,"caption":"Franca t\u00eam dias chuvosos at\u00e9 sexta-feira, 13 (\u00a9Fernando Calixto\/Jornal Verdade)"},{"@type":"BreadcrumbList","@id":"https:\/\/verdadeon.com.br\/portal\/2025\/12\/09\/formacao-de-ciclone-extratropical-no-sul-do-pais-influencia-clima-chuvoso-em-franca\/#breadcrumb","itemListElement":[{"@type":"ListItem","position":1,"name":"In\u00edcio","item":"https:\/\/verdadeon.com.br\/portal\/"},{"@type":"ListItem","position":2,"name":"Forma\u00e7\u00e3o de ciclone extratropical no sul do pa\u00eds influencia clima chuvoso em Franca"}]},{"@type":"WebSite","@id":"https:\/\/verdadeon.com.br\/portal\/#website","url":"https:\/\/verdadeon.com.br\/portal\/","name":"VerdadeOn","description":"Not\u00edcias di\u00e1rias sobre Franca, Regi\u00e3o, Esporte, Cultura, Cotidiano, Colunas. Cobertura nos principais eventos da cidade \u00e9 aqui - Verdadeon Franca","potentialAction":[{"@type":"SearchAction","target":{"@type":"EntryPoint","urlTemplate":"https:\/\/verdadeon.com.br\/portal\/?s={search_term_string}"},"query-input":{"@type":"PropertyValueSpecification","valueRequired":true,"valueName":"search_term_string"}}],"inLanguage":"pt-BR"},{"@type":"Person","@id":"https:\/\/verdadeon.com.br\/portal\/#\/schema\/person\/a5060ad1e9ea3df545188fc93ce43d2f","name":"Redacao VerdadeOn","image":{"@type":"ImageObject","inLanguage":"pt-BR","@id":"https:\/\/verdadeon.com.br\/portal\/#\/schema\/person\/image\/","url":"https:\/\/secure.gravatar.com\/avatar\/459a9613caaaf07f582c3d0841eea68bdd66f533e465e6ba8b9cb45619572cf4?s=96&d=mm&r=g","contentUrl":"https:\/\/secure.gravatar.com\/avatar\/459a9613caaaf07f582c3d0841eea68bdd66f533e465e6ba8b9cb45619572cf4?s=96&d=mm&r=g","caption":"Redacao VerdadeOn"},"url":"https:\/\/verdadeon.com.br\/portal\/author\/redacao\/"}]}},"jetpack_publicize_connections":[],"jetpack_featured_media_url":"https:\/\/i0.wp.com\/verdadeon.com.br\/portal\/wp-content\/uploads\/2022\/03\/chuva-no-dia-26-de-marco-no-Centro-de-Franca.jpeg?fit=1599%2C899&ssl=1","jetpack_sharing_enabled":true,"_links":{"self":[{"href":"https:\/\/verdadeon.com.br\/portal\/wp-json\/wp\/v2\/posts\/62339","targetHints":{"allow":["GET"]}}],"collection":[{"href":"https:\/\/verdadeon.com.br\/portal\/wp-json\/wp\/v2\/posts"}],"about":[{"href":"https:\/\/verdadeon.com.br\/portal\/wp-json\/wp\/v2\/types\/post"}],"author":[{"embeddable":true,"href":"https:\/\/verdadeon.com.br\/portal\/wp-json\/wp\/v2\/users\/10"}],"replies":[{"embeddable":true,"href":"https:\/\/verdadeon.com.br\/portal\/wp-json\/wp\/v2\/comments?post=62339"}],"version-history":[{"count":1,"href":"https:\/\/verdadeon.com.br\/portal\/wp-json\/wp\/v2\/posts\/62339\/revisions"}],"predecessor-version":[{"id":62340,"href":"https:\/\/verdadeon.com.br\/portal\/wp-json\/wp\/v2\/posts\/62339\/revisions\/62340"}],"wp:featuredmedia":[{"embeddable":true,"href":"https:\/\/verdadeon.com.br\/portal\/wp-json\/wp\/v2\/media\/24014"}],"wp:attachment":[{"href":"https:\/\/verdadeon.com.br\/portal\/wp-json\/wp\/v2\/media?parent=62339"}],"wp:term":[{"taxonomy":"category","embeddable":true,"href":"https:\/\/verdadeon.com.br\/portal\/wp-json\/wp\/v2\/categories?post=62339"},{"taxonomy":"post_tag","embeddable":true,"href":"https:\/\/verdadeon.com.br\/portal\/wp-json\/wp\/v2\/tags?post=62339"}],"curies":[{"name":"wp","href":"https:\/\/api.w.org\/{rel}","templated":true}]}}