{"id":62048,"date":"2025-11-27T14:10:14","date_gmt":"2025-11-27T17:10:14","guid":{"rendered":"https:\/\/verdadeon.com.br\/portal\/?p=62048"},"modified":"2025-11-27T14:10:14","modified_gmt":"2025-11-27T17:10:14","slug":"homem-e-preso-por-nao-pagamento-de-pensao-alimenticia-em-cristais-paulista","status":"publish","type":"post","link":"https:\/\/verdadeon.com.br\/portal\/2025\/11\/27\/homem-e-preso-por-nao-pagamento-de-pensao-alimenticia-em-cristais-paulista\/","title":{"rendered":"Homem \u00e9 preso por n\u00e3o pagamento de pens\u00e3o aliment\u00edcia em Cristais Paulista"},"content":{"rendered":"<h2>Ele foi conduzido \u00e0 CPJ de Franca e permanece \u00e0 disposi\u00e7\u00e3o da Justi\u00e7a<\/h2>\n<p style=\"text-align: right;\"><em><strong>Por Pedro Maia<\/strong><\/em><br \/>\n<em><strong>Editor-chefe<\/strong><\/em><\/p>\n<p>Nesta quarta-feira, 25 de novembro, a Pol\u00edcia Militar cumpriu um mandado de pris\u00e3o por pens\u00e3o aliment\u00edcia no munic\u00edpio de Cristais Paulista, a cerca de 19,7 quil\u00f4metros de Franca.<\/p>\n<p>Segundo informa\u00e7\u00f5es da CONSEG (Conselho Comunit\u00e1rio de Seguran\u00e7a) de Cristais, a equipe policial composta pelos Cabos Quirino e Diniz se deslocou at\u00e9 o endere\u00e7o cadastrado e localizou W. R. C., que foi informado sobre a ordem judicial em seu desfavor.<\/p>\n<p>O indiv\u00edduo encontrava-se em sua resid\u00eancia no momento da abordagem. Ap\u00f3s ci\u00eancia do mandado de pris\u00e3o referente ao n\u00e3o pagamento de pens\u00e3o aliment\u00edcia, ele foi conduzido pela equipe policial \u00e0 Central de Pol\u00edcia Judici\u00e1ria (CPJ) de Franca onde permaneceu preso, ficando \u00e0 disposi\u00e7\u00e3o da Justi\u00e7a.<\/p>\n","protected":false},"excerpt":{"rendered":"<p>Ele foi conduzido \u00e0 CPJ de Franca e permanece \u00e0 disposi\u00e7\u00e3o da Justi\u00e7a Por Pedro Maia Editor-chefe Nesta quarta-feira, 25 de novembro, a Pol\u00edcia Militar cumpriu<span class=\"excerpt-hellip\"> [\u2026]<\/span><\/p>\n","protected":false},"author":10,"featured_media":62049,"comment_status":"open","ping_status":"open","sticky":false,"template":"","format":"standard","meta":{"_jetpack_memberships_contains_paid_content":false,"footnotes":"","jetpack_publicize_message":"","jetpack_publicize_feature_enabled":true,"jetpack_social_post_already_shared":true,"jetpack_social_options":{"image_generator_settings":{"template":"highway","default_image_id":0,"enabled":false},"version":2}},"categories":[28,81],"tags":[],"class_list":["post-62048","post","type-post","status-publish","format-standard","has-post-thumbnail","hentry","category-cotidiano","category-manchete"],"yoast_head":"<!-- This site is optimized with the Yoast SEO plugin v25.6 - https:\/\/yoast.com\/wordpress\/plugins\/seo\/ -->\n<title>Homem \u00e9 preso por n\u00e3o pagamento de pens\u00e3o aliment\u00edcia em Cristais Paulista - VerdadeOn<\/title>\n<meta name=\"robots\" content=\"index, follow, max-snippet:-1, max-image-preview:large, max-video-preview:-1\" \/>\n<link rel=\"canonical\" href=\"https:\/\/verdadeon.com.br\/portal\/2025\/11\/27\/homem-e-preso-por-nao-pagamento-de-pensao-alimenticia-em-cristais-paulista\/\" \/>\n<meta property=\"og:locale\" content=\"pt_BR\" \/>\n<meta property=\"og:type\" content=\"article\" \/>\n<meta property=\"og:title\" content=\"Homem \u00e9 preso por n\u00e3o pagamento de pens\u00e3o aliment\u00edcia em Cristais Paulista - VerdadeOn\" \/>\n<meta property=\"og:description\" content=\"Ele foi conduzido \u00e0 CPJ de Franca e permanece \u00e0 disposi\u00e7\u00e3o da Justi\u00e7a Por Pedro Maia Editor-chefe Nesta quarta-feira, 25 de novembro, a Pol\u00edcia Militar cumpriu [\u2026]\" \/>\n<meta property=\"og:url\" content=\"https:\/\/verdadeon.com.br\/portal\/2025\/11\/27\/homem-e-preso-por-nao-pagamento-de-pensao-alimenticia-em-cristais-paulista\/\" \/>\n<meta property=\"og:site_name\" content=\"VerdadeOn\" \/>\n<meta property=\"article:published_time\" content=\"2025-11-27T17:10:14+00:00\" \/>\n<meta property=\"og:image\" content=\"https:\/\/verdadeon.com.br\/portal\/wp-content\/uploads\/2025\/11\/Capturar-1.jpg\" \/>\n\t<meta property=\"og:image:width\" content=\"702\" \/>\n\t<meta property=\"og:image:height\" content=\"504\" \/>\n\t<meta property=\"og:image:type\" content=\"image\/jpeg\" \/>\n<meta name=\"author\" content=\"Redacao VerdadeOn\" \/>\n<meta name=\"twitter:card\" content=\"summary_large_image\" \/>\n<meta name=\"twitter:label1\" content=\"Escrito por\" \/>\n\t<meta name=\"twitter:data1\" content=\"Redacao VerdadeOn\" \/>\n\t<meta name=\"twitter:label2\" content=\"Est. tempo de leitura\" \/>\n\t<meta name=\"twitter:data2\" content=\"1 minuto\" \/>\n<script type=\"application\/ld+json\" class=\"yoast-schema-graph\">{\"@context\":\"https:\/\/schema.org\",\"@graph\":[{\"@type\":\"WebPage\",\"@id\":\"https:\/\/verdadeon.com.br\/portal\/2025\/11\/27\/homem-e-preso-por-nao-pagamento-de-pensao-alimenticia-em-cristais-paulista\/\",\"url\":\"https:\/\/verdadeon.com.br\/portal\/2025\/11\/27\/homem-e-preso-por-nao-pagamento-de-pensao-alimenticia-em-cristais-paulista\/\",\"name\":\"Homem \u00e9 preso por n\u00e3o pagamento de pens\u00e3o aliment\u00edcia em Cristais Paulista - VerdadeOn\",\"isPartOf\":{\"@id\":\"https:\/\/verdadeon.com.br\/portal\/#website\"},\"primaryImageOfPage\":{\"@id\":\"https:\/\/verdadeon.com.br\/portal\/2025\/11\/27\/homem-e-preso-por-nao-pagamento-de-pensao-alimenticia-em-cristais-paulista\/#primaryimage\"},\"image\":{\"@id\":\"https:\/\/verdadeon.com.br\/portal\/2025\/11\/27\/homem-e-preso-por-nao-pagamento-de-pensao-alimenticia-em-cristais-paulista\/#primaryimage\"},\"thumbnailUrl\":\"https:\/\/i0.wp.com\/verdadeon.com.br\/portal\/wp-content\/uploads\/2025\/11\/Capturar-1.jpg?fit=702%2C504&ssl=1\",\"datePublished\":\"2025-11-27T17:10:14+00:00\",\"author\":{\"@id\":\"https:\/\/verdadeon.com.br\/portal\/#\/schema\/person\/a5060ad1e9ea3df545188fc93ce43d2f\"},\"breadcrumb\":{\"@id\":\"https:\/\/verdadeon.com.br\/portal\/2025\/11\/27\/homem-e-preso-por-nao-pagamento-de-pensao-alimenticia-em-cristais-paulista\/#breadcrumb\"},\"inLanguage\":\"pt-BR\",\"potentialAction\":[{\"@type\":\"ReadAction\",\"target\":[\"https:\/\/verdadeon.com.br\/portal\/2025\/11\/27\/homem-e-preso-por-nao-pagamento-de-pensao-alimenticia-em-cristais-paulista\/\"]}]},{\"@type\":\"ImageObject\",\"inLanguage\":\"pt-BR\",\"@id\":\"https:\/\/verdadeon.com.br\/portal\/2025\/11\/27\/homem-e-preso-por-nao-pagamento-de-pensao-alimenticia-em-cristais-paulista\/#primaryimage\",\"url\":\"https:\/\/i0.wp.com\/verdadeon.com.br\/portal\/wp-content\/uploads\/2025\/11\/Capturar-1.jpg?fit=702%2C504&ssl=1\",\"contentUrl\":\"https:\/\/i0.wp.com\/verdadeon.com.br\/portal\/wp-content\/uploads\/2025\/11\/Capturar-1.jpg?fit=702%2C504&ssl=1\",\"width\":702,\"height\":504,\"caption\":\"(\u00a9Reprodu\u00e7\u00e3o\/CONSEG - Cristais Paulista)\"},{\"@type\":\"BreadcrumbList\",\"@id\":\"https:\/\/verdadeon.com.br\/portal\/2025\/11\/27\/homem-e-preso-por-nao-pagamento-de-pensao-alimenticia-em-cristais-paulista\/#breadcrumb\",\"itemListElement\":[{\"@type\":\"ListItem\",\"position\":1,\"name\":\"In\u00edcio\",\"item\":\"https:\/\/verdadeon.com.br\/portal\/\"},{\"@type\":\"ListItem\",\"position\":2,\"name\":\"Homem \u00e9 preso por n\u00e3o pagamento de pens\u00e3o aliment\u00edcia em Cristais Paulista\"}]},{\"@type\":\"WebSite\",\"@id\":\"https:\/\/verdadeon.com.br\/portal\/#website\",\"url\":\"https:\/\/verdadeon.com.br\/portal\/\",\"name\":\"VerdadeOn\",\"description\":\"Not\u00edcias di\u00e1rias sobre Franca, Regi\u00e3o, Esporte, Cultura, Cotidiano, Colunas. Cobertura nos principais eventos da cidade \u00e9 aqui - Verdadeon Franca\",\"potentialAction\":[{\"@type\":\"SearchAction\",\"target\":{\"@type\":\"EntryPoint\",\"urlTemplate\":\"https:\/\/verdadeon.com.br\/portal\/?s={search_term_string}\"},\"query-input\":{\"@type\":\"PropertyValueSpecification\",\"valueRequired\":true,\"valueName\":\"search_term_string\"}}],\"inLanguage\":\"pt-BR\"},{\"@type\":\"Person\",\"@id\":\"https:\/\/verdadeon.com.br\/portal\/#\/schema\/person\/a5060ad1e9ea3df545188fc93ce43d2f\",\"name\":\"Redacao VerdadeOn\",\"image\":{\"@type\":\"ImageObject\",\"inLanguage\":\"pt-BR\",\"@id\":\"https:\/\/verdadeon.com.br\/portal\/#\/schema\/person\/image\/\",\"url\":\"https:\/\/secure.gravatar.com\/avatar\/459a9613caaaf07f582c3d0841eea68bdd66f533e465e6ba8b9cb45619572cf4?s=96&d=mm&r=g\",\"contentUrl\":\"https:\/\/secure.gravatar.com\/avatar\/459a9613caaaf07f582c3d0841eea68bdd66f533e465e6ba8b9cb45619572cf4?s=96&d=mm&r=g\",\"caption\":\"Redacao VerdadeOn\"},\"url\":\"https:\/\/verdadeon.com.br\/portal\/author\/redacao\/\"}]}<\/script>\n<!-- \/ Yoast SEO plugin. -->","yoast_head_json":{"title":"Homem \u00e9 preso por n\u00e3o pagamento de pens\u00e3o aliment\u00edcia em Cristais Paulista - VerdadeOn","robots":{"index":"index","follow":"follow","max-snippet":"max-snippet:-1","max-image-preview":"max-image-preview:large","max-video-preview":"max-video-preview:-1"},"canonical":"https:\/\/verdadeon.com.br\/portal\/2025\/11\/27\/homem-e-preso-por-nao-pagamento-de-pensao-alimenticia-em-cristais-paulista\/","og_locale":"pt_BR","og_type":"article","og_title":"Homem \u00e9 preso por n\u00e3o pagamento de pens\u00e3o aliment\u00edcia em Cristais Paulista - VerdadeOn","og_description":"Ele foi conduzido \u00e0 CPJ de Franca e permanece \u00e0 disposi\u00e7\u00e3o da Justi\u00e7a Por Pedro Maia Editor-chefe Nesta quarta-feira, 25 de novembro, a Pol\u00edcia Militar cumpriu [\u2026]","og_url":"https:\/\/verdadeon.com.br\/portal\/2025\/11\/27\/homem-e-preso-por-nao-pagamento-de-pensao-alimenticia-em-cristais-paulista\/","og_site_name":"VerdadeOn","article_published_time":"2025-11-27T17:10:14+00:00","og_image":[{"width":702,"height":504,"url":"https:\/\/verdadeon.com.br\/portal\/wp-content\/uploads\/2025\/11\/Capturar-1.jpg","type":"image\/jpeg"}],"author":"Redacao VerdadeOn","twitter_card":"summary_large_image","twitter_misc":{"Escrito por":"Redacao VerdadeOn","Est. tempo de leitura":"1 minuto"},"schema":{"@context":"https:\/\/schema.org","@graph":[{"@type":"WebPage","@id":"https:\/\/verdadeon.com.br\/portal\/2025\/11\/27\/homem-e-preso-por-nao-pagamento-de-pensao-alimenticia-em-cristais-paulista\/","url":"https:\/\/verdadeon.com.br\/portal\/2025\/11\/27\/homem-e-preso-por-nao-pagamento-de-pensao-alimenticia-em-cristais-paulista\/","name":"Homem \u00e9 preso por n\u00e3o pagamento de pens\u00e3o aliment\u00edcia em Cristais Paulista - VerdadeOn","isPartOf":{"@id":"https:\/\/verdadeon.com.br\/portal\/#website"},"primaryImageOfPage":{"@id":"https:\/\/verdadeon.com.br\/portal\/2025\/11\/27\/homem-e-preso-por-nao-pagamento-de-pensao-alimenticia-em-cristais-paulista\/#primaryimage"},"image":{"@id":"https:\/\/verdadeon.com.br\/portal\/2025\/11\/27\/homem-e-preso-por-nao-pagamento-de-pensao-alimenticia-em-cristais-paulista\/#primaryimage"},"thumbnailUrl":"https:\/\/i0.wp.com\/verdadeon.com.br\/portal\/wp-content\/uploads\/2025\/11\/Capturar-1.jpg?fit=702%2C504&ssl=1","datePublished":"2025-11-27T17:10:14+00:00","author":{"@id":"https:\/\/verdadeon.com.br\/portal\/#\/schema\/person\/a5060ad1e9ea3df545188fc93ce43d2f"},"breadcrumb":{"@id":"https:\/\/verdadeon.com.br\/portal\/2025\/11\/27\/homem-e-preso-por-nao-pagamento-de-pensao-alimenticia-em-cristais-paulista\/#breadcrumb"},"inLanguage":"pt-BR","potentialAction":[{"@type":"ReadAction","target":["https:\/\/verdadeon.com.br\/portal\/2025\/11\/27\/homem-e-preso-por-nao-pagamento-de-pensao-alimenticia-em-cristais-paulista\/"]}]},{"@type":"ImageObject","inLanguage":"pt-BR","@id":"https:\/\/verdadeon.com.br\/portal\/2025\/11\/27\/homem-e-preso-por-nao-pagamento-de-pensao-alimenticia-em-cristais-paulista\/#primaryimage","url":"https:\/\/i0.wp.com\/verdadeon.com.br\/portal\/wp-content\/uploads\/2025\/11\/Capturar-1.jpg?fit=702%2C504&ssl=1","contentUrl":"https:\/\/i0.wp.com\/verdadeon.com.br\/portal\/wp-content\/uploads\/2025\/11\/Capturar-1.jpg?fit=702%2C504&ssl=1","width":702,"height":504,"caption":"(\u00a9Reprodu\u00e7\u00e3o\/CONSEG - Cristais Paulista)"},{"@type":"BreadcrumbList","@id":"https:\/\/verdadeon.com.br\/portal\/2025\/11\/27\/homem-e-preso-por-nao-pagamento-de-pensao-alimenticia-em-cristais-paulista\/#breadcrumb","itemListElement":[{"@type":"ListItem","position":1,"name":"In\u00edcio","item":"https:\/\/verdadeon.com.br\/portal\/"},{"@type":"ListItem","position":2,"name":"Homem \u00e9 preso por n\u00e3o pagamento de pens\u00e3o aliment\u00edcia em Cristais Paulista"}]},{"@type":"WebSite","@id":"https:\/\/verdadeon.com.br\/portal\/#website","url":"https:\/\/verdadeon.com.br\/portal\/","name":"VerdadeOn","description":"Not\u00edcias di\u00e1rias sobre Franca, Regi\u00e3o, Esporte, Cultura, Cotidiano, Colunas. Cobertura nos principais eventos da cidade \u00e9 aqui - Verdadeon Franca","potentialAction":[{"@type":"SearchAction","target":{"@type":"EntryPoint","urlTemplate":"https:\/\/verdadeon.com.br\/portal\/?s={search_term_string}"},"query-input":{"@type":"PropertyValueSpecification","valueRequired":true,"valueName":"search_term_string"}}],"inLanguage":"pt-BR"},{"@type":"Person","@id":"https:\/\/verdadeon.com.br\/portal\/#\/schema\/person\/a5060ad1e9ea3df545188fc93ce43d2f","name":"Redacao VerdadeOn","image":{"@type":"ImageObject","inLanguage":"pt-BR","@id":"https:\/\/verdadeon.com.br\/portal\/#\/schema\/person\/image\/","url":"https:\/\/secure.gravatar.com\/avatar\/459a9613caaaf07f582c3d0841eea68bdd66f533e465e6ba8b9cb45619572cf4?s=96&d=mm&r=g","contentUrl":"https:\/\/secure.gravatar.com\/avatar\/459a9613caaaf07f582c3d0841eea68bdd66f533e465e6ba8b9cb45619572cf4?s=96&d=mm&r=g","caption":"Redacao VerdadeOn"},"url":"https:\/\/verdadeon.com.br\/portal\/author\/redacao\/"}]}},"jetpack_publicize_connections":[],"jetpack_featured_media_url":"https:\/\/i0.wp.com\/verdadeon.com.br\/portal\/wp-content\/uploads\/2025\/11\/Capturar-1.jpg?fit=702%2C504&ssl=1","jetpack_sharing_enabled":true,"_links":{"self":[{"href":"https:\/\/verdadeon.com.br\/portal\/wp-json\/wp\/v2\/posts\/62048","targetHints":{"allow":["GET"]}}],"collection":[{"href":"https:\/\/verdadeon.com.br\/portal\/wp-json\/wp\/v2\/posts"}],"about":[{"href":"https:\/\/verdadeon.com.br\/portal\/wp-json\/wp\/v2\/types\/post"}],"author":[{"embeddable":true,"href":"https:\/\/verdadeon.com.br\/portal\/wp-json\/wp\/v2\/users\/10"}],"replies":[{"embeddable":true,"href":"https:\/\/verdadeon.com.br\/portal\/wp-json\/wp\/v2\/comments?post=62048"}],"version-history":[{"count":1,"href":"https:\/\/verdadeon.com.br\/portal\/wp-json\/wp\/v2\/posts\/62048\/revisions"}],"predecessor-version":[{"id":62050,"href":"https:\/\/verdadeon.com.br\/portal\/wp-json\/wp\/v2\/posts\/62048\/revisions\/62050"}],"wp:featuredmedia":[{"embeddable":true,"href":"https:\/\/verdadeon.com.br\/portal\/wp-json\/wp\/v2\/media\/62049"}],"wp:attachment":[{"href":"https:\/\/verdadeon.com.br\/portal\/wp-json\/wp\/v2\/media?parent=62048"}],"wp:term":[{"taxonomy":"category","embeddable":true,"href":"https:\/\/verdadeon.com.br\/portal\/wp-json\/wp\/v2\/categories?post=62048"},{"taxonomy":"post_tag","embeddable":true,"href":"https:\/\/verdadeon.com.br\/portal\/wp-json\/wp\/v2\/tags?post=62048"}],"curies":[{"name":"wp","href":"https:\/\/api.w.org\/{rel}","templated":true}]}}