{"id":62034,"date":"2025-11-27T10:43:37","date_gmt":"2025-11-27T13:43:37","guid":{"rendered":"https:\/\/verdadeon.com.br\/portal\/?p=62034"},"modified":"2025-11-27T10:43:37","modified_gmt":"2025-11-27T13:43:37","slug":"anvisa-aprova-registro-de-vacina-100-nacional-contra-dengue","status":"publish","type":"post","link":"https:\/\/verdadeon.com.br\/portal\/2025\/11\/27\/anvisa-aprova-registro-de-vacina-100-nacional-contra-dengue\/","title":{"rendered":"Anvisa aprova registro de vacina 100% nacional contra dengue"},"content":{"rendered":"<div class=\"header-noticia full-width\">\n<h2 class=\"linha-fina-noticia\">Imunizante ser\u00e1 produzido pelo Butantan e estar\u00e1 dispon\u00edvel no SUS<\/h2>\n<\/div>\n<div class=\"subheader\">\n<div class=\"container-autoria\">\n<p><strong>O ministro da Sa\u00fade, Alexandre Padilha, anunciou nesta quarta-feira (26) o registro pela Ag\u00eancia Nacional de Vigil\u00e2ncia Sanit\u00e1ria (Anvisa) da vacina da dengue produzida pelo Instituto Butantan.<\/strong>\u00a0A inten\u00e7\u00e3o \u00e9 come\u00e7ar a aplica\u00e7\u00e3o da doses em 2026, de forma gratuita, pelo Sistema \u00danico de Sa\u00fade (SUS).\u00a0<img data-recalc-dims=\"1\" decoding=\"async\" src=\"https:\/\/i0.wp.com\/agenciabrasil.ebc.com.br\/ebc.png?w=1220&#038;ssl=1\" \/><img data-recalc-dims=\"1\" decoding=\"async\" src=\"https:\/\/i0.wp.com\/agenciabrasil.ebc.com.br\/ebc.gif?w=1220&#038;ssl=1\" \/><\/p>\n<p><strong>Segundo o Instituto Butantan, j\u00e1 h\u00e1 1 milh\u00e3o de unidades da vacina contra a dengue prontas para distribui\u00e7\u00e3o<\/strong>. Este \u00e9 o primeiro imunizante no mundo de apenas uma dose.<strong>\u00a0A estimativa do Butantan \u00e9 ter dispon\u00edvel mais de 30 milh\u00f5es de doses em meados de 2026.<\/strong><\/p>\n<blockquote><p>\u201cHoje \u00e9 um dia de alegria, de vit\u00f3ria da vacina, de vit\u00f3ria da ci\u00eancia, de vit\u00f3ria da coopera\u00e7\u00e3o entre o SUS brasileiro e de suas institui\u00e7\u00f5es p\u00fablicas que est\u00e3o espalhadas pelo pa\u00eds, entre elas o Instituto Butantan\u201d.<\/p><\/blockquote>\n<p>Padilha, ao lado do\u00a0governador de S\u00e3o Paulo,\u00a0Tarc\u00edsio de Freitas, ressaltou a qualidade da vacina contra a dengue.<\/p>\n<blockquote><p>\u201cSabemos j\u00e1 dos dados publicados, sabemos da seguran\u00e7a dessa vacina. Estamos falando de um hat-trick: \u00e9 uma vacina 100% brasileira, tem capacidade de prote\u00e7\u00e3o ampla e \u00e9 uma dose apenas\u201d.<\/p><\/blockquote>\n<p>A nova vacina ser\u00e1 integrada ao Programa Nacional de Imuniza\u00e7\u00e3o (PNI). De acordo com o governo, o minist\u00e9rio apresentar\u00e1 a novidade j\u00e1 nesta quinta-feira (27) \u00e0 Comiss\u00e3o Tripartite, formada por secret\u00e1rios estaduais e municipais de sa\u00fade, bem como a estrat\u00e9gia de incorpora\u00e7\u00e3o.<\/p>\n<blockquote><p>\u201cQueremos come\u00e7ar a utiliza\u00e7\u00e3o dessa vacina no come\u00e7o do calend\u00e1rio vacinal de 2026\u201d, revelou o ministro.<\/p><\/blockquote>\n<p>Segundo o Instituto Butantan, j\u00e1 h\u00e1 1 milh\u00e3o de unidades da vacina contra a dengue prontas para distribui\u00e7\u00e3o. Este \u00e9 o primeiro imunizante no mundo de apenas uma dose. A estimativa do Butantan \u00e9 ter dispon\u00edvel mais de 30 milh\u00f5es de doses em meados de 2026.<\/p>\n<p>Fonte: Ag\u00eancia Brasil<\/p>\n<\/div>\n<\/div>\n","protected":false},"excerpt":{"rendered":"<p>Imunizante ser\u00e1 produzido pelo Butantan e estar\u00e1 dispon\u00edvel no SUS O ministro da Sa\u00fade, Alexandre Padilha, anunciou nesta quarta-feira (26) o registro pela Ag\u00eancia Nacional de<span class=\"excerpt-hellip\"> [\u2026]<\/span><\/p>\n","protected":false},"author":10,"featured_media":62035,"comment_status":"open","ping_status":"open","sticky":false,"template":"","format":"standard","meta":{"_jetpack_memberships_contains_paid_content":false,"footnotes":"","jetpack_publicize_message":"","jetpack_publicize_feature_enabled":true,"jetpack_social_post_already_shared":true,"jetpack_social_options":{"image_generator_settings":{"template":"highway","default_image_id":0,"enabled":false},"version":2}},"categories":[28,81],"tags":[],"class_list":["post-62034","post","type-post","status-publish","format-standard","has-post-thumbnail","hentry","category-cotidiano","category-manchete"],"yoast_head":"<!-- This site is optimized with the Yoast SEO plugin v25.6 - https:\/\/yoast.com\/wordpress\/plugins\/seo\/ -->\n<title>Anvisa aprova registro de vacina 100% nacional contra dengue - VerdadeOn<\/title>\n<meta name=\"robots\" content=\"index, follow, max-snippet:-1, max-image-preview:large, max-video-preview:-1\" \/>\n<link rel=\"canonical\" href=\"https:\/\/verdadeon.com.br\/portal\/2025\/11\/27\/anvisa-aprova-registro-de-vacina-100-nacional-contra-dengue\/\" \/>\n<meta property=\"og:locale\" content=\"pt_BR\" \/>\n<meta property=\"og:type\" content=\"article\" \/>\n<meta property=\"og:title\" content=\"Anvisa aprova registro de vacina 100% nacional contra dengue - VerdadeOn\" \/>\n<meta property=\"og:description\" content=\"Imunizante ser\u00e1 produzido pelo Butantan e estar\u00e1 dispon\u00edvel no SUS O ministro da Sa\u00fade, Alexandre Padilha, anunciou nesta quarta-feira (26) o registro pela Ag\u00eancia Nacional de [\u2026]\" \/>\n<meta property=\"og:url\" content=\"https:\/\/verdadeon.com.br\/portal\/2025\/11\/27\/anvisa-aprova-registro-de-vacina-100-nacional-contra-dengue\/\" \/>\n<meta property=\"og:site_name\" content=\"VerdadeOn\" \/>\n<meta property=\"article:published_time\" content=\"2025-11-27T13:43:37+00:00\" \/>\n<meta property=\"og:image\" content=\"https:\/\/verdadeon.com.br\/portal\/wp-content\/uploads\/2025\/11\/pzzb1674.webp\" \/>\n\t<meta property=\"og:image:width\" content=\"1170\" \/>\n\t<meta property=\"og:image:height\" content=\"700\" \/>\n\t<meta property=\"og:image:type\" content=\"image\/webp\" \/>\n<meta name=\"author\" content=\"Redacao VerdadeOn\" \/>\n<meta name=\"twitter:card\" content=\"summary_large_image\" \/>\n<meta name=\"twitter:label1\" content=\"Escrito por\" \/>\n\t<meta name=\"twitter:data1\" content=\"Redacao VerdadeOn\" \/>\n\t<meta name=\"twitter:label2\" content=\"Est. tempo de leitura\" \/>\n\t<meta name=\"twitter:data2\" content=\"2 minutos\" \/>\n<script type=\"application\/ld+json\" class=\"yoast-schema-graph\">{\"@context\":\"https:\/\/schema.org\",\"@graph\":[{\"@type\":\"WebPage\",\"@id\":\"https:\/\/verdadeon.com.br\/portal\/2025\/11\/27\/anvisa-aprova-registro-de-vacina-100-nacional-contra-dengue\/\",\"url\":\"https:\/\/verdadeon.com.br\/portal\/2025\/11\/27\/anvisa-aprova-registro-de-vacina-100-nacional-contra-dengue\/\",\"name\":\"Anvisa aprova registro de vacina 100% nacional contra dengue - VerdadeOn\",\"isPartOf\":{\"@id\":\"https:\/\/verdadeon.com.br\/portal\/#website\"},\"primaryImageOfPage\":{\"@id\":\"https:\/\/verdadeon.com.br\/portal\/2025\/11\/27\/anvisa-aprova-registro-de-vacina-100-nacional-contra-dengue\/#primaryimage\"},\"image\":{\"@id\":\"https:\/\/verdadeon.com.br\/portal\/2025\/11\/27\/anvisa-aprova-registro-de-vacina-100-nacional-contra-dengue\/#primaryimage\"},\"thumbnailUrl\":\"https:\/\/i0.wp.com\/verdadeon.com.br\/portal\/wp-content\/uploads\/2025\/11\/pzzb1674.webp?fit=1170%2C700&ssl=1\",\"datePublished\":\"2025-11-27T13:43:37+00:00\",\"author\":{\"@id\":\"https:\/\/verdadeon.com.br\/portal\/#\/schema\/person\/a5060ad1e9ea3df545188fc93ce43d2f\"},\"breadcrumb\":{\"@id\":\"https:\/\/verdadeon.com.br\/portal\/2025\/11\/27\/anvisa-aprova-registro-de-vacina-100-nacional-contra-dengue\/#breadcrumb\"},\"inLanguage\":\"pt-BR\",\"potentialAction\":[{\"@type\":\"ReadAction\",\"target\":[\"https:\/\/verdadeon.com.br\/portal\/2025\/11\/27\/anvisa-aprova-registro-de-vacina-100-nacional-contra-dengue\/\"]}]},{\"@type\":\"ImageObject\",\"inLanguage\":\"pt-BR\",\"@id\":\"https:\/\/verdadeon.com.br\/portal\/2025\/11\/27\/anvisa-aprova-registro-de-vacina-100-nacional-contra-dengue\/#primaryimage\",\"url\":\"https:\/\/i0.wp.com\/verdadeon.com.br\/portal\/wp-content\/uploads\/2025\/11\/pzzb1674.webp?fit=1170%2C700&ssl=1\",\"contentUrl\":\"https:\/\/i0.wp.com\/verdadeon.com.br\/portal\/wp-content\/uploads\/2025\/11\/pzzb1674.webp?fit=1170%2C700&ssl=1\",\"width\":1170,\"height\":700,\"caption\":\"(\u00a9Fabio Rodrigues-Pozzebom\/ Ag\u00eancia Brasil)\"},{\"@type\":\"BreadcrumbList\",\"@id\":\"https:\/\/verdadeon.com.br\/portal\/2025\/11\/27\/anvisa-aprova-registro-de-vacina-100-nacional-contra-dengue\/#breadcrumb\",\"itemListElement\":[{\"@type\":\"ListItem\",\"position\":1,\"name\":\"In\u00edcio\",\"item\":\"https:\/\/verdadeon.com.br\/portal\/\"},{\"@type\":\"ListItem\",\"position\":2,\"name\":\"Anvisa aprova registro de vacina 100% nacional contra dengue\"}]},{\"@type\":\"WebSite\",\"@id\":\"https:\/\/verdadeon.com.br\/portal\/#website\",\"url\":\"https:\/\/verdadeon.com.br\/portal\/\",\"name\":\"VerdadeOn\",\"description\":\"Not\u00edcias di\u00e1rias sobre Franca, Regi\u00e3o, Esporte, Cultura, Cotidiano, Colunas. Cobertura nos principais eventos da cidade \u00e9 aqui - Verdadeon Franca\",\"potentialAction\":[{\"@type\":\"SearchAction\",\"target\":{\"@type\":\"EntryPoint\",\"urlTemplate\":\"https:\/\/verdadeon.com.br\/portal\/?s={search_term_string}\"},\"query-input\":{\"@type\":\"PropertyValueSpecification\",\"valueRequired\":true,\"valueName\":\"search_term_string\"}}],\"inLanguage\":\"pt-BR\"},{\"@type\":\"Person\",\"@id\":\"https:\/\/verdadeon.com.br\/portal\/#\/schema\/person\/a5060ad1e9ea3df545188fc93ce43d2f\",\"name\":\"Redacao VerdadeOn\",\"image\":{\"@type\":\"ImageObject\",\"inLanguage\":\"pt-BR\",\"@id\":\"https:\/\/verdadeon.com.br\/portal\/#\/schema\/person\/image\/\",\"url\":\"https:\/\/secure.gravatar.com\/avatar\/459a9613caaaf07f582c3d0841eea68bdd66f533e465e6ba8b9cb45619572cf4?s=96&d=mm&r=g\",\"contentUrl\":\"https:\/\/secure.gravatar.com\/avatar\/459a9613caaaf07f582c3d0841eea68bdd66f533e465e6ba8b9cb45619572cf4?s=96&d=mm&r=g\",\"caption\":\"Redacao VerdadeOn\"},\"url\":\"https:\/\/verdadeon.com.br\/portal\/author\/redacao\/\"}]}<\/script>\n<!-- \/ Yoast SEO plugin. -->","yoast_head_json":{"title":"Anvisa aprova registro de vacina 100% nacional contra dengue - VerdadeOn","robots":{"index":"index","follow":"follow","max-snippet":"max-snippet:-1","max-image-preview":"max-image-preview:large","max-video-preview":"max-video-preview:-1"},"canonical":"https:\/\/verdadeon.com.br\/portal\/2025\/11\/27\/anvisa-aprova-registro-de-vacina-100-nacional-contra-dengue\/","og_locale":"pt_BR","og_type":"article","og_title":"Anvisa aprova registro de vacina 100% nacional contra dengue - VerdadeOn","og_description":"Imunizante ser\u00e1 produzido pelo Butantan e estar\u00e1 dispon\u00edvel no SUS O ministro da Sa\u00fade, Alexandre Padilha, anunciou nesta quarta-feira (26) o registro pela Ag\u00eancia Nacional de [\u2026]","og_url":"https:\/\/verdadeon.com.br\/portal\/2025\/11\/27\/anvisa-aprova-registro-de-vacina-100-nacional-contra-dengue\/","og_site_name":"VerdadeOn","article_published_time":"2025-11-27T13:43:37+00:00","og_image":[{"width":1170,"height":700,"url":"https:\/\/verdadeon.com.br\/portal\/wp-content\/uploads\/2025\/11\/pzzb1674.webp","type":"image\/webp"}],"author":"Redacao VerdadeOn","twitter_card":"summary_large_image","twitter_misc":{"Escrito por":"Redacao VerdadeOn","Est. tempo de leitura":"2 minutos"},"schema":{"@context":"https:\/\/schema.org","@graph":[{"@type":"WebPage","@id":"https:\/\/verdadeon.com.br\/portal\/2025\/11\/27\/anvisa-aprova-registro-de-vacina-100-nacional-contra-dengue\/","url":"https:\/\/verdadeon.com.br\/portal\/2025\/11\/27\/anvisa-aprova-registro-de-vacina-100-nacional-contra-dengue\/","name":"Anvisa aprova registro de vacina 100% nacional contra dengue - VerdadeOn","isPartOf":{"@id":"https:\/\/verdadeon.com.br\/portal\/#website"},"primaryImageOfPage":{"@id":"https:\/\/verdadeon.com.br\/portal\/2025\/11\/27\/anvisa-aprova-registro-de-vacina-100-nacional-contra-dengue\/#primaryimage"},"image":{"@id":"https:\/\/verdadeon.com.br\/portal\/2025\/11\/27\/anvisa-aprova-registro-de-vacina-100-nacional-contra-dengue\/#primaryimage"},"thumbnailUrl":"https:\/\/i0.wp.com\/verdadeon.com.br\/portal\/wp-content\/uploads\/2025\/11\/pzzb1674.webp?fit=1170%2C700&ssl=1","datePublished":"2025-11-27T13:43:37+00:00","author":{"@id":"https:\/\/verdadeon.com.br\/portal\/#\/schema\/person\/a5060ad1e9ea3df545188fc93ce43d2f"},"breadcrumb":{"@id":"https:\/\/verdadeon.com.br\/portal\/2025\/11\/27\/anvisa-aprova-registro-de-vacina-100-nacional-contra-dengue\/#breadcrumb"},"inLanguage":"pt-BR","potentialAction":[{"@type":"ReadAction","target":["https:\/\/verdadeon.com.br\/portal\/2025\/11\/27\/anvisa-aprova-registro-de-vacina-100-nacional-contra-dengue\/"]}]},{"@type":"ImageObject","inLanguage":"pt-BR","@id":"https:\/\/verdadeon.com.br\/portal\/2025\/11\/27\/anvisa-aprova-registro-de-vacina-100-nacional-contra-dengue\/#primaryimage","url":"https:\/\/i0.wp.com\/verdadeon.com.br\/portal\/wp-content\/uploads\/2025\/11\/pzzb1674.webp?fit=1170%2C700&ssl=1","contentUrl":"https:\/\/i0.wp.com\/verdadeon.com.br\/portal\/wp-content\/uploads\/2025\/11\/pzzb1674.webp?fit=1170%2C700&ssl=1","width":1170,"height":700,"caption":"(\u00a9Fabio Rodrigues-Pozzebom\/ Ag\u00eancia Brasil)"},{"@type":"BreadcrumbList","@id":"https:\/\/verdadeon.com.br\/portal\/2025\/11\/27\/anvisa-aprova-registro-de-vacina-100-nacional-contra-dengue\/#breadcrumb","itemListElement":[{"@type":"ListItem","position":1,"name":"In\u00edcio","item":"https:\/\/verdadeon.com.br\/portal\/"},{"@type":"ListItem","position":2,"name":"Anvisa aprova registro de vacina 100% nacional contra dengue"}]},{"@type":"WebSite","@id":"https:\/\/verdadeon.com.br\/portal\/#website","url":"https:\/\/verdadeon.com.br\/portal\/","name":"VerdadeOn","description":"Not\u00edcias di\u00e1rias sobre Franca, Regi\u00e3o, Esporte, Cultura, Cotidiano, Colunas. Cobertura nos principais eventos da cidade \u00e9 aqui - Verdadeon Franca","potentialAction":[{"@type":"SearchAction","target":{"@type":"EntryPoint","urlTemplate":"https:\/\/verdadeon.com.br\/portal\/?s={search_term_string}"},"query-input":{"@type":"PropertyValueSpecification","valueRequired":true,"valueName":"search_term_string"}}],"inLanguage":"pt-BR"},{"@type":"Person","@id":"https:\/\/verdadeon.com.br\/portal\/#\/schema\/person\/a5060ad1e9ea3df545188fc93ce43d2f","name":"Redacao VerdadeOn","image":{"@type":"ImageObject","inLanguage":"pt-BR","@id":"https:\/\/verdadeon.com.br\/portal\/#\/schema\/person\/image\/","url":"https:\/\/secure.gravatar.com\/avatar\/459a9613caaaf07f582c3d0841eea68bdd66f533e465e6ba8b9cb45619572cf4?s=96&d=mm&r=g","contentUrl":"https:\/\/secure.gravatar.com\/avatar\/459a9613caaaf07f582c3d0841eea68bdd66f533e465e6ba8b9cb45619572cf4?s=96&d=mm&r=g","caption":"Redacao VerdadeOn"},"url":"https:\/\/verdadeon.com.br\/portal\/author\/redacao\/"}]}},"jetpack_publicize_connections":[],"jetpack_featured_media_url":"https:\/\/i0.wp.com\/verdadeon.com.br\/portal\/wp-content\/uploads\/2025\/11\/pzzb1674.webp?fit=1170%2C700&ssl=1","jetpack_sharing_enabled":true,"_links":{"self":[{"href":"https:\/\/verdadeon.com.br\/portal\/wp-json\/wp\/v2\/posts\/62034","targetHints":{"allow":["GET"]}}],"collection":[{"href":"https:\/\/verdadeon.com.br\/portal\/wp-json\/wp\/v2\/posts"}],"about":[{"href":"https:\/\/verdadeon.com.br\/portal\/wp-json\/wp\/v2\/types\/post"}],"author":[{"embeddable":true,"href":"https:\/\/verdadeon.com.br\/portal\/wp-json\/wp\/v2\/users\/10"}],"replies":[{"embeddable":true,"href":"https:\/\/verdadeon.com.br\/portal\/wp-json\/wp\/v2\/comments?post=62034"}],"version-history":[{"count":1,"href":"https:\/\/verdadeon.com.br\/portal\/wp-json\/wp\/v2\/posts\/62034\/revisions"}],"predecessor-version":[{"id":62036,"href":"https:\/\/verdadeon.com.br\/portal\/wp-json\/wp\/v2\/posts\/62034\/revisions\/62036"}],"wp:featuredmedia":[{"embeddable":true,"href":"https:\/\/verdadeon.com.br\/portal\/wp-json\/wp\/v2\/media\/62035"}],"wp:attachment":[{"href":"https:\/\/verdadeon.com.br\/portal\/wp-json\/wp\/v2\/media?parent=62034"}],"wp:term":[{"taxonomy":"category","embeddable":true,"href":"https:\/\/verdadeon.com.br\/portal\/wp-json\/wp\/v2\/categories?post=62034"},{"taxonomy":"post_tag","embeddable":true,"href":"https:\/\/verdadeon.com.br\/portal\/wp-json\/wp\/v2\/tags?post=62034"}],"curies":[{"name":"wp","href":"https:\/\/api.w.org\/{rel}","templated":true}]}}