{"id":61995,"date":"2025-11-27T08:30:53","date_gmt":"2025-11-27T11:30:53","guid":{"rendered":"https:\/\/verdadeon.com.br\/portal\/?p=61995"},"modified":"2025-11-27T13:58:16","modified_gmt":"2025-11-27T16:58:16","slug":"oab-franca-lanca-campanha-de-doacao-de-sangue","status":"publish","type":"post","link":"https:\/\/verdadeon.com.br\/portal\/2025\/11\/27\/oab-franca-lanca-campanha-de-doacao-de-sangue\/","title":{"rendered":"OAB Franca lan\u00e7a campanha de doa\u00e7\u00e3o de sangue em prol do Hemocentro"},"content":{"rendered":"<h2>A\u00e7\u00e3o convoca advocacia para doa\u00e7\u00f5es; doadores devem mencionar que fazem parte da OAB Franca<\/h2>\n<p>A Ordem dos Advogados do Brasil (OAB) \u2013 Subse\u00e7\u00e3o de Franca, em um gesto de responsabilidade social e engajamento comunit\u00e1rio, convoca toda a advocacia francana neste m\u00eas de novembro a participar de uma Campanha de Doa\u00e7\u00e3o de Sangue em prol do Hemocentro de Franca.<\/p>\n<p>Com o objetivo de reabastecer os estoques e garantir o atendimento cont\u00ednuo das necessidades hospitalares da regi\u00e3o, a OAB Franca incentiva advogadas e advogados a dedicarem um momento para este ato que salva vidas.<\/p>\n<p>A doa\u00e7\u00e3o deve ser feita diretamente no Hemocentro de Franca e os doadores devem apenas mencionar que fazem parte da campanha da OAB Franca no momento do cadastro.<\/p>\n<p>Para estimular uma mobiliza\u00e7\u00e3o imediata e garantir o fluxo cont\u00ednuo de doa\u00e7\u00f5es neste per\u00edodo crucial, a OAB Franca sugere que a advocacia priorize o comparecimento nas pr\u00f3ximas semanas, mas refor\u00e7a que a doa\u00e7\u00e3o pode ser feita a qualquer momento.<\/p>\n<p>\u201cNossa profiss\u00e3o nos coloca diariamente a servi\u00e7o da justi\u00e7a e da defesa da vida, e esta campanha \u00e9 uma extens\u00e3o desse compromisso. A doa\u00e7\u00e3o de sangue \u00e9 um ato de solidariedade direto e vital. Convocamos cada colega a abra\u00e7ar esta causa e fazer a diferen\u00e7a. A meta da OAB Franca \u00e9 consolidar esta mobiliza\u00e7\u00e3o como uma campanha anual e constante em nosso calend\u00e1rio, reafirmando o papel social da advocacia francana.\u201d<\/p>\n<p>A OAB Franca refor\u00e7a a import\u00e2ncia de que os interessados verifiquem os crit\u00e9rios b\u00e1sicos para doa\u00e7\u00e3o (como boas condi\u00e7\u00f5es de sa\u00fade, peso m\u00ednimo de 50kg, idade entre 16 e 69 anos, e evitar jejum) diretamente no site ou canais de comunica\u00e7\u00e3o do Hemocentro antes de se dirigirem ao local.<\/p>\n<p>Mais informa\u00e7\u00f5es sobre quais s\u00e3o os crit\u00e9rios para ser um doador de sangue, basta ligar para o Hemocentro de Franca (16) 3402-5000.<\/p>\n<p><strong>Servi\u00e7o<\/strong><br \/>\nO qu\u00ea: Campanha de Doa\u00e7\u00e3o de Sangue OAB Franca<br \/>\nOnde: Hemocentro de Franca (Av. Dr. H\u00e9lio Palermo, 4181 -Bairro Recanto do Itamb\u00e9)<br \/>\nQuando: A qualquer momento (com incentivo \u00e0 mobiliza\u00e7\u00e3o imediata)<br \/>\nComo: Mencionar a Campanha da OAB Franca no local.<\/p>\n<p><img data-recalc-dims=\"1\" loading=\"lazy\" decoding=\"async\" class=\"alignnone size-full wp-image-62000\" src=\"https:\/\/i0.wp.com\/verdadeon.com.br\/portal\/wp-content\/uploads\/2025\/11\/WhatsApp-Image-2025-11-24-at-10.52.09.jpeg?resize=1080%2C1080&#038;ssl=1\" alt=\"\" width=\"1080\" height=\"1080\" srcset=\"https:\/\/i0.wp.com\/verdadeon.com.br\/portal\/wp-content\/uploads\/2025\/11\/WhatsApp-Image-2025-11-24-at-10.52.09.jpeg?w=1080&amp;ssl=1 1080w, https:\/\/i0.wp.com\/verdadeon.com.br\/portal\/wp-content\/uploads\/2025\/11\/WhatsApp-Image-2025-11-24-at-10.52.09.jpeg?resize=300%2C300&amp;ssl=1 300w, https:\/\/i0.wp.com\/verdadeon.com.br\/portal\/wp-content\/uploads\/2025\/11\/WhatsApp-Image-2025-11-24-at-10.52.09.jpeg?resize=1024%2C1024&amp;ssl=1 1024w, https:\/\/i0.wp.com\/verdadeon.com.br\/portal\/wp-content\/uploads\/2025\/11\/WhatsApp-Image-2025-11-24-at-10.52.09.jpeg?resize=150%2C150&amp;ssl=1 150w, https:\/\/i0.wp.com\/verdadeon.com.br\/portal\/wp-content\/uploads\/2025\/11\/WhatsApp-Image-2025-11-24-at-10.52.09.jpeg?resize=768%2C768&amp;ssl=1 768w, https:\/\/i0.wp.com\/verdadeon.com.br\/portal\/wp-content\/uploads\/2025\/11\/WhatsApp-Image-2025-11-24-at-10.52.09.jpeg?resize=146%2C146&amp;ssl=1 146w, https:\/\/i0.wp.com\/verdadeon.com.br\/portal\/wp-content\/uploads\/2025\/11\/WhatsApp-Image-2025-11-24-at-10.52.09.jpeg?resize=50%2C50&amp;ssl=1 50w, https:\/\/i0.wp.com\/verdadeon.com.br\/portal\/wp-content\/uploads\/2025\/11\/WhatsApp-Image-2025-11-24-at-10.52.09.jpeg?resize=75%2C75&amp;ssl=1 75w, https:\/\/i0.wp.com\/verdadeon.com.br\/portal\/wp-content\/uploads\/2025\/11\/WhatsApp-Image-2025-11-24-at-10.52.09.jpeg?resize=85%2C85&amp;ssl=1 85w, https:\/\/i0.wp.com\/verdadeon.com.br\/portal\/wp-content\/uploads\/2025\/11\/WhatsApp-Image-2025-11-24-at-10.52.09.jpeg?resize=80%2C80&amp;ssl=1 80w\" sizes=\"auto, (max-width: 1080px) 100vw, 1080px\" \/><\/p>\n","protected":false},"excerpt":{"rendered":"<p>A\u00e7\u00e3o convoca advocacia para doa\u00e7\u00f5es; doadores devem mencionar que fazem parte da OAB Franca A Ordem dos Advogados do Brasil (OAB) \u2013 Subse\u00e7\u00e3o de Franca, em<span class=\"excerpt-hellip\"> [\u2026]<\/span><\/p>\n","protected":false},"author":10,"featured_media":61996,"comment_status":"open","ping_status":"open","sticky":false,"template":"","format":"standard","meta":{"_jetpack_memberships_contains_paid_content":false,"footnotes":"","jetpack_publicize_message":"","jetpack_publicize_feature_enabled":true,"jetpack_social_post_already_shared":true,"jetpack_social_options":{"image_generator_settings":{"template":"highway","default_image_id":0,"enabled":false},"version":2}},"categories":[28,44],"tags":[],"class_list":["post-61995","post","type-post","status-publish","format-standard","has-post-thumbnail","hentry","category-cotidiano","category-noticias"],"yoast_head":"<!-- This site is optimized with the Yoast SEO plugin v25.6 - https:\/\/yoast.com\/wordpress\/plugins\/seo\/ -->\n<title>OAB Franca lan\u00e7a campanha de doa\u00e7\u00e3o de sangue em prol do Hemocentro - VerdadeOn<\/title>\n<meta name=\"robots\" content=\"index, follow, max-snippet:-1, max-image-preview:large, max-video-preview:-1\" \/>\n<link rel=\"canonical\" href=\"https:\/\/verdadeon.com.br\/portal\/2025\/11\/27\/oab-franca-lanca-campanha-de-doacao-de-sangue\/\" \/>\n<meta property=\"og:locale\" content=\"pt_BR\" \/>\n<meta property=\"og:type\" content=\"article\" \/>\n<meta property=\"og:title\" content=\"OAB Franca lan\u00e7a campanha de doa\u00e7\u00e3o de sangue em prol do Hemocentro - VerdadeOn\" \/>\n<meta property=\"og:description\" content=\"A\u00e7\u00e3o convoca advocacia para doa\u00e7\u00f5es; doadores devem mencionar que fazem parte da OAB Franca A Ordem dos Advogados do Brasil (OAB) \u2013 Subse\u00e7\u00e3o de Franca, em [\u2026]\" \/>\n<meta property=\"og:url\" content=\"https:\/\/verdadeon.com.br\/portal\/2025\/11\/27\/oab-franca-lanca-campanha-de-doacao-de-sangue\/\" \/>\n<meta property=\"og:site_name\" content=\"VerdadeOn\" \/>\n<meta property=\"article:published_time\" content=\"2025-11-27T11:30:53+00:00\" \/>\n<meta property=\"article:modified_time\" content=\"2025-11-27T16:58:16+00:00\" \/>\n<meta property=\"og:image\" content=\"https:\/\/verdadeon.com.br\/portal\/wp-content\/uploads\/2025\/11\/WhatsApp-Image-2025-11-24-at-10.52.19.jpeg\" \/>\n\t<meta property=\"og:image:width\" content=\"1280\" \/>\n\t<meta property=\"og:image:height\" content=\"960\" \/>\n\t<meta property=\"og:image:type\" content=\"image\/jpeg\" \/>\n<meta name=\"author\" content=\"Redacao VerdadeOn\" \/>\n<meta name=\"twitter:card\" content=\"summary_large_image\" \/>\n<meta name=\"twitter:label1\" content=\"Escrito por\" \/>\n\t<meta name=\"twitter:data1\" content=\"Redacao VerdadeOn\" \/>\n\t<meta name=\"twitter:label2\" content=\"Est. tempo de leitura\" \/>\n\t<meta name=\"twitter:data2\" content=\"3 minutos\" \/>\n<script type=\"application\/ld+json\" class=\"yoast-schema-graph\">{\"@context\":\"https:\/\/schema.org\",\"@graph\":[{\"@type\":\"WebPage\",\"@id\":\"https:\/\/verdadeon.com.br\/portal\/2025\/11\/27\/oab-franca-lanca-campanha-de-doacao-de-sangue\/\",\"url\":\"https:\/\/verdadeon.com.br\/portal\/2025\/11\/27\/oab-franca-lanca-campanha-de-doacao-de-sangue\/\",\"name\":\"OAB Franca lan\u00e7a campanha de doa\u00e7\u00e3o de sangue em prol do Hemocentro - VerdadeOn\",\"isPartOf\":{\"@id\":\"https:\/\/verdadeon.com.br\/portal\/#website\"},\"primaryImageOfPage\":{\"@id\":\"https:\/\/verdadeon.com.br\/portal\/2025\/11\/27\/oab-franca-lanca-campanha-de-doacao-de-sangue\/#primaryimage\"},\"image\":{\"@id\":\"https:\/\/verdadeon.com.br\/portal\/2025\/11\/27\/oab-franca-lanca-campanha-de-doacao-de-sangue\/#primaryimage\"},\"thumbnailUrl\":\"https:\/\/i0.wp.com\/verdadeon.com.br\/portal\/wp-content\/uploads\/2025\/11\/WhatsApp-Image-2025-11-24-at-10.52.19.jpeg?fit=1280%2C960&ssl=1\",\"datePublished\":\"2025-11-27T11:30:53+00:00\",\"dateModified\":\"2025-11-27T16:58:16+00:00\",\"author\":{\"@id\":\"https:\/\/verdadeon.com.br\/portal\/#\/schema\/person\/a5060ad1e9ea3df545188fc93ce43d2f\"},\"breadcrumb\":{\"@id\":\"https:\/\/verdadeon.com.br\/portal\/2025\/11\/27\/oab-franca-lanca-campanha-de-doacao-de-sangue\/#breadcrumb\"},\"inLanguage\":\"pt-BR\",\"potentialAction\":[{\"@type\":\"ReadAction\",\"target\":[\"https:\/\/verdadeon.com.br\/portal\/2025\/11\/27\/oab-franca-lanca-campanha-de-doacao-de-sangue\/\"]}]},{\"@type\":\"ImageObject\",\"inLanguage\":\"pt-BR\",\"@id\":\"https:\/\/verdadeon.com.br\/portal\/2025\/11\/27\/oab-franca-lanca-campanha-de-doacao-de-sangue\/#primaryimage\",\"url\":\"https:\/\/i0.wp.com\/verdadeon.com.br\/portal\/wp-content\/uploads\/2025\/11\/WhatsApp-Image-2025-11-24-at-10.52.19.jpeg?fit=1280%2C960&ssl=1\",\"contentUrl\":\"https:\/\/i0.wp.com\/verdadeon.com.br\/portal\/wp-content\/uploads\/2025\/11\/WhatsApp-Image-2025-11-24-at-10.52.19.jpeg?fit=1280%2C960&ssl=1\",\"width\":1280,\"height\":960,\"caption\":\"A\u00e7\u00e3o convoca advocacia para doa\u00e7\u00e3o de sangue em prol vida no hemocentro (\u00a9Divulga\u00e7\u00e3o)\"},{\"@type\":\"BreadcrumbList\",\"@id\":\"https:\/\/verdadeon.com.br\/portal\/2025\/11\/27\/oab-franca-lanca-campanha-de-doacao-de-sangue\/#breadcrumb\",\"itemListElement\":[{\"@type\":\"ListItem\",\"position\":1,\"name\":\"In\u00edcio\",\"item\":\"https:\/\/verdadeon.com.br\/portal\/\"},{\"@type\":\"ListItem\",\"position\":2,\"name\":\"OAB Franca lan\u00e7a campanha de doa\u00e7\u00e3o de sangue em prol do Hemocentro\"}]},{\"@type\":\"WebSite\",\"@id\":\"https:\/\/verdadeon.com.br\/portal\/#website\",\"url\":\"https:\/\/verdadeon.com.br\/portal\/\",\"name\":\"VerdadeOn\",\"description\":\"Not\u00edcias di\u00e1rias sobre Franca, Regi\u00e3o, Esporte, Cultura, Cotidiano, Colunas. Cobertura nos principais eventos da cidade \u00e9 aqui - Verdadeon Franca\",\"potentialAction\":[{\"@type\":\"SearchAction\",\"target\":{\"@type\":\"EntryPoint\",\"urlTemplate\":\"https:\/\/verdadeon.com.br\/portal\/?s={search_term_string}\"},\"query-input\":{\"@type\":\"PropertyValueSpecification\",\"valueRequired\":true,\"valueName\":\"search_term_string\"}}],\"inLanguage\":\"pt-BR\"},{\"@type\":\"Person\",\"@id\":\"https:\/\/verdadeon.com.br\/portal\/#\/schema\/person\/a5060ad1e9ea3df545188fc93ce43d2f\",\"name\":\"Redacao VerdadeOn\",\"image\":{\"@type\":\"ImageObject\",\"inLanguage\":\"pt-BR\",\"@id\":\"https:\/\/verdadeon.com.br\/portal\/#\/schema\/person\/image\/\",\"url\":\"https:\/\/secure.gravatar.com\/avatar\/459a9613caaaf07f582c3d0841eea68bdd66f533e465e6ba8b9cb45619572cf4?s=96&d=mm&r=g\",\"contentUrl\":\"https:\/\/secure.gravatar.com\/avatar\/459a9613caaaf07f582c3d0841eea68bdd66f533e465e6ba8b9cb45619572cf4?s=96&d=mm&r=g\",\"caption\":\"Redacao VerdadeOn\"},\"url\":\"https:\/\/verdadeon.com.br\/portal\/author\/redacao\/\"}]}<\/script>\n<!-- \/ Yoast SEO plugin. -->","yoast_head_json":{"title":"OAB Franca lan\u00e7a campanha de doa\u00e7\u00e3o de sangue em prol do Hemocentro - VerdadeOn","robots":{"index":"index","follow":"follow","max-snippet":"max-snippet:-1","max-image-preview":"max-image-preview:large","max-video-preview":"max-video-preview:-1"},"canonical":"https:\/\/verdadeon.com.br\/portal\/2025\/11\/27\/oab-franca-lanca-campanha-de-doacao-de-sangue\/","og_locale":"pt_BR","og_type":"article","og_title":"OAB Franca lan\u00e7a campanha de doa\u00e7\u00e3o de sangue em prol do Hemocentro - VerdadeOn","og_description":"A\u00e7\u00e3o convoca advocacia para doa\u00e7\u00f5es; doadores devem mencionar que fazem parte da OAB Franca A Ordem dos Advogados do Brasil (OAB) \u2013 Subse\u00e7\u00e3o de Franca, em [\u2026]","og_url":"https:\/\/verdadeon.com.br\/portal\/2025\/11\/27\/oab-franca-lanca-campanha-de-doacao-de-sangue\/","og_site_name":"VerdadeOn","article_published_time":"2025-11-27T11:30:53+00:00","article_modified_time":"2025-11-27T16:58:16+00:00","og_image":[{"width":1280,"height":960,"url":"https:\/\/verdadeon.com.br\/portal\/wp-content\/uploads\/2025\/11\/WhatsApp-Image-2025-11-24-at-10.52.19.jpeg","type":"image\/jpeg"}],"author":"Redacao VerdadeOn","twitter_card":"summary_large_image","twitter_misc":{"Escrito por":"Redacao VerdadeOn","Est. tempo de leitura":"3 minutos"},"schema":{"@context":"https:\/\/schema.org","@graph":[{"@type":"WebPage","@id":"https:\/\/verdadeon.com.br\/portal\/2025\/11\/27\/oab-franca-lanca-campanha-de-doacao-de-sangue\/","url":"https:\/\/verdadeon.com.br\/portal\/2025\/11\/27\/oab-franca-lanca-campanha-de-doacao-de-sangue\/","name":"OAB Franca lan\u00e7a campanha de doa\u00e7\u00e3o de sangue em prol do Hemocentro - VerdadeOn","isPartOf":{"@id":"https:\/\/verdadeon.com.br\/portal\/#website"},"primaryImageOfPage":{"@id":"https:\/\/verdadeon.com.br\/portal\/2025\/11\/27\/oab-franca-lanca-campanha-de-doacao-de-sangue\/#primaryimage"},"image":{"@id":"https:\/\/verdadeon.com.br\/portal\/2025\/11\/27\/oab-franca-lanca-campanha-de-doacao-de-sangue\/#primaryimage"},"thumbnailUrl":"https:\/\/i0.wp.com\/verdadeon.com.br\/portal\/wp-content\/uploads\/2025\/11\/WhatsApp-Image-2025-11-24-at-10.52.19.jpeg?fit=1280%2C960&ssl=1","datePublished":"2025-11-27T11:30:53+00:00","dateModified":"2025-11-27T16:58:16+00:00","author":{"@id":"https:\/\/verdadeon.com.br\/portal\/#\/schema\/person\/a5060ad1e9ea3df545188fc93ce43d2f"},"breadcrumb":{"@id":"https:\/\/verdadeon.com.br\/portal\/2025\/11\/27\/oab-franca-lanca-campanha-de-doacao-de-sangue\/#breadcrumb"},"inLanguage":"pt-BR","potentialAction":[{"@type":"ReadAction","target":["https:\/\/verdadeon.com.br\/portal\/2025\/11\/27\/oab-franca-lanca-campanha-de-doacao-de-sangue\/"]}]},{"@type":"ImageObject","inLanguage":"pt-BR","@id":"https:\/\/verdadeon.com.br\/portal\/2025\/11\/27\/oab-franca-lanca-campanha-de-doacao-de-sangue\/#primaryimage","url":"https:\/\/i0.wp.com\/verdadeon.com.br\/portal\/wp-content\/uploads\/2025\/11\/WhatsApp-Image-2025-11-24-at-10.52.19.jpeg?fit=1280%2C960&ssl=1","contentUrl":"https:\/\/i0.wp.com\/verdadeon.com.br\/portal\/wp-content\/uploads\/2025\/11\/WhatsApp-Image-2025-11-24-at-10.52.19.jpeg?fit=1280%2C960&ssl=1","width":1280,"height":960,"caption":"A\u00e7\u00e3o convoca advocacia para doa\u00e7\u00e3o de sangue em prol vida no hemocentro (\u00a9Divulga\u00e7\u00e3o)"},{"@type":"BreadcrumbList","@id":"https:\/\/verdadeon.com.br\/portal\/2025\/11\/27\/oab-franca-lanca-campanha-de-doacao-de-sangue\/#breadcrumb","itemListElement":[{"@type":"ListItem","position":1,"name":"In\u00edcio","item":"https:\/\/verdadeon.com.br\/portal\/"},{"@type":"ListItem","position":2,"name":"OAB Franca lan\u00e7a campanha de doa\u00e7\u00e3o de sangue em prol do Hemocentro"}]},{"@type":"WebSite","@id":"https:\/\/verdadeon.com.br\/portal\/#website","url":"https:\/\/verdadeon.com.br\/portal\/","name":"VerdadeOn","description":"Not\u00edcias di\u00e1rias sobre Franca, Regi\u00e3o, Esporte, Cultura, Cotidiano, Colunas. Cobertura nos principais eventos da cidade \u00e9 aqui - Verdadeon Franca","potentialAction":[{"@type":"SearchAction","target":{"@type":"EntryPoint","urlTemplate":"https:\/\/verdadeon.com.br\/portal\/?s={search_term_string}"},"query-input":{"@type":"PropertyValueSpecification","valueRequired":true,"valueName":"search_term_string"}}],"inLanguage":"pt-BR"},{"@type":"Person","@id":"https:\/\/verdadeon.com.br\/portal\/#\/schema\/person\/a5060ad1e9ea3df545188fc93ce43d2f","name":"Redacao VerdadeOn","image":{"@type":"ImageObject","inLanguage":"pt-BR","@id":"https:\/\/verdadeon.com.br\/portal\/#\/schema\/person\/image\/","url":"https:\/\/secure.gravatar.com\/avatar\/459a9613caaaf07f582c3d0841eea68bdd66f533e465e6ba8b9cb45619572cf4?s=96&d=mm&r=g","contentUrl":"https:\/\/secure.gravatar.com\/avatar\/459a9613caaaf07f582c3d0841eea68bdd66f533e465e6ba8b9cb45619572cf4?s=96&d=mm&r=g","caption":"Redacao VerdadeOn"},"url":"https:\/\/verdadeon.com.br\/portal\/author\/redacao\/"}]}},"jetpack_publicize_connections":[],"jetpack_featured_media_url":"https:\/\/i0.wp.com\/verdadeon.com.br\/portal\/wp-content\/uploads\/2025\/11\/WhatsApp-Image-2025-11-24-at-10.52.19.jpeg?fit=1280%2C960&ssl=1","jetpack_sharing_enabled":true,"_links":{"self":[{"href":"https:\/\/verdadeon.com.br\/portal\/wp-json\/wp\/v2\/posts\/61995","targetHints":{"allow":["GET"]}}],"collection":[{"href":"https:\/\/verdadeon.com.br\/portal\/wp-json\/wp\/v2\/posts"}],"about":[{"href":"https:\/\/verdadeon.com.br\/portal\/wp-json\/wp\/v2\/types\/post"}],"author":[{"embeddable":true,"href":"https:\/\/verdadeon.com.br\/portal\/wp-json\/wp\/v2\/users\/10"}],"replies":[{"embeddable":true,"href":"https:\/\/verdadeon.com.br\/portal\/wp-json\/wp\/v2\/comments?post=61995"}],"version-history":[{"count":4,"href":"https:\/\/verdadeon.com.br\/portal\/wp-json\/wp\/v2\/posts\/61995\/revisions"}],"predecessor-version":[{"id":62044,"href":"https:\/\/verdadeon.com.br\/portal\/wp-json\/wp\/v2\/posts\/61995\/revisions\/62044"}],"wp:featuredmedia":[{"embeddable":true,"href":"https:\/\/verdadeon.com.br\/portal\/wp-json\/wp\/v2\/media\/61996"}],"wp:attachment":[{"href":"https:\/\/verdadeon.com.br\/portal\/wp-json\/wp\/v2\/media?parent=61995"}],"wp:term":[{"taxonomy":"category","embeddable":true,"href":"https:\/\/verdadeon.com.br\/portal\/wp-json\/wp\/v2\/categories?post=61995"},{"taxonomy":"post_tag","embeddable":true,"href":"https:\/\/verdadeon.com.br\/portal\/wp-json\/wp\/v2\/tags?post=61995"}],"curies":[{"name":"wp","href":"https:\/\/api.w.org\/{rel}","templated":true}]}}