{"id":61386,"date":"2025-11-03T15:10:45","date_gmt":"2025-11-03T18:10:45","guid":{"rendered":"https:\/\/verdadeon.com.br\/portal\/?p=61386"},"modified":"2025-11-03T15:10:45","modified_gmt":"2025-11-03T18:10:45","slug":"justica-eleitoral-lanca-campanha-para-regularizacao-de-titulos-eleitores-da-regiao-podem-realizar-agendamentos","status":"publish","type":"post","link":"https:\/\/verdadeon.com.br\/portal\/2025\/11\/03\/justica-eleitoral-lanca-campanha-para-regularizacao-de-titulos-eleitores-da-regiao-podem-realizar-agendamentos\/","title":{"rendered":"Justi\u00e7a Eleitoral lan\u00e7a campanha para regulariza\u00e7\u00e3o de t\u00edtulos; eleitores da regi\u00e3o podem realizar agendamentos"},"content":{"rendered":"<p>A Justi\u00e7a Eleitoral deu in\u00edcio \u00e0 campanha de regulariza\u00e7\u00e3o de t\u00edtulos de eleitor, voltada especialmente para quem est\u00e1 com o documento cancelado. A a\u00e7\u00e3o seguir\u00e1 at\u00e9 o in\u00edcio de maio de 2026 e busca garantir que todos os cidad\u00e3os estejam aptos a votar nas pr\u00f3ximas elei\u00e7\u00f5es.<\/p>\n<p>Moradora rec\u00e9m-chegada \u00e0 Franca, Rosana Ribeiro da Silva j\u00e1 aproveitou o per\u00edodo para transferir o t\u00edtulo e se regularizar. \u201cAgora que n\u00f3s vamos ser mun\u00edcipes aqui em Franca \u00e9 fundamental a gente poder exercer nosso direito de votar e n\u00e3o ficar s\u00f3 justificando voto\u201d, afirmou.<\/p>\n<p>De acordo com o chefe do Cart\u00f3rio da 46\u00aa Zona Eleitoral de Franca, Marcelo Queiroz, \u201co \u00faltimo dia pra pessoa fazer o t\u00edtulo vai se dar no in\u00edcio do m\u00eas de Maio do ano que vem. O eleitor poder\u00e1 vir ao cart\u00f3rio e fazer todos esses atendimentos: a revis\u00e3o, a transfer\u00eancia ou o alistamento eleitoral. Porque como o ano que vem \u00e9 ano eleitoral, o sistema fecha em um dia espec\u00edfico do m\u00eas de Maio\u201d.<\/p>\n<p>Ele refor\u00e7a a import\u00e2ncia de n\u00e3o deixar para a \u00faltima hora: \u201cquando chega o final de Abril, Maio, o cart\u00f3rio fica muito cheio, e o atendimento prejudicado para o eleitor. Ent\u00e3o, quanto antes ele vier, mais r\u00e1pido ele \u00e9 atendido e mais r\u00e1pido ele concretiza seu atendimento aqui na Justi\u00e7a Eleitoral\u201d.<\/p>\n<p><strong>Onde fazer?<\/strong><\/p>\n<p>Em Franca, os tr\u00eas cart\u00f3rios eleitorais foram unificados em um mesmo espa\u00e7o, o que facilita o atendimento dos eleitores da cidade e tamb\u00e9m dos munic\u00edpios de Patroc\u00ednio Paulista, Itirapu\u00e3, S\u00e3o Jos\u00e9 da Bela Vista, Ribeir\u00e3o Corrente, Cristais Paulista e Restinga.<\/p>\n<p>O agendamento pode ser feito pelo site da Justi\u00e7a Eleitoral, mas o processo deve ser finalizado presencialmente por conta da coleta biom\u00e9trica. Segundo Nilva Faleiros, chefe do Cart\u00f3rio da 291\u00aa Zona Eleitoral de Franca, \u201cn\u00f3s temos, aproximadamente, 120 mil eleitores aptos, fora aqueles que est\u00e3o cancelados ou suspensos por algum motivo\u201d.<\/p>\n<p>Ela alerta que muitos eleitores perderam o prazo nas \u00faltimas elei\u00e7\u00f5es: \u201cn\u00f3s temos alguns eleitores que est\u00e3o com t\u00edtulo cancelado porque eles n\u00e3o votaram nas \u00faltimas elei\u00e7\u00f5es, deixaram passar o prazo e n\u00e3o efetuaram a justificativa ou pagamento da multa. Ent\u00e3o, caso eles queiram votar no pr\u00f3ximo pleito, que acontecer\u00e1 no pr\u00f3ximo ano, \u00e9 necess\u00e1rio que eles venham o quanto antes para regularizar a sua situa\u00e7\u00e3o\u201d.<\/p>\n<p>Regularizar o t\u00edtulo \u00e9 essencial para garantir o direito de votar e ser votado. Quem est\u00e1 com o documento cancelado pode enfrentar dificuldades para tirar passaporte, assumir cargo p\u00fablico e at\u00e9 realizar matr\u00edcula em universidades p\u00fablicas.<\/p>\n<p>Entre as principais causas de cancelamento est\u00e3o a aus\u00eancia em tr\u00eas elei\u00e7\u00f5es consecutivas sem justificativa, perda de direitos pol\u00edticos, condena\u00e7\u00f5es judiciais e pend\u00eancias com o servi\u00e7o militar.<\/p>\n<p><strong>Important\u00edssimo<\/strong><\/p>\n<p>Marcelo Queiroz refor\u00e7a a import\u00e2ncia da participa\u00e7\u00e3o cidad\u00e3: \u201ca gente pede para que o eleitor que n\u00e3o queira votar, que pelo menos ele v\u00e1 \u00e0 urna e coloque voto em branco, ou anule seu voto, mas que ele compare\u00e7a \u00e0 urna eletr\u00f4nica para ele n\u00e3o ter problemas com a Justi\u00e7a Eleitoral por n\u00e3o votar e n\u00e3o justificar\u201d.<\/p>\n<p>Os servi\u00e7os oferecidos pelos cart\u00f3rios incluem emiss\u00e3o do primeiro t\u00edtulo, transfer\u00eancia de domic\u00edlio eleitoral, atualiza\u00e7\u00e3o de dados, regulariza\u00e7\u00e3o de t\u00edtulos cancelados e pagamento de multas \u2014 no valor de R$ 3,51 por turno ausente.<\/p>\n<p>A chefe do Cart\u00f3rio da 240\u00aa Zona Eleitoral, Maria Cristina Oliveira de Paula, destacou: \u201cNosso cart\u00f3rio atende as cidades de Cristais Paulista, Restinga, Ribeir\u00e3o Corrente e S\u00e3o Jos\u00e9 da Bela Vista. Neste ano, durante todo o ano n\u00f3s estamos atendendo os eleitores dessas cidades. \u00c9 importante que eles compare\u00e7am para regularizar o seu t\u00edtulo, fazer transfer\u00eancia ou alistamento do seu primeiro t\u00edtulo visando a elei\u00e7\u00e3o do ano que vem\u201d.<\/p>\n<p>As entrevistas trazidas \u00e0 mat\u00e9ria foram conduzidas pela Comunica\u00e7\u00e3o da C\u00e2mara Municipal de Franca.<\/p>\n","protected":false},"excerpt":{"rendered":"<p>A Justi\u00e7a Eleitoral deu in\u00edcio \u00e0 campanha de regulariza\u00e7\u00e3o de t\u00edtulos de eleitor, voltada especialmente para quem est\u00e1 com o documento cancelado. A a\u00e7\u00e3o seguir\u00e1 at\u00e9<span class=\"excerpt-hellip\"> [\u2026]<\/span><\/p>\n","protected":false},"author":10,"featured_media":61387,"comment_status":"open","ping_status":"open","sticky":false,"template":"","format":"standard","meta":{"_jetpack_memberships_contains_paid_content":false,"footnotes":"","jetpack_publicize_message":"","jetpack_publicize_feature_enabled":true,"jetpack_social_post_already_shared":true,"jetpack_social_options":{"image_generator_settings":{"template":"highway","default_image_id":0,"enabled":false},"version":2}},"categories":[28,44],"tags":[],"class_list":["post-61386","post","type-post","status-publish","format-standard","has-post-thumbnail","hentry","category-cotidiano","category-noticias"],"yoast_head":"<!-- This site is optimized with the Yoast SEO plugin v25.6 - https:\/\/yoast.com\/wordpress\/plugins\/seo\/ -->\n<title>Justi\u00e7a Eleitoral lan\u00e7a campanha para regulariza\u00e7\u00e3o de t\u00edtulos; eleitores da regi\u00e3o podem realizar agendamentos - VerdadeOn<\/title>\n<meta name=\"robots\" content=\"index, follow, max-snippet:-1, max-image-preview:large, max-video-preview:-1\" \/>\n<link rel=\"canonical\" href=\"https:\/\/verdadeon.com.br\/portal\/2025\/11\/03\/justica-eleitoral-lanca-campanha-para-regularizacao-de-titulos-eleitores-da-regiao-podem-realizar-agendamentos\/\" \/>\n<meta property=\"og:locale\" content=\"pt_BR\" \/>\n<meta property=\"og:type\" content=\"article\" \/>\n<meta property=\"og:title\" content=\"Justi\u00e7a Eleitoral lan\u00e7a campanha para regulariza\u00e7\u00e3o de t\u00edtulos; eleitores da regi\u00e3o podem realizar agendamentos - VerdadeOn\" \/>\n<meta property=\"og:description\" content=\"A Justi\u00e7a Eleitoral deu in\u00edcio \u00e0 campanha de regulariza\u00e7\u00e3o de t\u00edtulos de eleitor, voltada especialmente para quem est\u00e1 com o documento cancelado. A a\u00e7\u00e3o seguir\u00e1 at\u00e9 [\u2026]\" \/>\n<meta property=\"og:url\" content=\"https:\/\/verdadeon.com.br\/portal\/2025\/11\/03\/justica-eleitoral-lanca-campanha-para-regularizacao-de-titulos-eleitores-da-regiao-podem-realizar-agendamentos\/\" \/>\n<meta property=\"og:site_name\" content=\"VerdadeOn\" \/>\n<meta property=\"article:published_time\" content=\"2025-11-03T18:10:45+00:00\" \/>\n<meta property=\"og:image\" content=\"https:\/\/verdadeon.com.br\/portal\/wp-content\/uploads\/2025\/11\/unnamed-24.jpg\" \/>\n\t<meta property=\"og:image:width\" content=\"930\" \/>\n\t<meta property=\"og:image:height\" content=\"558\" \/>\n\t<meta property=\"og:image:type\" content=\"image\/jpeg\" \/>\n<meta name=\"author\" content=\"Redacao VerdadeOn\" \/>\n<meta name=\"twitter:card\" content=\"summary_large_image\" \/>\n<meta name=\"twitter:label1\" content=\"Escrito por\" \/>\n\t<meta name=\"twitter:data1\" content=\"Redacao VerdadeOn\" \/>\n\t<meta name=\"twitter:label2\" content=\"Est. tempo de leitura\" \/>\n\t<meta name=\"twitter:data2\" content=\"4 minutos\" \/>\n<script type=\"application\/ld+json\" class=\"yoast-schema-graph\">{\"@context\":\"https:\/\/schema.org\",\"@graph\":[{\"@type\":\"WebPage\",\"@id\":\"https:\/\/verdadeon.com.br\/portal\/2025\/11\/03\/justica-eleitoral-lanca-campanha-para-regularizacao-de-titulos-eleitores-da-regiao-podem-realizar-agendamentos\/\",\"url\":\"https:\/\/verdadeon.com.br\/portal\/2025\/11\/03\/justica-eleitoral-lanca-campanha-para-regularizacao-de-titulos-eleitores-da-regiao-podem-realizar-agendamentos\/\",\"name\":\"Justi\u00e7a Eleitoral lan\u00e7a campanha para regulariza\u00e7\u00e3o de t\u00edtulos; eleitores da regi\u00e3o podem realizar agendamentos - VerdadeOn\",\"isPartOf\":{\"@id\":\"https:\/\/verdadeon.com.br\/portal\/#website\"},\"primaryImageOfPage\":{\"@id\":\"https:\/\/verdadeon.com.br\/portal\/2025\/11\/03\/justica-eleitoral-lanca-campanha-para-regularizacao-de-titulos-eleitores-da-regiao-podem-realizar-agendamentos\/#primaryimage\"},\"image\":{\"@id\":\"https:\/\/verdadeon.com.br\/portal\/2025\/11\/03\/justica-eleitoral-lanca-campanha-para-regularizacao-de-titulos-eleitores-da-regiao-podem-realizar-agendamentos\/#primaryimage\"},\"thumbnailUrl\":\"https:\/\/i0.wp.com\/verdadeon.com.br\/portal\/wp-content\/uploads\/2025\/11\/unnamed-24.jpg?fit=930%2C558&ssl=1\",\"datePublished\":\"2025-11-03T18:10:45+00:00\",\"author\":{\"@id\":\"https:\/\/verdadeon.com.br\/portal\/#\/schema\/person\/a5060ad1e9ea3df545188fc93ce43d2f\"},\"breadcrumb\":{\"@id\":\"https:\/\/verdadeon.com.br\/portal\/2025\/11\/03\/justica-eleitoral-lanca-campanha-para-regularizacao-de-titulos-eleitores-da-regiao-podem-realizar-agendamentos\/#breadcrumb\"},\"inLanguage\":\"pt-BR\",\"potentialAction\":[{\"@type\":\"ReadAction\",\"target\":[\"https:\/\/verdadeon.com.br\/portal\/2025\/11\/03\/justica-eleitoral-lanca-campanha-para-regularizacao-de-titulos-eleitores-da-regiao-podem-realizar-agendamentos\/\"]}]},{\"@type\":\"ImageObject\",\"inLanguage\":\"pt-BR\",\"@id\":\"https:\/\/verdadeon.com.br\/portal\/2025\/11\/03\/justica-eleitoral-lanca-campanha-para-regularizacao-de-titulos-eleitores-da-regiao-podem-realizar-agendamentos\/#primaryimage\",\"url\":\"https:\/\/i0.wp.com\/verdadeon.com.br\/portal\/wp-content\/uploads\/2025\/11\/unnamed-24.jpg?fit=930%2C558&ssl=1\",\"contentUrl\":\"https:\/\/i0.wp.com\/verdadeon.com.br\/portal\/wp-content\/uploads\/2025\/11\/unnamed-24.jpg?fit=930%2C558&ssl=1\",\"width\":930,\"height\":558,\"caption\":\"Sede dos cart\u00f3rios eleitorais de Franca (\u00a9Divulga\u00e7\u00e3o)\"},{\"@type\":\"BreadcrumbList\",\"@id\":\"https:\/\/verdadeon.com.br\/portal\/2025\/11\/03\/justica-eleitoral-lanca-campanha-para-regularizacao-de-titulos-eleitores-da-regiao-podem-realizar-agendamentos\/#breadcrumb\",\"itemListElement\":[{\"@type\":\"ListItem\",\"position\":1,\"name\":\"In\u00edcio\",\"item\":\"https:\/\/verdadeon.com.br\/portal\/\"},{\"@type\":\"ListItem\",\"position\":2,\"name\":\"Justi\u00e7a Eleitoral lan\u00e7a campanha para regulariza\u00e7\u00e3o de t\u00edtulos; eleitores da regi\u00e3o podem realizar agendamentos\"}]},{\"@type\":\"WebSite\",\"@id\":\"https:\/\/verdadeon.com.br\/portal\/#website\",\"url\":\"https:\/\/verdadeon.com.br\/portal\/\",\"name\":\"VerdadeOn\",\"description\":\"Not\u00edcias di\u00e1rias sobre Franca, Regi\u00e3o, Esporte, Cultura, Cotidiano, Colunas. Cobertura nos principais eventos da cidade \u00e9 aqui - Verdadeon Franca\",\"potentialAction\":[{\"@type\":\"SearchAction\",\"target\":{\"@type\":\"EntryPoint\",\"urlTemplate\":\"https:\/\/verdadeon.com.br\/portal\/?s={search_term_string}\"},\"query-input\":{\"@type\":\"PropertyValueSpecification\",\"valueRequired\":true,\"valueName\":\"search_term_string\"}}],\"inLanguage\":\"pt-BR\"},{\"@type\":\"Person\",\"@id\":\"https:\/\/verdadeon.com.br\/portal\/#\/schema\/person\/a5060ad1e9ea3df545188fc93ce43d2f\",\"name\":\"Redacao VerdadeOn\",\"image\":{\"@type\":\"ImageObject\",\"inLanguage\":\"pt-BR\",\"@id\":\"https:\/\/verdadeon.com.br\/portal\/#\/schema\/person\/image\/\",\"url\":\"https:\/\/secure.gravatar.com\/avatar\/459a9613caaaf07f582c3d0841eea68bdd66f533e465e6ba8b9cb45619572cf4?s=96&d=mm&r=g\",\"contentUrl\":\"https:\/\/secure.gravatar.com\/avatar\/459a9613caaaf07f582c3d0841eea68bdd66f533e465e6ba8b9cb45619572cf4?s=96&d=mm&r=g\",\"caption\":\"Redacao VerdadeOn\"},\"url\":\"https:\/\/verdadeon.com.br\/portal\/author\/redacao\/\"}]}<\/script>\n<!-- \/ Yoast SEO plugin. -->","yoast_head_json":{"title":"Justi\u00e7a Eleitoral lan\u00e7a campanha para regulariza\u00e7\u00e3o de t\u00edtulos; eleitores da regi\u00e3o podem realizar agendamentos - VerdadeOn","robots":{"index":"index","follow":"follow","max-snippet":"max-snippet:-1","max-image-preview":"max-image-preview:large","max-video-preview":"max-video-preview:-1"},"canonical":"https:\/\/verdadeon.com.br\/portal\/2025\/11\/03\/justica-eleitoral-lanca-campanha-para-regularizacao-de-titulos-eleitores-da-regiao-podem-realizar-agendamentos\/","og_locale":"pt_BR","og_type":"article","og_title":"Justi\u00e7a Eleitoral lan\u00e7a campanha para regulariza\u00e7\u00e3o de t\u00edtulos; eleitores da regi\u00e3o podem realizar agendamentos - VerdadeOn","og_description":"A Justi\u00e7a Eleitoral deu in\u00edcio \u00e0 campanha de regulariza\u00e7\u00e3o de t\u00edtulos de eleitor, voltada especialmente para quem est\u00e1 com o documento cancelado. A a\u00e7\u00e3o seguir\u00e1 at\u00e9 [\u2026]","og_url":"https:\/\/verdadeon.com.br\/portal\/2025\/11\/03\/justica-eleitoral-lanca-campanha-para-regularizacao-de-titulos-eleitores-da-regiao-podem-realizar-agendamentos\/","og_site_name":"VerdadeOn","article_published_time":"2025-11-03T18:10:45+00:00","og_image":[{"width":930,"height":558,"url":"https:\/\/verdadeon.com.br\/portal\/wp-content\/uploads\/2025\/11\/unnamed-24.jpg","type":"image\/jpeg"}],"author":"Redacao VerdadeOn","twitter_card":"summary_large_image","twitter_misc":{"Escrito por":"Redacao VerdadeOn","Est. tempo de leitura":"4 minutos"},"schema":{"@context":"https:\/\/schema.org","@graph":[{"@type":"WebPage","@id":"https:\/\/verdadeon.com.br\/portal\/2025\/11\/03\/justica-eleitoral-lanca-campanha-para-regularizacao-de-titulos-eleitores-da-regiao-podem-realizar-agendamentos\/","url":"https:\/\/verdadeon.com.br\/portal\/2025\/11\/03\/justica-eleitoral-lanca-campanha-para-regularizacao-de-titulos-eleitores-da-regiao-podem-realizar-agendamentos\/","name":"Justi\u00e7a Eleitoral lan\u00e7a campanha para regulariza\u00e7\u00e3o de t\u00edtulos; eleitores da regi\u00e3o podem realizar agendamentos - VerdadeOn","isPartOf":{"@id":"https:\/\/verdadeon.com.br\/portal\/#website"},"primaryImageOfPage":{"@id":"https:\/\/verdadeon.com.br\/portal\/2025\/11\/03\/justica-eleitoral-lanca-campanha-para-regularizacao-de-titulos-eleitores-da-regiao-podem-realizar-agendamentos\/#primaryimage"},"image":{"@id":"https:\/\/verdadeon.com.br\/portal\/2025\/11\/03\/justica-eleitoral-lanca-campanha-para-regularizacao-de-titulos-eleitores-da-regiao-podem-realizar-agendamentos\/#primaryimage"},"thumbnailUrl":"https:\/\/i0.wp.com\/verdadeon.com.br\/portal\/wp-content\/uploads\/2025\/11\/unnamed-24.jpg?fit=930%2C558&ssl=1","datePublished":"2025-11-03T18:10:45+00:00","author":{"@id":"https:\/\/verdadeon.com.br\/portal\/#\/schema\/person\/a5060ad1e9ea3df545188fc93ce43d2f"},"breadcrumb":{"@id":"https:\/\/verdadeon.com.br\/portal\/2025\/11\/03\/justica-eleitoral-lanca-campanha-para-regularizacao-de-titulos-eleitores-da-regiao-podem-realizar-agendamentos\/#breadcrumb"},"inLanguage":"pt-BR","potentialAction":[{"@type":"ReadAction","target":["https:\/\/verdadeon.com.br\/portal\/2025\/11\/03\/justica-eleitoral-lanca-campanha-para-regularizacao-de-titulos-eleitores-da-regiao-podem-realizar-agendamentos\/"]}]},{"@type":"ImageObject","inLanguage":"pt-BR","@id":"https:\/\/verdadeon.com.br\/portal\/2025\/11\/03\/justica-eleitoral-lanca-campanha-para-regularizacao-de-titulos-eleitores-da-regiao-podem-realizar-agendamentos\/#primaryimage","url":"https:\/\/i0.wp.com\/verdadeon.com.br\/portal\/wp-content\/uploads\/2025\/11\/unnamed-24.jpg?fit=930%2C558&ssl=1","contentUrl":"https:\/\/i0.wp.com\/verdadeon.com.br\/portal\/wp-content\/uploads\/2025\/11\/unnamed-24.jpg?fit=930%2C558&ssl=1","width":930,"height":558,"caption":"Sede dos cart\u00f3rios eleitorais de Franca (\u00a9Divulga\u00e7\u00e3o)"},{"@type":"BreadcrumbList","@id":"https:\/\/verdadeon.com.br\/portal\/2025\/11\/03\/justica-eleitoral-lanca-campanha-para-regularizacao-de-titulos-eleitores-da-regiao-podem-realizar-agendamentos\/#breadcrumb","itemListElement":[{"@type":"ListItem","position":1,"name":"In\u00edcio","item":"https:\/\/verdadeon.com.br\/portal\/"},{"@type":"ListItem","position":2,"name":"Justi\u00e7a Eleitoral lan\u00e7a campanha para regulariza\u00e7\u00e3o de t\u00edtulos; eleitores da regi\u00e3o podem realizar agendamentos"}]},{"@type":"WebSite","@id":"https:\/\/verdadeon.com.br\/portal\/#website","url":"https:\/\/verdadeon.com.br\/portal\/","name":"VerdadeOn","description":"Not\u00edcias di\u00e1rias sobre Franca, Regi\u00e3o, Esporte, Cultura, Cotidiano, Colunas. Cobertura nos principais eventos da cidade \u00e9 aqui - Verdadeon Franca","potentialAction":[{"@type":"SearchAction","target":{"@type":"EntryPoint","urlTemplate":"https:\/\/verdadeon.com.br\/portal\/?s={search_term_string}"},"query-input":{"@type":"PropertyValueSpecification","valueRequired":true,"valueName":"search_term_string"}}],"inLanguage":"pt-BR"},{"@type":"Person","@id":"https:\/\/verdadeon.com.br\/portal\/#\/schema\/person\/a5060ad1e9ea3df545188fc93ce43d2f","name":"Redacao VerdadeOn","image":{"@type":"ImageObject","inLanguage":"pt-BR","@id":"https:\/\/verdadeon.com.br\/portal\/#\/schema\/person\/image\/","url":"https:\/\/secure.gravatar.com\/avatar\/459a9613caaaf07f582c3d0841eea68bdd66f533e465e6ba8b9cb45619572cf4?s=96&d=mm&r=g","contentUrl":"https:\/\/secure.gravatar.com\/avatar\/459a9613caaaf07f582c3d0841eea68bdd66f533e465e6ba8b9cb45619572cf4?s=96&d=mm&r=g","caption":"Redacao VerdadeOn"},"url":"https:\/\/verdadeon.com.br\/portal\/author\/redacao\/"}]}},"jetpack_publicize_connections":[],"jetpack_featured_media_url":"https:\/\/i0.wp.com\/verdadeon.com.br\/portal\/wp-content\/uploads\/2025\/11\/unnamed-24.jpg?fit=930%2C558&ssl=1","jetpack_sharing_enabled":true,"_links":{"self":[{"href":"https:\/\/verdadeon.com.br\/portal\/wp-json\/wp\/v2\/posts\/61386","targetHints":{"allow":["GET"]}}],"collection":[{"href":"https:\/\/verdadeon.com.br\/portal\/wp-json\/wp\/v2\/posts"}],"about":[{"href":"https:\/\/verdadeon.com.br\/portal\/wp-json\/wp\/v2\/types\/post"}],"author":[{"embeddable":true,"href":"https:\/\/verdadeon.com.br\/portal\/wp-json\/wp\/v2\/users\/10"}],"replies":[{"embeddable":true,"href":"https:\/\/verdadeon.com.br\/portal\/wp-json\/wp\/v2\/comments?post=61386"}],"version-history":[{"count":1,"href":"https:\/\/verdadeon.com.br\/portal\/wp-json\/wp\/v2\/posts\/61386\/revisions"}],"predecessor-version":[{"id":61388,"href":"https:\/\/verdadeon.com.br\/portal\/wp-json\/wp\/v2\/posts\/61386\/revisions\/61388"}],"wp:featuredmedia":[{"embeddable":true,"href":"https:\/\/verdadeon.com.br\/portal\/wp-json\/wp\/v2\/media\/61387"}],"wp:attachment":[{"href":"https:\/\/verdadeon.com.br\/portal\/wp-json\/wp\/v2\/media?parent=61386"}],"wp:term":[{"taxonomy":"category","embeddable":true,"href":"https:\/\/verdadeon.com.br\/portal\/wp-json\/wp\/v2\/categories?post=61386"},{"taxonomy":"post_tag","embeddable":true,"href":"https:\/\/verdadeon.com.br\/portal\/wp-json\/wp\/v2\/tags?post=61386"}],"curies":[{"name":"wp","href":"https:\/\/api.w.org\/{rel}","templated":true}]}}