{"id":61357,"date":"2025-11-04T08:00:47","date_gmt":"2025-11-04T11:00:47","guid":{"rendered":"https:\/\/verdadeon.com.br\/portal\/?p=61357"},"modified":"2025-11-03T13:08:49","modified_gmt":"2025-11-03T16:08:49","slug":"policia-militar-ambiental-reforca-fiscalizacoes-nos-rios-da-regiao-durante-piracema","status":"publish","type":"post","link":"https:\/\/verdadeon.com.br\/portal\/2025\/11\/04\/policia-militar-ambiental-reforca-fiscalizacoes-nos-rios-da-regiao-durante-piracema\/","title":{"rendered":"Pol\u00edcia Militar Ambiental refor\u00e7a fiscaliza\u00e7\u00f5es nos rios da regi\u00e3o durante Piracema"},"content":{"rendered":"<h2>Agentes atuam na fiscaliza\u00e7\u00e3o e monitoramento da bacia do Rio Paran\u00e1<\/h2>\n<p style=\"text-align: right;\"><strong><em>Por Pedro Maia<\/em><\/strong><br \/>\n<strong><em>Editor-chefe<\/em><\/strong><\/p>\n<p>A Pol\u00edcia Militar Ambiental intensifica, a partir deste m\u00eas, as a\u00e7\u00f5es de fiscaliza\u00e7\u00e3o e monitoramento em toda a bacia do rio Paran\u00e1 \u2014 incluindo o rio Grande, o Rio Pardo e demais afluentes que cortam as regi\u00f5es de Franca\/SP, Barretos\/SP, Colombia\/SP e Ituverava\/SP \u2014 com o objetivo de garantir a preserva\u00e7\u00e3o das esp\u00e9cies durante o per\u00edodo de Piracema, que se estende de 1\u00ba de novembro a 28 de fevereiro.<\/p>\n<p>Durante esse per\u00edodo, a pesca de esp\u00e9cies nativas fica restrita ou proibida em diversos trechos dos rios, a fim de permitir que os peixes realizem a reprodu\u00e7\u00e3o natural. As equipes da Pol\u00edcia Militar Ambiental estar\u00e3o presentes em pontos estrat\u00e9gicos, com patrulhamentos fluviais e terrestres, fiscaliza\u00e7\u00f5es em pesqueiros, embarca\u00e7\u00f5es, com\u00e9rcios e propriedades rurais, al\u00e9m de a\u00e7\u00f5es educativas voltadas \u00e0 conscientiza\u00e7\u00e3o ambiental.<\/p>\n<div id=\"attachment_61359\" style=\"width: 1609px\" class=\"wp-caption alignnone\"><img data-recalc-dims=\"1\" loading=\"lazy\" decoding=\"async\" aria-describedby=\"caption-attachment-61359\" class=\"wp-image-61359 size-full\" src=\"https:\/\/i0.wp.com\/verdadeon.com.br\/portal\/wp-content\/uploads\/2025\/11\/WhatsApp-Image-2025-11-03-at-09.26.59.jpeg?resize=1220%2C686&#038;ssl=1\" alt=\"\" width=\"1220\" height=\"686\" srcset=\"https:\/\/i0.wp.com\/verdadeon.com.br\/portal\/wp-content\/uploads\/2025\/11\/WhatsApp-Image-2025-11-03-at-09.26.59.jpeg?w=1599&amp;ssl=1 1599w, https:\/\/i0.wp.com\/verdadeon.com.br\/portal\/wp-content\/uploads\/2025\/11\/WhatsApp-Image-2025-11-03-at-09.26.59.jpeg?resize=300%2C169&amp;ssl=1 300w, https:\/\/i0.wp.com\/verdadeon.com.br\/portal\/wp-content\/uploads\/2025\/11\/WhatsApp-Image-2025-11-03-at-09.26.59.jpeg?resize=1024%2C576&amp;ssl=1 1024w, https:\/\/i0.wp.com\/verdadeon.com.br\/portal\/wp-content\/uploads\/2025\/11\/WhatsApp-Image-2025-11-03-at-09.26.59.jpeg?resize=768%2C432&amp;ssl=1 768w, https:\/\/i0.wp.com\/verdadeon.com.br\/portal\/wp-content\/uploads\/2025\/11\/WhatsApp-Image-2025-11-03-at-09.26.59.jpeg?resize=1536%2C864&amp;ssl=1 1536w, https:\/\/i0.wp.com\/verdadeon.com.br\/portal\/wp-content\/uploads\/2025\/11\/WhatsApp-Image-2025-11-03-at-09.26.59.jpeg?resize=260%2C146&amp;ssl=1 260w, https:\/\/i0.wp.com\/verdadeon.com.br\/portal\/wp-content\/uploads\/2025\/11\/WhatsApp-Image-2025-11-03-at-09.26.59.jpeg?resize=50%2C28&amp;ssl=1 50w, https:\/\/i0.wp.com\/verdadeon.com.br\/portal\/wp-content\/uploads\/2025\/11\/WhatsApp-Image-2025-11-03-at-09.26.59.jpeg?resize=133%2C75&amp;ssl=1 133w\" sizes=\"auto, (max-width: 1220px) 100vw, 1220px\" \/><p id=\"caption-attachment-61359\" class=\"wp-caption-text\">Pol\u00edcia Militar Ambiental (\u00a9Divulga\u00e7\u00e3o)<\/p><\/div>\n<p>O trabalho \u00e9 cont\u00ednuo e visa coibir pr\u00e1ticas ilegais, como a pesca com redes, tarrafas e outros petrechos proibidos, bem como o transporte e a comercializa\u00e7\u00e3o irregular de pescado. A corpora\u00e7\u00e3o refor\u00e7a que o respeito \u00e0s normas da Piracema \u00e9 essencial para a sustentabilidade dos ecossistemas aqu\u00e1ticos e para a manuten\u00e7\u00e3o das esp\u00e9cies que dependem dos rios da regi\u00e3o.<\/p>\n<p>A Pol\u00edcia Militar Ambiental reafirma seu compromisso com a preserva\u00e7\u00e3o dos recursos naturais e solicita o apoio da popula\u00e7\u00e3o: den\u00fancias de pesca predat\u00f3ria ou qualquer outra infra\u00e7\u00e3o ambiental podem ser feitas pelo telefone 190 da Pol\u00edcia Militar Ambiental.<\/p>\n<div id=\"attachment_61360\" style=\"width: 1290px\" class=\"wp-caption alignnone\"><img data-recalc-dims=\"1\" loading=\"lazy\" decoding=\"async\" aria-describedby=\"caption-attachment-61360\" class=\"wp-image-61360 size-full\" src=\"https:\/\/i0.wp.com\/verdadeon.com.br\/portal\/wp-content\/uploads\/2025\/11\/WhatsApp-Image-2025-11-03-at-09.27.31.jpeg?resize=1220%2C915&#038;ssl=1\" alt=\"\" width=\"1220\" height=\"915\" srcset=\"https:\/\/i0.wp.com\/verdadeon.com.br\/portal\/wp-content\/uploads\/2025\/11\/WhatsApp-Image-2025-11-03-at-09.27.31.jpeg?w=1280&amp;ssl=1 1280w, https:\/\/i0.wp.com\/verdadeon.com.br\/portal\/wp-content\/uploads\/2025\/11\/WhatsApp-Image-2025-11-03-at-09.27.31.jpeg?resize=300%2C225&amp;ssl=1 300w, https:\/\/i0.wp.com\/verdadeon.com.br\/portal\/wp-content\/uploads\/2025\/11\/WhatsApp-Image-2025-11-03-at-09.27.31.jpeg?resize=1024%2C768&amp;ssl=1 1024w, https:\/\/i0.wp.com\/verdadeon.com.br\/portal\/wp-content\/uploads\/2025\/11\/WhatsApp-Image-2025-11-03-at-09.27.31.jpeg?resize=768%2C576&amp;ssl=1 768w, https:\/\/i0.wp.com\/verdadeon.com.br\/portal\/wp-content\/uploads\/2025\/11\/WhatsApp-Image-2025-11-03-at-09.27.31.jpeg?resize=195%2C146&amp;ssl=1 195w, https:\/\/i0.wp.com\/verdadeon.com.br\/portal\/wp-content\/uploads\/2025\/11\/WhatsApp-Image-2025-11-03-at-09.27.31.jpeg?resize=50%2C38&amp;ssl=1 50w, https:\/\/i0.wp.com\/verdadeon.com.br\/portal\/wp-content\/uploads\/2025\/11\/WhatsApp-Image-2025-11-03-at-09.27.31.jpeg?resize=100%2C75&amp;ssl=1 100w\" sizes=\"auto, (max-width: 1220px) 100vw, 1220px\" \/><p id=\"caption-attachment-61360\" class=\"wp-caption-text\">Pol\u00edcia Militar Ambiental (\u00a9Divulga\u00e7\u00e3o)<\/p><\/div>\n","protected":false},"excerpt":{"rendered":"<p>Agentes atuam na fiscaliza\u00e7\u00e3o e monitoramento da bacia do Rio Paran\u00e1 Por Pedro Maia Editor-chefe A Pol\u00edcia Militar Ambiental intensifica, a partir deste m\u00eas, as a\u00e7\u00f5es<span class=\"excerpt-hellip\"> [\u2026]<\/span><\/p>\n","protected":false},"author":10,"featured_media":61358,"comment_status":"open","ping_status":"open","sticky":false,"template":"","format":"standard","meta":{"_jetpack_memberships_contains_paid_content":false,"footnotes":"","jetpack_publicize_message":"","jetpack_publicize_feature_enabled":true,"jetpack_social_post_already_shared":true,"jetpack_social_options":{"image_generator_settings":{"template":"highway","default_image_id":0,"enabled":false},"version":2}},"categories":[28,81],"tags":[],"class_list":["post-61357","post","type-post","status-publish","format-standard","has-post-thumbnail","hentry","category-cotidiano","category-manchete"],"yoast_head":"<!-- This site is optimized with the Yoast SEO plugin v25.6 - https:\/\/yoast.com\/wordpress\/plugins\/seo\/ -->\n<title>Pol\u00edcia Militar Ambiental refor\u00e7a fiscaliza\u00e7\u00f5es nos rios da regi\u00e3o durante Piracema - VerdadeOn<\/title>\n<meta name=\"robots\" content=\"index, follow, max-snippet:-1, max-image-preview:large, max-video-preview:-1\" \/>\n<link rel=\"canonical\" href=\"https:\/\/verdadeon.com.br\/portal\/2025\/11\/04\/policia-militar-ambiental-reforca-fiscalizacoes-nos-rios-da-regiao-durante-piracema\/\" \/>\n<meta property=\"og:locale\" content=\"pt_BR\" \/>\n<meta property=\"og:type\" content=\"article\" \/>\n<meta property=\"og:title\" content=\"Pol\u00edcia Militar Ambiental refor\u00e7a fiscaliza\u00e7\u00f5es nos rios da regi\u00e3o durante Piracema - VerdadeOn\" \/>\n<meta property=\"og:description\" content=\"Agentes atuam na fiscaliza\u00e7\u00e3o e monitoramento da bacia do Rio Paran\u00e1 Por Pedro Maia Editor-chefe A Pol\u00edcia Militar Ambiental intensifica, a partir deste m\u00eas, as a\u00e7\u00f5es [\u2026]\" \/>\n<meta property=\"og:url\" content=\"https:\/\/verdadeon.com.br\/portal\/2025\/11\/04\/policia-militar-ambiental-reforca-fiscalizacoes-nos-rios-da-regiao-durante-piracema\/\" \/>\n<meta property=\"og:site_name\" content=\"VerdadeOn\" \/>\n<meta property=\"article:published_time\" content=\"2025-11-04T11:00:47+00:00\" \/>\n<meta property=\"og:image\" content=\"https:\/\/i0.wp.com\/verdadeon.com.br\/portal\/wp-content\/uploads\/2025\/11\/WhatsApp-Image-2025-11-03-at-09.26.06.jpeg?fit=1600%2C1200&ssl=1\" \/>\n\t<meta property=\"og:image:width\" content=\"1600\" \/>\n\t<meta property=\"og:image:height\" content=\"1200\" \/>\n\t<meta property=\"og:image:type\" content=\"image\/jpeg\" \/>\n<meta name=\"author\" content=\"Redacao VerdadeOn\" \/>\n<meta name=\"twitter:card\" content=\"summary_large_image\" \/>\n<meta name=\"twitter:label1\" content=\"Escrito por\" \/>\n\t<meta name=\"twitter:data1\" content=\"Redacao VerdadeOn\" \/>\n\t<meta name=\"twitter:label2\" content=\"Est. tempo de leitura\" \/>\n\t<meta name=\"twitter:data2\" content=\"3 minutos\" \/>\n<script type=\"application\/ld+json\" class=\"yoast-schema-graph\">{\"@context\":\"https:\/\/schema.org\",\"@graph\":[{\"@type\":\"WebPage\",\"@id\":\"https:\/\/verdadeon.com.br\/portal\/2025\/11\/04\/policia-militar-ambiental-reforca-fiscalizacoes-nos-rios-da-regiao-durante-piracema\/\",\"url\":\"https:\/\/verdadeon.com.br\/portal\/2025\/11\/04\/policia-militar-ambiental-reforca-fiscalizacoes-nos-rios-da-regiao-durante-piracema\/\",\"name\":\"Pol\u00edcia Militar Ambiental refor\u00e7a fiscaliza\u00e7\u00f5es nos rios da regi\u00e3o durante Piracema - VerdadeOn\",\"isPartOf\":{\"@id\":\"https:\/\/verdadeon.com.br\/portal\/#website\"},\"primaryImageOfPage\":{\"@id\":\"https:\/\/verdadeon.com.br\/portal\/2025\/11\/04\/policia-militar-ambiental-reforca-fiscalizacoes-nos-rios-da-regiao-durante-piracema\/#primaryimage\"},\"image\":{\"@id\":\"https:\/\/verdadeon.com.br\/portal\/2025\/11\/04\/policia-militar-ambiental-reforca-fiscalizacoes-nos-rios-da-regiao-durante-piracema\/#primaryimage\"},\"thumbnailUrl\":\"https:\/\/i0.wp.com\/verdadeon.com.br\/portal\/wp-content\/uploads\/2025\/11\/WhatsApp-Image-2025-11-03-at-09.26.06.jpeg?fit=1600%2C1200&ssl=1\",\"datePublished\":\"2025-11-04T11:00:47+00:00\",\"author\":{\"@id\":\"https:\/\/verdadeon.com.br\/portal\/#\/schema\/person\/a5060ad1e9ea3df545188fc93ce43d2f\"},\"breadcrumb\":{\"@id\":\"https:\/\/verdadeon.com.br\/portal\/2025\/11\/04\/policia-militar-ambiental-reforca-fiscalizacoes-nos-rios-da-regiao-durante-piracema\/#breadcrumb\"},\"inLanguage\":\"pt-BR\",\"potentialAction\":[{\"@type\":\"ReadAction\",\"target\":[\"https:\/\/verdadeon.com.br\/portal\/2025\/11\/04\/policia-militar-ambiental-reforca-fiscalizacoes-nos-rios-da-regiao-durante-piracema\/\"]}]},{\"@type\":\"ImageObject\",\"inLanguage\":\"pt-BR\",\"@id\":\"https:\/\/verdadeon.com.br\/portal\/2025\/11\/04\/policia-militar-ambiental-reforca-fiscalizacoes-nos-rios-da-regiao-durante-piracema\/#primaryimage\",\"url\":\"https:\/\/i0.wp.com\/verdadeon.com.br\/portal\/wp-content\/uploads\/2025\/11\/WhatsApp-Image-2025-11-03-at-09.26.06.jpeg?fit=1600%2C1200&ssl=1\",\"contentUrl\":\"https:\/\/i0.wp.com\/verdadeon.com.br\/portal\/wp-content\/uploads\/2025\/11\/WhatsApp-Image-2025-11-03-at-09.26.06.jpeg?fit=1600%2C1200&ssl=1\",\"width\":1600,\"height\":1200,\"caption\":\"Pol\u00edcia Militar Ambiental (\u00a9Divulga\u00e7\u00e3o)\"},{\"@type\":\"BreadcrumbList\",\"@id\":\"https:\/\/verdadeon.com.br\/portal\/2025\/11\/04\/policia-militar-ambiental-reforca-fiscalizacoes-nos-rios-da-regiao-durante-piracema\/#breadcrumb\",\"itemListElement\":[{\"@type\":\"ListItem\",\"position\":1,\"name\":\"In\u00edcio\",\"item\":\"https:\/\/verdadeon.com.br\/portal\/\"},{\"@type\":\"ListItem\",\"position\":2,\"name\":\"Pol\u00edcia Militar Ambiental refor\u00e7a fiscaliza\u00e7\u00f5es nos rios da regi\u00e3o durante Piracema\"}]},{\"@type\":\"WebSite\",\"@id\":\"https:\/\/verdadeon.com.br\/portal\/#website\",\"url\":\"https:\/\/verdadeon.com.br\/portal\/\",\"name\":\"VerdadeOn\",\"description\":\"Not\u00edcias di\u00e1rias sobre Franca, Regi\u00e3o, Esporte, Cultura, Cotidiano, Colunas. Cobertura nos principais eventos da cidade \u00e9 aqui - Verdadeon Franca\",\"potentialAction\":[{\"@type\":\"SearchAction\",\"target\":{\"@type\":\"EntryPoint\",\"urlTemplate\":\"https:\/\/verdadeon.com.br\/portal\/?s={search_term_string}\"},\"query-input\":{\"@type\":\"PropertyValueSpecification\",\"valueRequired\":true,\"valueName\":\"search_term_string\"}}],\"inLanguage\":\"pt-BR\"},{\"@type\":\"Person\",\"@id\":\"https:\/\/verdadeon.com.br\/portal\/#\/schema\/person\/a5060ad1e9ea3df545188fc93ce43d2f\",\"name\":\"Redacao VerdadeOn\",\"image\":{\"@type\":\"ImageObject\",\"inLanguage\":\"pt-BR\",\"@id\":\"https:\/\/verdadeon.com.br\/portal\/#\/schema\/person\/image\/\",\"url\":\"https:\/\/secure.gravatar.com\/avatar\/459a9613caaaf07f582c3d0841eea68bdd66f533e465e6ba8b9cb45619572cf4?s=96&d=mm&r=g\",\"contentUrl\":\"https:\/\/secure.gravatar.com\/avatar\/459a9613caaaf07f582c3d0841eea68bdd66f533e465e6ba8b9cb45619572cf4?s=96&d=mm&r=g\",\"caption\":\"Redacao VerdadeOn\"},\"url\":\"https:\/\/verdadeon.com.br\/portal\/author\/redacao\/\"}]}<\/script>\n<!-- \/ Yoast SEO plugin. -->","yoast_head_json":{"title":"Pol\u00edcia Militar Ambiental refor\u00e7a fiscaliza\u00e7\u00f5es nos rios da regi\u00e3o durante Piracema - VerdadeOn","robots":{"index":"index","follow":"follow","max-snippet":"max-snippet:-1","max-image-preview":"max-image-preview:large","max-video-preview":"max-video-preview:-1"},"canonical":"https:\/\/verdadeon.com.br\/portal\/2025\/11\/04\/policia-militar-ambiental-reforca-fiscalizacoes-nos-rios-da-regiao-durante-piracema\/","og_locale":"pt_BR","og_type":"article","og_title":"Pol\u00edcia Militar Ambiental refor\u00e7a fiscaliza\u00e7\u00f5es nos rios da regi\u00e3o durante Piracema - VerdadeOn","og_description":"Agentes atuam na fiscaliza\u00e7\u00e3o e monitoramento da bacia do Rio Paran\u00e1 Por Pedro Maia Editor-chefe A Pol\u00edcia Militar Ambiental intensifica, a partir deste m\u00eas, as a\u00e7\u00f5es [\u2026]","og_url":"https:\/\/verdadeon.com.br\/portal\/2025\/11\/04\/policia-militar-ambiental-reforca-fiscalizacoes-nos-rios-da-regiao-durante-piracema\/","og_site_name":"VerdadeOn","article_published_time":"2025-11-04T11:00:47+00:00","og_image":[{"width":1600,"height":1200,"url":"https:\/\/i0.wp.com\/verdadeon.com.br\/portal\/wp-content\/uploads\/2025\/11\/WhatsApp-Image-2025-11-03-at-09.26.06.jpeg?fit=1600%2C1200&ssl=1","type":"image\/jpeg"}],"author":"Redacao VerdadeOn","twitter_card":"summary_large_image","twitter_misc":{"Escrito por":"Redacao VerdadeOn","Est. tempo de leitura":"3 minutos"},"schema":{"@context":"https:\/\/schema.org","@graph":[{"@type":"WebPage","@id":"https:\/\/verdadeon.com.br\/portal\/2025\/11\/04\/policia-militar-ambiental-reforca-fiscalizacoes-nos-rios-da-regiao-durante-piracema\/","url":"https:\/\/verdadeon.com.br\/portal\/2025\/11\/04\/policia-militar-ambiental-reforca-fiscalizacoes-nos-rios-da-regiao-durante-piracema\/","name":"Pol\u00edcia Militar Ambiental refor\u00e7a fiscaliza\u00e7\u00f5es nos rios da regi\u00e3o durante Piracema - VerdadeOn","isPartOf":{"@id":"https:\/\/verdadeon.com.br\/portal\/#website"},"primaryImageOfPage":{"@id":"https:\/\/verdadeon.com.br\/portal\/2025\/11\/04\/policia-militar-ambiental-reforca-fiscalizacoes-nos-rios-da-regiao-durante-piracema\/#primaryimage"},"image":{"@id":"https:\/\/verdadeon.com.br\/portal\/2025\/11\/04\/policia-militar-ambiental-reforca-fiscalizacoes-nos-rios-da-regiao-durante-piracema\/#primaryimage"},"thumbnailUrl":"https:\/\/i0.wp.com\/verdadeon.com.br\/portal\/wp-content\/uploads\/2025\/11\/WhatsApp-Image-2025-11-03-at-09.26.06.jpeg?fit=1600%2C1200&ssl=1","datePublished":"2025-11-04T11:00:47+00:00","author":{"@id":"https:\/\/verdadeon.com.br\/portal\/#\/schema\/person\/a5060ad1e9ea3df545188fc93ce43d2f"},"breadcrumb":{"@id":"https:\/\/verdadeon.com.br\/portal\/2025\/11\/04\/policia-militar-ambiental-reforca-fiscalizacoes-nos-rios-da-regiao-durante-piracema\/#breadcrumb"},"inLanguage":"pt-BR","potentialAction":[{"@type":"ReadAction","target":["https:\/\/verdadeon.com.br\/portal\/2025\/11\/04\/policia-militar-ambiental-reforca-fiscalizacoes-nos-rios-da-regiao-durante-piracema\/"]}]},{"@type":"ImageObject","inLanguage":"pt-BR","@id":"https:\/\/verdadeon.com.br\/portal\/2025\/11\/04\/policia-militar-ambiental-reforca-fiscalizacoes-nos-rios-da-regiao-durante-piracema\/#primaryimage","url":"https:\/\/i0.wp.com\/verdadeon.com.br\/portal\/wp-content\/uploads\/2025\/11\/WhatsApp-Image-2025-11-03-at-09.26.06.jpeg?fit=1600%2C1200&ssl=1","contentUrl":"https:\/\/i0.wp.com\/verdadeon.com.br\/portal\/wp-content\/uploads\/2025\/11\/WhatsApp-Image-2025-11-03-at-09.26.06.jpeg?fit=1600%2C1200&ssl=1","width":1600,"height":1200,"caption":"Pol\u00edcia Militar Ambiental (\u00a9Divulga\u00e7\u00e3o)"},{"@type":"BreadcrumbList","@id":"https:\/\/verdadeon.com.br\/portal\/2025\/11\/04\/policia-militar-ambiental-reforca-fiscalizacoes-nos-rios-da-regiao-durante-piracema\/#breadcrumb","itemListElement":[{"@type":"ListItem","position":1,"name":"In\u00edcio","item":"https:\/\/verdadeon.com.br\/portal\/"},{"@type":"ListItem","position":2,"name":"Pol\u00edcia Militar Ambiental refor\u00e7a fiscaliza\u00e7\u00f5es nos rios da regi\u00e3o durante Piracema"}]},{"@type":"WebSite","@id":"https:\/\/verdadeon.com.br\/portal\/#website","url":"https:\/\/verdadeon.com.br\/portal\/","name":"VerdadeOn","description":"Not\u00edcias di\u00e1rias sobre Franca, Regi\u00e3o, Esporte, Cultura, Cotidiano, Colunas. Cobertura nos principais eventos da cidade \u00e9 aqui - Verdadeon Franca","potentialAction":[{"@type":"SearchAction","target":{"@type":"EntryPoint","urlTemplate":"https:\/\/verdadeon.com.br\/portal\/?s={search_term_string}"},"query-input":{"@type":"PropertyValueSpecification","valueRequired":true,"valueName":"search_term_string"}}],"inLanguage":"pt-BR"},{"@type":"Person","@id":"https:\/\/verdadeon.com.br\/portal\/#\/schema\/person\/a5060ad1e9ea3df545188fc93ce43d2f","name":"Redacao VerdadeOn","image":{"@type":"ImageObject","inLanguage":"pt-BR","@id":"https:\/\/verdadeon.com.br\/portal\/#\/schema\/person\/image\/","url":"https:\/\/secure.gravatar.com\/avatar\/459a9613caaaf07f582c3d0841eea68bdd66f533e465e6ba8b9cb45619572cf4?s=96&d=mm&r=g","contentUrl":"https:\/\/secure.gravatar.com\/avatar\/459a9613caaaf07f582c3d0841eea68bdd66f533e465e6ba8b9cb45619572cf4?s=96&d=mm&r=g","caption":"Redacao VerdadeOn"},"url":"https:\/\/verdadeon.com.br\/portal\/author\/redacao\/"}]}},"jetpack_publicize_connections":[],"jetpack_featured_media_url":"https:\/\/i0.wp.com\/verdadeon.com.br\/portal\/wp-content\/uploads\/2025\/11\/WhatsApp-Image-2025-11-03-at-09.26.06.jpeg?fit=1600%2C1200&ssl=1","jetpack_sharing_enabled":true,"_links":{"self":[{"href":"https:\/\/verdadeon.com.br\/portal\/wp-json\/wp\/v2\/posts\/61357","targetHints":{"allow":["GET"]}}],"collection":[{"href":"https:\/\/verdadeon.com.br\/portal\/wp-json\/wp\/v2\/posts"}],"about":[{"href":"https:\/\/verdadeon.com.br\/portal\/wp-json\/wp\/v2\/types\/post"}],"author":[{"embeddable":true,"href":"https:\/\/verdadeon.com.br\/portal\/wp-json\/wp\/v2\/users\/10"}],"replies":[{"embeddable":true,"href":"https:\/\/verdadeon.com.br\/portal\/wp-json\/wp\/v2\/comments?post=61357"}],"version-history":[{"count":1,"href":"https:\/\/verdadeon.com.br\/portal\/wp-json\/wp\/v2\/posts\/61357\/revisions"}],"predecessor-version":[{"id":61361,"href":"https:\/\/verdadeon.com.br\/portal\/wp-json\/wp\/v2\/posts\/61357\/revisions\/61361"}],"wp:featuredmedia":[{"embeddable":true,"href":"https:\/\/verdadeon.com.br\/portal\/wp-json\/wp\/v2\/media\/61358"}],"wp:attachment":[{"href":"https:\/\/verdadeon.com.br\/portal\/wp-json\/wp\/v2\/media?parent=61357"}],"wp:term":[{"taxonomy":"category","embeddable":true,"href":"https:\/\/verdadeon.com.br\/portal\/wp-json\/wp\/v2\/categories?post=61357"},{"taxonomy":"post_tag","embeddable":true,"href":"https:\/\/verdadeon.com.br\/portal\/wp-json\/wp\/v2\/tags?post=61357"}],"curies":[{"name":"wp","href":"https:\/\/api.w.org\/{rel}","templated":true}]}}