{"id":61303,"date":"2025-10-31T10:00:20","date_gmt":"2025-10-31T13:00:20","guid":{"rendered":"https:\/\/verdadeon.com.br\/portal\/?p=61303"},"modified":"2025-10-31T01:58:51","modified_gmt":"2025-10-31T04:58:51","slug":"cemiterios-municipais-receberao-mais-de-120-mil-pessoas-no-dia-de-finados","status":"publish","type":"post","link":"https:\/\/verdadeon.com.br\/portal\/2025\/10\/31\/cemiterios-municipais-receberao-mais-de-120-mil-pessoas-no-dia-de-finados\/","title":{"rendered":"Cemit\u00e9rios municipais receber\u00e3o mais de 120 mil pessoas no Dia de Finados"},"content":{"rendered":"<p>Os cemit\u00e9rios municipais da Saudade e Santo Agostinho dever\u00e3o receber cerca de 60 mil pessoas cada um, na v\u00e9spera e no Dia de Finados, celebrado neste final de semana, 1\u00ba e 2 de novembro. As visitas aos t\u00famulos de entes queridos poder\u00e3o ser feitas das 7 \u00e0s 17 horas.<\/p>\n<p>Durante os \u00faltimos dias, equipes das secretarias de Sa\u00fade e Meio Ambiente trabalharam na limpeza e manuten\u00e7\u00e3o das duas unidades.<\/p>\n<p>Neste s\u00e1bado e domingo, servidores estar\u00e3o \u00e0 disposi\u00e7\u00e3o das pessoas, orientando sobre a localiza\u00e7\u00e3o das sepulturas e sobre as medidas adotadas para a preven\u00e7\u00e3o \u00e0 dengue, como evitar embalagens pl\u00e1sticas e pratos nos vasos de flores e outros objetos, que possam acumular \u00e1gua, facilitando a prolifera\u00e7\u00e3o do mosquito Aedes Aegypti.<\/p>\n<p>No Cemit\u00e9rio Santo Agostinho est\u00e1 prevista uma missa no domingo, 2, \u00e0s 8 horas, que ser\u00e1 celebrada pela Par\u00f3quia Santa M\u00f4nica.<\/p>\n<p>Nas proximidades dos dois locais, foi autorizada pela Vigil\u00e2ncia Sanit\u00e1ria, a comercializa\u00e7\u00e3o de flores por interessados que participaram de um leil\u00e3o ocorrido neste m\u00eas. A venda de outros produtos, que n\u00e3o est\u00e3o relacionados \u00e0 data, est\u00e1 proibida.<\/p>\n<p><b>T\u00famulos hist\u00f3ricos<\/b><\/p>\n<p>No Cemit\u00e9rio da Saudade, as sepulturas hist\u00f3ricas s\u00e3o tombadas pelo CONDEPHAT (Conselho de Defesa do Patrim\u00f4nio Hist\u00f3rico, Art\u00edstico e Tur\u00edstico de Franca) e s\u00e3o de pessoas que fazem parte da hist\u00f3ria da cidade.<\/p>\n<p>Dentre elas, est\u00e3o: Padre Alonso Ferreira (Monsenhor Rosa), Jos\u00e9 Garcia Duarte (Bar\u00e3o da Franca), Fernando Rosa Pucci (crian\u00e7a que faleceu aos 31 dias de vida), Maria Am\u00e9lia Ara\u00fajo Pinheiro (Baronesa de Franca), combatentes francanos da Revolu\u00e7\u00e3o Constitucionalista de 1932, Dr J\u00falio Cardoso, Ygino Rodrigues (O poeta) e o t\u00famulo de Maria Concei\u00e7\u00e3o de Barros, gr\u00e1vida que foi assassinada aos 21 anos, conhecido como &#8216;Alma Milagrosa&#8217;.<\/p>\n<p>Mais informa\u00e7\u00f5es sobre as sepulturas hist\u00f3ricas poder\u00e3o ser conferidas no site da Prefeitura, no link do CONDEPHAT, <a href=\"https:\/\/www3.franca.sp.gov.br\/pdf\/Patrim_nios_Tombados_at_julho2025.pdf\" target=\"_blank\" rel=\"noopener\" data-saferedirecturl=\"https:\/\/www.google.com\/url?q=https:\/\/www3.franca.sp.gov.br\/pdf\/Patrim_nios_Tombados_at_julho2025.pdf&amp;source=gmail&amp;ust=1761972941523000&amp;usg=AOvVaw1YWZ3F8t-3M3okRHbL7Hau\">https:\/\/www3.franca.sp.gov.br\/<wbr \/>pdf\/Patrim_nios_Tombados_at_<wbr \/>julho2025.pdf<\/a>.<\/p>\n","protected":false},"excerpt":{"rendered":"<p>Os cemit\u00e9rios municipais da Saudade e Santo Agostinho dever\u00e3o receber cerca de 60 mil pessoas cada um, na v\u00e9spera e no Dia de Finados, celebrado neste<span class=\"excerpt-hellip\"> [\u2026]<\/span><\/p>\n","protected":false},"author":10,"featured_media":61304,"comment_status":"open","ping_status":"open","sticky":false,"template":"","format":"standard","meta":{"_jetpack_memberships_contains_paid_content":false,"footnotes":"","jetpack_publicize_message":"","jetpack_publicize_feature_enabled":true,"jetpack_social_post_already_shared":true,"jetpack_social_options":{"image_generator_settings":{"template":"highway","default_image_id":0,"enabled":false},"version":2}},"categories":[28,44],"tags":[],"class_list":["post-61303","post","type-post","status-publish","format-standard","has-post-thumbnail","hentry","category-cotidiano","category-noticias"],"yoast_head":"<!-- This site is optimized with the Yoast SEO plugin v25.6 - https:\/\/yoast.com\/wordpress\/plugins\/seo\/ -->\n<title>Cemit\u00e9rios municipais receber\u00e3o mais de 120 mil pessoas no Dia de Finados - VerdadeOn<\/title>\n<meta name=\"robots\" content=\"index, follow, max-snippet:-1, max-image-preview:large, max-video-preview:-1\" \/>\n<link rel=\"canonical\" href=\"https:\/\/verdadeon.com.br\/portal\/2025\/10\/31\/cemiterios-municipais-receberao-mais-de-120-mil-pessoas-no-dia-de-finados\/\" \/>\n<meta property=\"og:locale\" content=\"pt_BR\" \/>\n<meta property=\"og:type\" content=\"article\" \/>\n<meta property=\"og:title\" content=\"Cemit\u00e9rios municipais receber\u00e3o mais de 120 mil pessoas no Dia de Finados - VerdadeOn\" \/>\n<meta property=\"og:description\" content=\"Os cemit\u00e9rios municipais da Saudade e Santo Agostinho dever\u00e3o receber cerca de 60 mil pessoas cada um, na v\u00e9spera e no Dia de Finados, celebrado neste [\u2026]\" \/>\n<meta property=\"og:url\" content=\"https:\/\/verdadeon.com.br\/portal\/2025\/10\/31\/cemiterios-municipais-receberao-mais-de-120-mil-pessoas-no-dia-de-finados\/\" \/>\n<meta property=\"og:site_name\" content=\"VerdadeOn\" \/>\n<meta property=\"article:published_time\" content=\"2025-10-31T13:00:20+00:00\" \/>\n<meta property=\"og:image\" content=\"https:\/\/i0.wp.com\/verdadeon.com.br\/portal\/wp-content\/uploads\/2025\/10\/Cemiterio-da-Saudade-1.jpg?fit=2560%2C1696&ssl=1\" \/>\n\t<meta property=\"og:image:width\" content=\"2560\" \/>\n\t<meta property=\"og:image:height\" content=\"1696\" \/>\n\t<meta property=\"og:image:type\" content=\"image\/jpeg\" \/>\n<meta name=\"author\" content=\"Redacao VerdadeOn\" \/>\n<meta name=\"twitter:card\" content=\"summary_large_image\" \/>\n<meta name=\"twitter:label1\" content=\"Escrito por\" \/>\n\t<meta name=\"twitter:data1\" content=\"Redacao VerdadeOn\" \/>\n\t<meta name=\"twitter:label2\" content=\"Est. tempo de leitura\" \/>\n\t<meta name=\"twitter:data2\" content=\"2 minutos\" \/>\n<script type=\"application\/ld+json\" class=\"yoast-schema-graph\">{\"@context\":\"https:\/\/schema.org\",\"@graph\":[{\"@type\":\"WebPage\",\"@id\":\"https:\/\/verdadeon.com.br\/portal\/2025\/10\/31\/cemiterios-municipais-receberao-mais-de-120-mil-pessoas-no-dia-de-finados\/\",\"url\":\"https:\/\/verdadeon.com.br\/portal\/2025\/10\/31\/cemiterios-municipais-receberao-mais-de-120-mil-pessoas-no-dia-de-finados\/\",\"name\":\"Cemit\u00e9rios municipais receber\u00e3o mais de 120 mil pessoas no Dia de Finados - VerdadeOn\",\"isPartOf\":{\"@id\":\"https:\/\/verdadeon.com.br\/portal\/#website\"},\"primaryImageOfPage\":{\"@id\":\"https:\/\/verdadeon.com.br\/portal\/2025\/10\/31\/cemiterios-municipais-receberao-mais-de-120-mil-pessoas-no-dia-de-finados\/#primaryimage\"},\"image\":{\"@id\":\"https:\/\/verdadeon.com.br\/portal\/2025\/10\/31\/cemiterios-municipais-receberao-mais-de-120-mil-pessoas-no-dia-de-finados\/#primaryimage\"},\"thumbnailUrl\":\"https:\/\/i0.wp.com\/verdadeon.com.br\/portal\/wp-content\/uploads\/2025\/10\/Cemiterio-da-Saudade-1.jpg?fit=2560%2C1696&ssl=1\",\"datePublished\":\"2025-10-31T13:00:20+00:00\",\"author\":{\"@id\":\"https:\/\/verdadeon.com.br\/portal\/#\/schema\/person\/a5060ad1e9ea3df545188fc93ce43d2f\"},\"breadcrumb\":{\"@id\":\"https:\/\/verdadeon.com.br\/portal\/2025\/10\/31\/cemiterios-municipais-receberao-mais-de-120-mil-pessoas-no-dia-de-finados\/#breadcrumb\"},\"inLanguage\":\"pt-BR\",\"potentialAction\":[{\"@type\":\"ReadAction\",\"target\":[\"https:\/\/verdadeon.com.br\/portal\/2025\/10\/31\/cemiterios-municipais-receberao-mais-de-120-mil-pessoas-no-dia-de-finados\/\"]}]},{\"@type\":\"ImageObject\",\"inLanguage\":\"pt-BR\",\"@id\":\"https:\/\/verdadeon.com.br\/portal\/2025\/10\/31\/cemiterios-municipais-receberao-mais-de-120-mil-pessoas-no-dia-de-finados\/#primaryimage\",\"url\":\"https:\/\/i0.wp.com\/verdadeon.com.br\/portal\/wp-content\/uploads\/2025\/10\/Cemiterio-da-Saudade-1.jpg?fit=2560%2C1696&ssl=1\",\"contentUrl\":\"https:\/\/i0.wp.com\/verdadeon.com.br\/portal\/wp-content\/uploads\/2025\/10\/Cemiterio-da-Saudade-1.jpg?fit=2560%2C1696&ssl=1\",\"width\":2560,\"height\":1696,\"caption\":\"Cemit\u00e9rio da Saudade (\u00a9Divulga\u00e7\u00e3o)\"},{\"@type\":\"BreadcrumbList\",\"@id\":\"https:\/\/verdadeon.com.br\/portal\/2025\/10\/31\/cemiterios-municipais-receberao-mais-de-120-mil-pessoas-no-dia-de-finados\/#breadcrumb\",\"itemListElement\":[{\"@type\":\"ListItem\",\"position\":1,\"name\":\"In\u00edcio\",\"item\":\"https:\/\/verdadeon.com.br\/portal\/\"},{\"@type\":\"ListItem\",\"position\":2,\"name\":\"Cemit\u00e9rios municipais receber\u00e3o mais de 120 mil pessoas no Dia de Finados\"}]},{\"@type\":\"WebSite\",\"@id\":\"https:\/\/verdadeon.com.br\/portal\/#website\",\"url\":\"https:\/\/verdadeon.com.br\/portal\/\",\"name\":\"VerdadeOn\",\"description\":\"Not\u00edcias di\u00e1rias sobre Franca, Regi\u00e3o, Esporte, Cultura, Cotidiano, Colunas. Cobertura nos principais eventos da cidade \u00e9 aqui - Verdadeon Franca\",\"potentialAction\":[{\"@type\":\"SearchAction\",\"target\":{\"@type\":\"EntryPoint\",\"urlTemplate\":\"https:\/\/verdadeon.com.br\/portal\/?s={search_term_string}\"},\"query-input\":{\"@type\":\"PropertyValueSpecification\",\"valueRequired\":true,\"valueName\":\"search_term_string\"}}],\"inLanguage\":\"pt-BR\"},{\"@type\":\"Person\",\"@id\":\"https:\/\/verdadeon.com.br\/portal\/#\/schema\/person\/a5060ad1e9ea3df545188fc93ce43d2f\",\"name\":\"Redacao VerdadeOn\",\"image\":{\"@type\":\"ImageObject\",\"inLanguage\":\"pt-BR\",\"@id\":\"https:\/\/verdadeon.com.br\/portal\/#\/schema\/person\/image\/\",\"url\":\"https:\/\/secure.gravatar.com\/avatar\/459a9613caaaf07f582c3d0841eea68bdd66f533e465e6ba8b9cb45619572cf4?s=96&d=mm&r=g\",\"contentUrl\":\"https:\/\/secure.gravatar.com\/avatar\/459a9613caaaf07f582c3d0841eea68bdd66f533e465e6ba8b9cb45619572cf4?s=96&d=mm&r=g\",\"caption\":\"Redacao VerdadeOn\"},\"url\":\"https:\/\/verdadeon.com.br\/portal\/author\/redacao\/\"}]}<\/script>\n<!-- \/ Yoast SEO plugin. -->","yoast_head_json":{"title":"Cemit\u00e9rios municipais receber\u00e3o mais de 120 mil pessoas no Dia de Finados - VerdadeOn","robots":{"index":"index","follow":"follow","max-snippet":"max-snippet:-1","max-image-preview":"max-image-preview:large","max-video-preview":"max-video-preview:-1"},"canonical":"https:\/\/verdadeon.com.br\/portal\/2025\/10\/31\/cemiterios-municipais-receberao-mais-de-120-mil-pessoas-no-dia-de-finados\/","og_locale":"pt_BR","og_type":"article","og_title":"Cemit\u00e9rios municipais receber\u00e3o mais de 120 mil pessoas no Dia de Finados - VerdadeOn","og_description":"Os cemit\u00e9rios municipais da Saudade e Santo Agostinho dever\u00e3o receber cerca de 60 mil pessoas cada um, na v\u00e9spera e no Dia de Finados, celebrado neste [\u2026]","og_url":"https:\/\/verdadeon.com.br\/portal\/2025\/10\/31\/cemiterios-municipais-receberao-mais-de-120-mil-pessoas-no-dia-de-finados\/","og_site_name":"VerdadeOn","article_published_time":"2025-10-31T13:00:20+00:00","og_image":[{"width":2560,"height":1696,"url":"https:\/\/i0.wp.com\/verdadeon.com.br\/portal\/wp-content\/uploads\/2025\/10\/Cemiterio-da-Saudade-1.jpg?fit=2560%2C1696&ssl=1","type":"image\/jpeg"}],"author":"Redacao VerdadeOn","twitter_card":"summary_large_image","twitter_misc":{"Escrito por":"Redacao VerdadeOn","Est. tempo de leitura":"2 minutos"},"schema":{"@context":"https:\/\/schema.org","@graph":[{"@type":"WebPage","@id":"https:\/\/verdadeon.com.br\/portal\/2025\/10\/31\/cemiterios-municipais-receberao-mais-de-120-mil-pessoas-no-dia-de-finados\/","url":"https:\/\/verdadeon.com.br\/portal\/2025\/10\/31\/cemiterios-municipais-receberao-mais-de-120-mil-pessoas-no-dia-de-finados\/","name":"Cemit\u00e9rios municipais receber\u00e3o mais de 120 mil pessoas no Dia de Finados - VerdadeOn","isPartOf":{"@id":"https:\/\/verdadeon.com.br\/portal\/#website"},"primaryImageOfPage":{"@id":"https:\/\/verdadeon.com.br\/portal\/2025\/10\/31\/cemiterios-municipais-receberao-mais-de-120-mil-pessoas-no-dia-de-finados\/#primaryimage"},"image":{"@id":"https:\/\/verdadeon.com.br\/portal\/2025\/10\/31\/cemiterios-municipais-receberao-mais-de-120-mil-pessoas-no-dia-de-finados\/#primaryimage"},"thumbnailUrl":"https:\/\/i0.wp.com\/verdadeon.com.br\/portal\/wp-content\/uploads\/2025\/10\/Cemiterio-da-Saudade-1.jpg?fit=2560%2C1696&ssl=1","datePublished":"2025-10-31T13:00:20+00:00","author":{"@id":"https:\/\/verdadeon.com.br\/portal\/#\/schema\/person\/a5060ad1e9ea3df545188fc93ce43d2f"},"breadcrumb":{"@id":"https:\/\/verdadeon.com.br\/portal\/2025\/10\/31\/cemiterios-municipais-receberao-mais-de-120-mil-pessoas-no-dia-de-finados\/#breadcrumb"},"inLanguage":"pt-BR","potentialAction":[{"@type":"ReadAction","target":["https:\/\/verdadeon.com.br\/portal\/2025\/10\/31\/cemiterios-municipais-receberao-mais-de-120-mil-pessoas-no-dia-de-finados\/"]}]},{"@type":"ImageObject","inLanguage":"pt-BR","@id":"https:\/\/verdadeon.com.br\/portal\/2025\/10\/31\/cemiterios-municipais-receberao-mais-de-120-mil-pessoas-no-dia-de-finados\/#primaryimage","url":"https:\/\/i0.wp.com\/verdadeon.com.br\/portal\/wp-content\/uploads\/2025\/10\/Cemiterio-da-Saudade-1.jpg?fit=2560%2C1696&ssl=1","contentUrl":"https:\/\/i0.wp.com\/verdadeon.com.br\/portal\/wp-content\/uploads\/2025\/10\/Cemiterio-da-Saudade-1.jpg?fit=2560%2C1696&ssl=1","width":2560,"height":1696,"caption":"Cemit\u00e9rio da Saudade (\u00a9Divulga\u00e7\u00e3o)"},{"@type":"BreadcrumbList","@id":"https:\/\/verdadeon.com.br\/portal\/2025\/10\/31\/cemiterios-municipais-receberao-mais-de-120-mil-pessoas-no-dia-de-finados\/#breadcrumb","itemListElement":[{"@type":"ListItem","position":1,"name":"In\u00edcio","item":"https:\/\/verdadeon.com.br\/portal\/"},{"@type":"ListItem","position":2,"name":"Cemit\u00e9rios municipais receber\u00e3o mais de 120 mil pessoas no Dia de Finados"}]},{"@type":"WebSite","@id":"https:\/\/verdadeon.com.br\/portal\/#website","url":"https:\/\/verdadeon.com.br\/portal\/","name":"VerdadeOn","description":"Not\u00edcias di\u00e1rias sobre Franca, Regi\u00e3o, Esporte, Cultura, Cotidiano, Colunas. Cobertura nos principais eventos da cidade \u00e9 aqui - Verdadeon Franca","potentialAction":[{"@type":"SearchAction","target":{"@type":"EntryPoint","urlTemplate":"https:\/\/verdadeon.com.br\/portal\/?s={search_term_string}"},"query-input":{"@type":"PropertyValueSpecification","valueRequired":true,"valueName":"search_term_string"}}],"inLanguage":"pt-BR"},{"@type":"Person","@id":"https:\/\/verdadeon.com.br\/portal\/#\/schema\/person\/a5060ad1e9ea3df545188fc93ce43d2f","name":"Redacao VerdadeOn","image":{"@type":"ImageObject","inLanguage":"pt-BR","@id":"https:\/\/verdadeon.com.br\/portal\/#\/schema\/person\/image\/","url":"https:\/\/secure.gravatar.com\/avatar\/459a9613caaaf07f582c3d0841eea68bdd66f533e465e6ba8b9cb45619572cf4?s=96&d=mm&r=g","contentUrl":"https:\/\/secure.gravatar.com\/avatar\/459a9613caaaf07f582c3d0841eea68bdd66f533e465e6ba8b9cb45619572cf4?s=96&d=mm&r=g","caption":"Redacao VerdadeOn"},"url":"https:\/\/verdadeon.com.br\/portal\/author\/redacao\/"}]}},"jetpack_publicize_connections":[],"jetpack_featured_media_url":"https:\/\/i0.wp.com\/verdadeon.com.br\/portal\/wp-content\/uploads\/2025\/10\/Cemiterio-da-Saudade-1.jpg?fit=2560%2C1696&ssl=1","jetpack_sharing_enabled":true,"_links":{"self":[{"href":"https:\/\/verdadeon.com.br\/portal\/wp-json\/wp\/v2\/posts\/61303","targetHints":{"allow":["GET"]}}],"collection":[{"href":"https:\/\/verdadeon.com.br\/portal\/wp-json\/wp\/v2\/posts"}],"about":[{"href":"https:\/\/verdadeon.com.br\/portal\/wp-json\/wp\/v2\/types\/post"}],"author":[{"embeddable":true,"href":"https:\/\/verdadeon.com.br\/portal\/wp-json\/wp\/v2\/users\/10"}],"replies":[{"embeddable":true,"href":"https:\/\/verdadeon.com.br\/portal\/wp-json\/wp\/v2\/comments?post=61303"}],"version-history":[{"count":1,"href":"https:\/\/verdadeon.com.br\/portal\/wp-json\/wp\/v2\/posts\/61303\/revisions"}],"predecessor-version":[{"id":61305,"href":"https:\/\/verdadeon.com.br\/portal\/wp-json\/wp\/v2\/posts\/61303\/revisions\/61305"}],"wp:featuredmedia":[{"embeddable":true,"href":"https:\/\/verdadeon.com.br\/portal\/wp-json\/wp\/v2\/media\/61304"}],"wp:attachment":[{"href":"https:\/\/verdadeon.com.br\/portal\/wp-json\/wp\/v2\/media?parent=61303"}],"wp:term":[{"taxonomy":"category","embeddable":true,"href":"https:\/\/verdadeon.com.br\/portal\/wp-json\/wp\/v2\/categories?post=61303"},{"taxonomy":"post_tag","embeddable":true,"href":"https:\/\/verdadeon.com.br\/portal\/wp-json\/wp\/v2\/tags?post=61303"}],"curies":[{"name":"wp","href":"https:\/\/api.w.org\/{rel}","templated":true}]}}