{"id":61284,"date":"2025-10-30T14:58:54","date_gmt":"2025-10-30T17:58:54","guid":{"rendered":"https:\/\/verdadeon.com.br\/portal\/?p=61284"},"modified":"2025-10-30T14:58:54","modified_gmt":"2025-10-30T17:58:54","slug":"rodoviaria-de-ribeirao-preto-realiza-mais-uma-edicao-da-acao-de-saude-com-testagens-rapidas-para-ists-em-parceria-com-a-usp","status":"publish","type":"post","link":"https:\/\/verdadeon.com.br\/portal\/2025\/10\/30\/rodoviaria-de-ribeirao-preto-realiza-mais-uma-edicao-da-acao-de-saude-com-testagens-rapidas-para-ists-em-parceria-com-a-usp\/","title":{"rendered":"Rodovi\u00e1ria de Ribeir\u00e3o Preto realiza mais uma edi\u00e7\u00e3o da a\u00e7\u00e3o de sa\u00fade com testagens r\u00e1pidas para ISTs em parceria com a USP"},"content":{"rendered":"<h2>Iniciativa gratuita acontece nos dias 31 de outubro e 1\u00ba, 7 e 8 de novembro e oferece exames r\u00e1pidos para HIV, s\u00edfilis e hepatites B e C<\/h2>\n<p>Nos dias 31 de outubro e 1\u00ba, 7 e 8 de novembro, a Rodovi\u00e1ria de Ribeir\u00e3o Preto vai se transformar em um ponto de cuidado e preven\u00e7\u00e3o \u00e0 sa\u00fade. Em parceria com a Escola de Enfermagem de Ribeir\u00e3o Preto da Universidade de S\u00e3o Paulo (EERP-USP), o terminal receber\u00e1 uma a\u00e7\u00e3o gratuita de testagens r\u00e1pidas para Infec\u00e7\u00f5es Sexualmente Transmiss\u00edveis (ISTs), com atendimento aberto ao p\u00fablico.<\/p>\n<p>Durante os dias de atividade, enfermeiros habilitados da EERP-USP, com o apoio de estudantes de gradua\u00e7\u00e3o e p\u00f3s-gradua\u00e7\u00e3o, realizar\u00e3o triagem, coleta de sangue e testes r\u00e1pidos para HIV, s\u00edfilis, hepatite B e hepatite C. O servi\u00e7o ser\u00e1 totalmente gratuito.<\/p>\n<p>Al\u00e9m dos exames, os participantes receber\u00e3o orienta\u00e7\u00f5es sobre preven\u00e7\u00e3o, tratamento e acompanhamento m\u00e9dico, refor\u00e7ando a import\u00e2ncia do diagn\u00f3stico precoce das ISTs \u2014 fundamental para o controle e a interrup\u00e7\u00e3o da transmiss\u00e3o dessas doen\u00e7as.<\/p>\n<p>Segundo os organizadores, levar a a\u00e7\u00e3o a um espa\u00e7o de grande circula\u00e7\u00e3o \u00e9 uma forma de ampliar o acesso da popula\u00e7\u00e3o a informa\u00e7\u00f5es e servi\u00e7os de sa\u00fade.<\/p>\n<p>\u201cNosso terminal recebe diariamente milhares de pessoas de diferentes lugares. Ao abrir espa\u00e7o para uma a\u00e7\u00e3o de sa\u00fade, contribu\u00edmos para que mais pessoas tenham acesso a informa\u00e7\u00f5es e exames que podem salvar vidas\u201d, destaca diz Renato Franco de Camargo, coordenador de Opera\u00e7\u00f5es do Terminal Rodovi\u00e1rio de Ribeir\u00e3o Preto. \u201cQueremos que tanto os passageiros quanto os moradores da cidade aproveitem essa oportunidade para se cuidar, tirar d\u00favidas e fazer os testes de forma r\u00e1pida e segura.\u201d<\/p>\n<p>A a\u00e7\u00e3o \u00e9 gratuita, sigilosa e de f\u00e1cil acesso, e os resultados ficam prontos em poucos minutos.<\/p>\n<p><strong>Servi\u00e7o<\/strong><br \/>\n<strong>Local:<\/strong>\u00a0Rodovi\u00e1ria de Ribeir\u00e3o Preto, rua Jer\u00f4nimo Gon\u00e7alves n\u00b0 640<\/p>\n<p><strong>Data:<\/strong>\u00a0dias 31\/10 e 1\u00ba, 7 e 8\/11<\/p>\n<p><strong>Hor\u00e1rio<\/strong>: 31\/10, das 16h \u00e0s 20h \/ 1\u00ba\/11, das 8h \u00e0s 13h \/ 07\/11, das 16h \u00e0s 20h \/ 08\/11, das 8h \u00e0s 13h<\/p>\n","protected":false},"excerpt":{"rendered":"<p>Iniciativa gratuita acontece nos dias 31 de outubro e 1\u00ba, 7 e 8 de novembro e oferece exames r\u00e1pidos para HIV, s\u00edfilis e hepatites B e<span class=\"excerpt-hellip\"> [\u2026]<\/span><\/p>\n","protected":false},"author":10,"featured_media":61285,"comment_status":"open","ping_status":"open","sticky":false,"template":"","format":"standard","meta":{"_jetpack_memberships_contains_paid_content":false,"footnotes":"","jetpack_publicize_message":"","jetpack_publicize_feature_enabled":true,"jetpack_social_post_already_shared":true,"jetpack_social_options":{"image_generator_settings":{"template":"highway","default_image_id":0,"enabled":false},"version":2}},"categories":[28,44],"tags":[],"class_list":["post-61284","post","type-post","status-publish","format-standard","has-post-thumbnail","hentry","category-cotidiano","category-noticias"],"yoast_head":"<!-- This site is optimized with the Yoast SEO plugin v25.6 - https:\/\/yoast.com\/wordpress\/plugins\/seo\/ -->\n<title>Rodovi\u00e1ria de Ribeir\u00e3o Preto realiza mais uma edi\u00e7\u00e3o da a\u00e7\u00e3o de sa\u00fade com testagens r\u00e1pidas para ISTs em parceria com a USP - VerdadeOn<\/title>\n<meta name=\"robots\" content=\"index, follow, max-snippet:-1, max-image-preview:large, max-video-preview:-1\" \/>\n<link rel=\"canonical\" href=\"https:\/\/verdadeon.com.br\/portal\/2025\/10\/30\/rodoviaria-de-ribeirao-preto-realiza-mais-uma-edicao-da-acao-de-saude-com-testagens-rapidas-para-ists-em-parceria-com-a-usp\/\" \/>\n<meta property=\"og:locale\" content=\"pt_BR\" \/>\n<meta property=\"og:type\" content=\"article\" \/>\n<meta property=\"og:title\" content=\"Rodovi\u00e1ria de Ribeir\u00e3o Preto realiza mais uma edi\u00e7\u00e3o da a\u00e7\u00e3o de sa\u00fade com testagens r\u00e1pidas para ISTs em parceria com a USP - VerdadeOn\" \/>\n<meta property=\"og:description\" content=\"Iniciativa gratuita acontece nos dias 31 de outubro e 1\u00ba, 7 e 8 de novembro e oferece exames r\u00e1pidos para HIV, s\u00edfilis e hepatites B e [\u2026]\" \/>\n<meta property=\"og:url\" content=\"https:\/\/verdadeon.com.br\/portal\/2025\/10\/30\/rodoviaria-de-ribeirao-preto-realiza-mais-uma-edicao-da-acao-de-saude-com-testagens-rapidas-para-ists-em-parceria-com-a-usp\/\" \/>\n<meta property=\"og:site_name\" content=\"VerdadeOn\" \/>\n<meta property=\"article:published_time\" content=\"2025-10-30T17:58:54+00:00\" \/>\n<meta property=\"og:image\" content=\"https:\/\/verdadeon.com.br\/portal\/wp-content\/uploads\/2025\/10\/unnamed-23-1.jpg\" \/>\n\t<meta property=\"og:image:width\" content=\"800\" \/>\n\t<meta property=\"og:image:height\" content=\"600\" \/>\n\t<meta property=\"og:image:type\" content=\"image\/jpeg\" \/>\n<meta name=\"author\" content=\"Redacao VerdadeOn\" \/>\n<meta name=\"twitter:card\" content=\"summary_large_image\" \/>\n<meta name=\"twitter:label1\" content=\"Escrito por\" \/>\n\t<meta name=\"twitter:data1\" content=\"Redacao VerdadeOn\" \/>\n\t<meta name=\"twitter:label2\" content=\"Est. tempo de leitura\" \/>\n\t<meta name=\"twitter:data2\" content=\"2 minutos\" \/>\n<script type=\"application\/ld+json\" class=\"yoast-schema-graph\">{\"@context\":\"https:\/\/schema.org\",\"@graph\":[{\"@type\":\"WebPage\",\"@id\":\"https:\/\/verdadeon.com.br\/portal\/2025\/10\/30\/rodoviaria-de-ribeirao-preto-realiza-mais-uma-edicao-da-acao-de-saude-com-testagens-rapidas-para-ists-em-parceria-com-a-usp\/\",\"url\":\"https:\/\/verdadeon.com.br\/portal\/2025\/10\/30\/rodoviaria-de-ribeirao-preto-realiza-mais-uma-edicao-da-acao-de-saude-com-testagens-rapidas-para-ists-em-parceria-com-a-usp\/\",\"name\":\"Rodovi\u00e1ria de Ribeir\u00e3o Preto realiza mais uma edi\u00e7\u00e3o da a\u00e7\u00e3o de sa\u00fade com testagens r\u00e1pidas para ISTs em parceria com a USP - VerdadeOn\",\"isPartOf\":{\"@id\":\"https:\/\/verdadeon.com.br\/portal\/#website\"},\"primaryImageOfPage\":{\"@id\":\"https:\/\/verdadeon.com.br\/portal\/2025\/10\/30\/rodoviaria-de-ribeirao-preto-realiza-mais-uma-edicao-da-acao-de-saude-com-testagens-rapidas-para-ists-em-parceria-com-a-usp\/#primaryimage\"},\"image\":{\"@id\":\"https:\/\/verdadeon.com.br\/portal\/2025\/10\/30\/rodoviaria-de-ribeirao-preto-realiza-mais-uma-edicao-da-acao-de-saude-com-testagens-rapidas-para-ists-em-parceria-com-a-usp\/#primaryimage\"},\"thumbnailUrl\":\"https:\/\/i0.wp.com\/verdadeon.com.br\/portal\/wp-content\/uploads\/2025\/10\/unnamed-23-1.jpg?fit=800%2C600&ssl=1\",\"datePublished\":\"2025-10-30T17:58:54+00:00\",\"author\":{\"@id\":\"https:\/\/verdadeon.com.br\/portal\/#\/schema\/person\/a5060ad1e9ea3df545188fc93ce43d2f\"},\"breadcrumb\":{\"@id\":\"https:\/\/verdadeon.com.br\/portal\/2025\/10\/30\/rodoviaria-de-ribeirao-preto-realiza-mais-uma-edicao-da-acao-de-saude-com-testagens-rapidas-para-ists-em-parceria-com-a-usp\/#breadcrumb\"},\"inLanguage\":\"pt-BR\",\"potentialAction\":[{\"@type\":\"ReadAction\",\"target\":[\"https:\/\/verdadeon.com.br\/portal\/2025\/10\/30\/rodoviaria-de-ribeirao-preto-realiza-mais-uma-edicao-da-acao-de-saude-com-testagens-rapidas-para-ists-em-parceria-com-a-usp\/\"]}]},{\"@type\":\"ImageObject\",\"inLanguage\":\"pt-BR\",\"@id\":\"https:\/\/verdadeon.com.br\/portal\/2025\/10\/30\/rodoviaria-de-ribeirao-preto-realiza-mais-uma-edicao-da-acao-de-saude-com-testagens-rapidas-para-ists-em-parceria-com-a-usp\/#primaryimage\",\"url\":\"https:\/\/i0.wp.com\/verdadeon.com.br\/portal\/wp-content\/uploads\/2025\/10\/unnamed-23-1.jpg?fit=800%2C600&ssl=1\",\"contentUrl\":\"https:\/\/i0.wp.com\/verdadeon.com.br\/portal\/wp-content\/uploads\/2025\/10\/unnamed-23-1.jpg?fit=800%2C600&ssl=1\",\"width\":800,\"height\":600,\"caption\":\"A Rodovi\u00e1ria de Ribeir\u00e3o Preto vai realizar mais uma edi\u00e7\u00e3o da a\u00e7\u00e3o de sa\u00fade com testagens r\u00e1pidas para ISTs, iniciativa gratuita que acontece nos dias 31 de outubro e 1\u00ba, 7 e 8 de novembro e oferece exames r\u00e1pidos para HIV, s\u00edfilis e hepatites B e C (\u00a9Divulga\u00e7\u00e3o)\"},{\"@type\":\"BreadcrumbList\",\"@id\":\"https:\/\/verdadeon.com.br\/portal\/2025\/10\/30\/rodoviaria-de-ribeirao-preto-realiza-mais-uma-edicao-da-acao-de-saude-com-testagens-rapidas-para-ists-em-parceria-com-a-usp\/#breadcrumb\",\"itemListElement\":[{\"@type\":\"ListItem\",\"position\":1,\"name\":\"In\u00edcio\",\"item\":\"https:\/\/verdadeon.com.br\/portal\/\"},{\"@type\":\"ListItem\",\"position\":2,\"name\":\"Rodovi\u00e1ria de Ribeir\u00e3o Preto realiza mais uma edi\u00e7\u00e3o da a\u00e7\u00e3o de sa\u00fade com testagens r\u00e1pidas para ISTs em parceria com a USP\"}]},{\"@type\":\"WebSite\",\"@id\":\"https:\/\/verdadeon.com.br\/portal\/#website\",\"url\":\"https:\/\/verdadeon.com.br\/portal\/\",\"name\":\"VerdadeOn\",\"description\":\"Not\u00edcias di\u00e1rias sobre Franca, Regi\u00e3o, Esporte, Cultura, Cotidiano, Colunas. Cobertura nos principais eventos da cidade \u00e9 aqui - Verdadeon Franca\",\"potentialAction\":[{\"@type\":\"SearchAction\",\"target\":{\"@type\":\"EntryPoint\",\"urlTemplate\":\"https:\/\/verdadeon.com.br\/portal\/?s={search_term_string}\"},\"query-input\":{\"@type\":\"PropertyValueSpecification\",\"valueRequired\":true,\"valueName\":\"search_term_string\"}}],\"inLanguage\":\"pt-BR\"},{\"@type\":\"Person\",\"@id\":\"https:\/\/verdadeon.com.br\/portal\/#\/schema\/person\/a5060ad1e9ea3df545188fc93ce43d2f\",\"name\":\"Redacao VerdadeOn\",\"image\":{\"@type\":\"ImageObject\",\"inLanguage\":\"pt-BR\",\"@id\":\"https:\/\/verdadeon.com.br\/portal\/#\/schema\/person\/image\/\",\"url\":\"https:\/\/secure.gravatar.com\/avatar\/459a9613caaaf07f582c3d0841eea68bdd66f533e465e6ba8b9cb45619572cf4?s=96&d=mm&r=g\",\"contentUrl\":\"https:\/\/secure.gravatar.com\/avatar\/459a9613caaaf07f582c3d0841eea68bdd66f533e465e6ba8b9cb45619572cf4?s=96&d=mm&r=g\",\"caption\":\"Redacao VerdadeOn\"},\"url\":\"https:\/\/verdadeon.com.br\/portal\/author\/redacao\/\"}]}<\/script>\n<!-- \/ Yoast SEO plugin. -->","yoast_head_json":{"title":"Rodovi\u00e1ria de Ribeir\u00e3o Preto realiza mais uma edi\u00e7\u00e3o da a\u00e7\u00e3o de sa\u00fade com testagens r\u00e1pidas para ISTs em parceria com a USP - VerdadeOn","robots":{"index":"index","follow":"follow","max-snippet":"max-snippet:-1","max-image-preview":"max-image-preview:large","max-video-preview":"max-video-preview:-1"},"canonical":"https:\/\/verdadeon.com.br\/portal\/2025\/10\/30\/rodoviaria-de-ribeirao-preto-realiza-mais-uma-edicao-da-acao-de-saude-com-testagens-rapidas-para-ists-em-parceria-com-a-usp\/","og_locale":"pt_BR","og_type":"article","og_title":"Rodovi\u00e1ria de Ribeir\u00e3o Preto realiza mais uma edi\u00e7\u00e3o da a\u00e7\u00e3o de sa\u00fade com testagens r\u00e1pidas para ISTs em parceria com a USP - VerdadeOn","og_description":"Iniciativa gratuita acontece nos dias 31 de outubro e 1\u00ba, 7 e 8 de novembro e oferece exames r\u00e1pidos para HIV, s\u00edfilis e hepatites B e [\u2026]","og_url":"https:\/\/verdadeon.com.br\/portal\/2025\/10\/30\/rodoviaria-de-ribeirao-preto-realiza-mais-uma-edicao-da-acao-de-saude-com-testagens-rapidas-para-ists-em-parceria-com-a-usp\/","og_site_name":"VerdadeOn","article_published_time":"2025-10-30T17:58:54+00:00","og_image":[{"width":800,"height":600,"url":"https:\/\/verdadeon.com.br\/portal\/wp-content\/uploads\/2025\/10\/unnamed-23-1.jpg","type":"image\/jpeg"}],"author":"Redacao VerdadeOn","twitter_card":"summary_large_image","twitter_misc":{"Escrito por":"Redacao VerdadeOn","Est. tempo de leitura":"2 minutos"},"schema":{"@context":"https:\/\/schema.org","@graph":[{"@type":"WebPage","@id":"https:\/\/verdadeon.com.br\/portal\/2025\/10\/30\/rodoviaria-de-ribeirao-preto-realiza-mais-uma-edicao-da-acao-de-saude-com-testagens-rapidas-para-ists-em-parceria-com-a-usp\/","url":"https:\/\/verdadeon.com.br\/portal\/2025\/10\/30\/rodoviaria-de-ribeirao-preto-realiza-mais-uma-edicao-da-acao-de-saude-com-testagens-rapidas-para-ists-em-parceria-com-a-usp\/","name":"Rodovi\u00e1ria de Ribeir\u00e3o Preto realiza mais uma edi\u00e7\u00e3o da a\u00e7\u00e3o de sa\u00fade com testagens r\u00e1pidas para ISTs em parceria com a USP - VerdadeOn","isPartOf":{"@id":"https:\/\/verdadeon.com.br\/portal\/#website"},"primaryImageOfPage":{"@id":"https:\/\/verdadeon.com.br\/portal\/2025\/10\/30\/rodoviaria-de-ribeirao-preto-realiza-mais-uma-edicao-da-acao-de-saude-com-testagens-rapidas-para-ists-em-parceria-com-a-usp\/#primaryimage"},"image":{"@id":"https:\/\/verdadeon.com.br\/portal\/2025\/10\/30\/rodoviaria-de-ribeirao-preto-realiza-mais-uma-edicao-da-acao-de-saude-com-testagens-rapidas-para-ists-em-parceria-com-a-usp\/#primaryimage"},"thumbnailUrl":"https:\/\/i0.wp.com\/verdadeon.com.br\/portal\/wp-content\/uploads\/2025\/10\/unnamed-23-1.jpg?fit=800%2C600&ssl=1","datePublished":"2025-10-30T17:58:54+00:00","author":{"@id":"https:\/\/verdadeon.com.br\/portal\/#\/schema\/person\/a5060ad1e9ea3df545188fc93ce43d2f"},"breadcrumb":{"@id":"https:\/\/verdadeon.com.br\/portal\/2025\/10\/30\/rodoviaria-de-ribeirao-preto-realiza-mais-uma-edicao-da-acao-de-saude-com-testagens-rapidas-para-ists-em-parceria-com-a-usp\/#breadcrumb"},"inLanguage":"pt-BR","potentialAction":[{"@type":"ReadAction","target":["https:\/\/verdadeon.com.br\/portal\/2025\/10\/30\/rodoviaria-de-ribeirao-preto-realiza-mais-uma-edicao-da-acao-de-saude-com-testagens-rapidas-para-ists-em-parceria-com-a-usp\/"]}]},{"@type":"ImageObject","inLanguage":"pt-BR","@id":"https:\/\/verdadeon.com.br\/portal\/2025\/10\/30\/rodoviaria-de-ribeirao-preto-realiza-mais-uma-edicao-da-acao-de-saude-com-testagens-rapidas-para-ists-em-parceria-com-a-usp\/#primaryimage","url":"https:\/\/i0.wp.com\/verdadeon.com.br\/portal\/wp-content\/uploads\/2025\/10\/unnamed-23-1.jpg?fit=800%2C600&ssl=1","contentUrl":"https:\/\/i0.wp.com\/verdadeon.com.br\/portal\/wp-content\/uploads\/2025\/10\/unnamed-23-1.jpg?fit=800%2C600&ssl=1","width":800,"height":600,"caption":"A Rodovi\u00e1ria de Ribeir\u00e3o Preto vai realizar mais uma edi\u00e7\u00e3o da a\u00e7\u00e3o de sa\u00fade com testagens r\u00e1pidas para ISTs, iniciativa gratuita que acontece nos dias 31 de outubro e 1\u00ba, 7 e 8 de novembro e oferece exames r\u00e1pidos para HIV, s\u00edfilis e hepatites B e C (\u00a9Divulga\u00e7\u00e3o)"},{"@type":"BreadcrumbList","@id":"https:\/\/verdadeon.com.br\/portal\/2025\/10\/30\/rodoviaria-de-ribeirao-preto-realiza-mais-uma-edicao-da-acao-de-saude-com-testagens-rapidas-para-ists-em-parceria-com-a-usp\/#breadcrumb","itemListElement":[{"@type":"ListItem","position":1,"name":"In\u00edcio","item":"https:\/\/verdadeon.com.br\/portal\/"},{"@type":"ListItem","position":2,"name":"Rodovi\u00e1ria de Ribeir\u00e3o Preto realiza mais uma edi\u00e7\u00e3o da a\u00e7\u00e3o de sa\u00fade com testagens r\u00e1pidas para ISTs em parceria com a USP"}]},{"@type":"WebSite","@id":"https:\/\/verdadeon.com.br\/portal\/#website","url":"https:\/\/verdadeon.com.br\/portal\/","name":"VerdadeOn","description":"Not\u00edcias di\u00e1rias sobre Franca, Regi\u00e3o, Esporte, Cultura, Cotidiano, Colunas. Cobertura nos principais eventos da cidade \u00e9 aqui - Verdadeon Franca","potentialAction":[{"@type":"SearchAction","target":{"@type":"EntryPoint","urlTemplate":"https:\/\/verdadeon.com.br\/portal\/?s={search_term_string}"},"query-input":{"@type":"PropertyValueSpecification","valueRequired":true,"valueName":"search_term_string"}}],"inLanguage":"pt-BR"},{"@type":"Person","@id":"https:\/\/verdadeon.com.br\/portal\/#\/schema\/person\/a5060ad1e9ea3df545188fc93ce43d2f","name":"Redacao VerdadeOn","image":{"@type":"ImageObject","inLanguage":"pt-BR","@id":"https:\/\/verdadeon.com.br\/portal\/#\/schema\/person\/image\/","url":"https:\/\/secure.gravatar.com\/avatar\/459a9613caaaf07f582c3d0841eea68bdd66f533e465e6ba8b9cb45619572cf4?s=96&d=mm&r=g","contentUrl":"https:\/\/secure.gravatar.com\/avatar\/459a9613caaaf07f582c3d0841eea68bdd66f533e465e6ba8b9cb45619572cf4?s=96&d=mm&r=g","caption":"Redacao VerdadeOn"},"url":"https:\/\/verdadeon.com.br\/portal\/author\/redacao\/"}]}},"jetpack_publicize_connections":[],"jetpack_featured_media_url":"https:\/\/i0.wp.com\/verdadeon.com.br\/portal\/wp-content\/uploads\/2025\/10\/unnamed-23-1.jpg?fit=800%2C600&ssl=1","jetpack_sharing_enabled":true,"_links":{"self":[{"href":"https:\/\/verdadeon.com.br\/portal\/wp-json\/wp\/v2\/posts\/61284","targetHints":{"allow":["GET"]}}],"collection":[{"href":"https:\/\/verdadeon.com.br\/portal\/wp-json\/wp\/v2\/posts"}],"about":[{"href":"https:\/\/verdadeon.com.br\/portal\/wp-json\/wp\/v2\/types\/post"}],"author":[{"embeddable":true,"href":"https:\/\/verdadeon.com.br\/portal\/wp-json\/wp\/v2\/users\/10"}],"replies":[{"embeddable":true,"href":"https:\/\/verdadeon.com.br\/portal\/wp-json\/wp\/v2\/comments?post=61284"}],"version-history":[{"count":1,"href":"https:\/\/verdadeon.com.br\/portal\/wp-json\/wp\/v2\/posts\/61284\/revisions"}],"predecessor-version":[{"id":61286,"href":"https:\/\/verdadeon.com.br\/portal\/wp-json\/wp\/v2\/posts\/61284\/revisions\/61286"}],"wp:featuredmedia":[{"embeddable":true,"href":"https:\/\/verdadeon.com.br\/portal\/wp-json\/wp\/v2\/media\/61285"}],"wp:attachment":[{"href":"https:\/\/verdadeon.com.br\/portal\/wp-json\/wp\/v2\/media?parent=61284"}],"wp:term":[{"taxonomy":"category","embeddable":true,"href":"https:\/\/verdadeon.com.br\/portal\/wp-json\/wp\/v2\/categories?post=61284"},{"taxonomy":"post_tag","embeddable":true,"href":"https:\/\/verdadeon.com.br\/portal\/wp-json\/wp\/v2\/tags?post=61284"}],"curies":[{"name":"wp","href":"https:\/\/api.w.org\/{rel}","templated":true}]}}