{"id":61278,"date":"2025-10-31T08:31:40","date_gmt":"2025-10-31T11:31:40","guid":{"rendered":"https:\/\/verdadeon.com.br\/portal\/?p=61278"},"modified":"2025-10-30T14:47:05","modified_gmt":"2025-10-30T17:47:05","slug":"ceagesp-abre-licitacao-para-o-entreposto-de-franca-96-areas-comerciais-sao-anunciadas","status":"publish","type":"post","link":"https:\/\/verdadeon.com.br\/portal\/2025\/10\/31\/ceagesp-abre-licitacao-para-o-entreposto-de-franca-96-areas-comerciais-sao-anunciadas\/","title":{"rendered":"Ceagesp abre licita\u00e7\u00e3o para o entreposto de Franca; 96 \u00e1reas comerciais s\u00e3o anunciadas"},"content":{"rendered":"<h2>Produtores, comerciantes e pessoas f\u00edsicas podem participar do certame<\/h2>\n<p>At\u00e9 o dia 6 de novembro, o Entreposto de Franca (CEFRA), do Ceagesp (Companhia de Entrepostos e Armaz\u00e9ns Gerais de S\u00e3o Paulo) est\u00e1 com as portas abertas para os interessados em fazer visita t\u00e9cnica \u00e0s 96 \u00e1reas anunciadas na licita\u00e7\u00e3o 92005\/2025, referente ao processo n\u00ba 061\/2025. As \u00e1reas est\u00e3o divididas em:<\/p>\n<p>1) 20 boxes simples para comercializa\u00e7\u00e3o de hortifrutigranjeiros;<br \/>\n2) 2 boxes com c\u00e2mara frigor\u00edfica de alvenaria para comercializa\u00e7\u00e3o de hortifrutigranjeiros;<br \/>\n3) 60 m\u00f3dulos simples para comercializa\u00e7\u00e3o de hortifrutigranjeiros;<br \/>\n4) 8 m\u00f3dulos com mezanino para comercializa\u00e7\u00e3o de hortifrutigranjeiros;<br \/>\n5) 1 \u00e1rea para coloca\u00e7\u00e3o de m\u00e1quinas para beneficiamento e\/ou classifica\u00e7\u00e3o de legumes;<br \/>\n6) 1 \u00e1rea para instala\u00e7\u00e3o de estrutura met\u00e1lica ou de alvenaria para abrigar m\u00e1quina de beneficiamento de frutas e legumes, armazenamento e\/ou comercializa\u00e7\u00e3o de hortifrutigranjeiros;<br \/>\n7) 1 \u00e1rea para estufa de comercializa\u00e7\u00e3o de flores, hortali\u00e7as e\/ou produtos para jardinagem;<br \/>\n8) 2 salas para dep\u00f3sito de bebidas ou comercializa\u00e7\u00e3o de hortifrutigranjeiros;<br \/>\n9) 1 sala destinada para lanchonete.<\/p>\n<p>O crit\u00e9rio a ser adotado para os licitantes ser\u00e1 o da maior oferta de pre\u00e7o para a \u00e1rea e o modo de disputa ser\u00e1 o fechado, com entrega de envelopes contendo as propostas e documentos para habilita\u00e7\u00e3o, nas formas autorizadas pelo item 1.10 do edital. Esses envelopes devem ser entregues na unidade at\u00e9 10 dias \u00fateis antes da sess\u00e3o p\u00fablica do procedimento licitat\u00f3rio, que ser\u00e1 em novembro. Ap\u00f3s esse prazo, devem ser enviados para a Se\u00e7\u00e3o de Licita\u00e7\u00f5es (SELIC) at\u00e9 5 dias \u00fateis da abertura da sess\u00e3o, via SEDEX10.<\/p>\n<p><strong>Detalhes<\/strong><\/p>\n<p>Para consultar o edital, h\u00e1 o seguinte endere\u00e7o: <a href=\"https:\/\/ceagesp.gov.br\/licitacoes\/procedimento-licitatorio\/procedimento-licitatorio-n-920052025-processo-n-0612025\/\">https:\/\/ceagesp.gov.br\/licitacoes\/procedimento-licitatorio\/procedimento-licitatorio-n-920052025-processo-n-0612025\/<\/a><\/p>\n<p>Os vencedores da licita\u00e7\u00e3o trabalhar\u00e3o com contratos de Concess\u00e3o Remunerada de Uso (CCRU) com dura\u00e7\u00e3o de 20 anos. \u00c9 a oportunidade de se inserir na cadeia comercial de uma unidade que tem 45 comerciantes que atuam principalmente no ramo de com\u00e9rcio de hortifrutigranjeiros. Devido \u00e0 \u00e1rea que pode ser convertida para venda de flores e plantas ornamentais, abre-se uma oportunidade para quem deseja atuar no com\u00e9rcio de jardinagem.<\/p>\n<p>Favorece o fato de a unidade estar bem pr\u00f3xima da regi\u00e3o central do munic\u00edpio, aumentando o leque de neg\u00f3cios poss\u00edveis. Localizado \u00e0s beiras da rodovia C\u00e2ndido Portinari, o CEFRA possui vantagens log\u00edsticas importantes para os comerciantes, com a posi\u00e7\u00e3o geogr\u00e1fica facilitando tanto a recep\u00e7\u00e3o quanto o envio de mercadorias para clientes que podem estar bem distantes. Pelo fato de Franca localizar-se a apenas 21 km da divisa com Minas Gerais, a hist\u00f3ria da unidade refletese em uma esfera de influ\u00eancia que abrange munic\u00edpios paulistas e mineiros.<\/p>\n<p>Produtores rurais interessados na licita\u00e7\u00e3o devem prestar aten\u00e7\u00e3o ao item 9.2.1 e atender aos requisitos mencionados. No caso de Empresas Individuais e Microempreendedores Individuais (MEI); Sociedades por Quotas de Responsabilidade Limitada (Ltda.); Empresas Individuais de Responsabilidade Limitada (EIRELI); Cooperativas; e Sociedades An\u00f4nimas (S.A.), \u00e9 preciso atender aos crit\u00e9rios elencados no item 9.2.2.<\/p>\n<p>A licita\u00e7\u00e3o tamb\u00e9m tem espa\u00e7o para pessoas f\u00edsicas que desejem participar. Para esses casos, \u00e9 preciso atender aos requisitos elencados no item 9.2.3, que envolvem a constitui\u00e7\u00e3o de pessoa jur\u00eddica em um prazo de 90 dias ap\u00f3s a homologa\u00e7\u00e3o do certame.<\/p>\n<p><strong>Datas e hor\u00e1rios<\/strong><\/p>\n<p>Al\u00e9m do portal da Companhia, o edital poder\u00e1 tamb\u00e9m ser adquirido gratuitamente na Se\u00e7\u00e3o de Licita\u00e7\u00f5es (SELIC), entre as 09h e as 11h30 e das 13h30 \u00e0s 16h30. Os telefones s\u00e3o (11) 3643-3840 e 3643-3875 e o e-mail \u00e9 selic@ceagesp.gov.br. Interessados na licita\u00e7\u00e3o dever\u00e3o agendar visita t\u00e9cnica ao CEFRA at\u00e9 06\/11, marcando a vinda previamente pelos telefones (16) 3721-5312 e (16) 3721-5313. Essas visitas devem ser em dias \u00fateis e nos seguintes hor\u00e1rios: das 09h \u00e0s 11h30 e das 13h30 \u00e0s 16h30.<\/p>\n<p>A sess\u00e3o p\u00fablica do processo licitat\u00f3rio ser\u00e1 realizada em 11\/11, \u00e0s 09h30, no EDSED III, em S\u00e3o Paulo (SP). Para demais informa\u00e7\u00f5es, pode ser contatada a administra\u00e7\u00e3o do CEFRA, de segunda a sexta-feira, das 8 \u00e0s 12 horas e das 13 \u00e0s 17 horas. Todas as horas mencionadas neste texto s\u00e3o feitas com base no hor\u00e1rio de Bras\u00edlia.<\/p>\n<p><strong>Entreposto de Franca (CEFRA)<\/strong><br \/>\nRua Av. Paschoal Pulicano, 1.930, Jardim Rosel\u00e2ndia, CEP 14405-031, Franca (SP)<\/p>\n<p><strong>Se\u00e7\u00e3o de Licita\u00e7\u00f5es<\/strong><br \/>\nAv. Dr. Gast\u00e3o Vidigal, 1.946, Pr\u00e9dio da Administra\u00e7\u00e3o (EDSED III), 2\u00ba andar, S\u00e3o Paulo (SP)<\/p>\n<p><strong>SOBRE O ENTREPOSTO DE FRANCA (CEFRA)<\/strong><br \/>\nFundado em 1\u00ba de mar\u00e7o de 1983, localiza-se em um terreno de 16.762 m\u00b2, com 2.970 m\u00b2 constru\u00eddos, comercializa anualmente 13 mil toneladas, correspondendo a 0,3% do total da rede CEAGESP. Pr\u00f3ximo \u00e0 divisa estadual, atende aproximadamente 20 munic\u00edpios entre S\u00e3o Paulo e Minas Gerais.<\/p>\n","protected":false},"excerpt":{"rendered":"<p>Produtores, comerciantes e pessoas f\u00edsicas podem participar do certame At\u00e9 o dia 6 de novembro, o Entreposto de Franca (CEFRA), do Ceagesp (Companhia de Entrepostos e<span class=\"excerpt-hellip\"> [\u2026]<\/span><\/p>\n","protected":false},"author":10,"featured_media":61279,"comment_status":"open","ping_status":"open","sticky":false,"template":"","format":"standard","meta":{"_jetpack_memberships_contains_paid_content":false,"footnotes":"","jetpack_publicize_message":"","jetpack_publicize_feature_enabled":true,"jetpack_social_post_already_shared":true,"jetpack_social_options":{"image_generator_settings":{"template":"highway","default_image_id":0,"enabled":false},"version":2}},"categories":[28,44],"tags":[],"class_list":["post-61278","post","type-post","status-publish","format-standard","has-post-thumbnail","hentry","category-cotidiano","category-noticias"],"yoast_head":"<!-- This site is optimized with the Yoast SEO plugin v25.6 - https:\/\/yoast.com\/wordpress\/plugins\/seo\/ -->\n<title>Ceagesp abre licita\u00e7\u00e3o para o entreposto de Franca; 96 \u00e1reas comerciais s\u00e3o anunciadas - VerdadeOn<\/title>\n<meta name=\"robots\" content=\"index, follow, max-snippet:-1, max-image-preview:large, max-video-preview:-1\" \/>\n<link rel=\"canonical\" href=\"https:\/\/verdadeon.com.br\/portal\/2025\/10\/31\/ceagesp-abre-licitacao-para-o-entreposto-de-franca-96-areas-comerciais-sao-anunciadas\/\" \/>\n<meta property=\"og:locale\" content=\"pt_BR\" \/>\n<meta property=\"og:type\" content=\"article\" \/>\n<meta property=\"og:title\" content=\"Ceagesp abre licita\u00e7\u00e3o para o entreposto de Franca; 96 \u00e1reas comerciais s\u00e3o anunciadas - VerdadeOn\" \/>\n<meta property=\"og:description\" content=\"Produtores, comerciantes e pessoas f\u00edsicas podem participar do certame At\u00e9 o dia 6 de novembro, o Entreposto de Franca (CEFRA), do Ceagesp (Companhia de Entrepostos e [\u2026]\" \/>\n<meta property=\"og:url\" content=\"https:\/\/verdadeon.com.br\/portal\/2025\/10\/31\/ceagesp-abre-licitacao-para-o-entreposto-de-franca-96-areas-comerciais-sao-anunciadas\/\" \/>\n<meta property=\"og:site_name\" content=\"VerdadeOn\" \/>\n<meta property=\"article:published_time\" content=\"2025-10-31T11:31:40+00:00\" \/>\n<meta property=\"og:image\" content=\"https:\/\/i0.wp.com\/verdadeon.com.br\/portal\/wp-content\/uploads\/2025\/10\/ceagesp-franca.jpg?fit=703%2C396&ssl=1\" \/>\n\t<meta property=\"og:image:width\" content=\"703\" \/>\n\t<meta property=\"og:image:height\" content=\"396\" \/>\n\t<meta property=\"og:image:type\" content=\"image\/jpeg\" \/>\n<meta name=\"author\" content=\"Redacao VerdadeOn\" \/>\n<meta name=\"twitter:card\" content=\"summary_large_image\" \/>\n<meta name=\"twitter:label1\" content=\"Escrito por\" \/>\n\t<meta name=\"twitter:data1\" content=\"Redacao VerdadeOn\" \/>\n\t<meta name=\"twitter:label2\" content=\"Est. tempo de leitura\" \/>\n\t<meta name=\"twitter:data2\" content=\"5 minutos\" \/>\n<script type=\"application\/ld+json\" class=\"yoast-schema-graph\">{\"@context\":\"https:\/\/schema.org\",\"@graph\":[{\"@type\":\"WebPage\",\"@id\":\"https:\/\/verdadeon.com.br\/portal\/2025\/10\/31\/ceagesp-abre-licitacao-para-o-entreposto-de-franca-96-areas-comerciais-sao-anunciadas\/\",\"url\":\"https:\/\/verdadeon.com.br\/portal\/2025\/10\/31\/ceagesp-abre-licitacao-para-o-entreposto-de-franca-96-areas-comerciais-sao-anunciadas\/\",\"name\":\"Ceagesp abre licita\u00e7\u00e3o para o entreposto de Franca; 96 \u00e1reas comerciais s\u00e3o anunciadas - VerdadeOn\",\"isPartOf\":{\"@id\":\"https:\/\/verdadeon.com.br\/portal\/#website\"},\"primaryImageOfPage\":{\"@id\":\"https:\/\/verdadeon.com.br\/portal\/2025\/10\/31\/ceagesp-abre-licitacao-para-o-entreposto-de-franca-96-areas-comerciais-sao-anunciadas\/#primaryimage\"},\"image\":{\"@id\":\"https:\/\/verdadeon.com.br\/portal\/2025\/10\/31\/ceagesp-abre-licitacao-para-o-entreposto-de-franca-96-areas-comerciais-sao-anunciadas\/#primaryimage\"},\"thumbnailUrl\":\"https:\/\/i0.wp.com\/verdadeon.com.br\/portal\/wp-content\/uploads\/2025\/10\/ceagesp-franca.jpg?fit=703%2C396&ssl=1\",\"datePublished\":\"2025-10-31T11:31:40+00:00\",\"author\":{\"@id\":\"https:\/\/verdadeon.com.br\/portal\/#\/schema\/person\/a5060ad1e9ea3df545188fc93ce43d2f\"},\"breadcrumb\":{\"@id\":\"https:\/\/verdadeon.com.br\/portal\/2025\/10\/31\/ceagesp-abre-licitacao-para-o-entreposto-de-franca-96-areas-comerciais-sao-anunciadas\/#breadcrumb\"},\"inLanguage\":\"pt-BR\",\"potentialAction\":[{\"@type\":\"ReadAction\",\"target\":[\"https:\/\/verdadeon.com.br\/portal\/2025\/10\/31\/ceagesp-abre-licitacao-para-o-entreposto-de-franca-96-areas-comerciais-sao-anunciadas\/\"]}]},{\"@type\":\"ImageObject\",\"inLanguage\":\"pt-BR\",\"@id\":\"https:\/\/verdadeon.com.br\/portal\/2025\/10\/31\/ceagesp-abre-licitacao-para-o-entreposto-de-franca-96-areas-comerciais-sao-anunciadas\/#primaryimage\",\"url\":\"https:\/\/i0.wp.com\/verdadeon.com.br\/portal\/wp-content\/uploads\/2025\/10\/ceagesp-franca.jpg?fit=703%2C396&ssl=1\",\"contentUrl\":\"https:\/\/i0.wp.com\/verdadeon.com.br\/portal\/wp-content\/uploads\/2025\/10\/ceagesp-franca.jpg?fit=703%2C396&ssl=1\",\"width\":703,\"height\":396,\"caption\":\"CEFRA - Franca (\u00a9Divulga\u00e7\u00e3o)\"},{\"@type\":\"BreadcrumbList\",\"@id\":\"https:\/\/verdadeon.com.br\/portal\/2025\/10\/31\/ceagesp-abre-licitacao-para-o-entreposto-de-franca-96-areas-comerciais-sao-anunciadas\/#breadcrumb\",\"itemListElement\":[{\"@type\":\"ListItem\",\"position\":1,\"name\":\"In\u00edcio\",\"item\":\"https:\/\/verdadeon.com.br\/portal\/\"},{\"@type\":\"ListItem\",\"position\":2,\"name\":\"Ceagesp abre licita\u00e7\u00e3o para o entreposto de Franca; 96 \u00e1reas comerciais s\u00e3o anunciadas\"}]},{\"@type\":\"WebSite\",\"@id\":\"https:\/\/verdadeon.com.br\/portal\/#website\",\"url\":\"https:\/\/verdadeon.com.br\/portal\/\",\"name\":\"VerdadeOn\",\"description\":\"Not\u00edcias di\u00e1rias sobre Franca, Regi\u00e3o, Esporte, Cultura, Cotidiano, Colunas. Cobertura nos principais eventos da cidade \u00e9 aqui - Verdadeon Franca\",\"potentialAction\":[{\"@type\":\"SearchAction\",\"target\":{\"@type\":\"EntryPoint\",\"urlTemplate\":\"https:\/\/verdadeon.com.br\/portal\/?s={search_term_string}\"},\"query-input\":{\"@type\":\"PropertyValueSpecification\",\"valueRequired\":true,\"valueName\":\"search_term_string\"}}],\"inLanguage\":\"pt-BR\"},{\"@type\":\"Person\",\"@id\":\"https:\/\/verdadeon.com.br\/portal\/#\/schema\/person\/a5060ad1e9ea3df545188fc93ce43d2f\",\"name\":\"Redacao VerdadeOn\",\"image\":{\"@type\":\"ImageObject\",\"inLanguage\":\"pt-BR\",\"@id\":\"https:\/\/verdadeon.com.br\/portal\/#\/schema\/person\/image\/\",\"url\":\"https:\/\/secure.gravatar.com\/avatar\/459a9613caaaf07f582c3d0841eea68bdd66f533e465e6ba8b9cb45619572cf4?s=96&d=mm&r=g\",\"contentUrl\":\"https:\/\/secure.gravatar.com\/avatar\/459a9613caaaf07f582c3d0841eea68bdd66f533e465e6ba8b9cb45619572cf4?s=96&d=mm&r=g\",\"caption\":\"Redacao VerdadeOn\"},\"url\":\"https:\/\/verdadeon.com.br\/portal\/author\/redacao\/\"}]}<\/script>\n<!-- \/ Yoast SEO plugin. -->","yoast_head_json":{"title":"Ceagesp abre licita\u00e7\u00e3o para o entreposto de Franca; 96 \u00e1reas comerciais s\u00e3o anunciadas - VerdadeOn","robots":{"index":"index","follow":"follow","max-snippet":"max-snippet:-1","max-image-preview":"max-image-preview:large","max-video-preview":"max-video-preview:-1"},"canonical":"https:\/\/verdadeon.com.br\/portal\/2025\/10\/31\/ceagesp-abre-licitacao-para-o-entreposto-de-franca-96-areas-comerciais-sao-anunciadas\/","og_locale":"pt_BR","og_type":"article","og_title":"Ceagesp abre licita\u00e7\u00e3o para o entreposto de Franca; 96 \u00e1reas comerciais s\u00e3o anunciadas - VerdadeOn","og_description":"Produtores, comerciantes e pessoas f\u00edsicas podem participar do certame At\u00e9 o dia 6 de novembro, o Entreposto de Franca (CEFRA), do Ceagesp (Companhia de Entrepostos e [\u2026]","og_url":"https:\/\/verdadeon.com.br\/portal\/2025\/10\/31\/ceagesp-abre-licitacao-para-o-entreposto-de-franca-96-areas-comerciais-sao-anunciadas\/","og_site_name":"VerdadeOn","article_published_time":"2025-10-31T11:31:40+00:00","og_image":[{"width":703,"height":396,"url":"https:\/\/i0.wp.com\/verdadeon.com.br\/portal\/wp-content\/uploads\/2025\/10\/ceagesp-franca.jpg?fit=703%2C396&ssl=1","type":"image\/jpeg"}],"author":"Redacao VerdadeOn","twitter_card":"summary_large_image","twitter_misc":{"Escrito por":"Redacao VerdadeOn","Est. tempo de leitura":"5 minutos"},"schema":{"@context":"https:\/\/schema.org","@graph":[{"@type":"WebPage","@id":"https:\/\/verdadeon.com.br\/portal\/2025\/10\/31\/ceagesp-abre-licitacao-para-o-entreposto-de-franca-96-areas-comerciais-sao-anunciadas\/","url":"https:\/\/verdadeon.com.br\/portal\/2025\/10\/31\/ceagesp-abre-licitacao-para-o-entreposto-de-franca-96-areas-comerciais-sao-anunciadas\/","name":"Ceagesp abre licita\u00e7\u00e3o para o entreposto de Franca; 96 \u00e1reas comerciais s\u00e3o anunciadas - VerdadeOn","isPartOf":{"@id":"https:\/\/verdadeon.com.br\/portal\/#website"},"primaryImageOfPage":{"@id":"https:\/\/verdadeon.com.br\/portal\/2025\/10\/31\/ceagesp-abre-licitacao-para-o-entreposto-de-franca-96-areas-comerciais-sao-anunciadas\/#primaryimage"},"image":{"@id":"https:\/\/verdadeon.com.br\/portal\/2025\/10\/31\/ceagesp-abre-licitacao-para-o-entreposto-de-franca-96-areas-comerciais-sao-anunciadas\/#primaryimage"},"thumbnailUrl":"https:\/\/i0.wp.com\/verdadeon.com.br\/portal\/wp-content\/uploads\/2025\/10\/ceagesp-franca.jpg?fit=703%2C396&ssl=1","datePublished":"2025-10-31T11:31:40+00:00","author":{"@id":"https:\/\/verdadeon.com.br\/portal\/#\/schema\/person\/a5060ad1e9ea3df545188fc93ce43d2f"},"breadcrumb":{"@id":"https:\/\/verdadeon.com.br\/portal\/2025\/10\/31\/ceagesp-abre-licitacao-para-o-entreposto-de-franca-96-areas-comerciais-sao-anunciadas\/#breadcrumb"},"inLanguage":"pt-BR","potentialAction":[{"@type":"ReadAction","target":["https:\/\/verdadeon.com.br\/portal\/2025\/10\/31\/ceagesp-abre-licitacao-para-o-entreposto-de-franca-96-areas-comerciais-sao-anunciadas\/"]}]},{"@type":"ImageObject","inLanguage":"pt-BR","@id":"https:\/\/verdadeon.com.br\/portal\/2025\/10\/31\/ceagesp-abre-licitacao-para-o-entreposto-de-franca-96-areas-comerciais-sao-anunciadas\/#primaryimage","url":"https:\/\/i0.wp.com\/verdadeon.com.br\/portal\/wp-content\/uploads\/2025\/10\/ceagesp-franca.jpg?fit=703%2C396&ssl=1","contentUrl":"https:\/\/i0.wp.com\/verdadeon.com.br\/portal\/wp-content\/uploads\/2025\/10\/ceagesp-franca.jpg?fit=703%2C396&ssl=1","width":703,"height":396,"caption":"CEFRA - Franca (\u00a9Divulga\u00e7\u00e3o)"},{"@type":"BreadcrumbList","@id":"https:\/\/verdadeon.com.br\/portal\/2025\/10\/31\/ceagesp-abre-licitacao-para-o-entreposto-de-franca-96-areas-comerciais-sao-anunciadas\/#breadcrumb","itemListElement":[{"@type":"ListItem","position":1,"name":"In\u00edcio","item":"https:\/\/verdadeon.com.br\/portal\/"},{"@type":"ListItem","position":2,"name":"Ceagesp abre licita\u00e7\u00e3o para o entreposto de Franca; 96 \u00e1reas comerciais s\u00e3o anunciadas"}]},{"@type":"WebSite","@id":"https:\/\/verdadeon.com.br\/portal\/#website","url":"https:\/\/verdadeon.com.br\/portal\/","name":"VerdadeOn","description":"Not\u00edcias di\u00e1rias sobre Franca, Regi\u00e3o, Esporte, Cultura, Cotidiano, Colunas. Cobertura nos principais eventos da cidade \u00e9 aqui - Verdadeon Franca","potentialAction":[{"@type":"SearchAction","target":{"@type":"EntryPoint","urlTemplate":"https:\/\/verdadeon.com.br\/portal\/?s={search_term_string}"},"query-input":{"@type":"PropertyValueSpecification","valueRequired":true,"valueName":"search_term_string"}}],"inLanguage":"pt-BR"},{"@type":"Person","@id":"https:\/\/verdadeon.com.br\/portal\/#\/schema\/person\/a5060ad1e9ea3df545188fc93ce43d2f","name":"Redacao VerdadeOn","image":{"@type":"ImageObject","inLanguage":"pt-BR","@id":"https:\/\/verdadeon.com.br\/portal\/#\/schema\/person\/image\/","url":"https:\/\/secure.gravatar.com\/avatar\/459a9613caaaf07f582c3d0841eea68bdd66f533e465e6ba8b9cb45619572cf4?s=96&d=mm&r=g","contentUrl":"https:\/\/secure.gravatar.com\/avatar\/459a9613caaaf07f582c3d0841eea68bdd66f533e465e6ba8b9cb45619572cf4?s=96&d=mm&r=g","caption":"Redacao VerdadeOn"},"url":"https:\/\/verdadeon.com.br\/portal\/author\/redacao\/"}]}},"jetpack_publicize_connections":[],"jetpack_featured_media_url":"https:\/\/i0.wp.com\/verdadeon.com.br\/portal\/wp-content\/uploads\/2025\/10\/ceagesp-franca.jpg?fit=703%2C396&ssl=1","jetpack_sharing_enabled":true,"_links":{"self":[{"href":"https:\/\/verdadeon.com.br\/portal\/wp-json\/wp\/v2\/posts\/61278","targetHints":{"allow":["GET"]}}],"collection":[{"href":"https:\/\/verdadeon.com.br\/portal\/wp-json\/wp\/v2\/posts"}],"about":[{"href":"https:\/\/verdadeon.com.br\/portal\/wp-json\/wp\/v2\/types\/post"}],"author":[{"embeddable":true,"href":"https:\/\/verdadeon.com.br\/portal\/wp-json\/wp\/v2\/users\/10"}],"replies":[{"embeddable":true,"href":"https:\/\/verdadeon.com.br\/portal\/wp-json\/wp\/v2\/comments?post=61278"}],"version-history":[{"count":1,"href":"https:\/\/verdadeon.com.br\/portal\/wp-json\/wp\/v2\/posts\/61278\/revisions"}],"predecessor-version":[{"id":61280,"href":"https:\/\/verdadeon.com.br\/portal\/wp-json\/wp\/v2\/posts\/61278\/revisions\/61280"}],"wp:featuredmedia":[{"embeddable":true,"href":"https:\/\/verdadeon.com.br\/portal\/wp-json\/wp\/v2\/media\/61279"}],"wp:attachment":[{"href":"https:\/\/verdadeon.com.br\/portal\/wp-json\/wp\/v2\/media?parent=61278"}],"wp:term":[{"taxonomy":"category","embeddable":true,"href":"https:\/\/verdadeon.com.br\/portal\/wp-json\/wp\/v2\/categories?post=61278"},{"taxonomy":"post_tag","embeddable":true,"href":"https:\/\/verdadeon.com.br\/portal\/wp-json\/wp\/v2\/tags?post=61278"}],"curies":[{"name":"wp","href":"https:\/\/api.w.org\/{rel}","templated":true}]}}