{"id":60549,"date":"2025-10-06T15:38:30","date_gmt":"2025-10-06T18:38:30","guid":{"rendered":"https:\/\/verdadeon.com.br\/portal\/?p=60549"},"modified":"2025-10-06T15:38:30","modified_gmt":"2025-10-06T18:38:30","slug":"lula-fala-com-trump-e-pede-fim-de-tarifaco-sobre-produtos-brasileiros","status":"publish","type":"post","link":"https:\/\/verdadeon.com.br\/portal\/2025\/10\/06\/lula-fala-com-trump-e-pede-fim-de-tarifaco-sobre-produtos-brasileiros\/","title":{"rendered":"Lula fala com Trump e pede fim de tarifa\u00e7o sobre produtos brasileiros"},"content":{"rendered":"<div class=\"header-noticia full-width\">\n<h2 class=\"linha-fina-noticia\">Os dois presidentes conversaram nesta segunda-feira por 30 minutos<\/h2>\n<\/div>\n<div class=\"subheader\">\n<div class=\"container-autoria\">\n<p>O presidente Luiz In\u00e1cio Lula da Silva e o presidente dos Estados Unidos, Donald Trump,\u00a0 tiveram nesta segunda-feira (6) uma conversa de 30 minutos por videoconfer\u00eancia. Na oportunidade, Lula solicitou a retirada da\u00a0<a href=\"https:\/\/agenciabrasil.ebc.com.br\/internacional\/noticia\/2025-07\/em-carta-lula-trump-anuncia-tarifa-de-50-produtos-brasileiros\" target=\"_blank\" rel=\"noopener\">sobretaxa de 50% imposta<\/a>\u00a0pelo governo norte-americano a produtos brasileiros.<img data-recalc-dims=\"1\" decoding=\"async\" src=\"https:\/\/i0.wp.com\/agenciabrasil.ebc.com.br\/ebc.png?w=1220&#038;ssl=1\" \/><img data-recalc-dims=\"1\" decoding=\"async\" src=\"https:\/\/i0.wp.com\/agenciabrasil.ebc.com.br\/ebc.gif?w=1220&#038;ssl=1\" \/><\/p>\n<p>Mais cedo, o ministro da Fazenda, Fernando Haddad, classificou a conversa entre os dois chefes de Estado como \u201cpositiva\u201d, do ponto de vista econ\u00f4mico. \u201cEm tom amistoso, os dois l\u00edderes conversaram por 30 minutos, quando relembraram a<a href=\"https:\/\/agenciabrasil.ebc.com.br\/internacional\/noticia\/2025-09\/trump-diz-ter-quimica-com-lula-e-anuncia-encontro-bilateral\" target=\"_blank\" rel=\"noopener\">\u00a0boa qu\u00edmica<\/a>\u00a0que tiveram em Nova York por ocasi\u00e3o da Assembleia Geral da ONU. Os dois presidentes reiteraram a impress\u00e3o positiva daquele encontro\u201d, informou o Planalto.<\/p>\n<p>De acordo com o Planalto, a liga\u00e7\u00e3o telef\u00f4nica ocorreu por iniciativa de Trump. Os dois presidentes chegaram a trocar telefones para estabelecer via direta de comunica\u00e7\u00e3o.<\/p>\n<p>Na conversa, Lula disse que o contato representa uma \u201coportunidade para a restaura\u00e7\u00e3o das rela\u00e7\u00f5es amig\u00e1veis de 201 anos entre as duas maiores democracias do Ocidente\u201d.<\/p>\n<p>Ele recordou que o Brasil \u00e9 um dos tr\u00eas pa\u00edses do G20 com quem os Estados Unidos mant\u00eam super\u00e1vit na balan\u00e7a de bens e servi\u00e7os. Na sequ\u00eancia, solicitou a retirada da sobretaxa de 50% imposta a produtos nacionais, al\u00e9m das medidas restritivas aplicadas contra autoridades brasileiras. \u201cO presidente Trump designou o secret\u00e1rio de Estado Marco Rubio para dar sequ\u00eancia \u00e0s negocia\u00e7\u00f5es com o vice-presidente Geraldo Alckmin, o chanceler Mauro Vieira e o ministro da Fazenda Fernando Haddad\u201d, informou o Planalto.<\/p>\n<p>Os dois presidentes acordaram encontrar-se pessoalmente em breve. Lula sugeriu que o encontro seja durante a C\u00fapula da Asean, na Mal\u00e1sia. Ele reiterou convite a Trump para participar da COP30, em Bel\u00e9m; e se disp\u00f4s\u00a0 tamb\u00e9m a viajar aos Estados Unidos.<\/p>\n<p>Fonte: Ag\u00eancia Brasil<\/p>\n<\/div>\n<\/div>\n","protected":false},"excerpt":{"rendered":"<p>Os dois presidentes conversaram nesta segunda-feira por 30 minutos O presidente Luiz In\u00e1cio Lula da Silva e o presidente dos Estados Unidos, Donald Trump,\u00a0 tiveram nesta<span class=\"excerpt-hellip\"> [\u2026]<\/span><\/p>\n","protected":false},"author":10,"featured_media":60550,"comment_status":"open","ping_status":"open","sticky":false,"template":"","format":"standard","meta":{"_jetpack_memberships_contains_paid_content":false,"footnotes":"","jetpack_publicize_message":"","jetpack_publicize_feature_enabled":true,"jetpack_social_post_already_shared":true,"jetpack_social_options":{"image_generator_settings":{"template":"highway","default_image_id":0,"enabled":false},"version":2}},"categories":[28,81],"tags":[],"class_list":["post-60549","post","type-post","status-publish","format-standard","has-post-thumbnail","hentry","category-cotidiano","category-manchete"],"yoast_head":"<!-- This site is optimized with the Yoast SEO plugin v25.6 - https:\/\/yoast.com\/wordpress\/plugins\/seo\/ -->\n<title>Lula fala com Trump e pede fim de tarifa\u00e7o sobre produtos brasileiros - VerdadeOn<\/title>\n<meta name=\"robots\" content=\"index, follow, max-snippet:-1, max-image-preview:large, max-video-preview:-1\" \/>\n<link rel=\"canonical\" href=\"https:\/\/verdadeon.com.br\/portal\/2025\/10\/06\/lula-fala-com-trump-e-pede-fim-de-tarifaco-sobre-produtos-brasileiros\/\" \/>\n<meta property=\"og:locale\" content=\"pt_BR\" \/>\n<meta property=\"og:type\" content=\"article\" \/>\n<meta property=\"og:title\" content=\"Lula fala com Trump e pede fim de tarifa\u00e7o sobre produtos brasileiros - VerdadeOn\" \/>\n<meta property=\"og:description\" content=\"Os dois presidentes conversaram nesta segunda-feira por 30 minutos O presidente Luiz In\u00e1cio Lula da Silva e o presidente dos Estados Unidos, Donald Trump,\u00a0 tiveram nesta [\u2026]\" \/>\n<meta property=\"og:url\" content=\"https:\/\/verdadeon.com.br\/portal\/2025\/10\/06\/lula-fala-com-trump-e-pede-fim-de-tarifaco-sobre-produtos-brasileiros\/\" \/>\n<meta property=\"og:site_name\" content=\"VerdadeOn\" \/>\n<meta property=\"article:published_time\" content=\"2025-10-06T18:38:30+00:00\" \/>\n<meta property=\"og:image\" content=\"https:\/\/verdadeon.com.br\/portal\/wp-content\/uploads\/2025\/10\/a-2.jpg\" \/>\n\t<meta property=\"og:image:width\" content=\"1000\" \/>\n\t<meta property=\"og:image:height\" content=\"670\" \/>\n\t<meta property=\"og:image:type\" content=\"image\/jpeg\" \/>\n<meta name=\"author\" content=\"Redacao VerdadeOn\" \/>\n<meta name=\"twitter:card\" content=\"summary_large_image\" \/>\n<meta name=\"twitter:label1\" content=\"Escrito por\" \/>\n\t<meta name=\"twitter:data1\" content=\"Redacao VerdadeOn\" \/>\n\t<meta name=\"twitter:label2\" content=\"Est. tempo de leitura\" \/>\n\t<meta name=\"twitter:data2\" content=\"3 minutos\" \/>\n<script type=\"application\/ld+json\" class=\"yoast-schema-graph\">{\"@context\":\"https:\/\/schema.org\",\"@graph\":[{\"@type\":\"WebPage\",\"@id\":\"https:\/\/verdadeon.com.br\/portal\/2025\/10\/06\/lula-fala-com-trump-e-pede-fim-de-tarifaco-sobre-produtos-brasileiros\/\",\"url\":\"https:\/\/verdadeon.com.br\/portal\/2025\/10\/06\/lula-fala-com-trump-e-pede-fim-de-tarifaco-sobre-produtos-brasileiros\/\",\"name\":\"Lula fala com Trump e pede fim de tarifa\u00e7o sobre produtos brasileiros - VerdadeOn\",\"isPartOf\":{\"@id\":\"https:\/\/verdadeon.com.br\/portal\/#website\"},\"primaryImageOfPage\":{\"@id\":\"https:\/\/verdadeon.com.br\/portal\/2025\/10\/06\/lula-fala-com-trump-e-pede-fim-de-tarifaco-sobre-produtos-brasileiros\/#primaryimage\"},\"image\":{\"@id\":\"https:\/\/verdadeon.com.br\/portal\/2025\/10\/06\/lula-fala-com-trump-e-pede-fim-de-tarifaco-sobre-produtos-brasileiros\/#primaryimage\"},\"thumbnailUrl\":\"https:\/\/i0.wp.com\/verdadeon.com.br\/portal\/wp-content\/uploads\/2025\/10\/a-2.jpg?fit=1000%2C670&ssl=1\",\"datePublished\":\"2025-10-06T18:38:30+00:00\",\"author\":{\"@id\":\"https:\/\/verdadeon.com.br\/portal\/#\/schema\/person\/a5060ad1e9ea3df545188fc93ce43d2f\"},\"breadcrumb\":{\"@id\":\"https:\/\/verdadeon.com.br\/portal\/2025\/10\/06\/lula-fala-com-trump-e-pede-fim-de-tarifaco-sobre-produtos-brasileiros\/#breadcrumb\"},\"inLanguage\":\"pt-BR\",\"potentialAction\":[{\"@type\":\"ReadAction\",\"target\":[\"https:\/\/verdadeon.com.br\/portal\/2025\/10\/06\/lula-fala-com-trump-e-pede-fim-de-tarifaco-sobre-produtos-brasileiros\/\"]}]},{\"@type\":\"ImageObject\",\"inLanguage\":\"pt-BR\",\"@id\":\"https:\/\/verdadeon.com.br\/portal\/2025\/10\/06\/lula-fala-com-trump-e-pede-fim-de-tarifaco-sobre-produtos-brasileiros\/#primaryimage\",\"url\":\"https:\/\/i0.wp.com\/verdadeon.com.br\/portal\/wp-content\/uploads\/2025\/10\/a-2.jpg?fit=1000%2C670&ssl=1\",\"contentUrl\":\"https:\/\/i0.wp.com\/verdadeon.com.br\/portal\/wp-content\/uploads\/2025\/10\/a-2.jpg?fit=1000%2C670&ssl=1\",\"width\":1000,\"height\":670,\"caption\":\"(\u00a9JONATHAN ERNST (Trump) \/ Valter Campanato\/Ag\u00eancia Brasil (Lula))\"},{\"@type\":\"BreadcrumbList\",\"@id\":\"https:\/\/verdadeon.com.br\/portal\/2025\/10\/06\/lula-fala-com-trump-e-pede-fim-de-tarifaco-sobre-produtos-brasileiros\/#breadcrumb\",\"itemListElement\":[{\"@type\":\"ListItem\",\"position\":1,\"name\":\"In\u00edcio\",\"item\":\"https:\/\/verdadeon.com.br\/portal\/\"},{\"@type\":\"ListItem\",\"position\":2,\"name\":\"Lula fala com Trump e pede fim de tarifa\u00e7o sobre produtos brasileiros\"}]},{\"@type\":\"WebSite\",\"@id\":\"https:\/\/verdadeon.com.br\/portal\/#website\",\"url\":\"https:\/\/verdadeon.com.br\/portal\/\",\"name\":\"VerdadeOn\",\"description\":\"Not\u00edcias di\u00e1rias sobre Franca, Regi\u00e3o, Esporte, Cultura, Cotidiano, Colunas. Cobertura nos principais eventos da cidade \u00e9 aqui - Verdadeon Franca\",\"potentialAction\":[{\"@type\":\"SearchAction\",\"target\":{\"@type\":\"EntryPoint\",\"urlTemplate\":\"https:\/\/verdadeon.com.br\/portal\/?s={search_term_string}\"},\"query-input\":{\"@type\":\"PropertyValueSpecification\",\"valueRequired\":true,\"valueName\":\"search_term_string\"}}],\"inLanguage\":\"pt-BR\"},{\"@type\":\"Person\",\"@id\":\"https:\/\/verdadeon.com.br\/portal\/#\/schema\/person\/a5060ad1e9ea3df545188fc93ce43d2f\",\"name\":\"Redacao VerdadeOn\",\"image\":{\"@type\":\"ImageObject\",\"inLanguage\":\"pt-BR\",\"@id\":\"https:\/\/verdadeon.com.br\/portal\/#\/schema\/person\/image\/\",\"url\":\"https:\/\/secure.gravatar.com\/avatar\/459a9613caaaf07f582c3d0841eea68bdd66f533e465e6ba8b9cb45619572cf4?s=96&d=mm&r=g\",\"contentUrl\":\"https:\/\/secure.gravatar.com\/avatar\/459a9613caaaf07f582c3d0841eea68bdd66f533e465e6ba8b9cb45619572cf4?s=96&d=mm&r=g\",\"caption\":\"Redacao VerdadeOn\"},\"url\":\"https:\/\/verdadeon.com.br\/portal\/author\/redacao\/\"}]}<\/script>\n<!-- \/ Yoast SEO plugin. -->","yoast_head_json":{"title":"Lula fala com Trump e pede fim de tarifa\u00e7o sobre produtos brasileiros - VerdadeOn","robots":{"index":"index","follow":"follow","max-snippet":"max-snippet:-1","max-image-preview":"max-image-preview:large","max-video-preview":"max-video-preview:-1"},"canonical":"https:\/\/verdadeon.com.br\/portal\/2025\/10\/06\/lula-fala-com-trump-e-pede-fim-de-tarifaco-sobre-produtos-brasileiros\/","og_locale":"pt_BR","og_type":"article","og_title":"Lula fala com Trump e pede fim de tarifa\u00e7o sobre produtos brasileiros - VerdadeOn","og_description":"Os dois presidentes conversaram nesta segunda-feira por 30 minutos O presidente Luiz In\u00e1cio Lula da Silva e o presidente dos Estados Unidos, Donald Trump,\u00a0 tiveram nesta [\u2026]","og_url":"https:\/\/verdadeon.com.br\/portal\/2025\/10\/06\/lula-fala-com-trump-e-pede-fim-de-tarifaco-sobre-produtos-brasileiros\/","og_site_name":"VerdadeOn","article_published_time":"2025-10-06T18:38:30+00:00","og_image":[{"width":1000,"height":670,"url":"https:\/\/verdadeon.com.br\/portal\/wp-content\/uploads\/2025\/10\/a-2.jpg","type":"image\/jpeg"}],"author":"Redacao VerdadeOn","twitter_card":"summary_large_image","twitter_misc":{"Escrito por":"Redacao VerdadeOn","Est. tempo de leitura":"3 minutos"},"schema":{"@context":"https:\/\/schema.org","@graph":[{"@type":"WebPage","@id":"https:\/\/verdadeon.com.br\/portal\/2025\/10\/06\/lula-fala-com-trump-e-pede-fim-de-tarifaco-sobre-produtos-brasileiros\/","url":"https:\/\/verdadeon.com.br\/portal\/2025\/10\/06\/lula-fala-com-trump-e-pede-fim-de-tarifaco-sobre-produtos-brasileiros\/","name":"Lula fala com Trump e pede fim de tarifa\u00e7o sobre produtos brasileiros - VerdadeOn","isPartOf":{"@id":"https:\/\/verdadeon.com.br\/portal\/#website"},"primaryImageOfPage":{"@id":"https:\/\/verdadeon.com.br\/portal\/2025\/10\/06\/lula-fala-com-trump-e-pede-fim-de-tarifaco-sobre-produtos-brasileiros\/#primaryimage"},"image":{"@id":"https:\/\/verdadeon.com.br\/portal\/2025\/10\/06\/lula-fala-com-trump-e-pede-fim-de-tarifaco-sobre-produtos-brasileiros\/#primaryimage"},"thumbnailUrl":"https:\/\/i0.wp.com\/verdadeon.com.br\/portal\/wp-content\/uploads\/2025\/10\/a-2.jpg?fit=1000%2C670&ssl=1","datePublished":"2025-10-06T18:38:30+00:00","author":{"@id":"https:\/\/verdadeon.com.br\/portal\/#\/schema\/person\/a5060ad1e9ea3df545188fc93ce43d2f"},"breadcrumb":{"@id":"https:\/\/verdadeon.com.br\/portal\/2025\/10\/06\/lula-fala-com-trump-e-pede-fim-de-tarifaco-sobre-produtos-brasileiros\/#breadcrumb"},"inLanguage":"pt-BR","potentialAction":[{"@type":"ReadAction","target":["https:\/\/verdadeon.com.br\/portal\/2025\/10\/06\/lula-fala-com-trump-e-pede-fim-de-tarifaco-sobre-produtos-brasileiros\/"]}]},{"@type":"ImageObject","inLanguage":"pt-BR","@id":"https:\/\/verdadeon.com.br\/portal\/2025\/10\/06\/lula-fala-com-trump-e-pede-fim-de-tarifaco-sobre-produtos-brasileiros\/#primaryimage","url":"https:\/\/i0.wp.com\/verdadeon.com.br\/portal\/wp-content\/uploads\/2025\/10\/a-2.jpg?fit=1000%2C670&ssl=1","contentUrl":"https:\/\/i0.wp.com\/verdadeon.com.br\/portal\/wp-content\/uploads\/2025\/10\/a-2.jpg?fit=1000%2C670&ssl=1","width":1000,"height":670,"caption":"(\u00a9JONATHAN ERNST (Trump) \/ Valter Campanato\/Ag\u00eancia Brasil (Lula))"},{"@type":"BreadcrumbList","@id":"https:\/\/verdadeon.com.br\/portal\/2025\/10\/06\/lula-fala-com-trump-e-pede-fim-de-tarifaco-sobre-produtos-brasileiros\/#breadcrumb","itemListElement":[{"@type":"ListItem","position":1,"name":"In\u00edcio","item":"https:\/\/verdadeon.com.br\/portal\/"},{"@type":"ListItem","position":2,"name":"Lula fala com Trump e pede fim de tarifa\u00e7o sobre produtos brasileiros"}]},{"@type":"WebSite","@id":"https:\/\/verdadeon.com.br\/portal\/#website","url":"https:\/\/verdadeon.com.br\/portal\/","name":"VerdadeOn","description":"Not\u00edcias di\u00e1rias sobre Franca, Regi\u00e3o, Esporte, Cultura, Cotidiano, Colunas. Cobertura nos principais eventos da cidade \u00e9 aqui - Verdadeon Franca","potentialAction":[{"@type":"SearchAction","target":{"@type":"EntryPoint","urlTemplate":"https:\/\/verdadeon.com.br\/portal\/?s={search_term_string}"},"query-input":{"@type":"PropertyValueSpecification","valueRequired":true,"valueName":"search_term_string"}}],"inLanguage":"pt-BR"},{"@type":"Person","@id":"https:\/\/verdadeon.com.br\/portal\/#\/schema\/person\/a5060ad1e9ea3df545188fc93ce43d2f","name":"Redacao VerdadeOn","image":{"@type":"ImageObject","inLanguage":"pt-BR","@id":"https:\/\/verdadeon.com.br\/portal\/#\/schema\/person\/image\/","url":"https:\/\/secure.gravatar.com\/avatar\/459a9613caaaf07f582c3d0841eea68bdd66f533e465e6ba8b9cb45619572cf4?s=96&d=mm&r=g","contentUrl":"https:\/\/secure.gravatar.com\/avatar\/459a9613caaaf07f582c3d0841eea68bdd66f533e465e6ba8b9cb45619572cf4?s=96&d=mm&r=g","caption":"Redacao VerdadeOn"},"url":"https:\/\/verdadeon.com.br\/portal\/author\/redacao\/"}]}},"jetpack_publicize_connections":[],"jetpack_featured_media_url":"https:\/\/i0.wp.com\/verdadeon.com.br\/portal\/wp-content\/uploads\/2025\/10\/a-2.jpg?fit=1000%2C670&ssl=1","jetpack_sharing_enabled":true,"_links":{"self":[{"href":"https:\/\/verdadeon.com.br\/portal\/wp-json\/wp\/v2\/posts\/60549","targetHints":{"allow":["GET"]}}],"collection":[{"href":"https:\/\/verdadeon.com.br\/portal\/wp-json\/wp\/v2\/posts"}],"about":[{"href":"https:\/\/verdadeon.com.br\/portal\/wp-json\/wp\/v2\/types\/post"}],"author":[{"embeddable":true,"href":"https:\/\/verdadeon.com.br\/portal\/wp-json\/wp\/v2\/users\/10"}],"replies":[{"embeddable":true,"href":"https:\/\/verdadeon.com.br\/portal\/wp-json\/wp\/v2\/comments?post=60549"}],"version-history":[{"count":1,"href":"https:\/\/verdadeon.com.br\/portal\/wp-json\/wp\/v2\/posts\/60549\/revisions"}],"predecessor-version":[{"id":60551,"href":"https:\/\/verdadeon.com.br\/portal\/wp-json\/wp\/v2\/posts\/60549\/revisions\/60551"}],"wp:featuredmedia":[{"embeddable":true,"href":"https:\/\/verdadeon.com.br\/portal\/wp-json\/wp\/v2\/media\/60550"}],"wp:attachment":[{"href":"https:\/\/verdadeon.com.br\/portal\/wp-json\/wp\/v2\/media?parent=60549"}],"wp:term":[{"taxonomy":"category","embeddable":true,"href":"https:\/\/verdadeon.com.br\/portal\/wp-json\/wp\/v2\/categories?post=60549"},{"taxonomy":"post_tag","embeddable":true,"href":"https:\/\/verdadeon.com.br\/portal\/wp-json\/wp\/v2\/tags?post=60549"}],"curies":[{"name":"wp","href":"https:\/\/api.w.org\/{rel}","templated":true}]}}