{"id":60546,"date":"2025-10-06T15:25:36","date_gmt":"2025-10-06T18:25:36","guid":{"rendered":"https:\/\/verdadeon.com.br\/portal\/?p=60546"},"modified":"2025-10-06T15:25:36","modified_gmt":"2025-10-06T18:25:36","slug":"selecao-brasileira-realiza-primeiro-treino-para-amistosos-na-asia","status":"publish","type":"post","link":"https:\/\/verdadeon.com.br\/portal\/2025\/10\/06\/selecao-brasileira-realiza-primeiro-treino-para-amistosos-na-asia\/","title":{"rendered":"Sele\u00e7\u00e3o Brasileira realiza primeiro treino para amistosos na \u00c1sia"},"content":{"rendered":"<div class=\"styles_headline__irWN0\">\n<h2>Atividade no Est\u00e1dio de Goyang teve dez atletas; Richarlison, Est\u00eav\u00e3o, Lucas Paquet\u00e1, Gabriel Martinelli, Hugo Souza e Gabriel Magalh\u00e3es se apresentaram<\/h2>\n<\/div>\n<div class=\"styles_informations__0X892\">\n<div class=\"styles_authorContainer__covoA\">\n<div class=\"styles_container__ocpDu body-content-article\">\n<p>A Sele\u00e7\u00e3o Brasileira realizou nesta segunda-feira (6) o primeiro treino para os amistosos na \u00c1sia com Coreia do Sul e Jap\u00e3o no Est\u00e1dio de Goyang, na cidade de Goyang. A atividade durou cerca de 40 minutos e contou com a participa\u00e7\u00e3o de dez jogadores: Bento, Matheus Cunha, Rodrygo, Vinicius Jr., Fabr\u00edcio Bruno, Luiz Henrique, Carlos Augusto, Casemiro, Milit\u00e3o e Douglas Santos.<\/p>\n<p>No retorno ao hotel, os atletas encontraram Richarlison, Est\u00eav\u00e3o, Lucas Paquet\u00e1, Gabriel Martinelli, Hugo Souza Gabriel Magalh\u00e3es, que se apresentaram. Mais nove atletas chegar\u00e3o ao longo desta ter\u00e7a (7). Apenas Paulo Henrique, convocado no lugar de Wesley, ir\u00e1 se juntar \u00e0 delega\u00e7\u00e3o na quarta (8).<\/p>\n<p>Nesta ter\u00e7a-feira (7), o treinamento ser\u00e1 realizado em um campo anexo ao est\u00e1dio e come\u00e7ar\u00e1 \u00e0s 15h (hor\u00e1rio local). Antes, pela manh\u00e3, Rodrygo e Bento conceder\u00e3o entrevista coletiva.<\/p>\n<p><strong>Sobre o local do treino<\/strong><\/p>\n<p>Inaugurado em 2003, o Est\u00e1dio de Goyang est\u00e1 localizado a cerca de 40km de dist\u00e2ncia do hotel onde a delega\u00e7\u00e3o est\u00e1 concentrada na capital sul-coreana, Seul, e tem capacidade para pouco mais de 41 mil pessoas.<\/p>\n<p>Fonte: CBF<\/p>\n<\/div>\n<\/div>\n<\/div>\n","protected":false},"excerpt":{"rendered":"<p>Atividade no Est\u00e1dio de Goyang teve dez atletas; Richarlison, Est\u00eav\u00e3o, Lucas Paquet\u00e1, Gabriel Martinelli, Hugo Souza e Gabriel Magalh\u00e3es se apresentaram A Sele\u00e7\u00e3o Brasileira realizou nesta<span class=\"excerpt-hellip\"> [\u2026]<\/span><\/p>\n","protected":false},"author":10,"featured_media":60547,"comment_status":"open","ping_status":"open","sticky":false,"template":"","format":"standard","meta":{"_jetpack_memberships_contains_paid_content":false,"footnotes":"","jetpack_publicize_message":"","jetpack_publicize_feature_enabled":true,"jetpack_social_post_already_shared":true,"jetpack_social_options":{"image_generator_settings":{"template":"highway","default_image_id":0,"enabled":false},"version":2}},"categories":[28,44],"tags":[],"class_list":["post-60546","post","type-post","status-publish","format-standard","has-post-thumbnail","hentry","category-cotidiano","category-noticias"],"yoast_head":"<!-- This site is optimized with the Yoast SEO plugin v25.6 - https:\/\/yoast.com\/wordpress\/plugins\/seo\/ -->\n<title>Sele\u00e7\u00e3o Brasileira realiza primeiro treino para amistosos na \u00c1sia - VerdadeOn<\/title>\n<meta name=\"robots\" content=\"index, follow, max-snippet:-1, max-image-preview:large, max-video-preview:-1\" \/>\n<link rel=\"canonical\" href=\"https:\/\/verdadeon.com.br\/portal\/2025\/10\/06\/selecao-brasileira-realiza-primeiro-treino-para-amistosos-na-asia\/\" \/>\n<meta property=\"og:locale\" content=\"pt_BR\" \/>\n<meta property=\"og:type\" content=\"article\" \/>\n<meta property=\"og:title\" content=\"Sele\u00e7\u00e3o Brasileira realiza primeiro treino para amistosos na \u00c1sia - VerdadeOn\" \/>\n<meta property=\"og:description\" content=\"Atividade no Est\u00e1dio de Goyang teve dez atletas; Richarlison, Est\u00eav\u00e3o, Lucas Paquet\u00e1, Gabriel Martinelli, Hugo Souza e Gabriel Magalh\u00e3es se apresentaram A Sele\u00e7\u00e3o Brasileira realizou nesta [\u2026]\" \/>\n<meta property=\"og:url\" content=\"https:\/\/verdadeon.com.br\/portal\/2025\/10\/06\/selecao-brasileira-realiza-primeiro-treino-para-amistosos-na-asia\/\" \/>\n<meta property=\"og:site_name\" content=\"VerdadeOn\" \/>\n<meta property=\"article:published_time\" content=\"2025-10-06T18:25:36+00:00\" \/>\n<meta property=\"og:image\" content=\"https:\/\/verdadeon.com.br\/portal\/wp-content\/uploads\/2025\/10\/54834889102_ef105377e3_o.jpg\" \/>\n\t<meta property=\"og:image:width\" content=\"2560\" \/>\n\t<meta property=\"og:image:height\" content=\"1717\" \/>\n\t<meta property=\"og:image:type\" content=\"image\/jpeg\" \/>\n<meta name=\"author\" content=\"Redacao VerdadeOn\" \/>\n<meta name=\"twitter:card\" content=\"summary_large_image\" \/>\n<meta name=\"twitter:label1\" content=\"Escrito por\" \/>\n\t<meta name=\"twitter:data1\" content=\"Redacao VerdadeOn\" \/>\n\t<meta name=\"twitter:label2\" content=\"Est. tempo de leitura\" \/>\n\t<meta name=\"twitter:data2\" content=\"2 minutos\" \/>\n<script type=\"application\/ld+json\" class=\"yoast-schema-graph\">{\"@context\":\"https:\/\/schema.org\",\"@graph\":[{\"@type\":\"WebPage\",\"@id\":\"https:\/\/verdadeon.com.br\/portal\/2025\/10\/06\/selecao-brasileira-realiza-primeiro-treino-para-amistosos-na-asia\/\",\"url\":\"https:\/\/verdadeon.com.br\/portal\/2025\/10\/06\/selecao-brasileira-realiza-primeiro-treino-para-amistosos-na-asia\/\",\"name\":\"Sele\u00e7\u00e3o Brasileira realiza primeiro treino para amistosos na \u00c1sia - VerdadeOn\",\"isPartOf\":{\"@id\":\"https:\/\/verdadeon.com.br\/portal\/#website\"},\"primaryImageOfPage\":{\"@id\":\"https:\/\/verdadeon.com.br\/portal\/2025\/10\/06\/selecao-brasileira-realiza-primeiro-treino-para-amistosos-na-asia\/#primaryimage\"},\"image\":{\"@id\":\"https:\/\/verdadeon.com.br\/portal\/2025\/10\/06\/selecao-brasileira-realiza-primeiro-treino-para-amistosos-na-asia\/#primaryimage\"},\"thumbnailUrl\":\"https:\/\/i0.wp.com\/verdadeon.com.br\/portal\/wp-content\/uploads\/2025\/10\/54834889102_ef105377e3_o.jpg?fit=2560%2C1717&ssl=1\",\"datePublished\":\"2025-10-06T18:25:36+00:00\",\"author\":{\"@id\":\"https:\/\/verdadeon.com.br\/portal\/#\/schema\/person\/a5060ad1e9ea3df545188fc93ce43d2f\"},\"breadcrumb\":{\"@id\":\"https:\/\/verdadeon.com.br\/portal\/2025\/10\/06\/selecao-brasileira-realiza-primeiro-treino-para-amistosos-na-asia\/#breadcrumb\"},\"inLanguage\":\"pt-BR\",\"potentialAction\":[{\"@type\":\"ReadAction\",\"target\":[\"https:\/\/verdadeon.com.br\/portal\/2025\/10\/06\/selecao-brasileira-realiza-primeiro-treino-para-amistosos-na-asia\/\"]}]},{\"@type\":\"ImageObject\",\"inLanguage\":\"pt-BR\",\"@id\":\"https:\/\/verdadeon.com.br\/portal\/2025\/10\/06\/selecao-brasileira-realiza-primeiro-treino-para-amistosos-na-asia\/#primaryimage\",\"url\":\"https:\/\/i0.wp.com\/verdadeon.com.br\/portal\/wp-content\/uploads\/2025\/10\/54834889102_ef105377e3_o.jpg?fit=2560%2C1717&ssl=1\",\"contentUrl\":\"https:\/\/i0.wp.com\/verdadeon.com.br\/portal\/wp-content\/uploads\/2025\/10\/54834889102_ef105377e3_o.jpg?fit=2560%2C1717&ssl=1\",\"width\":2560,\"height\":1717,\"caption\":\"Sele\u00e7\u00e3o realizou o primeiro treino para os amistosos na \u00c1sia com Coreia do Sul e Jap\u00e3o (\u00a9Rafael Ribeiro \/ CBF)\"},{\"@type\":\"BreadcrumbList\",\"@id\":\"https:\/\/verdadeon.com.br\/portal\/2025\/10\/06\/selecao-brasileira-realiza-primeiro-treino-para-amistosos-na-asia\/#breadcrumb\",\"itemListElement\":[{\"@type\":\"ListItem\",\"position\":1,\"name\":\"In\u00edcio\",\"item\":\"https:\/\/verdadeon.com.br\/portal\/\"},{\"@type\":\"ListItem\",\"position\":2,\"name\":\"Sele\u00e7\u00e3o Brasileira realiza primeiro treino para amistosos na \u00c1sia\"}]},{\"@type\":\"WebSite\",\"@id\":\"https:\/\/verdadeon.com.br\/portal\/#website\",\"url\":\"https:\/\/verdadeon.com.br\/portal\/\",\"name\":\"VerdadeOn\",\"description\":\"Not\u00edcias di\u00e1rias sobre Franca, Regi\u00e3o, Esporte, Cultura, Cotidiano, Colunas. Cobertura nos principais eventos da cidade \u00e9 aqui - Verdadeon Franca\",\"potentialAction\":[{\"@type\":\"SearchAction\",\"target\":{\"@type\":\"EntryPoint\",\"urlTemplate\":\"https:\/\/verdadeon.com.br\/portal\/?s={search_term_string}\"},\"query-input\":{\"@type\":\"PropertyValueSpecification\",\"valueRequired\":true,\"valueName\":\"search_term_string\"}}],\"inLanguage\":\"pt-BR\"},{\"@type\":\"Person\",\"@id\":\"https:\/\/verdadeon.com.br\/portal\/#\/schema\/person\/a5060ad1e9ea3df545188fc93ce43d2f\",\"name\":\"Redacao VerdadeOn\",\"image\":{\"@type\":\"ImageObject\",\"inLanguage\":\"pt-BR\",\"@id\":\"https:\/\/verdadeon.com.br\/portal\/#\/schema\/person\/image\/\",\"url\":\"https:\/\/secure.gravatar.com\/avatar\/459a9613caaaf07f582c3d0841eea68bdd66f533e465e6ba8b9cb45619572cf4?s=96&d=mm&r=g\",\"contentUrl\":\"https:\/\/secure.gravatar.com\/avatar\/459a9613caaaf07f582c3d0841eea68bdd66f533e465e6ba8b9cb45619572cf4?s=96&d=mm&r=g\",\"caption\":\"Redacao VerdadeOn\"},\"url\":\"https:\/\/verdadeon.com.br\/portal\/author\/redacao\/\"}]}<\/script>\n<!-- \/ Yoast SEO plugin. -->","yoast_head_json":{"title":"Sele\u00e7\u00e3o Brasileira realiza primeiro treino para amistosos na \u00c1sia - VerdadeOn","robots":{"index":"index","follow":"follow","max-snippet":"max-snippet:-1","max-image-preview":"max-image-preview:large","max-video-preview":"max-video-preview:-1"},"canonical":"https:\/\/verdadeon.com.br\/portal\/2025\/10\/06\/selecao-brasileira-realiza-primeiro-treino-para-amistosos-na-asia\/","og_locale":"pt_BR","og_type":"article","og_title":"Sele\u00e7\u00e3o Brasileira realiza primeiro treino para amistosos na \u00c1sia - VerdadeOn","og_description":"Atividade no Est\u00e1dio de Goyang teve dez atletas; Richarlison, Est\u00eav\u00e3o, Lucas Paquet\u00e1, Gabriel Martinelli, Hugo Souza e Gabriel Magalh\u00e3es se apresentaram A Sele\u00e7\u00e3o Brasileira realizou nesta [\u2026]","og_url":"https:\/\/verdadeon.com.br\/portal\/2025\/10\/06\/selecao-brasileira-realiza-primeiro-treino-para-amistosos-na-asia\/","og_site_name":"VerdadeOn","article_published_time":"2025-10-06T18:25:36+00:00","og_image":[{"width":2560,"height":1717,"url":"https:\/\/verdadeon.com.br\/portal\/wp-content\/uploads\/2025\/10\/54834889102_ef105377e3_o.jpg","type":"image\/jpeg"}],"author":"Redacao VerdadeOn","twitter_card":"summary_large_image","twitter_misc":{"Escrito por":"Redacao VerdadeOn","Est. tempo de leitura":"2 minutos"},"schema":{"@context":"https:\/\/schema.org","@graph":[{"@type":"WebPage","@id":"https:\/\/verdadeon.com.br\/portal\/2025\/10\/06\/selecao-brasileira-realiza-primeiro-treino-para-amistosos-na-asia\/","url":"https:\/\/verdadeon.com.br\/portal\/2025\/10\/06\/selecao-brasileira-realiza-primeiro-treino-para-amistosos-na-asia\/","name":"Sele\u00e7\u00e3o Brasileira realiza primeiro treino para amistosos na \u00c1sia - VerdadeOn","isPartOf":{"@id":"https:\/\/verdadeon.com.br\/portal\/#website"},"primaryImageOfPage":{"@id":"https:\/\/verdadeon.com.br\/portal\/2025\/10\/06\/selecao-brasileira-realiza-primeiro-treino-para-amistosos-na-asia\/#primaryimage"},"image":{"@id":"https:\/\/verdadeon.com.br\/portal\/2025\/10\/06\/selecao-brasileira-realiza-primeiro-treino-para-amistosos-na-asia\/#primaryimage"},"thumbnailUrl":"https:\/\/i0.wp.com\/verdadeon.com.br\/portal\/wp-content\/uploads\/2025\/10\/54834889102_ef105377e3_o.jpg?fit=2560%2C1717&ssl=1","datePublished":"2025-10-06T18:25:36+00:00","author":{"@id":"https:\/\/verdadeon.com.br\/portal\/#\/schema\/person\/a5060ad1e9ea3df545188fc93ce43d2f"},"breadcrumb":{"@id":"https:\/\/verdadeon.com.br\/portal\/2025\/10\/06\/selecao-brasileira-realiza-primeiro-treino-para-amistosos-na-asia\/#breadcrumb"},"inLanguage":"pt-BR","potentialAction":[{"@type":"ReadAction","target":["https:\/\/verdadeon.com.br\/portal\/2025\/10\/06\/selecao-brasileira-realiza-primeiro-treino-para-amistosos-na-asia\/"]}]},{"@type":"ImageObject","inLanguage":"pt-BR","@id":"https:\/\/verdadeon.com.br\/portal\/2025\/10\/06\/selecao-brasileira-realiza-primeiro-treino-para-amistosos-na-asia\/#primaryimage","url":"https:\/\/i0.wp.com\/verdadeon.com.br\/portal\/wp-content\/uploads\/2025\/10\/54834889102_ef105377e3_o.jpg?fit=2560%2C1717&ssl=1","contentUrl":"https:\/\/i0.wp.com\/verdadeon.com.br\/portal\/wp-content\/uploads\/2025\/10\/54834889102_ef105377e3_o.jpg?fit=2560%2C1717&ssl=1","width":2560,"height":1717,"caption":"Sele\u00e7\u00e3o realizou o primeiro treino para os amistosos na \u00c1sia com Coreia do Sul e Jap\u00e3o (\u00a9Rafael Ribeiro \/ CBF)"},{"@type":"BreadcrumbList","@id":"https:\/\/verdadeon.com.br\/portal\/2025\/10\/06\/selecao-brasileira-realiza-primeiro-treino-para-amistosos-na-asia\/#breadcrumb","itemListElement":[{"@type":"ListItem","position":1,"name":"In\u00edcio","item":"https:\/\/verdadeon.com.br\/portal\/"},{"@type":"ListItem","position":2,"name":"Sele\u00e7\u00e3o Brasileira realiza primeiro treino para amistosos na \u00c1sia"}]},{"@type":"WebSite","@id":"https:\/\/verdadeon.com.br\/portal\/#website","url":"https:\/\/verdadeon.com.br\/portal\/","name":"VerdadeOn","description":"Not\u00edcias di\u00e1rias sobre Franca, Regi\u00e3o, Esporte, Cultura, Cotidiano, Colunas. Cobertura nos principais eventos da cidade \u00e9 aqui - Verdadeon Franca","potentialAction":[{"@type":"SearchAction","target":{"@type":"EntryPoint","urlTemplate":"https:\/\/verdadeon.com.br\/portal\/?s={search_term_string}"},"query-input":{"@type":"PropertyValueSpecification","valueRequired":true,"valueName":"search_term_string"}}],"inLanguage":"pt-BR"},{"@type":"Person","@id":"https:\/\/verdadeon.com.br\/portal\/#\/schema\/person\/a5060ad1e9ea3df545188fc93ce43d2f","name":"Redacao VerdadeOn","image":{"@type":"ImageObject","inLanguage":"pt-BR","@id":"https:\/\/verdadeon.com.br\/portal\/#\/schema\/person\/image\/","url":"https:\/\/secure.gravatar.com\/avatar\/459a9613caaaf07f582c3d0841eea68bdd66f533e465e6ba8b9cb45619572cf4?s=96&d=mm&r=g","contentUrl":"https:\/\/secure.gravatar.com\/avatar\/459a9613caaaf07f582c3d0841eea68bdd66f533e465e6ba8b9cb45619572cf4?s=96&d=mm&r=g","caption":"Redacao VerdadeOn"},"url":"https:\/\/verdadeon.com.br\/portal\/author\/redacao\/"}]}},"jetpack_publicize_connections":[],"jetpack_featured_media_url":"https:\/\/i0.wp.com\/verdadeon.com.br\/portal\/wp-content\/uploads\/2025\/10\/54834889102_ef105377e3_o.jpg?fit=2560%2C1717&ssl=1","jetpack_sharing_enabled":true,"_links":{"self":[{"href":"https:\/\/verdadeon.com.br\/portal\/wp-json\/wp\/v2\/posts\/60546","targetHints":{"allow":["GET"]}}],"collection":[{"href":"https:\/\/verdadeon.com.br\/portal\/wp-json\/wp\/v2\/posts"}],"about":[{"href":"https:\/\/verdadeon.com.br\/portal\/wp-json\/wp\/v2\/types\/post"}],"author":[{"embeddable":true,"href":"https:\/\/verdadeon.com.br\/portal\/wp-json\/wp\/v2\/users\/10"}],"replies":[{"embeddable":true,"href":"https:\/\/verdadeon.com.br\/portal\/wp-json\/wp\/v2\/comments?post=60546"}],"version-history":[{"count":1,"href":"https:\/\/verdadeon.com.br\/portal\/wp-json\/wp\/v2\/posts\/60546\/revisions"}],"predecessor-version":[{"id":60548,"href":"https:\/\/verdadeon.com.br\/portal\/wp-json\/wp\/v2\/posts\/60546\/revisions\/60548"}],"wp:featuredmedia":[{"embeddable":true,"href":"https:\/\/verdadeon.com.br\/portal\/wp-json\/wp\/v2\/media\/60547"}],"wp:attachment":[{"href":"https:\/\/verdadeon.com.br\/portal\/wp-json\/wp\/v2\/media?parent=60546"}],"wp:term":[{"taxonomy":"category","embeddable":true,"href":"https:\/\/verdadeon.com.br\/portal\/wp-json\/wp\/v2\/categories?post=60546"},{"taxonomy":"post_tag","embeddable":true,"href":"https:\/\/verdadeon.com.br\/portal\/wp-json\/wp\/v2\/tags?post=60546"}],"curies":[{"name":"wp","href":"https:\/\/api.w.org\/{rel}","templated":true}]}}