{"id":60543,"date":"2025-10-06T14:21:55","date_gmt":"2025-10-06T17:21:55","guid":{"rendered":"https:\/\/verdadeon.com.br\/portal\/?p=60543"},"modified":"2025-10-06T14:21:55","modified_gmt":"2025-10-06T17:21:55","slug":"der-sp-inicia-operacao-especial-romaria-nossa-senhora-aparecida","status":"publish","type":"post","link":"https:\/\/verdadeon.com.br\/portal\/2025\/10\/06\/der-sp-inicia-operacao-especial-romaria-nossa-senhora-aparecida\/","title":{"rendered":"DER-SP inicia Opera\u00e7\u00e3o Especial Romaria Nossa Senhora Aparecida"},"content":{"rendered":"<div class=\"elementor-element elementor-element-4784657 elementor-widget__width-initial elementor-widget elementor-widget-theme-post-excerpt\" data-id=\"4784657\" data-element_type=\"widget\" data-widget_type=\"theme-post-excerpt.default\">\n<h2 class=\"elementor-widget-container\">A\u00e7\u00e3o ocorre at\u00e9 13 de outubro com 220 colaboradores, 55 ve\u00edculos de apoio, refor\u00e7o de sinaliza\u00e7\u00e3o e monitoramento 24h para garantir fluidez no tr\u00e1fego e seguran\u00e7a a romeiros e demais usu\u00e1rios<\/h2>\n<\/div>\n<div class=\"elementor-element elementor-element-2133f16 compartilhe e-con-full e-flex e-con e-child\" data-id=\"2133f16\" data-element_type=\"container\" data-settings=\"{&quot;_ha_eqh_enable&quot;:false}\">\n<div class=\"elementor-element elementor-element-a8be681 e-con-full e-flex e-con e-child\" data-id=\"a8be681\" data-element_type=\"container\" data-settings=\"{&quot;_ha_eqh_enable&quot;:false}\">\n<div class=\"elementor-element elementor-element-4b063fb elementor-widget elementor-widget-image\" data-id=\"4b063fb\" data-element_type=\"widget\" data-widget_type=\"image.default\">\n<p>O Departamento de Estradas de Rodagem do Estado de S\u00e3o Paulo (DER-SP), \u00f3rg\u00e3o vinculado \u00e0 Secretaria de Meio Ambiente, Infraestrutura e Log\u00edstica (Semil), realiza at\u00e9 13 de outubro a Opera\u00e7\u00e3o Romaria Nossa Senhora Aparecida 2025. A a\u00e7\u00e3o tem como objetivo garantir seguran\u00e7a vi\u00e1ria, fluidez no tr\u00e1fego e apoio ao grande n\u00famero de fi\u00e9is que seguem em dire\u00e7\u00e3o ao Santu\u00e1rio Nacional de Aparecida, com estimativa de mais de 280 mil ve\u00edculos nos principais trechos de acesso \u00e0 regi\u00e3o.<\/p>\n<p>A opera\u00e7\u00e3o contar\u00e1 com refor\u00e7o de sinaliza\u00e7\u00e3o, monitoramento cont\u00ednuo e equipes de apoio ao tr\u00e1fego. Para atender \u00e0 demanda, o DER-SP mobilizar\u00e1 220 colaboradores, distribu\u00eddos entre as unidades operacionais de Taubat\u00e9, S\u00e3o Paulo e efetivos extraordin\u00e1rios.<\/p>\n<p>Ser\u00e3o utilizados 55 ve\u00edculos operacionais, entre caminhonetes, picapes, guinchos leves e pesados, motos, vans, ve\u00edculos leves e um ve\u00edculo destinado \u00e0 captura de animais. A a\u00e7\u00e3o tamb\u00e9m contar\u00e1 com Pain\u00e9is de Mensagens Vari\u00e1veis (PMVs) instalados em pontos estrat\u00e9gicos, com informa\u00e7\u00f5es em tempo real sobre seguran\u00e7a, ocorr\u00eancias e orienta\u00e7\u00f5es aos condutores.<\/p>\n<p>\u201cA Opera\u00e7\u00e3o Romaria representa o compromisso do DER-SP com a seguran\u00e7a dos milhares de romeiros que se dirigem a Aparecida neste per\u00edodo e dos ve\u00edculos que circulam na regi\u00e3o. Atuaremos com planejamento e efetivo refor\u00e7ado para que o trajeto at\u00e9 o Santu\u00e1rio ocorra de forma segura, fluida e tranquila para todos os usu\u00e1rios das rodovias\u201d, afirma o presidente do DER-SP, Sergio Codelo.<\/p>\n<p>As equipes estar\u00e3o posicionadas ao longo das rodovias da regi\u00e3o para realizar inspe\u00e7\u00f5es, organizar o tr\u00e1fego e atender a eventuais ocorr\u00eancias. As atividades incluem refor\u00e7o de sinaliza\u00e7\u00e3o na SP-062, entre os km 101 e 172,8, e na SPA-099\/060, do km 0 ao km 4. O monitoramento ser\u00e1 intensificado especialmente na altura do km 166 da SP-062 e da SPA-099\/060, com PMVs posicionados nos km 159,8 e 186,05 da SP-062.<\/p>\n<p>O volume estimado de tr\u00e1fego \u00e9 de 55,4 mil ve\u00edculos na SP-046 (Rodovia Oswaldo Barbosa Guisardi), km 167; 103,3 mil na SP-052 (Rodovia Hamilton Vieira Mendes), km 215,6; e 122,3 mil na SP-123 (Rodovia Floriano Rodrigues Pinheiro).<\/p>\n<p>As equipes atuar\u00e3o prioritariamente nas rodovias que d\u00e3o acesso \u00e0 cidade de Aparecida, com inspe\u00e7\u00f5es e a\u00e7\u00f5es de organiza\u00e7\u00e3o do tr\u00e1fego nos seguintes trechos:<\/p>\n<p>SP-042: km 149,5 ao km 169,52<br \/>\nSP-046: km 151,2 ao km 167,1<br \/>\nSP-052: km 209,9 ao km 236,1<br \/>\nSP-058: km 201,8 ao km 242<br \/>\nSP-062: km 101 ao km 202,1<br \/>\nSP-123: km 0 ao km 46<br \/>\nSP-132: km 151 ao km 167,71<\/p>\n<p>A Opera\u00e7\u00e3o Romaria Nossa Senhora Aparecida 2025 integra o calend\u00e1rio anual do DER-SP de a\u00e7\u00f5es especiais em apoio a eventos, intensificando sinaliza\u00e7\u00e3o, monitoramento e suporte vi\u00e1rio para garantir a seguran\u00e7a de motoristas, pedestres e romeiros.<\/p>\n<p>Fonte: Ag\u00eancia SP<\/p>\n<\/div>\n<\/div>\n<\/div>\n","protected":false},"excerpt":{"rendered":"<p>A\u00e7\u00e3o ocorre at\u00e9 13 de outubro com 220 colaboradores, 55 ve\u00edculos de apoio, refor\u00e7o de sinaliza\u00e7\u00e3o e monitoramento 24h para garantir fluidez no tr\u00e1fego e seguran\u00e7a<span class=\"excerpt-hellip\"> [\u2026]<\/span><\/p>\n","protected":false},"author":10,"featured_media":60544,"comment_status":"open","ping_status":"open","sticky":false,"template":"","format":"standard","meta":{"_jetpack_memberships_contains_paid_content":false,"footnotes":"","jetpack_publicize_message":"","jetpack_publicize_feature_enabled":true,"jetpack_social_post_already_shared":true,"jetpack_social_options":{"image_generator_settings":{"template":"highway","default_image_id":0,"enabled":false},"version":2}},"categories":[28,44],"tags":[],"class_list":["post-60543","post","type-post","status-publish","format-standard","has-post-thumbnail","hentry","category-cotidiano","category-noticias"],"yoast_head":"<!-- This site is optimized with the Yoast SEO plugin v25.6 - https:\/\/yoast.com\/wordpress\/plugins\/seo\/ -->\n<title>DER-SP inicia Opera\u00e7\u00e3o Especial Romaria Nossa Senhora Aparecida - VerdadeOn<\/title>\n<meta name=\"robots\" content=\"index, follow, max-snippet:-1, max-image-preview:large, max-video-preview:-1\" \/>\n<link rel=\"canonical\" href=\"https:\/\/verdadeon.com.br\/portal\/2025\/10\/06\/der-sp-inicia-operacao-especial-romaria-nossa-senhora-aparecida\/\" \/>\n<meta property=\"og:locale\" content=\"pt_BR\" \/>\n<meta property=\"og:type\" content=\"article\" \/>\n<meta property=\"og:title\" content=\"DER-SP inicia Opera\u00e7\u00e3o Especial Romaria Nossa Senhora Aparecida - VerdadeOn\" \/>\n<meta property=\"og:description\" content=\"A\u00e7\u00e3o ocorre at\u00e9 13 de outubro com 220 colaboradores, 55 ve\u00edculos de apoio, refor\u00e7o de sinaliza\u00e7\u00e3o e monitoramento 24h para garantir fluidez no tr\u00e1fego e seguran\u00e7a [\u2026]\" \/>\n<meta property=\"og:url\" content=\"https:\/\/verdadeon.com.br\/portal\/2025\/10\/06\/der-sp-inicia-operacao-especial-romaria-nossa-senhora-aparecida\/\" \/>\n<meta property=\"og:site_name\" content=\"VerdadeOn\" \/>\n<meta property=\"article:published_time\" content=\"2025-10-06T17:21:55+00:00\" \/>\n<meta property=\"og:image\" content=\"https:\/\/verdadeon.com.br\/portal\/wp-content\/uploads\/2025\/10\/Operacao-Especial-DER-SP-1024x576-1.jpg\" \/>\n\t<meta property=\"og:image:width\" content=\"1024\" \/>\n\t<meta property=\"og:image:height\" content=\"576\" \/>\n\t<meta property=\"og:image:type\" content=\"image\/jpeg\" \/>\n<meta name=\"author\" content=\"Redacao VerdadeOn\" \/>\n<meta name=\"twitter:card\" content=\"summary_large_image\" \/>\n<meta name=\"twitter:label1\" content=\"Escrito por\" \/>\n\t<meta name=\"twitter:data1\" content=\"Redacao VerdadeOn\" \/>\n\t<meta name=\"twitter:label2\" content=\"Est. tempo de leitura\" \/>\n\t<meta name=\"twitter:data2\" content=\"3 minutos\" \/>\n<script type=\"application\/ld+json\" class=\"yoast-schema-graph\">{\"@context\":\"https:\/\/schema.org\",\"@graph\":[{\"@type\":\"WebPage\",\"@id\":\"https:\/\/verdadeon.com.br\/portal\/2025\/10\/06\/der-sp-inicia-operacao-especial-romaria-nossa-senhora-aparecida\/\",\"url\":\"https:\/\/verdadeon.com.br\/portal\/2025\/10\/06\/der-sp-inicia-operacao-especial-romaria-nossa-senhora-aparecida\/\",\"name\":\"DER-SP inicia Opera\u00e7\u00e3o Especial Romaria Nossa Senhora Aparecida - VerdadeOn\",\"isPartOf\":{\"@id\":\"https:\/\/verdadeon.com.br\/portal\/#website\"},\"primaryImageOfPage\":{\"@id\":\"https:\/\/verdadeon.com.br\/portal\/2025\/10\/06\/der-sp-inicia-operacao-especial-romaria-nossa-senhora-aparecida\/#primaryimage\"},\"image\":{\"@id\":\"https:\/\/verdadeon.com.br\/portal\/2025\/10\/06\/der-sp-inicia-operacao-especial-romaria-nossa-senhora-aparecida\/#primaryimage\"},\"thumbnailUrl\":\"https:\/\/i0.wp.com\/verdadeon.com.br\/portal\/wp-content\/uploads\/2025\/10\/Operacao-Especial-DER-SP-1024x576-1.jpg?fit=1024%2C576&ssl=1\",\"datePublished\":\"2025-10-06T17:21:55+00:00\",\"author\":{\"@id\":\"https:\/\/verdadeon.com.br\/portal\/#\/schema\/person\/a5060ad1e9ea3df545188fc93ce43d2f\"},\"breadcrumb\":{\"@id\":\"https:\/\/verdadeon.com.br\/portal\/2025\/10\/06\/der-sp-inicia-operacao-especial-romaria-nossa-senhora-aparecida\/#breadcrumb\"},\"inLanguage\":\"pt-BR\",\"potentialAction\":[{\"@type\":\"ReadAction\",\"target\":[\"https:\/\/verdadeon.com.br\/portal\/2025\/10\/06\/der-sp-inicia-operacao-especial-romaria-nossa-senhora-aparecida\/\"]}]},{\"@type\":\"ImageObject\",\"inLanguage\":\"pt-BR\",\"@id\":\"https:\/\/verdadeon.com.br\/portal\/2025\/10\/06\/der-sp-inicia-operacao-especial-romaria-nossa-senhora-aparecida\/#primaryimage\",\"url\":\"https:\/\/i0.wp.com\/verdadeon.com.br\/portal\/wp-content\/uploads\/2025\/10\/Operacao-Especial-DER-SP-1024x576-1.jpg?fit=1024%2C576&ssl=1\",\"contentUrl\":\"https:\/\/i0.wp.com\/verdadeon.com.br\/portal\/wp-content\/uploads\/2025\/10\/Operacao-Especial-DER-SP-1024x576-1.jpg?fit=1024%2C576&ssl=1\",\"width\":1024,\"height\":576,\"caption\":\"As equipes estar\u00e3o posicionadas ao longo das rodovias da regi\u00e3o para realizar inspe\u00e7\u00f5es, organizar o tr\u00e1fego e atender a eventuais ocorr\u00eancias (\u00a9Divulga\u00e7\u00e3o)\"},{\"@type\":\"BreadcrumbList\",\"@id\":\"https:\/\/verdadeon.com.br\/portal\/2025\/10\/06\/der-sp-inicia-operacao-especial-romaria-nossa-senhora-aparecida\/#breadcrumb\",\"itemListElement\":[{\"@type\":\"ListItem\",\"position\":1,\"name\":\"In\u00edcio\",\"item\":\"https:\/\/verdadeon.com.br\/portal\/\"},{\"@type\":\"ListItem\",\"position\":2,\"name\":\"DER-SP inicia Opera\u00e7\u00e3o Especial Romaria Nossa Senhora Aparecida\"}]},{\"@type\":\"WebSite\",\"@id\":\"https:\/\/verdadeon.com.br\/portal\/#website\",\"url\":\"https:\/\/verdadeon.com.br\/portal\/\",\"name\":\"VerdadeOn\",\"description\":\"Not\u00edcias di\u00e1rias sobre Franca, Regi\u00e3o, Esporte, Cultura, Cotidiano, Colunas. Cobertura nos principais eventos da cidade \u00e9 aqui - Verdadeon Franca\",\"potentialAction\":[{\"@type\":\"SearchAction\",\"target\":{\"@type\":\"EntryPoint\",\"urlTemplate\":\"https:\/\/verdadeon.com.br\/portal\/?s={search_term_string}\"},\"query-input\":{\"@type\":\"PropertyValueSpecification\",\"valueRequired\":true,\"valueName\":\"search_term_string\"}}],\"inLanguage\":\"pt-BR\"},{\"@type\":\"Person\",\"@id\":\"https:\/\/verdadeon.com.br\/portal\/#\/schema\/person\/a5060ad1e9ea3df545188fc93ce43d2f\",\"name\":\"Redacao VerdadeOn\",\"image\":{\"@type\":\"ImageObject\",\"inLanguage\":\"pt-BR\",\"@id\":\"https:\/\/verdadeon.com.br\/portal\/#\/schema\/person\/image\/\",\"url\":\"https:\/\/secure.gravatar.com\/avatar\/459a9613caaaf07f582c3d0841eea68bdd66f533e465e6ba8b9cb45619572cf4?s=96&d=mm&r=g\",\"contentUrl\":\"https:\/\/secure.gravatar.com\/avatar\/459a9613caaaf07f582c3d0841eea68bdd66f533e465e6ba8b9cb45619572cf4?s=96&d=mm&r=g\",\"caption\":\"Redacao VerdadeOn\"},\"url\":\"https:\/\/verdadeon.com.br\/portal\/author\/redacao\/\"}]}<\/script>\n<!-- \/ Yoast SEO plugin. -->","yoast_head_json":{"title":"DER-SP inicia Opera\u00e7\u00e3o Especial Romaria Nossa Senhora Aparecida - VerdadeOn","robots":{"index":"index","follow":"follow","max-snippet":"max-snippet:-1","max-image-preview":"max-image-preview:large","max-video-preview":"max-video-preview:-1"},"canonical":"https:\/\/verdadeon.com.br\/portal\/2025\/10\/06\/der-sp-inicia-operacao-especial-romaria-nossa-senhora-aparecida\/","og_locale":"pt_BR","og_type":"article","og_title":"DER-SP inicia Opera\u00e7\u00e3o Especial Romaria Nossa Senhora Aparecida - VerdadeOn","og_description":"A\u00e7\u00e3o ocorre at\u00e9 13 de outubro com 220 colaboradores, 55 ve\u00edculos de apoio, refor\u00e7o de sinaliza\u00e7\u00e3o e monitoramento 24h para garantir fluidez no tr\u00e1fego e seguran\u00e7a [\u2026]","og_url":"https:\/\/verdadeon.com.br\/portal\/2025\/10\/06\/der-sp-inicia-operacao-especial-romaria-nossa-senhora-aparecida\/","og_site_name":"VerdadeOn","article_published_time":"2025-10-06T17:21:55+00:00","og_image":[{"width":1024,"height":576,"url":"https:\/\/verdadeon.com.br\/portal\/wp-content\/uploads\/2025\/10\/Operacao-Especial-DER-SP-1024x576-1.jpg","type":"image\/jpeg"}],"author":"Redacao VerdadeOn","twitter_card":"summary_large_image","twitter_misc":{"Escrito por":"Redacao VerdadeOn","Est. tempo de leitura":"3 minutos"},"schema":{"@context":"https:\/\/schema.org","@graph":[{"@type":"WebPage","@id":"https:\/\/verdadeon.com.br\/portal\/2025\/10\/06\/der-sp-inicia-operacao-especial-romaria-nossa-senhora-aparecida\/","url":"https:\/\/verdadeon.com.br\/portal\/2025\/10\/06\/der-sp-inicia-operacao-especial-romaria-nossa-senhora-aparecida\/","name":"DER-SP inicia Opera\u00e7\u00e3o Especial Romaria Nossa Senhora Aparecida - VerdadeOn","isPartOf":{"@id":"https:\/\/verdadeon.com.br\/portal\/#website"},"primaryImageOfPage":{"@id":"https:\/\/verdadeon.com.br\/portal\/2025\/10\/06\/der-sp-inicia-operacao-especial-romaria-nossa-senhora-aparecida\/#primaryimage"},"image":{"@id":"https:\/\/verdadeon.com.br\/portal\/2025\/10\/06\/der-sp-inicia-operacao-especial-romaria-nossa-senhora-aparecida\/#primaryimage"},"thumbnailUrl":"https:\/\/i0.wp.com\/verdadeon.com.br\/portal\/wp-content\/uploads\/2025\/10\/Operacao-Especial-DER-SP-1024x576-1.jpg?fit=1024%2C576&ssl=1","datePublished":"2025-10-06T17:21:55+00:00","author":{"@id":"https:\/\/verdadeon.com.br\/portal\/#\/schema\/person\/a5060ad1e9ea3df545188fc93ce43d2f"},"breadcrumb":{"@id":"https:\/\/verdadeon.com.br\/portal\/2025\/10\/06\/der-sp-inicia-operacao-especial-romaria-nossa-senhora-aparecida\/#breadcrumb"},"inLanguage":"pt-BR","potentialAction":[{"@type":"ReadAction","target":["https:\/\/verdadeon.com.br\/portal\/2025\/10\/06\/der-sp-inicia-operacao-especial-romaria-nossa-senhora-aparecida\/"]}]},{"@type":"ImageObject","inLanguage":"pt-BR","@id":"https:\/\/verdadeon.com.br\/portal\/2025\/10\/06\/der-sp-inicia-operacao-especial-romaria-nossa-senhora-aparecida\/#primaryimage","url":"https:\/\/i0.wp.com\/verdadeon.com.br\/portal\/wp-content\/uploads\/2025\/10\/Operacao-Especial-DER-SP-1024x576-1.jpg?fit=1024%2C576&ssl=1","contentUrl":"https:\/\/i0.wp.com\/verdadeon.com.br\/portal\/wp-content\/uploads\/2025\/10\/Operacao-Especial-DER-SP-1024x576-1.jpg?fit=1024%2C576&ssl=1","width":1024,"height":576,"caption":"As equipes estar\u00e3o posicionadas ao longo das rodovias da regi\u00e3o para realizar inspe\u00e7\u00f5es, organizar o tr\u00e1fego e atender a eventuais ocorr\u00eancias (\u00a9Divulga\u00e7\u00e3o)"},{"@type":"BreadcrumbList","@id":"https:\/\/verdadeon.com.br\/portal\/2025\/10\/06\/der-sp-inicia-operacao-especial-romaria-nossa-senhora-aparecida\/#breadcrumb","itemListElement":[{"@type":"ListItem","position":1,"name":"In\u00edcio","item":"https:\/\/verdadeon.com.br\/portal\/"},{"@type":"ListItem","position":2,"name":"DER-SP inicia Opera\u00e7\u00e3o Especial Romaria Nossa Senhora Aparecida"}]},{"@type":"WebSite","@id":"https:\/\/verdadeon.com.br\/portal\/#website","url":"https:\/\/verdadeon.com.br\/portal\/","name":"VerdadeOn","description":"Not\u00edcias di\u00e1rias sobre Franca, Regi\u00e3o, Esporte, Cultura, Cotidiano, Colunas. Cobertura nos principais eventos da cidade \u00e9 aqui - Verdadeon Franca","potentialAction":[{"@type":"SearchAction","target":{"@type":"EntryPoint","urlTemplate":"https:\/\/verdadeon.com.br\/portal\/?s={search_term_string}"},"query-input":{"@type":"PropertyValueSpecification","valueRequired":true,"valueName":"search_term_string"}}],"inLanguage":"pt-BR"},{"@type":"Person","@id":"https:\/\/verdadeon.com.br\/portal\/#\/schema\/person\/a5060ad1e9ea3df545188fc93ce43d2f","name":"Redacao VerdadeOn","image":{"@type":"ImageObject","inLanguage":"pt-BR","@id":"https:\/\/verdadeon.com.br\/portal\/#\/schema\/person\/image\/","url":"https:\/\/secure.gravatar.com\/avatar\/459a9613caaaf07f582c3d0841eea68bdd66f533e465e6ba8b9cb45619572cf4?s=96&d=mm&r=g","contentUrl":"https:\/\/secure.gravatar.com\/avatar\/459a9613caaaf07f582c3d0841eea68bdd66f533e465e6ba8b9cb45619572cf4?s=96&d=mm&r=g","caption":"Redacao VerdadeOn"},"url":"https:\/\/verdadeon.com.br\/portal\/author\/redacao\/"}]}},"jetpack_publicize_connections":[],"jetpack_featured_media_url":"https:\/\/i0.wp.com\/verdadeon.com.br\/portal\/wp-content\/uploads\/2025\/10\/Operacao-Especial-DER-SP-1024x576-1.jpg?fit=1024%2C576&ssl=1","jetpack_sharing_enabled":true,"_links":{"self":[{"href":"https:\/\/verdadeon.com.br\/portal\/wp-json\/wp\/v2\/posts\/60543","targetHints":{"allow":["GET"]}}],"collection":[{"href":"https:\/\/verdadeon.com.br\/portal\/wp-json\/wp\/v2\/posts"}],"about":[{"href":"https:\/\/verdadeon.com.br\/portal\/wp-json\/wp\/v2\/types\/post"}],"author":[{"embeddable":true,"href":"https:\/\/verdadeon.com.br\/portal\/wp-json\/wp\/v2\/users\/10"}],"replies":[{"embeddable":true,"href":"https:\/\/verdadeon.com.br\/portal\/wp-json\/wp\/v2\/comments?post=60543"}],"version-history":[{"count":1,"href":"https:\/\/verdadeon.com.br\/portal\/wp-json\/wp\/v2\/posts\/60543\/revisions"}],"predecessor-version":[{"id":60545,"href":"https:\/\/verdadeon.com.br\/portal\/wp-json\/wp\/v2\/posts\/60543\/revisions\/60545"}],"wp:featuredmedia":[{"embeddable":true,"href":"https:\/\/verdadeon.com.br\/portal\/wp-json\/wp\/v2\/media\/60544"}],"wp:attachment":[{"href":"https:\/\/verdadeon.com.br\/portal\/wp-json\/wp\/v2\/media?parent=60543"}],"wp:term":[{"taxonomy":"category","embeddable":true,"href":"https:\/\/verdadeon.com.br\/portal\/wp-json\/wp\/v2\/categories?post=60543"},{"taxonomy":"post_tag","embeddable":true,"href":"https:\/\/verdadeon.com.br\/portal\/wp-json\/wp\/v2\/tags?post=60543"}],"curies":[{"name":"wp","href":"https:\/\/api.w.org\/{rel}","templated":true}]}}