{"id":60518,"date":"2025-10-07T00:01:50","date_gmt":"2025-10-07T03:01:50","guid":{"rendered":"https:\/\/verdadeon.com.br\/portal\/?p=60518"},"modified":"2025-10-04T17:21:48","modified_gmt":"2025-10-04T20:21:48","slug":"edital-de-leilao-07-10-2025","status":"publish","type":"post","link":"https:\/\/verdadeon.com.br\/portal\/2025\/10\/07\/edital-de-leilao-07-10-2025\/","title":{"rendered":"EDITAL DE LEIL\u00c3O &#8211; 07-10-2025"},"content":{"rendered":"<p style=\"text-align: center;\"><strong><em>LEIL\u00c3O EXTRAJUDICIAL PARTICULAR<\/em><\/strong><\/p>\n<p><strong><u>MOUZAR BASTON FILHO<\/u><\/strong><strong>,<\/strong> Leiloeiro P\u00fablico Oficial inscrito na <strong>JUCESP n\u00ba 821<\/strong>, com escrit\u00f3rio na Avenida Paulo VI, n\u00ba 612, Residencial Para\u00edso, na cidade de Franca\/SP, CEP: 14403-143, devidamente autorizado pela <strong>COOPERATIVA DE CR\u00c9DITO SICOOB <\/strong><strong>3 COLINAS<\/strong>, inscrita no CNPJ sob n\u00ba 04.013.172\/0001-50, com sede na Avenida Paulo VI, n\u00ba 733, Jardim Alvorada, CEP: 14403-138, em Franca\/SP, nos termos do presente Edital de Leil\u00e3o levar\u00e1 a <strong>P\u00daBLICO O LEIL\u00c3O<\/strong> na modalidade Eletr\u00f4nica (<em>online<\/em>), atrav\u00e9s do <em>website <\/em><a href=\"http:\/\/www.bastonleiloes.com.br\">www.bastonleiloes.com.br<\/a>, com o <strong>LEIL\u00c3O<\/strong> encerrando-se no dia <strong><u>17 DE OUTUBRO DE 2025, \u00e0s 14:00 horas (hor\u00e1rio de Bras\u00edlia)<\/u>, <\/strong>lances que ser\u00e3o recebidos na qualidade de <strong>CONDICIONAL<\/strong>, ficando a crit\u00e9rio exclusivo do VENDEDOR seu aceite e consequente homologa\u00e7\u00e3o, com prazo m\u00e1ximo de resposta de 2 (dois) dias \u00fateis, dos seguintes LOTES abaixo descritos: <strong><u>LOTE 01<\/u>: <\/strong><strong>Um im\u00f3vel (RESIDENCIAL), situado na cidade de Franca\/SP, na Rua Domingas Scarabucci Teixeira n\u00ba 1549, Vila Teixeira, em Franca\/SP. O im\u00f3vel possui 239,20m<sup>2<\/sup> de \u00e1rea das benfeitorias de 161.00 m\u00b2. Caracter\u00edsticas do Im\u00f3vel (conforme avalia\u00e7\u00e3o): O im\u00f3vel \u00e9 todo murado com garagem para v\u00e1rios carros, com port\u00e3o todo fechado e basculante eletr\u00f4nico, duas salas, sala\/recep\u00e7\u00e3o, copa-cozinha e banheiro social. O fundo possui varanda\/churrasqueira e ampla \u00e1rea livre gramada e com jardim. O im\u00f3vel encontra-se reformado, com ampla garagem constru\u00edda na lateral, com \u00f3timo madeiramento, bom estado de conserva\u00e7\u00e3o e de estrutura construtiva. Im\u00f3vel topograficamente plano, com m\u00e9dio\/alto fluxo de ve\u00edculos e pedestres, a 30 metros da Av. Presidente Vargas, entre a Pizzaria Cascata e a loja Chok Doce. Contribuinte n\u00ba 3.11.06.012.03.01. <u>Este bem im\u00f3vel est\u00e1 matriculado sob o n\u00ba 30.221, Livro n\u00ba 02, Registro Geral do 1\u00b0 Cart\u00f3rio de Registro de Im\u00f3veis e Anexos da Comarca de Franca\/SP.<\/u> <\/strong><strong>LOTE 01: <\/strong>Lance inicial a partir de <strong>R$\u00a0514.131,07 (quinhentos e quatorze mil reais cento e trinta e um mil e sete centavos).<\/strong><strong><u>LOTE 02: <\/u><\/strong>\u00a0<strong>Um im\u00f3vel comercial situado na Rua Batatais, n\u00ba 1.038 e n\u00b0 1.050, bairro centro, em cidade de Franca\/SP, com \u00e1rea constru\u00edda de 627,40 m\u00b2. Constata-se que, embora as matr\u00edculas dos terrenos avaliados permane\u00e7am individualizadas, as benfeitorias foram edificadas de forma integrada, resultando em um \u00fanico pr\u00e9dio comercial que ocupa a totalidade da \u00e1rea, caracterizando o uso unificado dos im\u00f3veis, conforme demonstra a planta do im\u00f3vel anexada ao presente laudo. Dessa forma, o bem n\u00e3o pode ser objeto de comercializa\u00e7\u00e3o separada. O im\u00f3vel apresenta um \u00f3timo estado de conserva\u00e7\u00e3o e de estrutura construtiva. \u00c1rea do terreno \u00e9 de 695,75 m\u00b2. Cadastro Municipal: Cadastro: 01211060190900. <u>O bem im\u00f3vel est\u00e1 matriculado sob os n\u00fameros 3.532 e 4.045, ambos do Livro n\u00ba 02, Registro Geral do Cart\u00f3rio do 1\u00ba Of\u00edcio de Registros de Im\u00f3veis da Comarca de Franca\/SP<\/u>. <\/strong><strong>LOTE 02: <\/strong>Lance inicial a partir de <strong>R$\u00a01.719.716,48 (um milh\u00e3o setecentos e dezenove mil setecentos e dezesseis reais e quarenta e oito centavos). <\/strong><strong><u>VISITA\u00c7\u00c3O<\/u><\/strong><strong>:<\/strong> Os bens im\u00f3veis poder\u00e3o serem visitados mediante pr\u00e9vio agendamento pelos interessados. Os agendamentos poder\u00e3o ser realizados atrav\u00e9s do e-mail <a href=\"mailto:sac.bastonleiloes@gmail.com\">sac.bastonleiloes@gmail.com<\/a> ou por meio do nosso canal de atendimento do Leiloeiro 0800 942 1316.<strong>OBSERVA\u00c7\u00d5ES:<\/strong>Os im\u00f3veis est\u00e3o desocupados. O leil\u00e3o ser\u00e1 realizado na modalidade eletr\u00f4nica, <em>online,<\/em> somente, n\u00e3o sendo permitida qualquer outra forma de apresentar lances ou propostas, as quais ser\u00e3o inseridas no sistema de maneira digital;Todos os hor\u00e1rios previstos no presente Edital, constantes do <em>website<\/em> do corretor, cat\u00e1logos ou em qualquer outro ve\u00edculo de comunica\u00e7\u00e3o, s\u00e3o considerados o hor\u00e1rio oficial de Bras\u00edlia\/DF;A partir da publica\u00e7\u00e3o do presente Edital, em resumo, ser\u00e1 poss\u00edvel a oferta de lances no <em>website<\/em> do corretor, esta publica\u00e7\u00e3o poder\u00e1 se dar apenas na rede mundial de computadores (<em>internet), <\/em>nos termos do artigo 887 do CPC, sem necessidade de publica\u00e7\u00e3o em jornais impressos;<strong><u> As propostas apresentadas ser\u00e3o recebidas na modalidade de lance condicional, ficando sua efic\u00e1cia condicionada \u00e0 aceita\u00e7\u00e3o expressa pela Cooperativa, a qual ter\u00e1 o prazo m\u00e1ximo de 2 (dois) dias \u00fateis para manifesta\u00e7\u00e3o.<\/u>1.1.<\/strong> Para participa\u00e7\u00e3o no leil\u00e3o na modalidade eletr\u00f4nica (<em>online<\/em>), ser\u00e1 necess\u00e1ria habilita\u00e7\u00e3o pr\u00e9via, que se dar\u00e1 diretamente no <em>website<\/em> do leiloeiro <a href=\"http:\/\/www.bastonleiloes.com.br\">www.bastonleiloes.com.br<\/a>, at\u00e9 01 horas antes da realiza\u00e7\u00e3o do leil\u00e3o. Contudo n\u00e3o responder\u00e1 o COMITENTE\/PROPRIET\u00c1RIO, nem o LEILOEIRO P\u00daBLICO OFICIAL pelo eventual n\u00e3o recebimento de proposta e\/ou por qualquer falha de comunica\u00e7\u00e3o eletr\u00f4nica, podendo o certame ser suspenso caso seja detectada qualquer anomalia t\u00e9cnica, que ser\u00e1 devidamente informada e reduzida a termo, ficando automaticamente prorrogado o encerramento do leil\u00e3o para o mesmo hor\u00e1rio do dia imediatamente subsequente, desde que superadas as anomalias t\u00e9cnicas. Acesso o edital na integra no site www.bastonleiloes.com.br.<\/p>\n<p style=\"text-align: center;\"><strong>MOUZAR BASTON FILHO<\/strong><\/p>\n<p style=\"text-align: center;\"><strong>LEILOEIRO P\u00daBLICO OFICIAL <\/strong><\/p>\n<p style=\"text-align: center;\"><strong>JUCESP n\u00ba 821<\/strong><\/p>\n","protected":false},"excerpt":{"rendered":"<p>LEIL\u00c3O EXTRAJUDICIAL PARTICULAR MOUZAR BASTON FILHO, Leiloeiro P\u00fablico Oficial inscrito na JUCESP n\u00ba 821, com escrit\u00f3rio na Avenida Paulo VI, n\u00ba 612, Residencial Para\u00edso, na cidade<span class=\"excerpt-hellip\"> [\u2026]<\/span><\/p>\n","protected":false},"author":10,"featured_media":0,"comment_status":"open","ping_status":"open","sticky":false,"template":"","format":"standard","meta":{"_jetpack_memberships_contains_paid_content":false,"footnotes":"","jetpack_publicize_message":"","jetpack_publicize_feature_enabled":true,"jetpack_social_post_already_shared":true,"jetpack_social_options":{"image_generator_settings":{"template":"highway","default_image_id":0,"enabled":false},"version":2}},"categories":[122],"tags":[],"class_list":["post-60518","post","type-post","status-publish","format-standard","hentry","category-editais"],"yoast_head":"<!-- This site is optimized with the Yoast SEO plugin v25.6 - https:\/\/yoast.com\/wordpress\/plugins\/seo\/ -->\n<title>EDITAL DE LEIL\u00c3O - 07-10-2025 - VerdadeOn<\/title>\n<meta name=\"robots\" content=\"index, follow, max-snippet:-1, max-image-preview:large, max-video-preview:-1\" \/>\n<link rel=\"canonical\" href=\"https:\/\/verdadeon.com.br\/portal\/2025\/10\/07\/edital-de-leilao-07-10-2025\/\" \/>\n<meta property=\"og:locale\" content=\"pt_BR\" \/>\n<meta property=\"og:type\" content=\"article\" \/>\n<meta property=\"og:title\" content=\"EDITAL DE LEIL\u00c3O - 07-10-2025 - VerdadeOn\" \/>\n<meta property=\"og:description\" content=\"LEIL\u00c3O EXTRAJUDICIAL PARTICULAR MOUZAR BASTON FILHO, Leiloeiro P\u00fablico Oficial inscrito na JUCESP n\u00ba 821, com escrit\u00f3rio na Avenida Paulo VI, n\u00ba 612, Residencial Para\u00edso, na cidade [\u2026]\" \/>\n<meta property=\"og:url\" content=\"https:\/\/verdadeon.com.br\/portal\/2025\/10\/07\/edital-de-leilao-07-10-2025\/\" \/>\n<meta property=\"og:site_name\" content=\"VerdadeOn\" \/>\n<meta property=\"article:published_time\" content=\"2025-10-07T03:01:50+00:00\" \/>\n<meta name=\"author\" content=\"Redacao VerdadeOn\" \/>\n<meta name=\"twitter:card\" content=\"summary_large_image\" \/>\n<meta name=\"twitter:label1\" content=\"Escrito por\" \/>\n\t<meta name=\"twitter:data1\" content=\"Redacao VerdadeOn\" \/>\n\t<meta name=\"twitter:label2\" content=\"Est. tempo de leitura\" \/>\n\t<meta name=\"twitter:data2\" content=\"5 minutos\" \/>\n<script type=\"application\/ld+json\" class=\"yoast-schema-graph\">{\"@context\":\"https:\/\/schema.org\",\"@graph\":[{\"@type\":\"WebPage\",\"@id\":\"https:\/\/verdadeon.com.br\/portal\/2025\/10\/07\/edital-de-leilao-07-10-2025\/\",\"url\":\"https:\/\/verdadeon.com.br\/portal\/2025\/10\/07\/edital-de-leilao-07-10-2025\/\",\"name\":\"EDITAL DE LEIL\u00c3O - 07-10-2025 - VerdadeOn\",\"isPartOf\":{\"@id\":\"https:\/\/verdadeon.com.br\/portal\/#website\"},\"datePublished\":\"2025-10-07T03:01:50+00:00\",\"author\":{\"@id\":\"https:\/\/verdadeon.com.br\/portal\/#\/schema\/person\/a5060ad1e9ea3df545188fc93ce43d2f\"},\"breadcrumb\":{\"@id\":\"https:\/\/verdadeon.com.br\/portal\/2025\/10\/07\/edital-de-leilao-07-10-2025\/#breadcrumb\"},\"inLanguage\":\"pt-BR\",\"potentialAction\":[{\"@type\":\"ReadAction\",\"target\":[\"https:\/\/verdadeon.com.br\/portal\/2025\/10\/07\/edital-de-leilao-07-10-2025\/\"]}]},{\"@type\":\"BreadcrumbList\",\"@id\":\"https:\/\/verdadeon.com.br\/portal\/2025\/10\/07\/edital-de-leilao-07-10-2025\/#breadcrumb\",\"itemListElement\":[{\"@type\":\"ListItem\",\"position\":1,\"name\":\"In\u00edcio\",\"item\":\"https:\/\/verdadeon.com.br\/portal\/\"},{\"@type\":\"ListItem\",\"position\":2,\"name\":\"EDITAL DE LEIL\u00c3O &#8211; 07-10-2025\"}]},{\"@type\":\"WebSite\",\"@id\":\"https:\/\/verdadeon.com.br\/portal\/#website\",\"url\":\"https:\/\/verdadeon.com.br\/portal\/\",\"name\":\"VerdadeOn\",\"description\":\"Not\u00edcias di\u00e1rias sobre Franca, Regi\u00e3o, Esporte, Cultura, Cotidiano, Colunas. Cobertura nos principais eventos da cidade \u00e9 aqui - Verdadeon Franca\",\"potentialAction\":[{\"@type\":\"SearchAction\",\"target\":{\"@type\":\"EntryPoint\",\"urlTemplate\":\"https:\/\/verdadeon.com.br\/portal\/?s={search_term_string}\"},\"query-input\":{\"@type\":\"PropertyValueSpecification\",\"valueRequired\":true,\"valueName\":\"search_term_string\"}}],\"inLanguage\":\"pt-BR\"},{\"@type\":\"Person\",\"@id\":\"https:\/\/verdadeon.com.br\/portal\/#\/schema\/person\/a5060ad1e9ea3df545188fc93ce43d2f\",\"name\":\"Redacao VerdadeOn\",\"image\":{\"@type\":\"ImageObject\",\"inLanguage\":\"pt-BR\",\"@id\":\"https:\/\/verdadeon.com.br\/portal\/#\/schema\/person\/image\/\",\"url\":\"https:\/\/secure.gravatar.com\/avatar\/459a9613caaaf07f582c3d0841eea68bdd66f533e465e6ba8b9cb45619572cf4?s=96&d=mm&r=g\",\"contentUrl\":\"https:\/\/secure.gravatar.com\/avatar\/459a9613caaaf07f582c3d0841eea68bdd66f533e465e6ba8b9cb45619572cf4?s=96&d=mm&r=g\",\"caption\":\"Redacao VerdadeOn\"},\"url\":\"https:\/\/verdadeon.com.br\/portal\/author\/redacao\/\"}]}<\/script>\n<!-- \/ Yoast SEO plugin. -->","yoast_head_json":{"title":"EDITAL DE LEIL\u00c3O - 07-10-2025 - VerdadeOn","robots":{"index":"index","follow":"follow","max-snippet":"max-snippet:-1","max-image-preview":"max-image-preview:large","max-video-preview":"max-video-preview:-1"},"canonical":"https:\/\/verdadeon.com.br\/portal\/2025\/10\/07\/edital-de-leilao-07-10-2025\/","og_locale":"pt_BR","og_type":"article","og_title":"EDITAL DE LEIL\u00c3O - 07-10-2025 - VerdadeOn","og_description":"LEIL\u00c3O EXTRAJUDICIAL PARTICULAR MOUZAR BASTON FILHO, Leiloeiro P\u00fablico Oficial inscrito na JUCESP n\u00ba 821, com escrit\u00f3rio na Avenida Paulo VI, n\u00ba 612, Residencial Para\u00edso, na cidade [\u2026]","og_url":"https:\/\/verdadeon.com.br\/portal\/2025\/10\/07\/edital-de-leilao-07-10-2025\/","og_site_name":"VerdadeOn","article_published_time":"2025-10-07T03:01:50+00:00","author":"Redacao VerdadeOn","twitter_card":"summary_large_image","twitter_misc":{"Escrito por":"Redacao VerdadeOn","Est. tempo de leitura":"5 minutos"},"schema":{"@context":"https:\/\/schema.org","@graph":[{"@type":"WebPage","@id":"https:\/\/verdadeon.com.br\/portal\/2025\/10\/07\/edital-de-leilao-07-10-2025\/","url":"https:\/\/verdadeon.com.br\/portal\/2025\/10\/07\/edital-de-leilao-07-10-2025\/","name":"EDITAL DE LEIL\u00c3O - 07-10-2025 - VerdadeOn","isPartOf":{"@id":"https:\/\/verdadeon.com.br\/portal\/#website"},"datePublished":"2025-10-07T03:01:50+00:00","author":{"@id":"https:\/\/verdadeon.com.br\/portal\/#\/schema\/person\/a5060ad1e9ea3df545188fc93ce43d2f"},"breadcrumb":{"@id":"https:\/\/verdadeon.com.br\/portal\/2025\/10\/07\/edital-de-leilao-07-10-2025\/#breadcrumb"},"inLanguage":"pt-BR","potentialAction":[{"@type":"ReadAction","target":["https:\/\/verdadeon.com.br\/portal\/2025\/10\/07\/edital-de-leilao-07-10-2025\/"]}]},{"@type":"BreadcrumbList","@id":"https:\/\/verdadeon.com.br\/portal\/2025\/10\/07\/edital-de-leilao-07-10-2025\/#breadcrumb","itemListElement":[{"@type":"ListItem","position":1,"name":"In\u00edcio","item":"https:\/\/verdadeon.com.br\/portal\/"},{"@type":"ListItem","position":2,"name":"EDITAL DE LEIL\u00c3O &#8211; 07-10-2025"}]},{"@type":"WebSite","@id":"https:\/\/verdadeon.com.br\/portal\/#website","url":"https:\/\/verdadeon.com.br\/portal\/","name":"VerdadeOn","description":"Not\u00edcias di\u00e1rias sobre Franca, Regi\u00e3o, Esporte, Cultura, Cotidiano, Colunas. Cobertura nos principais eventos da cidade \u00e9 aqui - Verdadeon Franca","potentialAction":[{"@type":"SearchAction","target":{"@type":"EntryPoint","urlTemplate":"https:\/\/verdadeon.com.br\/portal\/?s={search_term_string}"},"query-input":{"@type":"PropertyValueSpecification","valueRequired":true,"valueName":"search_term_string"}}],"inLanguage":"pt-BR"},{"@type":"Person","@id":"https:\/\/verdadeon.com.br\/portal\/#\/schema\/person\/a5060ad1e9ea3df545188fc93ce43d2f","name":"Redacao VerdadeOn","image":{"@type":"ImageObject","inLanguage":"pt-BR","@id":"https:\/\/verdadeon.com.br\/portal\/#\/schema\/person\/image\/","url":"https:\/\/secure.gravatar.com\/avatar\/459a9613caaaf07f582c3d0841eea68bdd66f533e465e6ba8b9cb45619572cf4?s=96&d=mm&r=g","contentUrl":"https:\/\/secure.gravatar.com\/avatar\/459a9613caaaf07f582c3d0841eea68bdd66f533e465e6ba8b9cb45619572cf4?s=96&d=mm&r=g","caption":"Redacao VerdadeOn"},"url":"https:\/\/verdadeon.com.br\/portal\/author\/redacao\/"}]}},"jetpack_publicize_connections":[],"jetpack_featured_media_url":"","jetpack_sharing_enabled":true,"_links":{"self":[{"href":"https:\/\/verdadeon.com.br\/portal\/wp-json\/wp\/v2\/posts\/60518","targetHints":{"allow":["GET"]}}],"collection":[{"href":"https:\/\/verdadeon.com.br\/portal\/wp-json\/wp\/v2\/posts"}],"about":[{"href":"https:\/\/verdadeon.com.br\/portal\/wp-json\/wp\/v2\/types\/post"}],"author":[{"embeddable":true,"href":"https:\/\/verdadeon.com.br\/portal\/wp-json\/wp\/v2\/users\/10"}],"replies":[{"embeddable":true,"href":"https:\/\/verdadeon.com.br\/portal\/wp-json\/wp\/v2\/comments?post=60518"}],"version-history":[{"count":2,"href":"https:\/\/verdadeon.com.br\/portal\/wp-json\/wp\/v2\/posts\/60518\/revisions"}],"predecessor-version":[{"id":60520,"href":"https:\/\/verdadeon.com.br\/portal\/wp-json\/wp\/v2\/posts\/60518\/revisions\/60520"}],"wp:attachment":[{"href":"https:\/\/verdadeon.com.br\/portal\/wp-json\/wp\/v2\/media?parent=60518"}],"wp:term":[{"taxonomy":"category","embeddable":true,"href":"https:\/\/verdadeon.com.br\/portal\/wp-json\/wp\/v2\/categories?post=60518"},{"taxonomy":"post_tag","embeddable":true,"href":"https:\/\/verdadeon.com.br\/portal\/wp-json\/wp\/v2\/tags?post=60518"}],"curies":[{"name":"wp","href":"https:\/\/api.w.org\/{rel}","templated":true}]}}