{"id":60438,"date":"2025-10-02T11:03:08","date_gmt":"2025-10-02T14:03:08","guid":{"rendered":"https:\/\/verdadeon.com.br\/portal\/?p=60438"},"modified":"2025-10-02T11:03:08","modified_gmt":"2025-10-02T14:03:08","slug":"13-colhedores-de-cafe-sao-resgatados-de-trabalho-escravo-em-santo-antonio-da-alegria-sp","status":"publish","type":"post","link":"https:\/\/verdadeon.com.br\/portal\/2025\/10\/02\/13-colhedores-de-cafe-sao-resgatados-de-trabalho-escravo-em-santo-antonio-da-alegria-sp\/","title":{"rendered":"13 colhedores de caf\u00e9 s\u00e3o resgatados de trabalho escravo em Santo Ant\u00f4nio da Alegria (SP)"},"content":{"rendered":"<h2>Opera\u00e7\u00e3o conjunta do MPT e MTE garantiu o pagamento de direitos trabalhistas e o retorno das v\u00edtimas para seu estado de origem<\/h2>\n<p>Uma opera\u00e7\u00e3o realizada pelo Minist\u00e9rio P\u00fablico do Trabalho (MPT) e Minist\u00e9rio do Trabalho e Emprego (MTE) resultou no resgate de 13 trabalhadores de condi\u00e7\u00f5es an\u00e1logas \u00e0 escravid\u00e3o em Santo Ant\u00f4nio da Alegria (SP), dentre eles, um adolescente de 15 anos; a for\u00e7a-tarefa contou com o apoio da Pol\u00edcia Militar (PM).<\/p>\n<p>Em depoimentos, os trabalhadores, que foram contratados para a colheita de caf\u00e9, disseram que n\u00e3o recebiam equipamento de prote\u00e7\u00e3o individual para o trabalho e que compravam com recursos pr\u00f3prios as botas que vestiam, assim como as luvas. Eles mesmos levavam a refei\u00e7\u00e3o e a \u00e1gua para consumo e, segundo os depoentes, muitas vezes, a comida azedava, pois n\u00e3o tinham onde armazen\u00e1-la at\u00e9 a hora do almo\u00e7o. Eles eram expostos ao risco de ataques de animais pe\u00e7onhentos, como cobras.<\/p>\n<p>O ve\u00edculo que transportava os trabalhadores n\u00e3o possu\u00eda tac\u00f3grafo e o motorista n\u00e3o era habilitado para dirigir \u00f4nibus de passageiros. O empregador foi multado pela Pol\u00edcia Militar.<\/p>\n<p>Al\u00e9m disso, n\u00e3o havia instala\u00e7\u00e3o sanit\u00e1ria na frente de trabalho, sendo que os trabalhadores faziam suas necessidades no meio do cafezal; todos trabalhavam sem registro em carteira de trabalho. O sal\u00e1rio era pago por produ\u00e7\u00e3o e, eventualmente, por di\u00e1ria. De acordo com os colhedores, o turmeiro pagava abaixo do piso oferecido por outros empregadores.<\/p>\n<p>O turmeiro foi autuado por embara\u00e7o \u00e0 fiscaliza\u00e7\u00e3o, uma vez que n\u00e3o queria levar a equipe fiscal at\u00e9 a propriedade rural, alegando que os trabalhadores n\u00e3o queriam trabalhar naquele dia. Os colhedores disseram que o turmeiro os instruiu a mentir para as autoridades, citando tamb\u00e9m que ele era um homem raivoso e amea\u00e7ador.<\/p>\n<p>Segundo as v\u00edtimas, que vieram da regi\u00e3o Nordeste do pa\u00eds, o turmeiro as humilhava e se negava a negociar a remunera\u00e7\u00e3o por produ\u00e7\u00e3o, pagando o valor que queria aos trabalhadores, sem sequer informar o pre\u00e7o da unidade de medida refer\u00eancia para o c\u00e1lculo da produ\u00e7\u00e3o di\u00e1ria.<\/p>\n<p>O alojamento dos trabalhadores n\u00e3o possu\u00eda cama ou arm\u00e1rios, com buracos no telhado onde entrava \u00e1gua da chuva, com paredes mofadas, tudo diferente do que foi prometido pelo turmeiro. N\u00e3o havia geladeira ou fog\u00e3o.<\/p>\n<p>Um casal de colhedores declarou que a precariedade da edifica\u00e7\u00e3o os levou a buscar outro im\u00f3vel na cidade e que, naquele im\u00f3vel, passaram a residir outras pessoas que tamb\u00e9m prestam servi\u00e7os em fazendas de caf\u00e9 por interm\u00e9dio do mesmo turmeiro. Eles afirmaram que as condi\u00e7\u00f5es de trabalho e os custos na cidade n\u00e3o lhes permitiram economizar recursos financeiros para o retorno \u00e0 sua cidade de origem, n\u00e3o tendo conseguido economizar dinheiro nem para a passagem de \u00f4nibus.<\/p>\n<p>Os auditores fiscais resgataram os 13 colhedores, que foram benefici\u00e1rios de seguro-desemprego. O MPT celebrou termo de ajuste de conduta (TAC) com o empregador, que se comprometeu a pagar as verbas rescis\u00f3rias e uma indeniza\u00e7\u00e3o individual para cada trabalhador. Al\u00e9m disso, o TAC prev\u00ea o custeio da viagem de retorno dos trabalhadores ao seu estado de origem, incluindo passagens e alimenta\u00e7\u00e3o.<\/p>\n<p>Os trabalhadores j\u00e1 embarcaram de volta para suas casas. O empregador est\u00e1 sendo investigado pelo MPT e pode ser processado na Justi\u00e7a do Trabalho. Os autos ser\u00e3o remetidos para a Pol\u00edcia Federal e para o Minist\u00e9rio P\u00fablico Federal, a fim de verificar a conduta criminal do investigado.<\/p>\n","protected":false},"excerpt":{"rendered":"<p>Opera\u00e7\u00e3o conjunta do MPT e MTE garantiu o pagamento de direitos trabalhistas e o retorno das v\u00edtimas para seu estado de origem Uma opera\u00e7\u00e3o realizada pelo<span class=\"excerpt-hellip\"> [\u2026]<\/span><\/p>\n","protected":false},"author":10,"featured_media":41115,"comment_status":"open","ping_status":"open","sticky":false,"template":"","format":"standard","meta":{"_jetpack_memberships_contains_paid_content":false,"footnotes":"","jetpack_publicize_message":"","jetpack_publicize_feature_enabled":true,"jetpack_social_post_already_shared":true,"jetpack_social_options":{"image_generator_settings":{"template":"highway","default_image_id":0,"enabled":false},"version":2}},"categories":[28,81],"tags":[],"class_list":["post-60438","post","type-post","status-publish","format-standard","has-post-thumbnail","hentry","category-cotidiano","category-manchete"],"yoast_head":"<!-- This site is optimized with the Yoast SEO plugin v25.6 - https:\/\/yoast.com\/wordpress\/plugins\/seo\/ -->\n<title>13 colhedores de caf\u00e9 s\u00e3o resgatados de trabalho escravo em Santo Ant\u00f4nio da Alegria (SP) - VerdadeOn<\/title>\n<meta name=\"robots\" content=\"index, follow, max-snippet:-1, max-image-preview:large, max-video-preview:-1\" \/>\n<link rel=\"canonical\" href=\"https:\/\/verdadeon.com.br\/portal\/2025\/10\/02\/13-colhedores-de-cafe-sao-resgatados-de-trabalho-escravo-em-santo-antonio-da-alegria-sp\/\" \/>\n<meta property=\"og:locale\" content=\"pt_BR\" \/>\n<meta property=\"og:type\" content=\"article\" \/>\n<meta property=\"og:title\" content=\"13 colhedores de caf\u00e9 s\u00e3o resgatados de trabalho escravo em Santo Ant\u00f4nio da Alegria (SP) - VerdadeOn\" \/>\n<meta property=\"og:description\" content=\"Opera\u00e7\u00e3o conjunta do MPT e MTE garantiu o pagamento de direitos trabalhistas e o retorno das v\u00edtimas para seu estado de origem Uma opera\u00e7\u00e3o realizada pelo [\u2026]\" \/>\n<meta property=\"og:url\" content=\"https:\/\/verdadeon.com.br\/portal\/2025\/10\/02\/13-colhedores-de-cafe-sao-resgatados-de-trabalho-escravo-em-santo-antonio-da-alegria-sp\/\" \/>\n<meta property=\"og:site_name\" content=\"VerdadeOn\" \/>\n<meta property=\"article:published_time\" content=\"2025-10-02T14:03:08+00:00\" \/>\n<meta property=\"og:image\" content=\"https:\/\/verdadeon.com.br\/portal\/wp-content\/uploads\/2024\/01\/close-up-mao-varrendo-scaled.jpg\" \/>\n\t<meta property=\"og:image:width\" content=\"2560\" \/>\n\t<meta property=\"og:image:height\" content=\"1715\" \/>\n\t<meta property=\"og:image:type\" content=\"image\/jpeg\" \/>\n<meta name=\"author\" content=\"Redacao VerdadeOn\" \/>\n<meta name=\"twitter:card\" content=\"summary_large_image\" \/>\n<meta name=\"twitter:label1\" content=\"Escrito por\" \/>\n\t<meta name=\"twitter:data1\" content=\"Redacao VerdadeOn\" \/>\n\t<meta name=\"twitter:label2\" content=\"Est. tempo de leitura\" \/>\n\t<meta name=\"twitter:data2\" content=\"4 minutos\" \/>\n<script type=\"application\/ld+json\" class=\"yoast-schema-graph\">{\"@context\":\"https:\/\/schema.org\",\"@graph\":[{\"@type\":\"WebPage\",\"@id\":\"https:\/\/verdadeon.com.br\/portal\/2025\/10\/02\/13-colhedores-de-cafe-sao-resgatados-de-trabalho-escravo-em-santo-antonio-da-alegria-sp\/\",\"url\":\"https:\/\/verdadeon.com.br\/portal\/2025\/10\/02\/13-colhedores-de-cafe-sao-resgatados-de-trabalho-escravo-em-santo-antonio-da-alegria-sp\/\",\"name\":\"13 colhedores de caf\u00e9 s\u00e3o resgatados de trabalho escravo em Santo Ant\u00f4nio da Alegria (SP) - VerdadeOn\",\"isPartOf\":{\"@id\":\"https:\/\/verdadeon.com.br\/portal\/#website\"},\"primaryImageOfPage\":{\"@id\":\"https:\/\/verdadeon.com.br\/portal\/2025\/10\/02\/13-colhedores-de-cafe-sao-resgatados-de-trabalho-escravo-em-santo-antonio-da-alegria-sp\/#primaryimage\"},\"image\":{\"@id\":\"https:\/\/verdadeon.com.br\/portal\/2025\/10\/02\/13-colhedores-de-cafe-sao-resgatados-de-trabalho-escravo-em-santo-antonio-da-alegria-sp\/#primaryimage\"},\"thumbnailUrl\":\"https:\/\/i0.wp.com\/verdadeon.com.br\/portal\/wp-content\/uploads\/2024\/01\/close-up-mao-varrendo-scaled.jpg?fit=2560%2C1715&ssl=1\",\"datePublished\":\"2025-10-02T14:03:08+00:00\",\"author\":{\"@id\":\"https:\/\/verdadeon.com.br\/portal\/#\/schema\/person\/a5060ad1e9ea3df545188fc93ce43d2f\"},\"breadcrumb\":{\"@id\":\"https:\/\/verdadeon.com.br\/portal\/2025\/10\/02\/13-colhedores-de-cafe-sao-resgatados-de-trabalho-escravo-em-santo-antonio-da-alegria-sp\/#breadcrumb\"},\"inLanguage\":\"pt-BR\",\"potentialAction\":[{\"@type\":\"ReadAction\",\"target\":[\"https:\/\/verdadeon.com.br\/portal\/2025\/10\/02\/13-colhedores-de-cafe-sao-resgatados-de-trabalho-escravo-em-santo-antonio-da-alegria-sp\/\"]}]},{\"@type\":\"ImageObject\",\"inLanguage\":\"pt-BR\",\"@id\":\"https:\/\/verdadeon.com.br\/portal\/2025\/10\/02\/13-colhedores-de-cafe-sao-resgatados-de-trabalho-escravo-em-santo-antonio-da-alegria-sp\/#primaryimage\",\"url\":\"https:\/\/i0.wp.com\/verdadeon.com.br\/portal\/wp-content\/uploads\/2024\/01\/close-up-mao-varrendo-scaled.jpg?fit=2560%2C1715&ssl=1\",\"contentUrl\":\"https:\/\/i0.wp.com\/verdadeon.com.br\/portal\/wp-content\/uploads\/2024\/01\/close-up-mao-varrendo-scaled.jpg?fit=2560%2C1715&ssl=1\",\"width\":2560,\"height\":1715,\"caption\":\"No dia 28 de janeiro, a sociedade celebrou o Dia Nacional de Combate ao Trabalho Escravo (\u00a9Freepik)\"},{\"@type\":\"BreadcrumbList\",\"@id\":\"https:\/\/verdadeon.com.br\/portal\/2025\/10\/02\/13-colhedores-de-cafe-sao-resgatados-de-trabalho-escravo-em-santo-antonio-da-alegria-sp\/#breadcrumb\",\"itemListElement\":[{\"@type\":\"ListItem\",\"position\":1,\"name\":\"In\u00edcio\",\"item\":\"https:\/\/verdadeon.com.br\/portal\/\"},{\"@type\":\"ListItem\",\"position\":2,\"name\":\"13 colhedores de caf\u00e9 s\u00e3o resgatados de trabalho escravo em Santo Ant\u00f4nio da Alegria (SP)\"}]},{\"@type\":\"WebSite\",\"@id\":\"https:\/\/verdadeon.com.br\/portal\/#website\",\"url\":\"https:\/\/verdadeon.com.br\/portal\/\",\"name\":\"VerdadeOn\",\"description\":\"Not\u00edcias di\u00e1rias sobre Franca, Regi\u00e3o, Esporte, Cultura, Cotidiano, Colunas. Cobertura nos principais eventos da cidade \u00e9 aqui - Verdadeon Franca\",\"potentialAction\":[{\"@type\":\"SearchAction\",\"target\":{\"@type\":\"EntryPoint\",\"urlTemplate\":\"https:\/\/verdadeon.com.br\/portal\/?s={search_term_string}\"},\"query-input\":{\"@type\":\"PropertyValueSpecification\",\"valueRequired\":true,\"valueName\":\"search_term_string\"}}],\"inLanguage\":\"pt-BR\"},{\"@type\":\"Person\",\"@id\":\"https:\/\/verdadeon.com.br\/portal\/#\/schema\/person\/a5060ad1e9ea3df545188fc93ce43d2f\",\"name\":\"Redacao VerdadeOn\",\"image\":{\"@type\":\"ImageObject\",\"inLanguage\":\"pt-BR\",\"@id\":\"https:\/\/verdadeon.com.br\/portal\/#\/schema\/person\/image\/\",\"url\":\"https:\/\/secure.gravatar.com\/avatar\/459a9613caaaf07f582c3d0841eea68bdd66f533e465e6ba8b9cb45619572cf4?s=96&d=mm&r=g\",\"contentUrl\":\"https:\/\/secure.gravatar.com\/avatar\/459a9613caaaf07f582c3d0841eea68bdd66f533e465e6ba8b9cb45619572cf4?s=96&d=mm&r=g\",\"caption\":\"Redacao VerdadeOn\"},\"url\":\"https:\/\/verdadeon.com.br\/portal\/author\/redacao\/\"}]}<\/script>\n<!-- \/ Yoast SEO plugin. -->","yoast_head_json":{"title":"13 colhedores de caf\u00e9 s\u00e3o resgatados de trabalho escravo em Santo Ant\u00f4nio da Alegria (SP) - VerdadeOn","robots":{"index":"index","follow":"follow","max-snippet":"max-snippet:-1","max-image-preview":"max-image-preview:large","max-video-preview":"max-video-preview:-1"},"canonical":"https:\/\/verdadeon.com.br\/portal\/2025\/10\/02\/13-colhedores-de-cafe-sao-resgatados-de-trabalho-escravo-em-santo-antonio-da-alegria-sp\/","og_locale":"pt_BR","og_type":"article","og_title":"13 colhedores de caf\u00e9 s\u00e3o resgatados de trabalho escravo em Santo Ant\u00f4nio da Alegria (SP) - VerdadeOn","og_description":"Opera\u00e7\u00e3o conjunta do MPT e MTE garantiu o pagamento de direitos trabalhistas e o retorno das v\u00edtimas para seu estado de origem Uma opera\u00e7\u00e3o realizada pelo [\u2026]","og_url":"https:\/\/verdadeon.com.br\/portal\/2025\/10\/02\/13-colhedores-de-cafe-sao-resgatados-de-trabalho-escravo-em-santo-antonio-da-alegria-sp\/","og_site_name":"VerdadeOn","article_published_time":"2025-10-02T14:03:08+00:00","og_image":[{"width":2560,"height":1715,"url":"https:\/\/verdadeon.com.br\/portal\/wp-content\/uploads\/2024\/01\/close-up-mao-varrendo-scaled.jpg","type":"image\/jpeg"}],"author":"Redacao VerdadeOn","twitter_card":"summary_large_image","twitter_misc":{"Escrito por":"Redacao VerdadeOn","Est. tempo de leitura":"4 minutos"},"schema":{"@context":"https:\/\/schema.org","@graph":[{"@type":"WebPage","@id":"https:\/\/verdadeon.com.br\/portal\/2025\/10\/02\/13-colhedores-de-cafe-sao-resgatados-de-trabalho-escravo-em-santo-antonio-da-alegria-sp\/","url":"https:\/\/verdadeon.com.br\/portal\/2025\/10\/02\/13-colhedores-de-cafe-sao-resgatados-de-trabalho-escravo-em-santo-antonio-da-alegria-sp\/","name":"13 colhedores de caf\u00e9 s\u00e3o resgatados de trabalho escravo em Santo Ant\u00f4nio da Alegria (SP) - VerdadeOn","isPartOf":{"@id":"https:\/\/verdadeon.com.br\/portal\/#website"},"primaryImageOfPage":{"@id":"https:\/\/verdadeon.com.br\/portal\/2025\/10\/02\/13-colhedores-de-cafe-sao-resgatados-de-trabalho-escravo-em-santo-antonio-da-alegria-sp\/#primaryimage"},"image":{"@id":"https:\/\/verdadeon.com.br\/portal\/2025\/10\/02\/13-colhedores-de-cafe-sao-resgatados-de-trabalho-escravo-em-santo-antonio-da-alegria-sp\/#primaryimage"},"thumbnailUrl":"https:\/\/i0.wp.com\/verdadeon.com.br\/portal\/wp-content\/uploads\/2024\/01\/close-up-mao-varrendo-scaled.jpg?fit=2560%2C1715&ssl=1","datePublished":"2025-10-02T14:03:08+00:00","author":{"@id":"https:\/\/verdadeon.com.br\/portal\/#\/schema\/person\/a5060ad1e9ea3df545188fc93ce43d2f"},"breadcrumb":{"@id":"https:\/\/verdadeon.com.br\/portal\/2025\/10\/02\/13-colhedores-de-cafe-sao-resgatados-de-trabalho-escravo-em-santo-antonio-da-alegria-sp\/#breadcrumb"},"inLanguage":"pt-BR","potentialAction":[{"@type":"ReadAction","target":["https:\/\/verdadeon.com.br\/portal\/2025\/10\/02\/13-colhedores-de-cafe-sao-resgatados-de-trabalho-escravo-em-santo-antonio-da-alegria-sp\/"]}]},{"@type":"ImageObject","inLanguage":"pt-BR","@id":"https:\/\/verdadeon.com.br\/portal\/2025\/10\/02\/13-colhedores-de-cafe-sao-resgatados-de-trabalho-escravo-em-santo-antonio-da-alegria-sp\/#primaryimage","url":"https:\/\/i0.wp.com\/verdadeon.com.br\/portal\/wp-content\/uploads\/2024\/01\/close-up-mao-varrendo-scaled.jpg?fit=2560%2C1715&ssl=1","contentUrl":"https:\/\/i0.wp.com\/verdadeon.com.br\/portal\/wp-content\/uploads\/2024\/01\/close-up-mao-varrendo-scaled.jpg?fit=2560%2C1715&ssl=1","width":2560,"height":1715,"caption":"No dia 28 de janeiro, a sociedade celebrou o Dia Nacional de Combate ao Trabalho Escravo (\u00a9Freepik)"},{"@type":"BreadcrumbList","@id":"https:\/\/verdadeon.com.br\/portal\/2025\/10\/02\/13-colhedores-de-cafe-sao-resgatados-de-trabalho-escravo-em-santo-antonio-da-alegria-sp\/#breadcrumb","itemListElement":[{"@type":"ListItem","position":1,"name":"In\u00edcio","item":"https:\/\/verdadeon.com.br\/portal\/"},{"@type":"ListItem","position":2,"name":"13 colhedores de caf\u00e9 s\u00e3o resgatados de trabalho escravo em Santo Ant\u00f4nio da Alegria (SP)"}]},{"@type":"WebSite","@id":"https:\/\/verdadeon.com.br\/portal\/#website","url":"https:\/\/verdadeon.com.br\/portal\/","name":"VerdadeOn","description":"Not\u00edcias di\u00e1rias sobre Franca, Regi\u00e3o, Esporte, Cultura, Cotidiano, Colunas. Cobertura nos principais eventos da cidade \u00e9 aqui - Verdadeon Franca","potentialAction":[{"@type":"SearchAction","target":{"@type":"EntryPoint","urlTemplate":"https:\/\/verdadeon.com.br\/portal\/?s={search_term_string}"},"query-input":{"@type":"PropertyValueSpecification","valueRequired":true,"valueName":"search_term_string"}}],"inLanguage":"pt-BR"},{"@type":"Person","@id":"https:\/\/verdadeon.com.br\/portal\/#\/schema\/person\/a5060ad1e9ea3df545188fc93ce43d2f","name":"Redacao VerdadeOn","image":{"@type":"ImageObject","inLanguage":"pt-BR","@id":"https:\/\/verdadeon.com.br\/portal\/#\/schema\/person\/image\/","url":"https:\/\/secure.gravatar.com\/avatar\/459a9613caaaf07f582c3d0841eea68bdd66f533e465e6ba8b9cb45619572cf4?s=96&d=mm&r=g","contentUrl":"https:\/\/secure.gravatar.com\/avatar\/459a9613caaaf07f582c3d0841eea68bdd66f533e465e6ba8b9cb45619572cf4?s=96&d=mm&r=g","caption":"Redacao VerdadeOn"},"url":"https:\/\/verdadeon.com.br\/portal\/author\/redacao\/"}]}},"jetpack_publicize_connections":[],"jetpack_featured_media_url":"https:\/\/i0.wp.com\/verdadeon.com.br\/portal\/wp-content\/uploads\/2024\/01\/close-up-mao-varrendo-scaled.jpg?fit=2560%2C1715&ssl=1","jetpack_sharing_enabled":true,"_links":{"self":[{"href":"https:\/\/verdadeon.com.br\/portal\/wp-json\/wp\/v2\/posts\/60438","targetHints":{"allow":["GET"]}}],"collection":[{"href":"https:\/\/verdadeon.com.br\/portal\/wp-json\/wp\/v2\/posts"}],"about":[{"href":"https:\/\/verdadeon.com.br\/portal\/wp-json\/wp\/v2\/types\/post"}],"author":[{"embeddable":true,"href":"https:\/\/verdadeon.com.br\/portal\/wp-json\/wp\/v2\/users\/10"}],"replies":[{"embeddable":true,"href":"https:\/\/verdadeon.com.br\/portal\/wp-json\/wp\/v2\/comments?post=60438"}],"version-history":[{"count":1,"href":"https:\/\/verdadeon.com.br\/portal\/wp-json\/wp\/v2\/posts\/60438\/revisions"}],"predecessor-version":[{"id":60439,"href":"https:\/\/verdadeon.com.br\/portal\/wp-json\/wp\/v2\/posts\/60438\/revisions\/60439"}],"wp:featuredmedia":[{"embeddable":true,"href":"https:\/\/verdadeon.com.br\/portal\/wp-json\/wp\/v2\/media\/41115"}],"wp:attachment":[{"href":"https:\/\/verdadeon.com.br\/portal\/wp-json\/wp\/v2\/media?parent=60438"}],"wp:term":[{"taxonomy":"category","embeddable":true,"href":"https:\/\/verdadeon.com.br\/portal\/wp-json\/wp\/v2\/categories?post=60438"},{"taxonomy":"post_tag","embeddable":true,"href":"https:\/\/verdadeon.com.br\/portal\/wp-json\/wp\/v2\/tags?post=60438"}],"curies":[{"name":"wp","href":"https:\/\/api.w.org\/{rel}","templated":true}]}}