{"id":6039,"date":"2020-04-03T09:42:37","date_gmt":"2020-04-03T12:42:37","guid":{"rendered":"http:\/\/verdadeon.com.br\/portal\/?p=6039"},"modified":"2020-04-03T09:42:37","modified_gmt":"2020-04-03T12:42:37","slug":"paralisacao-levara-tvs-a-um-total-replanejamento-do-calendario","status":"publish","type":"post","link":"https:\/\/verdadeon.com.br\/portal\/2020\/04\/03\/paralisacao-levara-tvs-a-um-total-replanejamento-do-calendario\/","title":{"rendered":"Paralisa\u00e7\u00e3o levar\u00e1 TVs a um total replanejamento do calend\u00e1rio"},"content":{"rendered":"<p>Por:Fl\u00e1vio Ricco<\/p>\n<p>Colabora\u00e7\u00e3o:\u00a0\u00a0 Jos\u00e9 Carlos Nery<\/p>\n<p style=\"font-weight: 400;\">\n<p style=\"font-weight: 400;\">Assim como em tantos outros setores, na TV tamb\u00e9m a incerteza \u00e9 muito grande com rela\u00e7\u00e3o a prazos e a possibilidade de restabelecer a antiga ordem dos trabalhos.<\/p>\n<p style=\"font-weight: 400;\">Ainda n\u00e3o h\u00e1 a m\u00ednima seguran\u00e7a de se planejar qualquer coisa.<\/p>\n<p style=\"font-weight: 400;\">Por enquanto, entre as principais, casos de Globo, SBT e Record, nada est\u00e1 sendo previsto antes do final de junho ou julho.<\/p>\n<p style=\"font-weight: 400;\">H\u00e1 o entendimento que, como melhor dos cen\u00e1rios, s\u00f3 mesmo a partir do segundo semestre haver\u00e1 a possibilidade de retomar as produ\u00e7\u00f5es do entretenimento.<\/p>\n<p style=\"font-weight: 400;\">Por a\u00ed se entenda, grava\u00e7\u00f5es de novelas e programas, o que tamb\u00e9m levar\u00e1 essas emissoras a replanejar tudo o que estava previsto para este ano.<\/p>\n<p style=\"font-weight: 400;\">Muito do que foi pensado, ou ser\u00e1 transferido ou simplesmente colocado de lado.<\/p>\n<p style=\"font-weight: 400;\">O SBT, como exemplo, s\u00f3 iniciar\u00e1 as grava\u00e7\u00f5es da segunda temporada de \u201cPoliana\u201d em 2021.<\/p>\n<p style=\"font-weight: 400;\">\n<h2 style=\"font-weight: 400;\">TV Tudo<\/h2>\n<p style=\"font-weight: 400;\">\n<p style=\"font-weight: 400;\">Fina Estampa<\/p>\n<p style=\"font-weight: 400;\">Teodora, vivida por Carolina Dieckmann, come\u00e7a a aparecer em \u201cFina Estampa\u201d no cap\u00edtulo de segunda-feira. Aguardando, como todo mundo, a crise do coronav\u00edrus passar, ela fala da personagem:<\/p>\n<p style=\"font-weight: 400;\">&#8220;A Teodora \u00e9 inconsequente, interesseira, mas tudo com uma certa leveza. Ela n\u00e3o \u00e9 uma vil\u00e3, apesar de fazer coisas bem feias. As roupas dela s\u00e3o excelentes. Foi um trabalho muito feliz&#8221;.<\/p>\n<div id=\"attachment_6040\" style=\"width: 676px\" class=\"wp-caption alignnone\"><img data-recalc-dims=\"1\" loading=\"lazy\" decoding=\"async\" aria-describedby=\"caption-attachment-6040\" class=\"wp-image-6040 size-full\" src=\"https:\/\/i0.wp.com\/verdadeon.com.br\/portal\/wp-content\/uploads\/2020\/04\/Carolina-Dieckmann-Fina-Estampa-scaled.jpg?resize=666%2C1000\" alt=\"\" width=\"666\" height=\"1000\" srcset=\"https:\/\/i0.wp.com\/verdadeon.com.br\/portal\/wp-content\/uploads\/2020\/04\/Carolina-Dieckmann-Fina-Estampa-scaled.jpg?w=666&amp;ssl=1 666w, https:\/\/i0.wp.com\/verdadeon.com.br\/portal\/wp-content\/uploads\/2020\/04\/Carolina-Dieckmann-Fina-Estampa-scaled.jpg?resize=200%2C300&amp;ssl=1 200w, https:\/\/i0.wp.com\/verdadeon.com.br\/portal\/wp-content\/uploads\/2020\/04\/Carolina-Dieckmann-Fina-Estampa-scaled.jpg?resize=97%2C146&amp;ssl=1 97w, https:\/\/i0.wp.com\/verdadeon.com.br\/portal\/wp-content\/uploads\/2020\/04\/Carolina-Dieckmann-Fina-Estampa-scaled.jpg?resize=33%2C50&amp;ssl=1 33w, https:\/\/i0.wp.com\/verdadeon.com.br\/portal\/wp-content\/uploads\/2020\/04\/Carolina-Dieckmann-Fina-Estampa-scaled.jpg?resize=50%2C75&amp;ssl=1 50w\" sizes=\"auto, (max-width: 666px) 100vw, 666px\" \/><p id=\"caption-attachment-6040\" class=\"wp-caption-text\">Cap 31 \u0096 Cena 17- Carolina Dieckmann( Teodora)<\/p><\/div>\n<p style=\"font-weight: 400;\">\n<p style=\"font-weight: 400;\">Na mesma<\/p>\n<p style=\"font-weight: 400;\">Em nada se alterou a situa\u00e7\u00e3o de L\u00edvia Andrade no SBT, ap\u00f3s deixar a apresenta\u00e7\u00e3o do \u201cFofocalizando\u201d.<\/p>\n<p style=\"font-weight: 400;\">Ela cometeu, sim, um engano: foi levada ao erro por uma informa\u00e7\u00e3o falsa. Mas quem nunca?<\/p>\n<p style=\"font-weight: 400;\">\n<p style=\"font-weight: 400;\">Linha direta<\/p>\n<p style=\"font-weight: 400;\">O que chama um pouco aten\u00e7\u00e3o nessa situa\u00e7\u00e3o da L\u00edvia, \u00e9 que as decis\u00f5es tomadas pela dire\u00e7\u00e3o do SBT jamais foram impulsionadas por estranhos. Nunca de fora para dentro.<\/p>\n<p style=\"font-weight: 400;\">Ainda mais, no caso de agora, por algu\u00e9m da Igreja Universal.<\/p>\n<p style=\"font-weight: 400;\">\n<p style=\"font-weight: 400;\">Curiosa situa\u00e7\u00e3o<\/p>\n<p style=\"font-weight: 400;\">Uma igreja, como a Universal, deveria ser a primeira a pregar a paz e saber perdoar. Mas n\u00e3o. Ao contr\u00e1rio.<\/p>\n<p style=\"font-weight: 400;\">L\u00edvia Andrade reconheceu publicamente que errou. Assim mesmo a sua cabe\u00e7a foi pedida.<\/p>\n<p style=\"font-weight: 400;\">\n<p style=\"font-weight: 400;\">Antecedente<\/p>\n<p style=\"font-weight: 400;\">O caso da L\u00edvia Andrade foi agora, mas antes, e todo mundo deve lembrar, algo semelhante aconteceu com a Rachel Sheherazade.<\/p>\n<p style=\"font-weight: 400;\">Ela tamb\u00e9m enfrentou problemas, foi afastada do \u201cSBT Brasil\u201d, porque um anunciante pediu a sua cabe\u00e7a.<\/p>\n<p style=\"font-weight: 400;\">\n<p style=\"font-weight: 400;\">N\u00e3o custa?<\/p>\n<p style=\"font-weight: 400;\">A Globo, em suas equipes externas, tem usado mais de um microfone.<\/p>\n<p style=\"font-weight: 400;\">Um para o rep\u00f3rter ou outros para eventuais entrevistados. E o que se informa, todos sendo higienizados antes que qualquer utiliza\u00e7\u00e3o.<\/p>\n<p style=\"font-weight: 400;\">\n<p style=\"font-weight: 400;\">Por\u00e9m&#8230;<\/p>\n<p style=\"font-weight: 400;\">Nisso, que a Globo tamb\u00e9m deveria ser copiada, ela n\u00e3o \u00e9.<\/p>\n<p style=\"font-weight: 400;\">Na maioria das emissoras, de forma escancarada e como mau exemplo, o que se verifica \u00e9 que o microfone \u00e9 o mesmo para o rep\u00f3rter e entrevistado. Um perguntando, o outro respondendo e o perigo \u00e0 solta.<\/p>\n<p style=\"font-weight: 400;\">\n<p style=\"font-weight: 400;\">N\u00e3o para<\/p>\n<p style=\"font-weight: 400;\">Impedido de continuar com as grava\u00e7\u00f5es, assim como tantos, F\u00e1bio Porchat resolveu usar entrevistas gravadas na primeira temporada do programa e, com nova montagem, para o \u201cQue Hist\u00f3ria \u00e9 Essa, Porchat?\u201d, n\u00e3o sofrer solu\u00e7\u00e3o de continuidade.<\/p>\n<p style=\"font-weight: 400;\">Ser\u00e3o montadas edi\u00e7\u00f5es por assunto.<\/p>\n<p style=\"font-weight: 400;\">\n<p style=\"font-weight: 400;\">Problema t\u00e9cnico<\/p>\n<p style=\"font-weight: 400;\">A Claro\/Net est\u00e1 apresentando problemas com a Band no Paran\u00e1.<\/p>\n<p style=\"font-weight: 400;\">A programa\u00e7\u00e3o continua normal, mas sempre com a tela de informa\u00e7\u00f5es anunciando Futebol Feminino.<\/p>\n<p style=\"font-weight: 400;\">\n<p style=\"font-weight: 400;\">Sess\u00e3o de filmes<\/p>\n<p style=\"font-weight: 400;\">A Record escolheu a anima\u00e7\u00e3o \u201cMeu Malvado Favorito 2\u201d, para exibi\u00e7\u00e3o no \u201cCine Maior\u201d, neste domingo, \u00e0s 13h30.<\/p>\n<p style=\"font-weight: 400;\">\u00c9 a sess\u00e3o de filmes definida para o lugar da Sabrina Sato.<\/p>\n<p style=\"font-weight: 400;\">\n<p style=\"font-weight: 400;\">Lan\u00e7amento<\/p>\n<p style=\"font-weight: 400;\">Patr\u00edcia Abravanel tamb\u00e9m vai lan\u00e7ar seu pr\u00f3prio canal no YouTube, prometendo para todas as quintas-feiras um v\u00eddeo diferente.<\/p>\n<p style=\"font-weight: 400;\">O primeiro, o da estreia, ser\u00e1 com Iris Abravanel, sua m\u00e3e, quase um passeio na vida pessoal das duas, com revela\u00e7\u00f5es bem interessantes.<\/p>\n<p style=\"font-weight: 400;\">\n<p style=\"font-weight: 400;\">Movimenta\u00e7\u00e3o<\/p>\n<p style=\"font-weight: 400;\">A pedido do SBT, os atores de \u201cAs Aventuras de Poliana\u201d come\u00e7aram a fazer lives no Instagram da novela. Todos os dias, a partir das 17h. Uma a\u00e7\u00e3o importante, para mexer com os contratados e o p\u00fablico.<\/p>\n<p style=\"font-weight: 400;\">\n<p style=\"font-weight: 400;\">\n<h2 style=\"font-weight: 400;\">Bate \u2013 Rebate<\/h2>\n<ul>\n<li style=\"font-weight: 400;\">A 104 FM, emissora do Grupo Pampa, se consolidou na lideran\u00e7a entre as r\u00e1dios musicais de Porto Alegre&#8230;<\/li>\n<li style=\"font-weight: 400;\">&#8230; De acordo com as \u00faltimas pesquisas, est\u00e1 atingindo mais de 611 mil ouvintes.<\/li>\n<li style=\"font-weight: 400;\">Est\u00e1 tudo esquematizado para a nova temporada da \u201cEscolinha do Professor Raimundo\u201d&#8230;<\/li>\n<li style=\"font-weight: 400;\">&#8230; S\u00f3 n\u00e3o h\u00e1 decis\u00e3o de quando ser\u00e1 poss\u00edvel colocar o trabalho em pr\u00e1tica&#8230;<\/li>\n<li style=\"font-weight: 400;\">&#8230; A princ\u00edpio, a ideia era iniciar a sua exibi\u00e7\u00e3o em meados de julho&#8230;<\/li>\n<li style=\"font-weight: 400;\">&#8230; Mas j\u00e1 se trabalha com a possiblidade de deixar para setembro.<\/li>\n<li style=\"font-weight: 400;\">A interrup\u00e7\u00e3o da produ\u00e7\u00e3o de entretenimento n\u00e3o \u00e9 um problema s\u00f3 daqui&#8230;<\/li>\n<li style=\"font-weight: 400;\">&#8230; Quase no mundo inteiro isso vem acontecendo&#8230;<\/li>\n<li style=\"font-weight: 400;\">&#8230; Mesmo depois que tudo passar e o problema da pandemia for contornado, ainda ser\u00e1 necess\u00e1rio certo tempo para tudo voltar ao que era.<\/li>\n<li style=\"font-weight: 400;\">Est\u00e1 ficando curioso o trabalho das assessorias de comunica\u00e7\u00e3o de v\u00e1rias TVs&#8230;<\/li>\n<li style=\"font-weight: 400;\">&#8230; Quando localizadas e chamadas a se posicionar\u00a0 sobre determinado assunto, ou n\u00e3o respondem ou n\u00e3o podem se manifestar sobre aquilo&#8230;<\/li>\n<li style=\"font-weight: 400;\">&#8230; A\u00ed, quando alguma coisa \u00e9 publicada, esperneiam. Dizem que tem persegui\u00e7\u00e3o etc. A\u00ed \u00e9 complicado&#8230;<\/li>\n<li style=\"font-weight: 400;\">&#8230; Esse mundo est\u00e1 bem estranho.<\/li>\n<\/ul>\n<p style=\"font-weight: 400;\">\n<h2 style=\"font-weight: 400;\">C\u00b4est fini<\/h2>\n<p style=\"font-weight: 400;\">\u201c\u00cata Mundo Bom!\u201d, primeiro, e \u201cAvenida Brasil\u201d, depois, v\u00e3o dividir apenas uma semana no \u201cVale a Pena Ver de Novo\u201d, a partir do dia 27 de abril.<\/p>\n<p style=\"font-weight: 400;\">Do dia 4 de maio em diante, espa\u00e7o para a novela de Walcyr Carrasco.<\/p>\n<p style=\"font-weight: 400;\">\n<p style=\"font-weight: 400;\">Ent\u00e3o \u00e9 isso. Mas amanh\u00e3 tem mais. Tchau!<\/p>\n<p><img data-recalc-dims=\"1\" loading=\"lazy\" decoding=\"async\" class=\"alignnone wp-image-4315 size-full\" src=\"https:\/\/i0.wp.com\/verdadeon.com.br\/portal\/wp-content\/uploads\/2020\/02\/AF-Anu%C3%ACncio-Franca-10x13cm-2.jpg?resize=1000%2C670\" alt=\"\" width=\"1000\" height=\"670\" \/><\/p>\n","protected":false},"excerpt":{"rendered":"<p>Por:Fl\u00e1vio Ricco Colabora\u00e7\u00e3o:\u00a0\u00a0 Jos\u00e9 Carlos Nery Assim como em tantos outros setores, na TV tamb\u00e9m a incerteza \u00e9 muito grande com rela\u00e7\u00e3o a prazos e a<span class=\"excerpt-hellip\"> [\u2026]<\/span><\/p>\n","protected":false},"author":10,"featured_media":6041,"comment_status":"open","ping_status":"open","sticky":false,"template":"","format":"standard","meta":{"_jetpack_memberships_contains_paid_content":false,"footnotes":"","jetpack_publicize_message":"","jetpack_publicize_feature_enabled":true,"jetpack_social_post_already_shared":false,"jetpack_social_options":{"image_generator_settings":{"template":"highway","default_image_id":0,"enabled":false},"version":2}},"categories":[93,92],"tags":[],"class_list":["post-6039","post","type-post","status-publish","format-standard","has-post-thumbnail","hentry","category-canal-1","category-colunista"],"yoast_head":"<!-- This site is optimized with the Yoast SEO plugin v25.6 - https:\/\/yoast.com\/wordpress\/plugins\/seo\/ -->\n<title>Paralisa\u00e7\u00e3o levar\u00e1 TVs a um total replanejamento do calend\u00e1rio - VerdadeOn<\/title>\n<meta name=\"robots\" content=\"index, follow, max-snippet:-1, max-image-preview:large, max-video-preview:-1\" \/>\n<link rel=\"canonical\" href=\"https:\/\/verdadeon.com.br\/portal\/2020\/04\/03\/paralisacao-levara-tvs-a-um-total-replanejamento-do-calendario\/\" \/>\n<meta property=\"og:locale\" content=\"pt_BR\" \/>\n<meta property=\"og:type\" content=\"article\" \/>\n<meta property=\"og:title\" content=\"Paralisa\u00e7\u00e3o levar\u00e1 TVs a um total replanejamento do calend\u00e1rio - VerdadeOn\" \/>\n<meta property=\"og:description\" content=\"Por:Fl\u00e1vio Ricco Colabora\u00e7\u00e3o:\u00a0\u00a0 Jos\u00e9 Carlos Nery Assim como em tantos outros setores, na TV tamb\u00e9m a incerteza \u00e9 muito grande com rela\u00e7\u00e3o a prazos e a [\u2026]\" \/>\n<meta property=\"og:url\" content=\"https:\/\/verdadeon.com.br\/portal\/2020\/04\/03\/paralisacao-levara-tvs-a-um-total-replanejamento-do-calendario\/\" \/>\n<meta property=\"og:site_name\" content=\"VerdadeOn\" \/>\n<meta property=\"article:published_time\" content=\"2020-04-03T12:42:37+00:00\" \/>\n<meta property=\"og:image\" content=\"https:\/\/verdadeon.com.br\/portal\/wp-content\/uploads\/2020\/04\/Carolina-Dieckmann-Fina-Estampa-1.jpg\" \/>\n\t<meta property=\"og:image:width\" content=\"1000\" \/>\n\t<meta property=\"og:image:height\" content=\"670\" \/>\n\t<meta property=\"og:image:type\" content=\"image\/jpeg\" \/>\n<meta name=\"author\" content=\"Redacao VerdadeOn\" \/>\n<meta name=\"twitter:card\" content=\"summary_large_image\" \/>\n<meta name=\"twitter:label1\" content=\"Escrito por\" \/>\n\t<meta name=\"twitter:data1\" content=\"Redacao VerdadeOn\" \/>\n\t<meta name=\"twitter:label2\" content=\"Est. tempo de leitura\" \/>\n\t<meta name=\"twitter:data2\" content=\"5 minutos\" \/>\n<script type=\"application\/ld+json\" class=\"yoast-schema-graph\">{\"@context\":\"https:\/\/schema.org\",\"@graph\":[{\"@type\":\"WebPage\",\"@id\":\"https:\/\/verdadeon.com.br\/portal\/2020\/04\/03\/paralisacao-levara-tvs-a-um-total-replanejamento-do-calendario\/\",\"url\":\"https:\/\/verdadeon.com.br\/portal\/2020\/04\/03\/paralisacao-levara-tvs-a-um-total-replanejamento-do-calendario\/\",\"name\":\"Paralisa\u00e7\u00e3o levar\u00e1 TVs a um total replanejamento do calend\u00e1rio - VerdadeOn\",\"isPartOf\":{\"@id\":\"https:\/\/verdadeon.com.br\/portal\/#website\"},\"primaryImageOfPage\":{\"@id\":\"https:\/\/verdadeon.com.br\/portal\/2020\/04\/03\/paralisacao-levara-tvs-a-um-total-replanejamento-do-calendario\/#primaryimage\"},\"image\":{\"@id\":\"https:\/\/verdadeon.com.br\/portal\/2020\/04\/03\/paralisacao-levara-tvs-a-um-total-replanejamento-do-calendario\/#primaryimage\"},\"thumbnailUrl\":\"https:\/\/i0.wp.com\/verdadeon.com.br\/portal\/wp-content\/uploads\/2020\/04\/Carolina-Dieckmann-Fina-Estampa-1.jpg?fit=1000%2C670&ssl=1\",\"datePublished\":\"2020-04-03T12:42:37+00:00\",\"author\":{\"@id\":\"https:\/\/verdadeon.com.br\/portal\/#\/schema\/person\/a5060ad1e9ea3df545188fc93ce43d2f\"},\"breadcrumb\":{\"@id\":\"https:\/\/verdadeon.com.br\/portal\/2020\/04\/03\/paralisacao-levara-tvs-a-um-total-replanejamento-do-calendario\/#breadcrumb\"},\"inLanguage\":\"pt-BR\",\"potentialAction\":[{\"@type\":\"ReadAction\",\"target\":[\"https:\/\/verdadeon.com.br\/portal\/2020\/04\/03\/paralisacao-levara-tvs-a-um-total-replanejamento-do-calendario\/\"]}]},{\"@type\":\"ImageObject\",\"inLanguage\":\"pt-BR\",\"@id\":\"https:\/\/verdadeon.com.br\/portal\/2020\/04\/03\/paralisacao-levara-tvs-a-um-total-replanejamento-do-calendario\/#primaryimage\",\"url\":\"https:\/\/i0.wp.com\/verdadeon.com.br\/portal\/wp-content\/uploads\/2020\/04\/Carolina-Dieckmann-Fina-Estampa-1.jpg?fit=1000%2C670&ssl=1\",\"contentUrl\":\"https:\/\/i0.wp.com\/verdadeon.com.br\/portal\/wp-content\/uploads\/2020\/04\/Carolina-Dieckmann-Fina-Estampa-1.jpg?fit=1000%2C670&ssl=1\",\"width\":1000,\"height\":670,\"caption\":\"Cap 31 \u2013 Cena 17- Carolina Dieckmann( Teodora)\"},{\"@type\":\"BreadcrumbList\",\"@id\":\"https:\/\/verdadeon.com.br\/portal\/2020\/04\/03\/paralisacao-levara-tvs-a-um-total-replanejamento-do-calendario\/#breadcrumb\",\"itemListElement\":[{\"@type\":\"ListItem\",\"position\":1,\"name\":\"In\u00edcio\",\"item\":\"https:\/\/verdadeon.com.br\/portal\/\"},{\"@type\":\"ListItem\",\"position\":2,\"name\":\"Paralisa\u00e7\u00e3o levar\u00e1 TVs a um total replanejamento do calend\u00e1rio\"}]},{\"@type\":\"WebSite\",\"@id\":\"https:\/\/verdadeon.com.br\/portal\/#website\",\"url\":\"https:\/\/verdadeon.com.br\/portal\/\",\"name\":\"VerdadeOn\",\"description\":\"Not\u00edcias di\u00e1rias sobre Franca, Regi\u00e3o, Esporte, Cultura, Cotidiano, Colunas. Cobertura nos principais eventos da cidade \u00e9 aqui - Verdadeon Franca\",\"potentialAction\":[{\"@type\":\"SearchAction\",\"target\":{\"@type\":\"EntryPoint\",\"urlTemplate\":\"https:\/\/verdadeon.com.br\/portal\/?s={search_term_string}\"},\"query-input\":{\"@type\":\"PropertyValueSpecification\",\"valueRequired\":true,\"valueName\":\"search_term_string\"}}],\"inLanguage\":\"pt-BR\"},{\"@type\":\"Person\",\"@id\":\"https:\/\/verdadeon.com.br\/portal\/#\/schema\/person\/a5060ad1e9ea3df545188fc93ce43d2f\",\"name\":\"Redacao VerdadeOn\",\"image\":{\"@type\":\"ImageObject\",\"inLanguage\":\"pt-BR\",\"@id\":\"https:\/\/verdadeon.com.br\/portal\/#\/schema\/person\/image\/\",\"url\":\"https:\/\/secure.gravatar.com\/avatar\/459a9613caaaf07f582c3d0841eea68bdd66f533e465e6ba8b9cb45619572cf4?s=96&d=mm&r=g\",\"contentUrl\":\"https:\/\/secure.gravatar.com\/avatar\/459a9613caaaf07f582c3d0841eea68bdd66f533e465e6ba8b9cb45619572cf4?s=96&d=mm&r=g\",\"caption\":\"Redacao VerdadeOn\"},\"url\":\"https:\/\/verdadeon.com.br\/portal\/author\/redacao\/\"}]}<\/script>\n<!-- \/ Yoast SEO plugin. -->","yoast_head_json":{"title":"Paralisa\u00e7\u00e3o levar\u00e1 TVs a um total replanejamento do calend\u00e1rio - VerdadeOn","robots":{"index":"index","follow":"follow","max-snippet":"max-snippet:-1","max-image-preview":"max-image-preview:large","max-video-preview":"max-video-preview:-1"},"canonical":"https:\/\/verdadeon.com.br\/portal\/2020\/04\/03\/paralisacao-levara-tvs-a-um-total-replanejamento-do-calendario\/","og_locale":"pt_BR","og_type":"article","og_title":"Paralisa\u00e7\u00e3o levar\u00e1 TVs a um total replanejamento do calend\u00e1rio - VerdadeOn","og_description":"Por:Fl\u00e1vio Ricco Colabora\u00e7\u00e3o:\u00a0\u00a0 Jos\u00e9 Carlos Nery Assim como em tantos outros setores, na TV tamb\u00e9m a incerteza \u00e9 muito grande com rela\u00e7\u00e3o a prazos e a [\u2026]","og_url":"https:\/\/verdadeon.com.br\/portal\/2020\/04\/03\/paralisacao-levara-tvs-a-um-total-replanejamento-do-calendario\/","og_site_name":"VerdadeOn","article_published_time":"2020-04-03T12:42:37+00:00","og_image":[{"width":1000,"height":670,"url":"https:\/\/verdadeon.com.br\/portal\/wp-content\/uploads\/2020\/04\/Carolina-Dieckmann-Fina-Estampa-1.jpg","type":"image\/jpeg"}],"author":"Redacao VerdadeOn","twitter_card":"summary_large_image","twitter_misc":{"Escrito por":"Redacao VerdadeOn","Est. tempo de leitura":"5 minutos"},"schema":{"@context":"https:\/\/schema.org","@graph":[{"@type":"WebPage","@id":"https:\/\/verdadeon.com.br\/portal\/2020\/04\/03\/paralisacao-levara-tvs-a-um-total-replanejamento-do-calendario\/","url":"https:\/\/verdadeon.com.br\/portal\/2020\/04\/03\/paralisacao-levara-tvs-a-um-total-replanejamento-do-calendario\/","name":"Paralisa\u00e7\u00e3o levar\u00e1 TVs a um total replanejamento do calend\u00e1rio - VerdadeOn","isPartOf":{"@id":"https:\/\/verdadeon.com.br\/portal\/#website"},"primaryImageOfPage":{"@id":"https:\/\/verdadeon.com.br\/portal\/2020\/04\/03\/paralisacao-levara-tvs-a-um-total-replanejamento-do-calendario\/#primaryimage"},"image":{"@id":"https:\/\/verdadeon.com.br\/portal\/2020\/04\/03\/paralisacao-levara-tvs-a-um-total-replanejamento-do-calendario\/#primaryimage"},"thumbnailUrl":"https:\/\/i0.wp.com\/verdadeon.com.br\/portal\/wp-content\/uploads\/2020\/04\/Carolina-Dieckmann-Fina-Estampa-1.jpg?fit=1000%2C670&ssl=1","datePublished":"2020-04-03T12:42:37+00:00","author":{"@id":"https:\/\/verdadeon.com.br\/portal\/#\/schema\/person\/a5060ad1e9ea3df545188fc93ce43d2f"},"breadcrumb":{"@id":"https:\/\/verdadeon.com.br\/portal\/2020\/04\/03\/paralisacao-levara-tvs-a-um-total-replanejamento-do-calendario\/#breadcrumb"},"inLanguage":"pt-BR","potentialAction":[{"@type":"ReadAction","target":["https:\/\/verdadeon.com.br\/portal\/2020\/04\/03\/paralisacao-levara-tvs-a-um-total-replanejamento-do-calendario\/"]}]},{"@type":"ImageObject","inLanguage":"pt-BR","@id":"https:\/\/verdadeon.com.br\/portal\/2020\/04\/03\/paralisacao-levara-tvs-a-um-total-replanejamento-do-calendario\/#primaryimage","url":"https:\/\/i0.wp.com\/verdadeon.com.br\/portal\/wp-content\/uploads\/2020\/04\/Carolina-Dieckmann-Fina-Estampa-1.jpg?fit=1000%2C670&ssl=1","contentUrl":"https:\/\/i0.wp.com\/verdadeon.com.br\/portal\/wp-content\/uploads\/2020\/04\/Carolina-Dieckmann-Fina-Estampa-1.jpg?fit=1000%2C670&ssl=1","width":1000,"height":670,"caption":"Cap 31 \u2013 Cena 17- Carolina Dieckmann( Teodora)"},{"@type":"BreadcrumbList","@id":"https:\/\/verdadeon.com.br\/portal\/2020\/04\/03\/paralisacao-levara-tvs-a-um-total-replanejamento-do-calendario\/#breadcrumb","itemListElement":[{"@type":"ListItem","position":1,"name":"In\u00edcio","item":"https:\/\/verdadeon.com.br\/portal\/"},{"@type":"ListItem","position":2,"name":"Paralisa\u00e7\u00e3o levar\u00e1 TVs a um total replanejamento do calend\u00e1rio"}]},{"@type":"WebSite","@id":"https:\/\/verdadeon.com.br\/portal\/#website","url":"https:\/\/verdadeon.com.br\/portal\/","name":"VerdadeOn","description":"Not\u00edcias di\u00e1rias sobre Franca, Regi\u00e3o, Esporte, Cultura, Cotidiano, Colunas. Cobertura nos principais eventos da cidade \u00e9 aqui - Verdadeon Franca","potentialAction":[{"@type":"SearchAction","target":{"@type":"EntryPoint","urlTemplate":"https:\/\/verdadeon.com.br\/portal\/?s={search_term_string}"},"query-input":{"@type":"PropertyValueSpecification","valueRequired":true,"valueName":"search_term_string"}}],"inLanguage":"pt-BR"},{"@type":"Person","@id":"https:\/\/verdadeon.com.br\/portal\/#\/schema\/person\/a5060ad1e9ea3df545188fc93ce43d2f","name":"Redacao VerdadeOn","image":{"@type":"ImageObject","inLanguage":"pt-BR","@id":"https:\/\/verdadeon.com.br\/portal\/#\/schema\/person\/image\/","url":"https:\/\/secure.gravatar.com\/avatar\/459a9613caaaf07f582c3d0841eea68bdd66f533e465e6ba8b9cb45619572cf4?s=96&d=mm&r=g","contentUrl":"https:\/\/secure.gravatar.com\/avatar\/459a9613caaaf07f582c3d0841eea68bdd66f533e465e6ba8b9cb45619572cf4?s=96&d=mm&r=g","caption":"Redacao VerdadeOn"},"url":"https:\/\/verdadeon.com.br\/portal\/author\/redacao\/"}]}},"jetpack_publicize_connections":[],"jetpack_featured_media_url":"https:\/\/i0.wp.com\/verdadeon.com.br\/portal\/wp-content\/uploads\/2020\/04\/Carolina-Dieckmann-Fina-Estampa-1.jpg?fit=1000%2C670&ssl=1","jetpack_sharing_enabled":true,"_links":{"self":[{"href":"https:\/\/verdadeon.com.br\/portal\/wp-json\/wp\/v2\/posts\/6039","targetHints":{"allow":["GET"]}}],"collection":[{"href":"https:\/\/verdadeon.com.br\/portal\/wp-json\/wp\/v2\/posts"}],"about":[{"href":"https:\/\/verdadeon.com.br\/portal\/wp-json\/wp\/v2\/types\/post"}],"author":[{"embeddable":true,"href":"https:\/\/verdadeon.com.br\/portal\/wp-json\/wp\/v2\/users\/10"}],"replies":[{"embeddable":true,"href":"https:\/\/verdadeon.com.br\/portal\/wp-json\/wp\/v2\/comments?post=6039"}],"version-history":[{"count":0,"href":"https:\/\/verdadeon.com.br\/portal\/wp-json\/wp\/v2\/posts\/6039\/revisions"}],"wp:featuredmedia":[{"embeddable":true,"href":"https:\/\/verdadeon.com.br\/portal\/wp-json\/wp\/v2\/media\/6041"}],"wp:attachment":[{"href":"https:\/\/verdadeon.com.br\/portal\/wp-json\/wp\/v2\/media?parent=6039"}],"wp:term":[{"taxonomy":"category","embeddable":true,"href":"https:\/\/verdadeon.com.br\/portal\/wp-json\/wp\/v2\/categories?post=6039"},{"taxonomy":"post_tag","embeddable":true,"href":"https:\/\/verdadeon.com.br\/portal\/wp-json\/wp\/v2\/tags?post=6039"}],"curies":[{"name":"wp","href":"https:\/\/api.w.org\/{rel}","templated":true}]}}