{"id":60305,"date":"2025-09-26T15:20:11","date_gmt":"2025-09-26T18:20:11","guid":{"rendered":"https:\/\/verdadeon.com.br\/portal\/?p=60305"},"modified":"2025-09-26T15:20:11","modified_gmt":"2025-09-26T18:20:11","slug":"hugo-parte-esportiva-tera-rodeio-em-touros-e-ranch-sorting","status":"publish","type":"post","link":"https:\/\/verdadeon.com.br\/portal\/2025\/09\/26\/hugo-parte-esportiva-tera-rodeio-em-touros-e-ranch-sorting\/","title":{"rendered":"Hugo &#038; Guilherme chegam para agitar o FRM; parte esportiva ter\u00e1 rodeio em touros e Ranch Sorting"},"content":{"rendered":"<p>O Franca Rodeo Music 2025 promete mais uma noite de fortes emo\u00e7\u00f5es nesta sexta-feira, 26. A principal atra\u00e7\u00e3o do palco ser\u00e1 a dupla Hugo &amp; Guilherme, um dos maiores fen\u00f4menos da m\u00fasica sertaneja atual. Na parte esportiva, montaria em touros e a final do Ranch Sorting tamb\u00e9m agitam a arena.<\/p>\n<p>Reconhecidos pelo talento e pela conex\u00e3o \u00fanica com os f\u00e3s, Hugo &amp; Guilherme v\u00eam colecionando multid\u00f5es por onde passam. Em Franca, prometem um repert\u00f3rio com grandes sucessos da dupla, incluindo hits como \u201cMal Feito\u201d (parceria com Mar\u00edlia Mendon\u00e7a), \u201cCora\u00e7\u00e3o na Cama\u201d, \u201cM\u00e1gica\u201d, \u201cMeu N\u00famero\u201d e \u201cVazou na Braquiara\u201d.<\/p>\n<p>A noite ainda ter\u00e1 VH &amp; Alexandre, dupla sertaneja em ascens\u00e3o, considerada uma novidade no cen\u00e1rio musical.<\/p>\n<p><strong>Parte esportiva<\/strong><br \/>\nNesta sexta, acontece o segundo dia de montarias em touros, a modalidade esportiva mais aguardada do rodeio. Mais de 250 competidores disputam R$ 20 mil em premia\u00e7\u00e3o e a vaga direta para a final da liga na Festa do Pe\u00e3o de Barretos 2026.<\/p>\n<p>A programa\u00e7\u00e3o tamb\u00e9m inclui a final do Ranch Sorting, que re\u00fane 100 competidores e distribui R$ 20 mil em pr\u00eamios. Dois cavaleiros precisam separar, em ordem num\u00e9rica, bezerros de um grande lote e conduzi-los a um curral espec\u00edfico em menos de 60 segundos.<\/p>\n<p><strong>Ingressos<\/strong><br \/>\nAs vendas seguem dispon\u00edveis em pontos credenciados e no site Q2 Ingressos. O evento conta com os seguintes setores:<br \/>\n\u2022 Arena \/ Arquibancada: acesso \u00e0s montarias, shows e pra\u00e7a de alimenta\u00e7\u00e3o.<br \/>\n\u2022 Front Stage: vis\u00e3o privilegiada do palco e balada interna.<br \/>\n\u2022 Camarote Imperador: piso elevado, DJs, barman volante e espa\u00e7o VIP de alimenta\u00e7\u00e3o.<br \/>\n\u2022 Camarote Golden Ballantine\u2019s Open Bar (18+): setor premium, open bar de whisky, vodka, gin, campari e chopp Brahma, al\u00e9m de vis\u00e3o privilegiada do palco.<\/p>\n","protected":false},"excerpt":{"rendered":"<p>O Franca Rodeo Music 2025 promete mais uma noite de fortes emo\u00e7\u00f5es nesta sexta-feira, 26. A principal atra\u00e7\u00e3o do palco ser\u00e1 a dupla Hugo &amp; Guilherme,<span class=\"excerpt-hellip\"> [\u2026]<\/span><\/p>\n","protected":false},"author":10,"featured_media":60306,"comment_status":"open","ping_status":"open","sticky":false,"template":"","format":"standard","meta":{"_jetpack_memberships_contains_paid_content":false,"footnotes":"","jetpack_publicize_message":"","jetpack_publicize_feature_enabled":true,"jetpack_social_post_already_shared":true,"jetpack_social_options":{"image_generator_settings":{"template":"highway","default_image_id":0,"enabled":false},"version":2}},"categories":[28,44],"tags":[],"class_list":["post-60305","post","type-post","status-publish","format-standard","has-post-thumbnail","hentry","category-cotidiano","category-noticias"],"yoast_head":"<!-- This site is optimized with the Yoast SEO plugin v25.6 - https:\/\/yoast.com\/wordpress\/plugins\/seo\/ -->\n<title>Hugo &amp; Guilherme chegam para agitar o FRM; parte esportiva ter\u00e1 rodeio em touros e Ranch Sorting - VerdadeOn<\/title>\n<meta name=\"robots\" content=\"index, follow, max-snippet:-1, max-image-preview:large, max-video-preview:-1\" \/>\n<link rel=\"canonical\" href=\"https:\/\/verdadeon.com.br\/portal\/2025\/09\/26\/hugo-parte-esportiva-tera-rodeio-em-touros-e-ranch-sorting\/\" \/>\n<meta property=\"og:locale\" content=\"pt_BR\" \/>\n<meta property=\"og:type\" content=\"article\" \/>\n<meta property=\"og:title\" content=\"Hugo &amp; Guilherme chegam para agitar o FRM; parte esportiva ter\u00e1 rodeio em touros e Ranch Sorting - VerdadeOn\" \/>\n<meta property=\"og:description\" content=\"O Franca Rodeo Music 2025 promete mais uma noite de fortes emo\u00e7\u00f5es nesta sexta-feira, 26. A principal atra\u00e7\u00e3o do palco ser\u00e1 a dupla Hugo &amp; Guilherme, [\u2026]\" \/>\n<meta property=\"og:url\" content=\"https:\/\/verdadeon.com.br\/portal\/2025\/09\/26\/hugo-parte-esportiva-tera-rodeio-em-touros-e-ranch-sorting\/\" \/>\n<meta property=\"og:site_name\" content=\"VerdadeOn\" \/>\n<meta property=\"article:published_time\" content=\"2025-09-26T18:20:11+00:00\" \/>\n<meta property=\"og:image\" content=\"https:\/\/verdadeon.com.br\/portal\/wp-content\/uploads\/2025\/09\/WhatsApp-Image-2025-09-26-at-15.13.07.jpeg\" \/>\n\t<meta property=\"og:image:width\" content=\"1440\" \/>\n\t<meta property=\"og:image:height\" content=\"1080\" \/>\n\t<meta property=\"og:image:type\" content=\"image\/jpeg\" \/>\n<meta name=\"author\" content=\"Redacao VerdadeOn\" \/>\n<meta name=\"twitter:card\" content=\"summary_large_image\" \/>\n<meta name=\"twitter:label1\" content=\"Escrito por\" \/>\n\t<meta name=\"twitter:data1\" content=\"Redacao VerdadeOn\" \/>\n\t<meta name=\"twitter:label2\" content=\"Est. tempo de leitura\" \/>\n\t<meta name=\"twitter:data2\" content=\"2 minutos\" \/>\n<script type=\"application\/ld+json\" class=\"yoast-schema-graph\">{\"@context\":\"https:\/\/schema.org\",\"@graph\":[{\"@type\":\"WebPage\",\"@id\":\"https:\/\/verdadeon.com.br\/portal\/2025\/09\/26\/hugo-parte-esportiva-tera-rodeio-em-touros-e-ranch-sorting\/\",\"url\":\"https:\/\/verdadeon.com.br\/portal\/2025\/09\/26\/hugo-parte-esportiva-tera-rodeio-em-touros-e-ranch-sorting\/\",\"name\":\"Hugo & Guilherme chegam para agitar o FRM; parte esportiva ter\u00e1 rodeio em touros e Ranch Sorting - VerdadeOn\",\"isPartOf\":{\"@id\":\"https:\/\/verdadeon.com.br\/portal\/#website\"},\"primaryImageOfPage\":{\"@id\":\"https:\/\/verdadeon.com.br\/portal\/2025\/09\/26\/hugo-parte-esportiva-tera-rodeio-em-touros-e-ranch-sorting\/#primaryimage\"},\"image\":{\"@id\":\"https:\/\/verdadeon.com.br\/portal\/2025\/09\/26\/hugo-parte-esportiva-tera-rodeio-em-touros-e-ranch-sorting\/#primaryimage\"},\"thumbnailUrl\":\"https:\/\/i0.wp.com\/verdadeon.com.br\/portal\/wp-content\/uploads\/2025\/09\/WhatsApp-Image-2025-09-26-at-15.13.07.jpeg?fit=1440%2C1080&ssl=1\",\"datePublished\":\"2025-09-26T18:20:11+00:00\",\"author\":{\"@id\":\"https:\/\/verdadeon.com.br\/portal\/#\/schema\/person\/a5060ad1e9ea3df545188fc93ce43d2f\"},\"breadcrumb\":{\"@id\":\"https:\/\/verdadeon.com.br\/portal\/2025\/09\/26\/hugo-parte-esportiva-tera-rodeio-em-touros-e-ranch-sorting\/#breadcrumb\"},\"inLanguage\":\"pt-BR\",\"potentialAction\":[{\"@type\":\"ReadAction\",\"target\":[\"https:\/\/verdadeon.com.br\/portal\/2025\/09\/26\/hugo-parte-esportiva-tera-rodeio-em-touros-e-ranch-sorting\/\"]}]},{\"@type\":\"ImageObject\",\"inLanguage\":\"pt-BR\",\"@id\":\"https:\/\/verdadeon.com.br\/portal\/2025\/09\/26\/hugo-parte-esportiva-tera-rodeio-em-touros-e-ranch-sorting\/#primaryimage\",\"url\":\"https:\/\/i0.wp.com\/verdadeon.com.br\/portal\/wp-content\/uploads\/2025\/09\/WhatsApp-Image-2025-09-26-at-15.13.07.jpeg?fit=1440%2C1080&ssl=1\",\"contentUrl\":\"https:\/\/i0.wp.com\/verdadeon.com.br\/portal\/wp-content\/uploads\/2025\/09\/WhatsApp-Image-2025-09-26-at-15.13.07.jpeg?fit=1440%2C1080&ssl=1\",\"width\":1440,\"height\":1080,\"caption\":\"A dupla Hugo & Guilherme (\u00a9Divulga\u00e7\u00e3o)\"},{\"@type\":\"BreadcrumbList\",\"@id\":\"https:\/\/verdadeon.com.br\/portal\/2025\/09\/26\/hugo-parte-esportiva-tera-rodeio-em-touros-e-ranch-sorting\/#breadcrumb\",\"itemListElement\":[{\"@type\":\"ListItem\",\"position\":1,\"name\":\"In\u00edcio\",\"item\":\"https:\/\/verdadeon.com.br\/portal\/\"},{\"@type\":\"ListItem\",\"position\":2,\"name\":\"Hugo &#038; Guilherme chegam para agitar o FRM; parte esportiva ter\u00e1 rodeio em touros e Ranch Sorting\"}]},{\"@type\":\"WebSite\",\"@id\":\"https:\/\/verdadeon.com.br\/portal\/#website\",\"url\":\"https:\/\/verdadeon.com.br\/portal\/\",\"name\":\"VerdadeOn\",\"description\":\"Not\u00edcias di\u00e1rias sobre Franca, Regi\u00e3o, Esporte, Cultura, Cotidiano, Colunas. Cobertura nos principais eventos da cidade \u00e9 aqui - Verdadeon Franca\",\"potentialAction\":[{\"@type\":\"SearchAction\",\"target\":{\"@type\":\"EntryPoint\",\"urlTemplate\":\"https:\/\/verdadeon.com.br\/portal\/?s={search_term_string}\"},\"query-input\":{\"@type\":\"PropertyValueSpecification\",\"valueRequired\":true,\"valueName\":\"search_term_string\"}}],\"inLanguage\":\"pt-BR\"},{\"@type\":\"Person\",\"@id\":\"https:\/\/verdadeon.com.br\/portal\/#\/schema\/person\/a5060ad1e9ea3df545188fc93ce43d2f\",\"name\":\"Redacao VerdadeOn\",\"image\":{\"@type\":\"ImageObject\",\"inLanguage\":\"pt-BR\",\"@id\":\"https:\/\/verdadeon.com.br\/portal\/#\/schema\/person\/image\/\",\"url\":\"https:\/\/secure.gravatar.com\/avatar\/459a9613caaaf07f582c3d0841eea68bdd66f533e465e6ba8b9cb45619572cf4?s=96&d=mm&r=g\",\"contentUrl\":\"https:\/\/secure.gravatar.com\/avatar\/459a9613caaaf07f582c3d0841eea68bdd66f533e465e6ba8b9cb45619572cf4?s=96&d=mm&r=g\",\"caption\":\"Redacao VerdadeOn\"},\"url\":\"https:\/\/verdadeon.com.br\/portal\/author\/redacao\/\"}]}<\/script>\n<!-- \/ Yoast SEO plugin. -->","yoast_head_json":{"title":"Hugo & Guilherme chegam para agitar o FRM; parte esportiva ter\u00e1 rodeio em touros e Ranch Sorting - VerdadeOn","robots":{"index":"index","follow":"follow","max-snippet":"max-snippet:-1","max-image-preview":"max-image-preview:large","max-video-preview":"max-video-preview:-1"},"canonical":"https:\/\/verdadeon.com.br\/portal\/2025\/09\/26\/hugo-parte-esportiva-tera-rodeio-em-touros-e-ranch-sorting\/","og_locale":"pt_BR","og_type":"article","og_title":"Hugo & Guilherme chegam para agitar o FRM; parte esportiva ter\u00e1 rodeio em touros e Ranch Sorting - VerdadeOn","og_description":"O Franca Rodeo Music 2025 promete mais uma noite de fortes emo\u00e7\u00f5es nesta sexta-feira, 26. A principal atra\u00e7\u00e3o do palco ser\u00e1 a dupla Hugo &amp; Guilherme, [\u2026]","og_url":"https:\/\/verdadeon.com.br\/portal\/2025\/09\/26\/hugo-parte-esportiva-tera-rodeio-em-touros-e-ranch-sorting\/","og_site_name":"VerdadeOn","article_published_time":"2025-09-26T18:20:11+00:00","og_image":[{"width":1440,"height":1080,"url":"https:\/\/verdadeon.com.br\/portal\/wp-content\/uploads\/2025\/09\/WhatsApp-Image-2025-09-26-at-15.13.07.jpeg","type":"image\/jpeg"}],"author":"Redacao VerdadeOn","twitter_card":"summary_large_image","twitter_misc":{"Escrito por":"Redacao VerdadeOn","Est. tempo de leitura":"2 minutos"},"schema":{"@context":"https:\/\/schema.org","@graph":[{"@type":"WebPage","@id":"https:\/\/verdadeon.com.br\/portal\/2025\/09\/26\/hugo-parte-esportiva-tera-rodeio-em-touros-e-ranch-sorting\/","url":"https:\/\/verdadeon.com.br\/portal\/2025\/09\/26\/hugo-parte-esportiva-tera-rodeio-em-touros-e-ranch-sorting\/","name":"Hugo & Guilherme chegam para agitar o FRM; parte esportiva ter\u00e1 rodeio em touros e Ranch Sorting - VerdadeOn","isPartOf":{"@id":"https:\/\/verdadeon.com.br\/portal\/#website"},"primaryImageOfPage":{"@id":"https:\/\/verdadeon.com.br\/portal\/2025\/09\/26\/hugo-parte-esportiva-tera-rodeio-em-touros-e-ranch-sorting\/#primaryimage"},"image":{"@id":"https:\/\/verdadeon.com.br\/portal\/2025\/09\/26\/hugo-parte-esportiva-tera-rodeio-em-touros-e-ranch-sorting\/#primaryimage"},"thumbnailUrl":"https:\/\/i0.wp.com\/verdadeon.com.br\/portal\/wp-content\/uploads\/2025\/09\/WhatsApp-Image-2025-09-26-at-15.13.07.jpeg?fit=1440%2C1080&ssl=1","datePublished":"2025-09-26T18:20:11+00:00","author":{"@id":"https:\/\/verdadeon.com.br\/portal\/#\/schema\/person\/a5060ad1e9ea3df545188fc93ce43d2f"},"breadcrumb":{"@id":"https:\/\/verdadeon.com.br\/portal\/2025\/09\/26\/hugo-parte-esportiva-tera-rodeio-em-touros-e-ranch-sorting\/#breadcrumb"},"inLanguage":"pt-BR","potentialAction":[{"@type":"ReadAction","target":["https:\/\/verdadeon.com.br\/portal\/2025\/09\/26\/hugo-parte-esportiva-tera-rodeio-em-touros-e-ranch-sorting\/"]}]},{"@type":"ImageObject","inLanguage":"pt-BR","@id":"https:\/\/verdadeon.com.br\/portal\/2025\/09\/26\/hugo-parte-esportiva-tera-rodeio-em-touros-e-ranch-sorting\/#primaryimage","url":"https:\/\/i0.wp.com\/verdadeon.com.br\/portal\/wp-content\/uploads\/2025\/09\/WhatsApp-Image-2025-09-26-at-15.13.07.jpeg?fit=1440%2C1080&ssl=1","contentUrl":"https:\/\/i0.wp.com\/verdadeon.com.br\/portal\/wp-content\/uploads\/2025\/09\/WhatsApp-Image-2025-09-26-at-15.13.07.jpeg?fit=1440%2C1080&ssl=1","width":1440,"height":1080,"caption":"A dupla Hugo & Guilherme (\u00a9Divulga\u00e7\u00e3o)"},{"@type":"BreadcrumbList","@id":"https:\/\/verdadeon.com.br\/portal\/2025\/09\/26\/hugo-parte-esportiva-tera-rodeio-em-touros-e-ranch-sorting\/#breadcrumb","itemListElement":[{"@type":"ListItem","position":1,"name":"In\u00edcio","item":"https:\/\/verdadeon.com.br\/portal\/"},{"@type":"ListItem","position":2,"name":"Hugo &#038; Guilherme chegam para agitar o FRM; parte esportiva ter\u00e1 rodeio em touros e Ranch Sorting"}]},{"@type":"WebSite","@id":"https:\/\/verdadeon.com.br\/portal\/#website","url":"https:\/\/verdadeon.com.br\/portal\/","name":"VerdadeOn","description":"Not\u00edcias di\u00e1rias sobre Franca, Regi\u00e3o, Esporte, Cultura, Cotidiano, Colunas. Cobertura nos principais eventos da cidade \u00e9 aqui - Verdadeon Franca","potentialAction":[{"@type":"SearchAction","target":{"@type":"EntryPoint","urlTemplate":"https:\/\/verdadeon.com.br\/portal\/?s={search_term_string}"},"query-input":{"@type":"PropertyValueSpecification","valueRequired":true,"valueName":"search_term_string"}}],"inLanguage":"pt-BR"},{"@type":"Person","@id":"https:\/\/verdadeon.com.br\/portal\/#\/schema\/person\/a5060ad1e9ea3df545188fc93ce43d2f","name":"Redacao VerdadeOn","image":{"@type":"ImageObject","inLanguage":"pt-BR","@id":"https:\/\/verdadeon.com.br\/portal\/#\/schema\/person\/image\/","url":"https:\/\/secure.gravatar.com\/avatar\/459a9613caaaf07f582c3d0841eea68bdd66f533e465e6ba8b9cb45619572cf4?s=96&d=mm&r=g","contentUrl":"https:\/\/secure.gravatar.com\/avatar\/459a9613caaaf07f582c3d0841eea68bdd66f533e465e6ba8b9cb45619572cf4?s=96&d=mm&r=g","caption":"Redacao VerdadeOn"},"url":"https:\/\/verdadeon.com.br\/portal\/author\/redacao\/"}]}},"jetpack_publicize_connections":[],"jetpack_featured_media_url":"https:\/\/i0.wp.com\/verdadeon.com.br\/portal\/wp-content\/uploads\/2025\/09\/WhatsApp-Image-2025-09-26-at-15.13.07.jpeg?fit=1440%2C1080&ssl=1","jetpack_sharing_enabled":true,"_links":{"self":[{"href":"https:\/\/verdadeon.com.br\/portal\/wp-json\/wp\/v2\/posts\/60305","targetHints":{"allow":["GET"]}}],"collection":[{"href":"https:\/\/verdadeon.com.br\/portal\/wp-json\/wp\/v2\/posts"}],"about":[{"href":"https:\/\/verdadeon.com.br\/portal\/wp-json\/wp\/v2\/types\/post"}],"author":[{"embeddable":true,"href":"https:\/\/verdadeon.com.br\/portal\/wp-json\/wp\/v2\/users\/10"}],"replies":[{"embeddable":true,"href":"https:\/\/verdadeon.com.br\/portal\/wp-json\/wp\/v2\/comments?post=60305"}],"version-history":[{"count":1,"href":"https:\/\/verdadeon.com.br\/portal\/wp-json\/wp\/v2\/posts\/60305\/revisions"}],"predecessor-version":[{"id":60307,"href":"https:\/\/verdadeon.com.br\/portal\/wp-json\/wp\/v2\/posts\/60305\/revisions\/60307"}],"wp:featuredmedia":[{"embeddable":true,"href":"https:\/\/verdadeon.com.br\/portal\/wp-json\/wp\/v2\/media\/60306"}],"wp:attachment":[{"href":"https:\/\/verdadeon.com.br\/portal\/wp-json\/wp\/v2\/media?parent=60305"}],"wp:term":[{"taxonomy":"category","embeddable":true,"href":"https:\/\/verdadeon.com.br\/portal\/wp-json\/wp\/v2\/categories?post=60305"},{"taxonomy":"post_tag","embeddable":true,"href":"https:\/\/verdadeon.com.br\/portal\/wp-json\/wp\/v2\/tags?post=60305"}],"curies":[{"name":"wp","href":"https:\/\/api.w.org\/{rel}","templated":true}]}}