{"id":60284,"date":"2025-09-26T11:22:07","date_gmt":"2025-09-26T14:22:07","guid":{"rendered":"https:\/\/verdadeon.com.br\/portal\/?p=60284"},"modified":"2025-09-26T11:22:07","modified_gmt":"2025-09-26T14:22:07","slug":"sesi-franca-basquete-e-sao-jose-dos-campos-se-enfrentam-pelas-semifinais-do-paulista","status":"publish","type":"post","link":"https:\/\/verdadeon.com.br\/portal\/2025\/09\/26\/sesi-franca-basquete-e-sao-jose-dos-campos-se-enfrentam-pelas-semifinais-do-paulista\/","title":{"rendered":"Sesi Franca Basquete e S\u00e3o Jos\u00e9 dos Campos se enfrentam pelas semifinais do Paulista"},"content":{"rendered":"<h2>Mogi Basquete e E. C. Pinheiros disputam do outro lado<\/h2>\n<p style=\"text-align: right;\"><strong><em>Por Pedro Maia<\/em><\/strong><br \/>\n<strong><em>Editor-chefe<\/em><\/strong><\/p>\n<p>Definido o calend\u00e1rio, o Sesi Franca Basquete vai enfrentar o S\u00e3o Jos\u00e9 dos Campos na semifinal do Campeonato Paulista 2025, ap\u00f3s vencer o Rio Claro nas quartas de final. A venda de ingressos abre \u00e0s 18h desta sexta-feira, 26. Do outro lado, Mogi Basquete e E. C. Pinheiros disputam vaga na final.<\/p>\n<p>Em 2024, Sesi Franca e S\u00e3o Jos\u00e9 se confrontaram na final do torneio, com o &#8216;Rolo Compressor&#8217; levando a melhor nos dois jogos e garantindo o 16\u00b0 t\u00edtulo paulista da hist\u00f3ria em casa.<\/p>\n<p><strong>Agora \u00e9 a hora!<\/strong><\/p>\n<p>O Jogo 1 ser\u00e1 na Arena Farma Conde, \u00e0s 18h, no pr\u00f3ximo domingo, 28 de setembro. Depois, na quarta-feira, 1\u00b0 de outubro, a disputa \u00e9 no Gin\u00e1sio Pedro Morilla Fuentes, o Pedroc\u00e3o, \u00e0s 19h. Caso seja necess\u00e1rio, uma nova partida ser\u00e1 realizada, ainda no Pedroc\u00e3o, no dia seguinte, tamb\u00e9m \u00e0s 19h.<\/p>\n<p>Pelas redes sociais, o Franca convidou a torcida a apoiar a equipe:\u00a0&#8220;Bora garantir o seu ingresso e lotar o Pedroc\u00e3o! Vamos juntos empurrar o time para mais uma final!&#8221;.<\/p>\n","protected":false},"excerpt":{"rendered":"<p>Mogi Basquete e E. C. Pinheiros disputam do outro lado Por Pedro Maia Editor-chefe Definido o calend\u00e1rio, o Sesi Franca Basquete vai enfrentar o S\u00e3o Jos\u00e9<span class=\"excerpt-hellip\"> [\u2026]<\/span><\/p>\n","protected":false},"author":10,"featured_media":51126,"comment_status":"open","ping_status":"open","sticky":false,"template":"","format":"standard","meta":{"_jetpack_memberships_contains_paid_content":false,"footnotes":"","jetpack_publicize_message":"","jetpack_publicize_feature_enabled":true,"jetpack_social_post_already_shared":true,"jetpack_social_options":{"image_generator_settings":{"template":"highway","default_image_id":0,"enabled":false},"version":2}},"categories":[28,81],"tags":[],"class_list":["post-60284","post","type-post","status-publish","format-standard","has-post-thumbnail","hentry","category-cotidiano","category-manchete"],"yoast_head":"<!-- This site is optimized with the Yoast SEO plugin v25.6 - https:\/\/yoast.com\/wordpress\/plugins\/seo\/ -->\n<title>Sesi Franca Basquete e S\u00e3o Jos\u00e9 dos Campos se enfrentam pelas semifinais do Paulista - VerdadeOn<\/title>\n<meta name=\"robots\" content=\"index, follow, max-snippet:-1, max-image-preview:large, max-video-preview:-1\" \/>\n<link rel=\"canonical\" href=\"https:\/\/verdadeon.com.br\/portal\/2025\/09\/26\/sesi-franca-basquete-e-sao-jose-dos-campos-se-enfrentam-pelas-semifinais-do-paulista\/\" \/>\n<meta property=\"og:locale\" content=\"pt_BR\" \/>\n<meta property=\"og:type\" content=\"article\" \/>\n<meta property=\"og:title\" content=\"Sesi Franca Basquete e S\u00e3o Jos\u00e9 dos Campos se enfrentam pelas semifinais do Paulista - VerdadeOn\" \/>\n<meta property=\"og:description\" content=\"Mogi Basquete e E. C. Pinheiros disputam do outro lado Por Pedro Maia Editor-chefe Definido o calend\u00e1rio, o Sesi Franca Basquete vai enfrentar o S\u00e3o Jos\u00e9 [\u2026]\" \/>\n<meta property=\"og:url\" content=\"https:\/\/verdadeon.com.br\/portal\/2025\/09\/26\/sesi-franca-basquete-e-sao-jose-dos-campos-se-enfrentam-pelas-semifinais-do-paulista\/\" \/>\n<meta property=\"og:site_name\" content=\"VerdadeOn\" \/>\n<meta property=\"article:published_time\" content=\"2025-09-26T14:22:07+00:00\" \/>\n<meta property=\"og:image\" content=\"https:\/\/verdadeon.com.br\/portal\/wp-content\/uploads\/2024\/11\/1b98d-54055697651-d16c88b7c0-c.jpg\" \/>\n\t<meta property=\"og:image:width\" content=\"795\" \/>\n\t<meta property=\"og:image:height\" content=\"533\" \/>\n\t<meta property=\"og:image:type\" content=\"image\/jpeg\" \/>\n<meta name=\"author\" content=\"Redacao VerdadeOn\" \/>\n<meta name=\"twitter:card\" content=\"summary_large_image\" \/>\n<meta name=\"twitter:label1\" content=\"Escrito por\" \/>\n\t<meta name=\"twitter:data1\" content=\"Redacao VerdadeOn\" \/>\n\t<meta name=\"twitter:label2\" content=\"Est. tempo de leitura\" \/>\n\t<meta name=\"twitter:data2\" content=\"2 minutos\" \/>\n<script type=\"application\/ld+json\" class=\"yoast-schema-graph\">{\"@context\":\"https:\/\/schema.org\",\"@graph\":[{\"@type\":\"WebPage\",\"@id\":\"https:\/\/verdadeon.com.br\/portal\/2025\/09\/26\/sesi-franca-basquete-e-sao-jose-dos-campos-se-enfrentam-pelas-semifinais-do-paulista\/\",\"url\":\"https:\/\/verdadeon.com.br\/portal\/2025\/09\/26\/sesi-franca-basquete-e-sao-jose-dos-campos-se-enfrentam-pelas-semifinais-do-paulista\/\",\"name\":\"Sesi Franca Basquete e S\u00e3o Jos\u00e9 dos Campos se enfrentam pelas semifinais do Paulista - VerdadeOn\",\"isPartOf\":{\"@id\":\"https:\/\/verdadeon.com.br\/portal\/#website\"},\"primaryImageOfPage\":{\"@id\":\"https:\/\/verdadeon.com.br\/portal\/2025\/09\/26\/sesi-franca-basquete-e-sao-jose-dos-campos-se-enfrentam-pelas-semifinais-do-paulista\/#primaryimage\"},\"image\":{\"@id\":\"https:\/\/verdadeon.com.br\/portal\/2025\/09\/26\/sesi-franca-basquete-e-sao-jose-dos-campos-se-enfrentam-pelas-semifinais-do-paulista\/#primaryimage\"},\"thumbnailUrl\":\"https:\/\/i0.wp.com\/verdadeon.com.br\/portal\/wp-content\/uploads\/2024\/11\/1b98d-54055697651-d16c88b7c0-c.jpg?fit=795%2C533&ssl=1\",\"datePublished\":\"2025-09-26T14:22:07+00:00\",\"author\":{\"@id\":\"https:\/\/verdadeon.com.br\/portal\/#\/schema\/person\/a5060ad1e9ea3df545188fc93ce43d2f\"},\"breadcrumb\":{\"@id\":\"https:\/\/verdadeon.com.br\/portal\/2025\/09\/26\/sesi-franca-basquete-e-sao-jose-dos-campos-se-enfrentam-pelas-semifinais-do-paulista\/#breadcrumb\"},\"inLanguage\":\"pt-BR\",\"potentialAction\":[{\"@type\":\"ReadAction\",\"target\":[\"https:\/\/verdadeon.com.br\/portal\/2025\/09\/26\/sesi-franca-basquete-e-sao-jose-dos-campos-se-enfrentam-pelas-semifinais-do-paulista\/\"]}]},{\"@type\":\"ImageObject\",\"inLanguage\":\"pt-BR\",\"@id\":\"https:\/\/verdadeon.com.br\/portal\/2025\/09\/26\/sesi-franca-basquete-e-sao-jose-dos-campos-se-enfrentam-pelas-semifinais-do-paulista\/#primaryimage\",\"url\":\"https:\/\/i0.wp.com\/verdadeon.com.br\/portal\/wp-content\/uploads\/2024\/11\/1b98d-54055697651-d16c88b7c0-c.jpg?fit=795%2C533&ssl=1\",\"contentUrl\":\"https:\/\/i0.wp.com\/verdadeon.com.br\/portal\/wp-content\/uploads\/2024\/11\/1b98d-54055697651-d16c88b7c0-c.jpg?fit=795%2C533&ssl=1\",\"width\":795,\"height\":533,\"caption\":\"(\u00a9Marcos Limonti\/SFB)\"},{\"@type\":\"BreadcrumbList\",\"@id\":\"https:\/\/verdadeon.com.br\/portal\/2025\/09\/26\/sesi-franca-basquete-e-sao-jose-dos-campos-se-enfrentam-pelas-semifinais-do-paulista\/#breadcrumb\",\"itemListElement\":[{\"@type\":\"ListItem\",\"position\":1,\"name\":\"In\u00edcio\",\"item\":\"https:\/\/verdadeon.com.br\/portal\/\"},{\"@type\":\"ListItem\",\"position\":2,\"name\":\"Sesi Franca Basquete e S\u00e3o Jos\u00e9 dos Campos se enfrentam pelas semifinais do Paulista\"}]},{\"@type\":\"WebSite\",\"@id\":\"https:\/\/verdadeon.com.br\/portal\/#website\",\"url\":\"https:\/\/verdadeon.com.br\/portal\/\",\"name\":\"VerdadeOn\",\"description\":\"Not\u00edcias di\u00e1rias sobre Franca, Regi\u00e3o, Esporte, Cultura, Cotidiano, Colunas. Cobertura nos principais eventos da cidade \u00e9 aqui - Verdadeon Franca\",\"potentialAction\":[{\"@type\":\"SearchAction\",\"target\":{\"@type\":\"EntryPoint\",\"urlTemplate\":\"https:\/\/verdadeon.com.br\/portal\/?s={search_term_string}\"},\"query-input\":{\"@type\":\"PropertyValueSpecification\",\"valueRequired\":true,\"valueName\":\"search_term_string\"}}],\"inLanguage\":\"pt-BR\"},{\"@type\":\"Person\",\"@id\":\"https:\/\/verdadeon.com.br\/portal\/#\/schema\/person\/a5060ad1e9ea3df545188fc93ce43d2f\",\"name\":\"Redacao VerdadeOn\",\"image\":{\"@type\":\"ImageObject\",\"inLanguage\":\"pt-BR\",\"@id\":\"https:\/\/verdadeon.com.br\/portal\/#\/schema\/person\/image\/\",\"url\":\"https:\/\/secure.gravatar.com\/avatar\/459a9613caaaf07f582c3d0841eea68bdd66f533e465e6ba8b9cb45619572cf4?s=96&d=mm&r=g\",\"contentUrl\":\"https:\/\/secure.gravatar.com\/avatar\/459a9613caaaf07f582c3d0841eea68bdd66f533e465e6ba8b9cb45619572cf4?s=96&d=mm&r=g\",\"caption\":\"Redacao VerdadeOn\"},\"url\":\"https:\/\/verdadeon.com.br\/portal\/author\/redacao\/\"}]}<\/script>\n<!-- \/ Yoast SEO plugin. -->","yoast_head_json":{"title":"Sesi Franca Basquete e S\u00e3o Jos\u00e9 dos Campos se enfrentam pelas semifinais do Paulista - VerdadeOn","robots":{"index":"index","follow":"follow","max-snippet":"max-snippet:-1","max-image-preview":"max-image-preview:large","max-video-preview":"max-video-preview:-1"},"canonical":"https:\/\/verdadeon.com.br\/portal\/2025\/09\/26\/sesi-franca-basquete-e-sao-jose-dos-campos-se-enfrentam-pelas-semifinais-do-paulista\/","og_locale":"pt_BR","og_type":"article","og_title":"Sesi Franca Basquete e S\u00e3o Jos\u00e9 dos Campos se enfrentam pelas semifinais do Paulista - VerdadeOn","og_description":"Mogi Basquete e E. C. Pinheiros disputam do outro lado Por Pedro Maia Editor-chefe Definido o calend\u00e1rio, o Sesi Franca Basquete vai enfrentar o S\u00e3o Jos\u00e9 [\u2026]","og_url":"https:\/\/verdadeon.com.br\/portal\/2025\/09\/26\/sesi-franca-basquete-e-sao-jose-dos-campos-se-enfrentam-pelas-semifinais-do-paulista\/","og_site_name":"VerdadeOn","article_published_time":"2025-09-26T14:22:07+00:00","og_image":[{"width":795,"height":533,"url":"https:\/\/verdadeon.com.br\/portal\/wp-content\/uploads\/2024\/11\/1b98d-54055697651-d16c88b7c0-c.jpg","type":"image\/jpeg"}],"author":"Redacao VerdadeOn","twitter_card":"summary_large_image","twitter_misc":{"Escrito por":"Redacao VerdadeOn","Est. tempo de leitura":"2 minutos"},"schema":{"@context":"https:\/\/schema.org","@graph":[{"@type":"WebPage","@id":"https:\/\/verdadeon.com.br\/portal\/2025\/09\/26\/sesi-franca-basquete-e-sao-jose-dos-campos-se-enfrentam-pelas-semifinais-do-paulista\/","url":"https:\/\/verdadeon.com.br\/portal\/2025\/09\/26\/sesi-franca-basquete-e-sao-jose-dos-campos-se-enfrentam-pelas-semifinais-do-paulista\/","name":"Sesi Franca Basquete e S\u00e3o Jos\u00e9 dos Campos se enfrentam pelas semifinais do Paulista - VerdadeOn","isPartOf":{"@id":"https:\/\/verdadeon.com.br\/portal\/#website"},"primaryImageOfPage":{"@id":"https:\/\/verdadeon.com.br\/portal\/2025\/09\/26\/sesi-franca-basquete-e-sao-jose-dos-campos-se-enfrentam-pelas-semifinais-do-paulista\/#primaryimage"},"image":{"@id":"https:\/\/verdadeon.com.br\/portal\/2025\/09\/26\/sesi-franca-basquete-e-sao-jose-dos-campos-se-enfrentam-pelas-semifinais-do-paulista\/#primaryimage"},"thumbnailUrl":"https:\/\/i0.wp.com\/verdadeon.com.br\/portal\/wp-content\/uploads\/2024\/11\/1b98d-54055697651-d16c88b7c0-c.jpg?fit=795%2C533&ssl=1","datePublished":"2025-09-26T14:22:07+00:00","author":{"@id":"https:\/\/verdadeon.com.br\/portal\/#\/schema\/person\/a5060ad1e9ea3df545188fc93ce43d2f"},"breadcrumb":{"@id":"https:\/\/verdadeon.com.br\/portal\/2025\/09\/26\/sesi-franca-basquete-e-sao-jose-dos-campos-se-enfrentam-pelas-semifinais-do-paulista\/#breadcrumb"},"inLanguage":"pt-BR","potentialAction":[{"@type":"ReadAction","target":["https:\/\/verdadeon.com.br\/portal\/2025\/09\/26\/sesi-franca-basquete-e-sao-jose-dos-campos-se-enfrentam-pelas-semifinais-do-paulista\/"]}]},{"@type":"ImageObject","inLanguage":"pt-BR","@id":"https:\/\/verdadeon.com.br\/portal\/2025\/09\/26\/sesi-franca-basquete-e-sao-jose-dos-campos-se-enfrentam-pelas-semifinais-do-paulista\/#primaryimage","url":"https:\/\/i0.wp.com\/verdadeon.com.br\/portal\/wp-content\/uploads\/2024\/11\/1b98d-54055697651-d16c88b7c0-c.jpg?fit=795%2C533&ssl=1","contentUrl":"https:\/\/i0.wp.com\/verdadeon.com.br\/portal\/wp-content\/uploads\/2024\/11\/1b98d-54055697651-d16c88b7c0-c.jpg?fit=795%2C533&ssl=1","width":795,"height":533,"caption":"(\u00a9Marcos Limonti\/SFB)"},{"@type":"BreadcrumbList","@id":"https:\/\/verdadeon.com.br\/portal\/2025\/09\/26\/sesi-franca-basquete-e-sao-jose-dos-campos-se-enfrentam-pelas-semifinais-do-paulista\/#breadcrumb","itemListElement":[{"@type":"ListItem","position":1,"name":"In\u00edcio","item":"https:\/\/verdadeon.com.br\/portal\/"},{"@type":"ListItem","position":2,"name":"Sesi Franca Basquete e S\u00e3o Jos\u00e9 dos Campos se enfrentam pelas semifinais do Paulista"}]},{"@type":"WebSite","@id":"https:\/\/verdadeon.com.br\/portal\/#website","url":"https:\/\/verdadeon.com.br\/portal\/","name":"VerdadeOn","description":"Not\u00edcias di\u00e1rias sobre Franca, Regi\u00e3o, Esporte, Cultura, Cotidiano, Colunas. Cobertura nos principais eventos da cidade \u00e9 aqui - Verdadeon Franca","potentialAction":[{"@type":"SearchAction","target":{"@type":"EntryPoint","urlTemplate":"https:\/\/verdadeon.com.br\/portal\/?s={search_term_string}"},"query-input":{"@type":"PropertyValueSpecification","valueRequired":true,"valueName":"search_term_string"}}],"inLanguage":"pt-BR"},{"@type":"Person","@id":"https:\/\/verdadeon.com.br\/portal\/#\/schema\/person\/a5060ad1e9ea3df545188fc93ce43d2f","name":"Redacao VerdadeOn","image":{"@type":"ImageObject","inLanguage":"pt-BR","@id":"https:\/\/verdadeon.com.br\/portal\/#\/schema\/person\/image\/","url":"https:\/\/secure.gravatar.com\/avatar\/459a9613caaaf07f582c3d0841eea68bdd66f533e465e6ba8b9cb45619572cf4?s=96&d=mm&r=g","contentUrl":"https:\/\/secure.gravatar.com\/avatar\/459a9613caaaf07f582c3d0841eea68bdd66f533e465e6ba8b9cb45619572cf4?s=96&d=mm&r=g","caption":"Redacao VerdadeOn"},"url":"https:\/\/verdadeon.com.br\/portal\/author\/redacao\/"}]}},"jetpack_publicize_connections":[],"jetpack_featured_media_url":"https:\/\/i0.wp.com\/verdadeon.com.br\/portal\/wp-content\/uploads\/2024\/11\/1b98d-54055697651-d16c88b7c0-c.jpg?fit=795%2C533&ssl=1","jetpack_sharing_enabled":true,"_links":{"self":[{"href":"https:\/\/verdadeon.com.br\/portal\/wp-json\/wp\/v2\/posts\/60284","targetHints":{"allow":["GET"]}}],"collection":[{"href":"https:\/\/verdadeon.com.br\/portal\/wp-json\/wp\/v2\/posts"}],"about":[{"href":"https:\/\/verdadeon.com.br\/portal\/wp-json\/wp\/v2\/types\/post"}],"author":[{"embeddable":true,"href":"https:\/\/verdadeon.com.br\/portal\/wp-json\/wp\/v2\/users\/10"}],"replies":[{"embeddable":true,"href":"https:\/\/verdadeon.com.br\/portal\/wp-json\/wp\/v2\/comments?post=60284"}],"version-history":[{"count":1,"href":"https:\/\/verdadeon.com.br\/portal\/wp-json\/wp\/v2\/posts\/60284\/revisions"}],"predecessor-version":[{"id":60285,"href":"https:\/\/verdadeon.com.br\/portal\/wp-json\/wp\/v2\/posts\/60284\/revisions\/60285"}],"wp:featuredmedia":[{"embeddable":true,"href":"https:\/\/verdadeon.com.br\/portal\/wp-json\/wp\/v2\/media\/51126"}],"wp:attachment":[{"href":"https:\/\/verdadeon.com.br\/portal\/wp-json\/wp\/v2\/media?parent=60284"}],"wp:term":[{"taxonomy":"category","embeddable":true,"href":"https:\/\/verdadeon.com.br\/portal\/wp-json\/wp\/v2\/categories?post=60284"},{"taxonomy":"post_tag","embeddable":true,"href":"https:\/\/verdadeon.com.br\/portal\/wp-json\/wp\/v2\/tags?post=60284"}],"curies":[{"name":"wp","href":"https:\/\/api.w.org\/{rel}","templated":true}]}}