{"id":60260,"date":"2025-09-25T13:27:03","date_gmt":"2025-09-25T16:27:03","guid":{"rendered":"https:\/\/verdadeon.com.br\/portal\/?p=60260"},"modified":"2025-09-25T13:27:03","modified_gmt":"2025-09-25T16:27:03","slug":"com-homenagem-e-raridades-25o-encontro-dos-carros-antigos-em-franca-comeca-nesta-sexta","status":"publish","type":"post","link":"https:\/\/verdadeon.com.br\/portal\/2025\/09\/25\/com-homenagem-e-raridades-25o-encontro-dos-carros-antigos-em-franca-comeca-nesta-sexta\/","title":{"rendered":"Com homenagem e raridades, 25\u00ba Encontro dos Carros Antigos em Franca come\u00e7a nesta sexta"},"content":{"rendered":"<h2>Entrada \u00e9 gratuita para visitantes e expositores; organiza\u00e7\u00e3o pede apenas doa\u00e7\u00e3o de 2kg de alimentos n\u00e3o perec\u00edveis<\/h2>\n<p style=\"text-align: right;\"><strong><em>Por Pedro Maia<\/em><\/strong><br \/>\n<strong><em>Editor-chefe<\/em><\/strong><\/p>\n<p>Com homenagem e raridades, o Parque Fernando Costa recebe, nesta sexta, s\u00e1bado e domingo &#8211; 26, 27 e 28 de setembro, respectivamente -o 25\u00b0 Encontro de Ve\u00edculos Antigos de Franca. A organiza\u00e7\u00e3o espera mais de 500 ve\u00edculos no decorrer dos tr\u00eas dias, com os cl\u00e1ssicos nacionais Opala e Fusca, mas tamb\u00e9m o destaque dos importados como o Camaro, Mustang, Impala e outros.<\/p>\n<p>Presidente do bi\u00eanio 2024\/2025 do Clube do Autom\u00f3vel Antigo de Franca, Heitor Ambr\u00f3sio falou sobre o evento: &#8220;nosso encontro, que j\u00e1 est\u00e1 chegando a sua 25\u00aa edi\u00e7\u00e3o, traduz a import\u00e2ncia e a relev\u00e2ncia cultural do antigomobilismo para a cidade de Franca e regi\u00e3o. Nosso evento \u00e9 o maior de todo o DDD16, e recebemos expositores e visitantes apaixonados de todo o pa\u00eds, mostrando a for\u00e7a dessa tradi\u00e7\u00e3o na nossa cidade&#8221;.<\/p>\n<p>Heitor \u00e9 o mais jovem presidente de um clube federado de ve\u00edculos antigos, ele tamb\u00e9m discorreu sobre as novidades que o encontro trar\u00e1 este ano. &#8220;Vamos ter o \u201cFuskatball\u201d, o Fusca inspirado em uma bola de basquete, tamb\u00e9m a rar\u00edssima e \u00fanica Funer\u00e1ria Chevrolet de 1935, que esteve no cortejo f\u00fanebre do presidente Get\u00falio Vargas, e claro, o Impala perua 1963 do nosso s\u00f3cio homenageado do ano, o querido dr. Carlos Alberto Fernandes&#8221;.<\/p>\n<p><strong>Como participar?<\/strong><\/p>\n<p>Interessados em participar como expositores podem levar seu ve\u00edculo antigo (at\u00e9 o ano 2000) em bom estado de conserva\u00e7\u00e3o e limpo, e 2kg de alimentos n\u00e3o perec\u00edveis. A inscri\u00e7\u00e3o do ve\u00edculo \u00e9 feita diretamente na entrada do evento, onde brindes podem ser retirados.<\/p>\n<p>Para expositores com seus ve\u00edculos antigos pedimos a doa\u00e7\u00e3o de 2kg de alimentos n\u00e3o perec\u00edveis, para as institui\u00e7\u00f5es de caridade da cidade, como o IANSA (Institui\u00e7\u00e3o de Apoio Nossa Senhora Aparecida).<\/p>\n<p>Para ambos &#8211; visitantes ou expositores -, a entrada \u00e9 totalmente gratuita. A programa\u00e7\u00e3o come\u00e7a \u00e0s 14h na sexta-feira, encerrando-se \u00e0s 21h30. No s\u00e1bado, o in\u00edcio ser\u00e1 \u00e0s 8h, encerrando tamb\u00e9m \u00e0s 21h30. No domingo, a abertura dos port\u00f5es ser\u00e1 \u00e0s 8h, mas terminando mais cedo, \u00e0s 16h.<\/p>\n<p>Os tr\u00eas dias contam com m\u00fasica ao vivo. Os hor\u00e1rios podem ser conferidos pelo instagram do clube, @caaf_franca.<\/p>\n<p><img data-recalc-dims=\"1\" loading=\"lazy\" decoding=\"async\" class=\"alignnone size-full wp-image-60262\" src=\"https:\/\/i0.wp.com\/verdadeon.com.br\/portal\/wp-content\/uploads\/2025\/09\/WhatsApp-Image-2025-09-25-at-13.01.29.jpeg?resize=1220%2C688&#038;ssl=1\" alt=\"\" width=\"1220\" height=\"688\" srcset=\"https:\/\/i0.wp.com\/verdadeon.com.br\/portal\/wp-content\/uploads\/2025\/09\/WhatsApp-Image-2025-09-25-at-13.01.29.jpeg?w=1600&amp;ssl=1 1600w, https:\/\/i0.wp.com\/verdadeon.com.br\/portal\/wp-content\/uploads\/2025\/09\/WhatsApp-Image-2025-09-25-at-13.01.29.jpeg?resize=300%2C169&amp;ssl=1 300w, https:\/\/i0.wp.com\/verdadeon.com.br\/portal\/wp-content\/uploads\/2025\/09\/WhatsApp-Image-2025-09-25-at-13.01.29.jpeg?resize=1024%2C577&amp;ssl=1 1024w, https:\/\/i0.wp.com\/verdadeon.com.br\/portal\/wp-content\/uploads\/2025\/09\/WhatsApp-Image-2025-09-25-at-13.01.29.jpeg?resize=768%2C433&amp;ssl=1 768w, https:\/\/i0.wp.com\/verdadeon.com.br\/portal\/wp-content\/uploads\/2025\/09\/WhatsApp-Image-2025-09-25-at-13.01.29.jpeg?resize=1536%2C866&amp;ssl=1 1536w, https:\/\/i0.wp.com\/verdadeon.com.br\/portal\/wp-content\/uploads\/2025\/09\/WhatsApp-Image-2025-09-25-at-13.01.29.jpeg?resize=260%2C146&amp;ssl=1 260w, https:\/\/i0.wp.com\/verdadeon.com.br\/portal\/wp-content\/uploads\/2025\/09\/WhatsApp-Image-2025-09-25-at-13.01.29.jpeg?resize=50%2C28&amp;ssl=1 50w, https:\/\/i0.wp.com\/verdadeon.com.br\/portal\/wp-content\/uploads\/2025\/09\/WhatsApp-Image-2025-09-25-at-13.01.29.jpeg?resize=133%2C75&amp;ssl=1 133w\" sizes=\"auto, (max-width: 1220px) 100vw, 1220px\" \/><\/p>\n","protected":false},"excerpt":{"rendered":"<p>Entrada \u00e9 gratuita para visitantes e expositores; organiza\u00e7\u00e3o pede apenas doa\u00e7\u00e3o de 2kg de alimentos n\u00e3o perec\u00edveis Por Pedro Maia Editor-chefe Com homenagem e raridades, o<span class=\"excerpt-hellip\"> [\u2026]<\/span><\/p>\n","protected":false},"author":10,"featured_media":60261,"comment_status":"open","ping_status":"open","sticky":false,"template":"","format":"standard","meta":{"_jetpack_memberships_contains_paid_content":false,"footnotes":"","jetpack_publicize_message":"","jetpack_publicize_feature_enabled":true,"jetpack_social_post_already_shared":true,"jetpack_social_options":{"image_generator_settings":{"template":"highway","default_image_id":0,"enabled":false},"version":2}},"categories":[28,81],"tags":[],"class_list":["post-60260","post","type-post","status-publish","format-standard","has-post-thumbnail","hentry","category-cotidiano","category-manchete"],"yoast_head":"<!-- This site is optimized with the Yoast SEO plugin v25.6 - https:\/\/yoast.com\/wordpress\/plugins\/seo\/ -->\n<title>Com homenagem e raridades, 25\u00ba Encontro dos Carros Antigos em Franca come\u00e7a nesta sexta - VerdadeOn<\/title>\n<meta name=\"robots\" content=\"index, follow, max-snippet:-1, max-image-preview:large, max-video-preview:-1\" \/>\n<link rel=\"canonical\" href=\"https:\/\/verdadeon.com.br\/portal\/2025\/09\/25\/com-homenagem-e-raridades-25o-encontro-dos-carros-antigos-em-franca-comeca-nesta-sexta\/\" \/>\n<meta property=\"og:locale\" content=\"pt_BR\" \/>\n<meta property=\"og:type\" content=\"article\" \/>\n<meta property=\"og:title\" content=\"Com homenagem e raridades, 25\u00ba Encontro dos Carros Antigos em Franca come\u00e7a nesta sexta - VerdadeOn\" \/>\n<meta property=\"og:description\" content=\"Entrada \u00e9 gratuita para visitantes e expositores; organiza\u00e7\u00e3o pede apenas doa\u00e7\u00e3o de 2kg de alimentos n\u00e3o perec\u00edveis Por Pedro Maia Editor-chefe Com homenagem e raridades, o [\u2026]\" \/>\n<meta property=\"og:url\" content=\"https:\/\/verdadeon.com.br\/portal\/2025\/09\/25\/com-homenagem-e-raridades-25o-encontro-dos-carros-antigos-em-franca-comeca-nesta-sexta\/\" \/>\n<meta property=\"og:site_name\" content=\"VerdadeOn\" \/>\n<meta property=\"article:published_time\" content=\"2025-09-25T16:27:03+00:00\" \/>\n<meta property=\"og:image\" content=\"https:\/\/verdadeon.com.br\/portal\/wp-content\/uploads\/2025\/09\/WhatsApp-Image-2025-09-25-at-13.01.33.jpeg\" \/>\n\t<meta property=\"og:image:width\" content=\"1835\" \/>\n\t<meta property=\"og:image:height\" content=\"1273\" \/>\n\t<meta property=\"og:image:type\" content=\"image\/jpeg\" \/>\n<meta name=\"author\" content=\"Redacao VerdadeOn\" \/>\n<meta name=\"twitter:card\" content=\"summary_large_image\" \/>\n<meta name=\"twitter:label1\" content=\"Escrito por\" \/>\n\t<meta name=\"twitter:data1\" content=\"Redacao VerdadeOn\" \/>\n\t<meta name=\"twitter:label2\" content=\"Est. tempo de leitura\" \/>\n\t<meta name=\"twitter:data2\" content=\"3 minutos\" \/>\n<script type=\"application\/ld+json\" class=\"yoast-schema-graph\">{\"@context\":\"https:\/\/schema.org\",\"@graph\":[{\"@type\":\"WebPage\",\"@id\":\"https:\/\/verdadeon.com.br\/portal\/2025\/09\/25\/com-homenagem-e-raridades-25o-encontro-dos-carros-antigos-em-franca-comeca-nesta-sexta\/\",\"url\":\"https:\/\/verdadeon.com.br\/portal\/2025\/09\/25\/com-homenagem-e-raridades-25o-encontro-dos-carros-antigos-em-franca-comeca-nesta-sexta\/\",\"name\":\"Com homenagem e raridades, 25\u00ba Encontro dos Carros Antigos em Franca come\u00e7a nesta sexta - VerdadeOn\",\"isPartOf\":{\"@id\":\"https:\/\/verdadeon.com.br\/portal\/#website\"},\"primaryImageOfPage\":{\"@id\":\"https:\/\/verdadeon.com.br\/portal\/2025\/09\/25\/com-homenagem-e-raridades-25o-encontro-dos-carros-antigos-em-franca-comeca-nesta-sexta\/#primaryimage\"},\"image\":{\"@id\":\"https:\/\/verdadeon.com.br\/portal\/2025\/09\/25\/com-homenagem-e-raridades-25o-encontro-dos-carros-antigos-em-franca-comeca-nesta-sexta\/#primaryimage\"},\"thumbnailUrl\":\"https:\/\/i0.wp.com\/verdadeon.com.br\/portal\/wp-content\/uploads\/2025\/09\/WhatsApp-Image-2025-09-25-at-13.01.33.jpeg?fit=1835%2C1273&ssl=1\",\"datePublished\":\"2025-09-25T16:27:03+00:00\",\"author\":{\"@id\":\"https:\/\/verdadeon.com.br\/portal\/#\/schema\/person\/a5060ad1e9ea3df545188fc93ce43d2f\"},\"breadcrumb\":{\"@id\":\"https:\/\/verdadeon.com.br\/portal\/2025\/09\/25\/com-homenagem-e-raridades-25o-encontro-dos-carros-antigos-em-franca-comeca-nesta-sexta\/#breadcrumb\"},\"inLanguage\":\"pt-BR\",\"potentialAction\":[{\"@type\":\"ReadAction\",\"target\":[\"https:\/\/verdadeon.com.br\/portal\/2025\/09\/25\/com-homenagem-e-raridades-25o-encontro-dos-carros-antigos-em-franca-comeca-nesta-sexta\/\"]}]},{\"@type\":\"ImageObject\",\"inLanguage\":\"pt-BR\",\"@id\":\"https:\/\/verdadeon.com.br\/portal\/2025\/09\/25\/com-homenagem-e-raridades-25o-encontro-dos-carros-antigos-em-franca-comeca-nesta-sexta\/#primaryimage\",\"url\":\"https:\/\/i0.wp.com\/verdadeon.com.br\/portal\/wp-content\/uploads\/2025\/09\/WhatsApp-Image-2025-09-25-at-13.01.33.jpeg?fit=1835%2C1273&ssl=1\",\"contentUrl\":\"https:\/\/i0.wp.com\/verdadeon.com.br\/portal\/wp-content\/uploads\/2025\/09\/WhatsApp-Image-2025-09-25-at-13.01.33.jpeg?fit=1835%2C1273&ssl=1\",\"width\":1835,\"height\":1273,\"caption\":\"Ve\u00edculo destaque do Evento, Impala perua 1963, de propriedade do dr. Carlos Fernandes (\u00a9Divulga\u00e7\u00e3o)\"},{\"@type\":\"BreadcrumbList\",\"@id\":\"https:\/\/verdadeon.com.br\/portal\/2025\/09\/25\/com-homenagem-e-raridades-25o-encontro-dos-carros-antigos-em-franca-comeca-nesta-sexta\/#breadcrumb\",\"itemListElement\":[{\"@type\":\"ListItem\",\"position\":1,\"name\":\"In\u00edcio\",\"item\":\"https:\/\/verdadeon.com.br\/portal\/\"},{\"@type\":\"ListItem\",\"position\":2,\"name\":\"Com homenagem e raridades, 25\u00ba Encontro dos Carros Antigos em Franca come\u00e7a nesta sexta\"}]},{\"@type\":\"WebSite\",\"@id\":\"https:\/\/verdadeon.com.br\/portal\/#website\",\"url\":\"https:\/\/verdadeon.com.br\/portal\/\",\"name\":\"VerdadeOn\",\"description\":\"Not\u00edcias di\u00e1rias sobre Franca, Regi\u00e3o, Esporte, Cultura, Cotidiano, Colunas. Cobertura nos principais eventos da cidade \u00e9 aqui - Verdadeon Franca\",\"potentialAction\":[{\"@type\":\"SearchAction\",\"target\":{\"@type\":\"EntryPoint\",\"urlTemplate\":\"https:\/\/verdadeon.com.br\/portal\/?s={search_term_string}\"},\"query-input\":{\"@type\":\"PropertyValueSpecification\",\"valueRequired\":true,\"valueName\":\"search_term_string\"}}],\"inLanguage\":\"pt-BR\"},{\"@type\":\"Person\",\"@id\":\"https:\/\/verdadeon.com.br\/portal\/#\/schema\/person\/a5060ad1e9ea3df545188fc93ce43d2f\",\"name\":\"Redacao VerdadeOn\",\"image\":{\"@type\":\"ImageObject\",\"inLanguage\":\"pt-BR\",\"@id\":\"https:\/\/verdadeon.com.br\/portal\/#\/schema\/person\/image\/\",\"url\":\"https:\/\/secure.gravatar.com\/avatar\/459a9613caaaf07f582c3d0841eea68bdd66f533e465e6ba8b9cb45619572cf4?s=96&d=mm&r=g\",\"contentUrl\":\"https:\/\/secure.gravatar.com\/avatar\/459a9613caaaf07f582c3d0841eea68bdd66f533e465e6ba8b9cb45619572cf4?s=96&d=mm&r=g\",\"caption\":\"Redacao VerdadeOn\"},\"url\":\"https:\/\/verdadeon.com.br\/portal\/author\/redacao\/\"}]}<\/script>\n<!-- \/ Yoast SEO plugin. -->","yoast_head_json":{"title":"Com homenagem e raridades, 25\u00ba Encontro dos Carros Antigos em Franca come\u00e7a nesta sexta - VerdadeOn","robots":{"index":"index","follow":"follow","max-snippet":"max-snippet:-1","max-image-preview":"max-image-preview:large","max-video-preview":"max-video-preview:-1"},"canonical":"https:\/\/verdadeon.com.br\/portal\/2025\/09\/25\/com-homenagem-e-raridades-25o-encontro-dos-carros-antigos-em-franca-comeca-nesta-sexta\/","og_locale":"pt_BR","og_type":"article","og_title":"Com homenagem e raridades, 25\u00ba Encontro dos Carros Antigos em Franca come\u00e7a nesta sexta - VerdadeOn","og_description":"Entrada \u00e9 gratuita para visitantes e expositores; organiza\u00e7\u00e3o pede apenas doa\u00e7\u00e3o de 2kg de alimentos n\u00e3o perec\u00edveis Por Pedro Maia Editor-chefe Com homenagem e raridades, o [\u2026]","og_url":"https:\/\/verdadeon.com.br\/portal\/2025\/09\/25\/com-homenagem-e-raridades-25o-encontro-dos-carros-antigos-em-franca-comeca-nesta-sexta\/","og_site_name":"VerdadeOn","article_published_time":"2025-09-25T16:27:03+00:00","og_image":[{"width":1835,"height":1273,"url":"https:\/\/verdadeon.com.br\/portal\/wp-content\/uploads\/2025\/09\/WhatsApp-Image-2025-09-25-at-13.01.33.jpeg","type":"image\/jpeg"}],"author":"Redacao VerdadeOn","twitter_card":"summary_large_image","twitter_misc":{"Escrito por":"Redacao VerdadeOn","Est. tempo de leitura":"3 minutos"},"schema":{"@context":"https:\/\/schema.org","@graph":[{"@type":"WebPage","@id":"https:\/\/verdadeon.com.br\/portal\/2025\/09\/25\/com-homenagem-e-raridades-25o-encontro-dos-carros-antigos-em-franca-comeca-nesta-sexta\/","url":"https:\/\/verdadeon.com.br\/portal\/2025\/09\/25\/com-homenagem-e-raridades-25o-encontro-dos-carros-antigos-em-franca-comeca-nesta-sexta\/","name":"Com homenagem e raridades, 25\u00ba Encontro dos Carros Antigos em Franca come\u00e7a nesta sexta - VerdadeOn","isPartOf":{"@id":"https:\/\/verdadeon.com.br\/portal\/#website"},"primaryImageOfPage":{"@id":"https:\/\/verdadeon.com.br\/portal\/2025\/09\/25\/com-homenagem-e-raridades-25o-encontro-dos-carros-antigos-em-franca-comeca-nesta-sexta\/#primaryimage"},"image":{"@id":"https:\/\/verdadeon.com.br\/portal\/2025\/09\/25\/com-homenagem-e-raridades-25o-encontro-dos-carros-antigos-em-franca-comeca-nesta-sexta\/#primaryimage"},"thumbnailUrl":"https:\/\/i0.wp.com\/verdadeon.com.br\/portal\/wp-content\/uploads\/2025\/09\/WhatsApp-Image-2025-09-25-at-13.01.33.jpeg?fit=1835%2C1273&ssl=1","datePublished":"2025-09-25T16:27:03+00:00","author":{"@id":"https:\/\/verdadeon.com.br\/portal\/#\/schema\/person\/a5060ad1e9ea3df545188fc93ce43d2f"},"breadcrumb":{"@id":"https:\/\/verdadeon.com.br\/portal\/2025\/09\/25\/com-homenagem-e-raridades-25o-encontro-dos-carros-antigos-em-franca-comeca-nesta-sexta\/#breadcrumb"},"inLanguage":"pt-BR","potentialAction":[{"@type":"ReadAction","target":["https:\/\/verdadeon.com.br\/portal\/2025\/09\/25\/com-homenagem-e-raridades-25o-encontro-dos-carros-antigos-em-franca-comeca-nesta-sexta\/"]}]},{"@type":"ImageObject","inLanguage":"pt-BR","@id":"https:\/\/verdadeon.com.br\/portal\/2025\/09\/25\/com-homenagem-e-raridades-25o-encontro-dos-carros-antigos-em-franca-comeca-nesta-sexta\/#primaryimage","url":"https:\/\/i0.wp.com\/verdadeon.com.br\/portal\/wp-content\/uploads\/2025\/09\/WhatsApp-Image-2025-09-25-at-13.01.33.jpeg?fit=1835%2C1273&ssl=1","contentUrl":"https:\/\/i0.wp.com\/verdadeon.com.br\/portal\/wp-content\/uploads\/2025\/09\/WhatsApp-Image-2025-09-25-at-13.01.33.jpeg?fit=1835%2C1273&ssl=1","width":1835,"height":1273,"caption":"Ve\u00edculo destaque do Evento, Impala perua 1963, de propriedade do dr. Carlos Fernandes (\u00a9Divulga\u00e7\u00e3o)"},{"@type":"BreadcrumbList","@id":"https:\/\/verdadeon.com.br\/portal\/2025\/09\/25\/com-homenagem-e-raridades-25o-encontro-dos-carros-antigos-em-franca-comeca-nesta-sexta\/#breadcrumb","itemListElement":[{"@type":"ListItem","position":1,"name":"In\u00edcio","item":"https:\/\/verdadeon.com.br\/portal\/"},{"@type":"ListItem","position":2,"name":"Com homenagem e raridades, 25\u00ba Encontro dos Carros Antigos em Franca come\u00e7a nesta sexta"}]},{"@type":"WebSite","@id":"https:\/\/verdadeon.com.br\/portal\/#website","url":"https:\/\/verdadeon.com.br\/portal\/","name":"VerdadeOn","description":"Not\u00edcias di\u00e1rias sobre Franca, Regi\u00e3o, Esporte, Cultura, Cotidiano, Colunas. Cobertura nos principais eventos da cidade \u00e9 aqui - Verdadeon Franca","potentialAction":[{"@type":"SearchAction","target":{"@type":"EntryPoint","urlTemplate":"https:\/\/verdadeon.com.br\/portal\/?s={search_term_string}"},"query-input":{"@type":"PropertyValueSpecification","valueRequired":true,"valueName":"search_term_string"}}],"inLanguage":"pt-BR"},{"@type":"Person","@id":"https:\/\/verdadeon.com.br\/portal\/#\/schema\/person\/a5060ad1e9ea3df545188fc93ce43d2f","name":"Redacao VerdadeOn","image":{"@type":"ImageObject","inLanguage":"pt-BR","@id":"https:\/\/verdadeon.com.br\/portal\/#\/schema\/person\/image\/","url":"https:\/\/secure.gravatar.com\/avatar\/459a9613caaaf07f582c3d0841eea68bdd66f533e465e6ba8b9cb45619572cf4?s=96&d=mm&r=g","contentUrl":"https:\/\/secure.gravatar.com\/avatar\/459a9613caaaf07f582c3d0841eea68bdd66f533e465e6ba8b9cb45619572cf4?s=96&d=mm&r=g","caption":"Redacao VerdadeOn"},"url":"https:\/\/verdadeon.com.br\/portal\/author\/redacao\/"}]}},"jetpack_publicize_connections":[],"jetpack_featured_media_url":"https:\/\/i0.wp.com\/verdadeon.com.br\/portal\/wp-content\/uploads\/2025\/09\/WhatsApp-Image-2025-09-25-at-13.01.33.jpeg?fit=1835%2C1273&ssl=1","jetpack_sharing_enabled":true,"_links":{"self":[{"href":"https:\/\/verdadeon.com.br\/portal\/wp-json\/wp\/v2\/posts\/60260","targetHints":{"allow":["GET"]}}],"collection":[{"href":"https:\/\/verdadeon.com.br\/portal\/wp-json\/wp\/v2\/posts"}],"about":[{"href":"https:\/\/verdadeon.com.br\/portal\/wp-json\/wp\/v2\/types\/post"}],"author":[{"embeddable":true,"href":"https:\/\/verdadeon.com.br\/portal\/wp-json\/wp\/v2\/users\/10"}],"replies":[{"embeddable":true,"href":"https:\/\/verdadeon.com.br\/portal\/wp-json\/wp\/v2\/comments?post=60260"}],"version-history":[{"count":1,"href":"https:\/\/verdadeon.com.br\/portal\/wp-json\/wp\/v2\/posts\/60260\/revisions"}],"predecessor-version":[{"id":60263,"href":"https:\/\/verdadeon.com.br\/portal\/wp-json\/wp\/v2\/posts\/60260\/revisions\/60263"}],"wp:featuredmedia":[{"embeddable":true,"href":"https:\/\/verdadeon.com.br\/portal\/wp-json\/wp\/v2\/media\/60261"}],"wp:attachment":[{"href":"https:\/\/verdadeon.com.br\/portal\/wp-json\/wp\/v2\/media?parent=60260"}],"wp:term":[{"taxonomy":"category","embeddable":true,"href":"https:\/\/verdadeon.com.br\/portal\/wp-json\/wp\/v2\/categories?post=60260"},{"taxonomy":"post_tag","embeddable":true,"href":"https:\/\/verdadeon.com.br\/portal\/wp-json\/wp\/v2\/tags?post=60260"}],"curies":[{"name":"wp","href":"https:\/\/api.w.org\/{rel}","templated":true}]}}