{"id":60252,"date":"2025-09-25T10:54:24","date_gmt":"2025-09-25T13:54:24","guid":{"rendered":"https:\/\/verdadeon.com.br\/portal\/?p=60252"},"modified":"2025-09-25T10:54:24","modified_gmt":"2025-09-25T13:54:24","slug":"franca-recebe-palestra-de-auditor-fiscal-do-estado-sobre-os-impactos-da-reforma-tributaria-em-sp","status":"publish","type":"post","link":"https:\/\/verdadeon.com.br\/portal\/2025\/09\/25\/franca-recebe-palestra-de-auditor-fiscal-do-estado-sobre-os-impactos-da-reforma-tributaria-em-sp\/","title":{"rendered":"Franca recebe palestra de auditor fiscal do Estado sobre os impactos da Reforma Tribut\u00e1ria em SP"},"content":{"rendered":"<h2>Presidente da Febrafite e da Afresp, Rodrigo Spada, destaca ganhos econ\u00f4micos, sociais e federativos para o estado com as mudan\u00e7as no sistema tribut\u00e1rio<\/h2>\n<p>O auditor fiscal Rodrigo Spada, presidente da Febrafite (Associa\u00e7\u00e3o Nacional de Fiscais de Tributos Estaduais) e da Afresp (Associa\u00e7\u00e3o dos Auditores Fiscais do Estado de S\u00e3o Paulo), vai apresentar, em Franca, a palestra \u201cO futuro de S\u00e3o Paulo p\u00f3s-Reforma Tribut\u00e1ria no Brasil\u201d. O evento acontece no dia 26 de setembro, \u00e0s 9h30, no Audit\u00f3rio da Unifacef, que fica na Av. Dr. Ismael Alonso y Alonso, 2400 em S\u00e3o Jos\u00e9 (unidade 2).<\/p>\n<p>Spada, que participou dos debates t\u00e9cnicos e pol\u00edticos para a constru\u00e7\u00e3o da reforma, apresenta uma leitura dos impactos esperados para o pa\u00eds e, especialmente, para o estado de S\u00e3o Paulo. Na palestra, ele aborda os problemas do modelo anterior, como a regressividade do sistema, a complexidade tribut\u00e1ria, a inseguran\u00e7a jur\u00eddica e a perda de competitividade da ind\u00fastria nacional e aponta como o novo modelo corrige essas distor\u00e7\u00f5es. A melhora de cen\u00e1rio passa pela cria\u00e7\u00e3o e aplica\u00e7\u00e3o de mecanismos como o split payment, a cria\u00e7\u00e3o de um cadastro \u00fanico nacional, o cashback do imposto e a fiscaliza\u00e7\u00e3o integrada entre os entes da federa\u00e7\u00e3o.<\/p>\n<p>\u201cA Reforma Tribut\u00e1ria \u00e9 um passo civilizat\u00f3rio. Ela enfrenta distor\u00e7\u00f5es que h\u00e1 d\u00e9cadas travavam o crescimento do Brasil: complexidade excessiva, inseguran\u00e7a jur\u00eddica e um sistema que penalizava os mais pobres e desestimulava o investimento. O novo modelo, fruto de um consenso raro entre diferentes esferas de poder e setores da sociedade, aponta na dire\u00e7\u00e3o certa. Agora, o desafio \u00e9 garantir uma implementa\u00e7\u00e3o transparente, coordenada e comprometida com os objetivos que uniram o pa\u00eds em torno dessa mudan\u00e7a\u201d, afirma Spada.<\/p>\n<p><strong>S\u00e3o Paulo pode virar o jogo<\/strong><\/p>\n<p>Entre os destaques da palestra est\u00e1 a an\u00e1lise sobre o papel de S\u00e3o Paulo no novo cen\u00e1rio federativo. Hoje, o estado \u00e9 o \u00fanico da federa\u00e7\u00e3o que recebe menos da metade do que contribui \u00e0 Uni\u00e3o. A reforma, segundo Spada, cria espa\u00e7o para corrigir essa distor\u00e7\u00e3o, especialmente na revis\u00e3o dos crit\u00e9rios do Fundo de Participa\u00e7\u00e3o dos Estados (FPE).<\/p>\n<p>\u201c\u00c9 essencial que cada estado, cada munic\u00edpio e cada cidad\u00e3o compreendam o que est\u00e1 em jogo. Em S\u00e3o Paulo, temos a chance de virar o jogo, recuperar protagonismo e transformar nossa pot\u00eancia econ\u00f4mica em bem-estar para todos\u201d, diz Spada.<\/p>\n<p><strong>Perfil do palestrante<\/strong><\/p>\n<p>Rodrigo Spada \u00e9 Auditor Fiscal do Estado de S\u00e3o Paulo. \u00c9 formado em Engenharia de Produ\u00e7\u00e3o pela UFSCar, em Direito pela Unesp e possui MBA em Gest\u00e3o Empresarial pela FIA. \u00c0 frente da Febrafite e da Afresp, atua na articula\u00e7\u00e3o t\u00e9cnica e pol\u00edtica de temas relacionados \u00e0 administra\u00e7\u00e3o tribut\u00e1ria e ao federalismo fiscal.<\/p>\n","protected":false},"excerpt":{"rendered":"<p>Presidente da Febrafite e da Afresp, Rodrigo Spada, destaca ganhos econ\u00f4micos, sociais e federativos para o estado com as mudan\u00e7as no sistema tribut\u00e1rio O auditor fiscal<span class=\"excerpt-hellip\"> [\u2026]<\/span><\/p>\n","protected":false},"author":10,"featured_media":60253,"comment_status":"open","ping_status":"open","sticky":false,"template":"","format":"standard","meta":{"_jetpack_memberships_contains_paid_content":false,"footnotes":"","jetpack_publicize_message":"","jetpack_publicize_feature_enabled":true,"jetpack_social_post_already_shared":true,"jetpack_social_options":{"image_generator_settings":{"template":"highway","default_image_id":0,"enabled":false},"version":2}},"categories":[28,81],"tags":[],"class_list":["post-60252","post","type-post","status-publish","format-standard","has-post-thumbnail","hentry","category-cotidiano","category-manchete"],"yoast_head":"<!-- This site is optimized with the Yoast SEO plugin v25.6 - https:\/\/yoast.com\/wordpress\/plugins\/seo\/ -->\n<title>Franca recebe palestra de auditor fiscal do Estado sobre os impactos da Reforma Tribut\u00e1ria em SP - VerdadeOn<\/title>\n<meta name=\"robots\" content=\"index, follow, max-snippet:-1, max-image-preview:large, max-video-preview:-1\" \/>\n<link rel=\"canonical\" href=\"https:\/\/verdadeon.com.br\/portal\/2025\/09\/25\/franca-recebe-palestra-de-auditor-fiscal-do-estado-sobre-os-impactos-da-reforma-tributaria-em-sp\/\" \/>\n<meta property=\"og:locale\" content=\"pt_BR\" \/>\n<meta property=\"og:type\" content=\"article\" \/>\n<meta property=\"og:title\" content=\"Franca recebe palestra de auditor fiscal do Estado sobre os impactos da Reforma Tribut\u00e1ria em SP - VerdadeOn\" \/>\n<meta property=\"og:description\" content=\"Presidente da Febrafite e da Afresp, Rodrigo Spada, destaca ganhos econ\u00f4micos, sociais e federativos para o estado com as mudan\u00e7as no sistema tribut\u00e1rio O auditor fiscal [\u2026]\" \/>\n<meta property=\"og:url\" content=\"https:\/\/verdadeon.com.br\/portal\/2025\/09\/25\/franca-recebe-palestra-de-auditor-fiscal-do-estado-sobre-os-impactos-da-reforma-tributaria-em-sp\/\" \/>\n<meta property=\"og:site_name\" content=\"VerdadeOn\" \/>\n<meta property=\"article:published_time\" content=\"2025-09-25T13:54:24+00:00\" \/>\n<meta property=\"og:image\" content=\"https:\/\/verdadeon.com.br\/portal\/wp-content\/uploads\/2025\/09\/WhatsApp-Image-2025-09-22-at-14.07.29-1.jpeg\" \/>\n\t<meta property=\"og:image:width\" content=\"1401\" \/>\n\t<meta property=\"og:image:height\" content=\"899\" \/>\n\t<meta property=\"og:image:type\" content=\"image\/jpeg\" \/>\n<meta name=\"author\" content=\"Redacao VerdadeOn\" \/>\n<meta name=\"twitter:card\" content=\"summary_large_image\" \/>\n<meta name=\"twitter:label1\" content=\"Escrito por\" \/>\n\t<meta name=\"twitter:data1\" content=\"Redacao VerdadeOn\" \/>\n\t<meta name=\"twitter:label2\" content=\"Est. tempo de leitura\" \/>\n\t<meta name=\"twitter:data2\" content=\"3 minutos\" \/>\n<script type=\"application\/ld+json\" class=\"yoast-schema-graph\">{\"@context\":\"https:\/\/schema.org\",\"@graph\":[{\"@type\":\"WebPage\",\"@id\":\"https:\/\/verdadeon.com.br\/portal\/2025\/09\/25\/franca-recebe-palestra-de-auditor-fiscal-do-estado-sobre-os-impactos-da-reforma-tributaria-em-sp\/\",\"url\":\"https:\/\/verdadeon.com.br\/portal\/2025\/09\/25\/franca-recebe-palestra-de-auditor-fiscal-do-estado-sobre-os-impactos-da-reforma-tributaria-em-sp\/\",\"name\":\"Franca recebe palestra de auditor fiscal do Estado sobre os impactos da Reforma Tribut\u00e1ria em SP - VerdadeOn\",\"isPartOf\":{\"@id\":\"https:\/\/verdadeon.com.br\/portal\/#website\"},\"primaryImageOfPage\":{\"@id\":\"https:\/\/verdadeon.com.br\/portal\/2025\/09\/25\/franca-recebe-palestra-de-auditor-fiscal-do-estado-sobre-os-impactos-da-reforma-tributaria-em-sp\/#primaryimage\"},\"image\":{\"@id\":\"https:\/\/verdadeon.com.br\/portal\/2025\/09\/25\/franca-recebe-palestra-de-auditor-fiscal-do-estado-sobre-os-impactos-da-reforma-tributaria-em-sp\/#primaryimage\"},\"thumbnailUrl\":\"https:\/\/i0.wp.com\/verdadeon.com.br\/portal\/wp-content\/uploads\/2025\/09\/WhatsApp-Image-2025-09-22-at-14.07.29-1.jpeg?fit=1401%2C899&ssl=1\",\"datePublished\":\"2025-09-25T13:54:24+00:00\",\"author\":{\"@id\":\"https:\/\/verdadeon.com.br\/portal\/#\/schema\/person\/a5060ad1e9ea3df545188fc93ce43d2f\"},\"breadcrumb\":{\"@id\":\"https:\/\/verdadeon.com.br\/portal\/2025\/09\/25\/franca-recebe-palestra-de-auditor-fiscal-do-estado-sobre-os-impactos-da-reforma-tributaria-em-sp\/#breadcrumb\"},\"inLanguage\":\"pt-BR\",\"potentialAction\":[{\"@type\":\"ReadAction\",\"target\":[\"https:\/\/verdadeon.com.br\/portal\/2025\/09\/25\/franca-recebe-palestra-de-auditor-fiscal-do-estado-sobre-os-impactos-da-reforma-tributaria-em-sp\/\"]}]},{\"@type\":\"ImageObject\",\"inLanguage\":\"pt-BR\",\"@id\":\"https:\/\/verdadeon.com.br\/portal\/2025\/09\/25\/franca-recebe-palestra-de-auditor-fiscal-do-estado-sobre-os-impactos-da-reforma-tributaria-em-sp\/#primaryimage\",\"url\":\"https:\/\/i0.wp.com\/verdadeon.com.br\/portal\/wp-content\/uploads\/2025\/09\/WhatsApp-Image-2025-09-22-at-14.07.29-1.jpeg?fit=1401%2C899&ssl=1\",\"contentUrl\":\"https:\/\/i0.wp.com\/verdadeon.com.br\/portal\/wp-content\/uploads\/2025\/09\/WhatsApp-Image-2025-09-22-at-14.07.29-1.jpeg?fit=1401%2C899&ssl=1\",\"width\":1401,\"height\":899,\"caption\":\"O palestrante Rodrigo Spada (\u00a9Divulga\u00e7\u00e3o)\"},{\"@type\":\"BreadcrumbList\",\"@id\":\"https:\/\/verdadeon.com.br\/portal\/2025\/09\/25\/franca-recebe-palestra-de-auditor-fiscal-do-estado-sobre-os-impactos-da-reforma-tributaria-em-sp\/#breadcrumb\",\"itemListElement\":[{\"@type\":\"ListItem\",\"position\":1,\"name\":\"In\u00edcio\",\"item\":\"https:\/\/verdadeon.com.br\/portal\/\"},{\"@type\":\"ListItem\",\"position\":2,\"name\":\"Franca recebe palestra de auditor fiscal do Estado sobre os impactos da Reforma Tribut\u00e1ria em SP\"}]},{\"@type\":\"WebSite\",\"@id\":\"https:\/\/verdadeon.com.br\/portal\/#website\",\"url\":\"https:\/\/verdadeon.com.br\/portal\/\",\"name\":\"VerdadeOn\",\"description\":\"Not\u00edcias di\u00e1rias sobre Franca, Regi\u00e3o, Esporte, Cultura, Cotidiano, Colunas. Cobertura nos principais eventos da cidade \u00e9 aqui - Verdadeon Franca\",\"potentialAction\":[{\"@type\":\"SearchAction\",\"target\":{\"@type\":\"EntryPoint\",\"urlTemplate\":\"https:\/\/verdadeon.com.br\/portal\/?s={search_term_string}\"},\"query-input\":{\"@type\":\"PropertyValueSpecification\",\"valueRequired\":true,\"valueName\":\"search_term_string\"}}],\"inLanguage\":\"pt-BR\"},{\"@type\":\"Person\",\"@id\":\"https:\/\/verdadeon.com.br\/portal\/#\/schema\/person\/a5060ad1e9ea3df545188fc93ce43d2f\",\"name\":\"Redacao VerdadeOn\",\"image\":{\"@type\":\"ImageObject\",\"inLanguage\":\"pt-BR\",\"@id\":\"https:\/\/verdadeon.com.br\/portal\/#\/schema\/person\/image\/\",\"url\":\"https:\/\/secure.gravatar.com\/avatar\/459a9613caaaf07f582c3d0841eea68bdd66f533e465e6ba8b9cb45619572cf4?s=96&d=mm&r=g\",\"contentUrl\":\"https:\/\/secure.gravatar.com\/avatar\/459a9613caaaf07f582c3d0841eea68bdd66f533e465e6ba8b9cb45619572cf4?s=96&d=mm&r=g\",\"caption\":\"Redacao VerdadeOn\"},\"url\":\"https:\/\/verdadeon.com.br\/portal\/author\/redacao\/\"}]}<\/script>\n<!-- \/ Yoast SEO plugin. -->","yoast_head_json":{"title":"Franca recebe palestra de auditor fiscal do Estado sobre os impactos da Reforma Tribut\u00e1ria em SP - VerdadeOn","robots":{"index":"index","follow":"follow","max-snippet":"max-snippet:-1","max-image-preview":"max-image-preview:large","max-video-preview":"max-video-preview:-1"},"canonical":"https:\/\/verdadeon.com.br\/portal\/2025\/09\/25\/franca-recebe-palestra-de-auditor-fiscal-do-estado-sobre-os-impactos-da-reforma-tributaria-em-sp\/","og_locale":"pt_BR","og_type":"article","og_title":"Franca recebe palestra de auditor fiscal do Estado sobre os impactos da Reforma Tribut\u00e1ria em SP - VerdadeOn","og_description":"Presidente da Febrafite e da Afresp, Rodrigo Spada, destaca ganhos econ\u00f4micos, sociais e federativos para o estado com as mudan\u00e7as no sistema tribut\u00e1rio O auditor fiscal [\u2026]","og_url":"https:\/\/verdadeon.com.br\/portal\/2025\/09\/25\/franca-recebe-palestra-de-auditor-fiscal-do-estado-sobre-os-impactos-da-reforma-tributaria-em-sp\/","og_site_name":"VerdadeOn","article_published_time":"2025-09-25T13:54:24+00:00","og_image":[{"width":1401,"height":899,"url":"https:\/\/verdadeon.com.br\/portal\/wp-content\/uploads\/2025\/09\/WhatsApp-Image-2025-09-22-at-14.07.29-1.jpeg","type":"image\/jpeg"}],"author":"Redacao VerdadeOn","twitter_card":"summary_large_image","twitter_misc":{"Escrito por":"Redacao VerdadeOn","Est. tempo de leitura":"3 minutos"},"schema":{"@context":"https:\/\/schema.org","@graph":[{"@type":"WebPage","@id":"https:\/\/verdadeon.com.br\/portal\/2025\/09\/25\/franca-recebe-palestra-de-auditor-fiscal-do-estado-sobre-os-impactos-da-reforma-tributaria-em-sp\/","url":"https:\/\/verdadeon.com.br\/portal\/2025\/09\/25\/franca-recebe-palestra-de-auditor-fiscal-do-estado-sobre-os-impactos-da-reforma-tributaria-em-sp\/","name":"Franca recebe palestra de auditor fiscal do Estado sobre os impactos da Reforma Tribut\u00e1ria em SP - VerdadeOn","isPartOf":{"@id":"https:\/\/verdadeon.com.br\/portal\/#website"},"primaryImageOfPage":{"@id":"https:\/\/verdadeon.com.br\/portal\/2025\/09\/25\/franca-recebe-palestra-de-auditor-fiscal-do-estado-sobre-os-impactos-da-reforma-tributaria-em-sp\/#primaryimage"},"image":{"@id":"https:\/\/verdadeon.com.br\/portal\/2025\/09\/25\/franca-recebe-palestra-de-auditor-fiscal-do-estado-sobre-os-impactos-da-reforma-tributaria-em-sp\/#primaryimage"},"thumbnailUrl":"https:\/\/i0.wp.com\/verdadeon.com.br\/portal\/wp-content\/uploads\/2025\/09\/WhatsApp-Image-2025-09-22-at-14.07.29-1.jpeg?fit=1401%2C899&ssl=1","datePublished":"2025-09-25T13:54:24+00:00","author":{"@id":"https:\/\/verdadeon.com.br\/portal\/#\/schema\/person\/a5060ad1e9ea3df545188fc93ce43d2f"},"breadcrumb":{"@id":"https:\/\/verdadeon.com.br\/portal\/2025\/09\/25\/franca-recebe-palestra-de-auditor-fiscal-do-estado-sobre-os-impactos-da-reforma-tributaria-em-sp\/#breadcrumb"},"inLanguage":"pt-BR","potentialAction":[{"@type":"ReadAction","target":["https:\/\/verdadeon.com.br\/portal\/2025\/09\/25\/franca-recebe-palestra-de-auditor-fiscal-do-estado-sobre-os-impactos-da-reforma-tributaria-em-sp\/"]}]},{"@type":"ImageObject","inLanguage":"pt-BR","@id":"https:\/\/verdadeon.com.br\/portal\/2025\/09\/25\/franca-recebe-palestra-de-auditor-fiscal-do-estado-sobre-os-impactos-da-reforma-tributaria-em-sp\/#primaryimage","url":"https:\/\/i0.wp.com\/verdadeon.com.br\/portal\/wp-content\/uploads\/2025\/09\/WhatsApp-Image-2025-09-22-at-14.07.29-1.jpeg?fit=1401%2C899&ssl=1","contentUrl":"https:\/\/i0.wp.com\/verdadeon.com.br\/portal\/wp-content\/uploads\/2025\/09\/WhatsApp-Image-2025-09-22-at-14.07.29-1.jpeg?fit=1401%2C899&ssl=1","width":1401,"height":899,"caption":"O palestrante Rodrigo Spada (\u00a9Divulga\u00e7\u00e3o)"},{"@type":"BreadcrumbList","@id":"https:\/\/verdadeon.com.br\/portal\/2025\/09\/25\/franca-recebe-palestra-de-auditor-fiscal-do-estado-sobre-os-impactos-da-reforma-tributaria-em-sp\/#breadcrumb","itemListElement":[{"@type":"ListItem","position":1,"name":"In\u00edcio","item":"https:\/\/verdadeon.com.br\/portal\/"},{"@type":"ListItem","position":2,"name":"Franca recebe palestra de auditor fiscal do Estado sobre os impactos da Reforma Tribut\u00e1ria em SP"}]},{"@type":"WebSite","@id":"https:\/\/verdadeon.com.br\/portal\/#website","url":"https:\/\/verdadeon.com.br\/portal\/","name":"VerdadeOn","description":"Not\u00edcias di\u00e1rias sobre Franca, Regi\u00e3o, Esporte, Cultura, Cotidiano, Colunas. Cobertura nos principais eventos da cidade \u00e9 aqui - Verdadeon Franca","potentialAction":[{"@type":"SearchAction","target":{"@type":"EntryPoint","urlTemplate":"https:\/\/verdadeon.com.br\/portal\/?s={search_term_string}"},"query-input":{"@type":"PropertyValueSpecification","valueRequired":true,"valueName":"search_term_string"}}],"inLanguage":"pt-BR"},{"@type":"Person","@id":"https:\/\/verdadeon.com.br\/portal\/#\/schema\/person\/a5060ad1e9ea3df545188fc93ce43d2f","name":"Redacao VerdadeOn","image":{"@type":"ImageObject","inLanguage":"pt-BR","@id":"https:\/\/verdadeon.com.br\/portal\/#\/schema\/person\/image\/","url":"https:\/\/secure.gravatar.com\/avatar\/459a9613caaaf07f582c3d0841eea68bdd66f533e465e6ba8b9cb45619572cf4?s=96&d=mm&r=g","contentUrl":"https:\/\/secure.gravatar.com\/avatar\/459a9613caaaf07f582c3d0841eea68bdd66f533e465e6ba8b9cb45619572cf4?s=96&d=mm&r=g","caption":"Redacao VerdadeOn"},"url":"https:\/\/verdadeon.com.br\/portal\/author\/redacao\/"}]}},"jetpack_publicize_connections":[],"jetpack_featured_media_url":"https:\/\/i0.wp.com\/verdadeon.com.br\/portal\/wp-content\/uploads\/2025\/09\/WhatsApp-Image-2025-09-22-at-14.07.29-1.jpeg?fit=1401%2C899&ssl=1","jetpack_sharing_enabled":true,"_links":{"self":[{"href":"https:\/\/verdadeon.com.br\/portal\/wp-json\/wp\/v2\/posts\/60252","targetHints":{"allow":["GET"]}}],"collection":[{"href":"https:\/\/verdadeon.com.br\/portal\/wp-json\/wp\/v2\/posts"}],"about":[{"href":"https:\/\/verdadeon.com.br\/portal\/wp-json\/wp\/v2\/types\/post"}],"author":[{"embeddable":true,"href":"https:\/\/verdadeon.com.br\/portal\/wp-json\/wp\/v2\/users\/10"}],"replies":[{"embeddable":true,"href":"https:\/\/verdadeon.com.br\/portal\/wp-json\/wp\/v2\/comments?post=60252"}],"version-history":[{"count":1,"href":"https:\/\/verdadeon.com.br\/portal\/wp-json\/wp\/v2\/posts\/60252\/revisions"}],"predecessor-version":[{"id":60254,"href":"https:\/\/verdadeon.com.br\/portal\/wp-json\/wp\/v2\/posts\/60252\/revisions\/60254"}],"wp:featuredmedia":[{"embeddable":true,"href":"https:\/\/verdadeon.com.br\/portal\/wp-json\/wp\/v2\/media\/60253"}],"wp:attachment":[{"href":"https:\/\/verdadeon.com.br\/portal\/wp-json\/wp\/v2\/media?parent=60252"}],"wp:term":[{"taxonomy":"category","embeddable":true,"href":"https:\/\/verdadeon.com.br\/portal\/wp-json\/wp\/v2\/categories?post=60252"},{"taxonomy":"post_tag","embeddable":true,"href":"https:\/\/verdadeon.com.br\/portal\/wp-json\/wp\/v2\/tags?post=60252"}],"curies":[{"name":"wp","href":"https:\/\/api.w.org\/{rel}","templated":true}]}}