{"id":6019,"date":"2020-04-02T10:00:31","date_gmt":"2020-04-02T13:00:31","guid":{"rendered":"http:\/\/verdadeon.com.br\/portal\/?p=6019"},"modified":"2020-04-02T17:57:33","modified_gmt":"2020-04-02T20:57:33","slug":"precos-abusivos-em-epoca-de-crise","status":"publish","type":"post","link":"https:\/\/verdadeon.com.br\/portal\/2020\/04\/02\/precos-abusivos-em-epoca-de-crise\/","title":{"rendered":"Pre\u00e7os abusivos em \u00e9poca de crise"},"content":{"rendered":"<p>Jo\u00e3o Vicente Miguel<\/p>\n<p class=\"p1\"><span class=\"s1\">Vivemos momentos de turbul\u00eancia mundial em decorr\u00eancia do coronav\u00edrus (covid-19). Embora tensa a situa\u00e7\u00e3o para alguns, outros, os aproveitadores, est\u00e3o se valendo do momento para aumentar seus lucros e suas fortunas \u00e0s custas alheias com a pr\u00e1tica abusiva do aumento estratosf\u00e9rico de pre\u00e7os de alguns produtos utilizados preventivamente para se evitar a propaga\u00e7\u00e3o do v\u00edrus, dentre os quais, \u201c\u00e1lcool gel e m\u00e1scaras\u201d.<\/span><\/p>\n<p class=\"p1\"><span class=\"s1\">O art. 39, inc. X, do C\u00f3digo de Defesa do Consumidor &#8211; CDC, pro\u00edbe expressamente a conduta de \u201celevar sem justa causa o pre\u00e7o de produtos ou servi\u00e7os\u201d. Aqui n\u00e3o estamos tratando do Direito da Concorr\u00eancia existente em nosso pa\u00eds, com rela\u00e7\u00e3o \u00e0s no\u00e7\u00f5es da eleva\u00e7\u00e3o sem justa causa de pre\u00e7os e aumento arbitr\u00e1rio de lucros com o abuso da posi\u00e7\u00e3o dominante de mercado, mas sim, na defini\u00e7\u00e3o da pr\u00e1tica abusiva prevista no CDC, levando-se em considera\u00e7\u00e3o os interesses dos consumidores.<\/span><\/p>\n<p class=\"p1\"><span class=\"s1\">Para tanto necess\u00e1rio se faz identificar em uma economia de mercado, de livre iniciativa, as situa\u00e7\u00f5es em que a eleva\u00e7\u00e3o de pre\u00e7os de produtos e servi\u00e7os pelo fornecedor v\u00e1 al\u00e9m dos limites da autonomia privada e passa a ser considerada pr\u00e1tica abusiva, pela aus\u00eancia de justa causa.<\/span><\/p>\n<p class=\"p1\"><span class=\"s1\">Aqui quando se fala em justa causa, em termos de eleva\u00e7\u00e3o de pre\u00e7os, estamos associando este aumento justific\u00e1vel \u00e0 forma\u00e7\u00e3o do princ\u00edpio da equival\u00eancia material, que acompanha todo o desenvolvimento do Direito Privado, com fases de maior ou menor destaque ao longo da hist\u00f3ria. Na atualidade, a viola\u00e7\u00e3o do princ\u00edpio da equival\u00eancia material dos contratos associa-se \u00e0 no\u00e7\u00e3o de desvantagem exagerada ou desequil\u00edbrio significativo do consumidor frente ao fornecedor. Compreendendo-se aqui o desequil\u00edbrio, como sendo de ordem moral e econ\u00f4mica. Quando se fala com rela\u00e7\u00e3o \u00e0 ordem \u201cmoral\u201d aqui exigir\u00e1 um abuso da posi\u00e7\u00e3o por parte daquele que tem o poder de impor o pre\u00e7o, evidentemente em um comportamento desleal, que v\u00e1 al\u00e9m da boa-f\u00e9. J\u00e1 com rela\u00e7\u00e3o \u00e0 ordem \u201cecon\u00f4mica\u201d por sua vez, concentra-se na identifica\u00e7\u00e3o do desequil\u00edbrio com rela\u00e7\u00e3o aos custos e riscos da opera\u00e7\u00e3o.<\/span><\/p>\n<p class=\"p1\"><span class=\"s1\">Relativamente ao Direito do Consumidor, verifica-se a aus\u00eancia de justa causa caracterizadora da pr\u00e1tica abusiva, como uma eleva\u00e7\u00e3o de pre\u00e7os que n\u00e3o seja justificada pelo respectivo aumento dos custos da atividade, especialmente, numa economia est\u00e1vel como a brasileira, toda e qualquer eleva\u00e7\u00e3o de pre\u00e7o superior aos \u00edndices de infla\u00e7\u00e3o gera uma presun\u00e7\u00e3o relativa de aus\u00eancia de justa causa para o aumento de pre\u00e7o de um determinado produto.<\/span><\/p>\n<p class=\"p1\"><span class=\"s1\">\u00c9 l\u00f3gico que em um regime de livre iniciativa, ou seja, com a inexist\u00eancia de controle direto de pre\u00e7os, n\u00e3o se pode, retirar do fornecedor o seu direito e a possibilidade de readequa\u00e7\u00e3o de pre\u00e7os de seus produtos e servi\u00e7os, inclusive, para fins de margem de lucro. Na verdade, o abuso estar\u00e1 presente toda vez que o aumento de pre\u00e7o se der de forma dissimulada, ou ainda, quando haja claro aproveitamento da posi\u00e7\u00e3o dominante que exerce frente ao consumidor (aqui no sentido que lhe reconhece no Direito do Consumidor e dos Contratos em geral \u2014 desigualdade de posi\u00e7\u00e3o contratual \u2014 e n\u00e3o exatamente aquele desenvolvido no Direito da Concorr\u00eancia).<\/span><\/p>\n<p class=\"p1\"><span class=\"s1\">Como se v\u00ea na atual conjuntura, o comportamento de certos fornecedores (aproveitadores), com a pr\u00e1tica abusiva do aumento estratosf\u00e9rico de pre\u00e7os de alguns produtos, a t\u00edtulo demonstrativo, aqui em Franca SP, certa empresa, h\u00e1 uma semana atr\u00e1s vendia 1 (uma) \u201cm\u00e1scara\u201d de determinada marca por R$ 2,00, esta semana a \u201cm\u00e1scara\u201d da mesma marca foi vendida na mesma empresa por R$ 40,00, ou seja, injustificadamente o produto sofreu um aumento \u201cvergonhoso\u201d por esse(a) aproveitador(a) de 2.000%, aproveitando-se da eleva\u00e7\u00e3o da demanda causada pelo momento do \u201ccoronav\u00edrus \u2013 covid-19\u201d, revelando em sua pr\u00e1tica um excesso quantitativo que merece reprova\u00e7\u00e3o pelo Direito e pela sociedade.<\/span><\/p>\n<p class=\"p1\"><span class=\"s1\">A t\u00edtulo de alerta, o aumento de pre\u00e7os n\u00e3o justificados de produtos e servi\u00e7os em raz\u00e3o do \u201ccoronav\u00edrus \u2013 covid-19\u201d, \u00e9 considerado pr\u00e1tica abusiva do com\u00e9rcio, conforme art. 39, inc. X, do CDC. Havendo comprova\u00e7\u00e3o, o comerciante\/aproveitador, estar\u00e1 sujeito a multa e a pena de pris\u00e3o.<\/span><\/p>\n<p>&nbsp;<\/p>\n<p class=\"p1\">Jo\u00e3o Vicente Miguel<\/p>\n<p class=\"p2\">Advogado<\/p>\n","protected":false},"excerpt":{"rendered":"<p>Jo\u00e3o Vicente Miguel Vivemos momentos de turbul\u00eancia mundial em decorr\u00eancia do coronav\u00edrus (covid-19). Embora tensa a situa\u00e7\u00e3o para alguns, outros, os aproveitadores, est\u00e3o se valendo do<span class=\"excerpt-hellip\"> [\u2026]<\/span><\/p>\n","protected":false},"author":10,"featured_media":6021,"comment_status":"open","ping_status":"open","sticky":false,"template":"","format":"standard","meta":{"_jetpack_memberships_contains_paid_content":false,"footnotes":"","jetpack_publicize_message":"","jetpack_publicize_feature_enabled":true,"jetpack_social_post_already_shared":false,"jetpack_social_options":{"image_generator_settings":{"template":"highway","default_image_id":0,"enabled":false},"version":2}},"categories":[92,44],"tags":[],"class_list":["post-6019","post","type-post","status-publish","format-standard","has-post-thumbnail","hentry","category-colunista","category-noticias"],"yoast_head":"<!-- This site is optimized with the Yoast SEO plugin v25.6 - https:\/\/yoast.com\/wordpress\/plugins\/seo\/ -->\n<title>Pre\u00e7os abusivos em \u00e9poca de crise - VerdadeOn<\/title>\n<meta name=\"robots\" content=\"index, follow, max-snippet:-1, max-image-preview:large, max-video-preview:-1\" \/>\n<link rel=\"canonical\" href=\"https:\/\/verdadeon.com.br\/portal\/2020\/04\/02\/precos-abusivos-em-epoca-de-crise\/\" \/>\n<meta property=\"og:locale\" content=\"pt_BR\" \/>\n<meta property=\"og:type\" content=\"article\" \/>\n<meta property=\"og:title\" content=\"Pre\u00e7os abusivos em \u00e9poca de crise - VerdadeOn\" \/>\n<meta property=\"og:description\" content=\"Jo\u00e3o Vicente Miguel Vivemos momentos de turbul\u00eancia mundial em decorr\u00eancia do coronav\u00edrus (covid-19). Embora tensa a situa\u00e7\u00e3o para alguns, outros, os aproveitadores, est\u00e3o se valendo do [\u2026]\" \/>\n<meta property=\"og:url\" content=\"https:\/\/verdadeon.com.br\/portal\/2020\/04\/02\/precos-abusivos-em-epoca-de-crise\/\" \/>\n<meta property=\"og:site_name\" content=\"VerdadeOn\" \/>\n<meta property=\"article:published_time\" content=\"2020-04-02T13:00:31+00:00\" \/>\n<meta property=\"article:modified_time\" content=\"2020-04-02T20:57:33+00:00\" \/>\n<meta property=\"og:image\" content=\"https:\/\/verdadeon.com.br\/portal\/wp-content\/uploads\/2020\/04\/Fm368GIpLZ.jpg\" \/>\n\t<meta property=\"og:image:width\" content=\"1000\" \/>\n\t<meta property=\"og:image:height\" content=\"741\" \/>\n\t<meta property=\"og:image:type\" content=\"image\/jpeg\" \/>\n<meta name=\"author\" content=\"Redacao VerdadeOn\" \/>\n<meta name=\"twitter:card\" content=\"summary_large_image\" \/>\n<meta name=\"twitter:label1\" content=\"Escrito por\" \/>\n\t<meta name=\"twitter:data1\" content=\"Redacao VerdadeOn\" \/>\n\t<meta name=\"twitter:label2\" content=\"Est. tempo de leitura\" \/>\n\t<meta name=\"twitter:data2\" content=\"4 minutos\" \/>\n<script type=\"application\/ld+json\" class=\"yoast-schema-graph\">{\"@context\":\"https:\/\/schema.org\",\"@graph\":[{\"@type\":\"WebPage\",\"@id\":\"https:\/\/verdadeon.com.br\/portal\/2020\/04\/02\/precos-abusivos-em-epoca-de-crise\/\",\"url\":\"https:\/\/verdadeon.com.br\/portal\/2020\/04\/02\/precos-abusivos-em-epoca-de-crise\/\",\"name\":\"Pre\u00e7os abusivos em \u00e9poca de crise - VerdadeOn\",\"isPartOf\":{\"@id\":\"https:\/\/verdadeon.com.br\/portal\/#website\"},\"primaryImageOfPage\":{\"@id\":\"https:\/\/verdadeon.com.br\/portal\/2020\/04\/02\/precos-abusivos-em-epoca-de-crise\/#primaryimage\"},\"image\":{\"@id\":\"https:\/\/verdadeon.com.br\/portal\/2020\/04\/02\/precos-abusivos-em-epoca-de-crise\/#primaryimage\"},\"thumbnailUrl\":\"https:\/\/i0.wp.com\/verdadeon.com.br\/portal\/wp-content\/uploads\/2020\/04\/Fm368GIpLZ.jpg?fit=1000%2C741&ssl=1\",\"datePublished\":\"2020-04-02T13:00:31+00:00\",\"dateModified\":\"2020-04-02T20:57:33+00:00\",\"author\":{\"@id\":\"https:\/\/verdadeon.com.br\/portal\/#\/schema\/person\/a5060ad1e9ea3df545188fc93ce43d2f\"},\"breadcrumb\":{\"@id\":\"https:\/\/verdadeon.com.br\/portal\/2020\/04\/02\/precos-abusivos-em-epoca-de-crise\/#breadcrumb\"},\"inLanguage\":\"pt-BR\",\"potentialAction\":[{\"@type\":\"ReadAction\",\"target\":[\"https:\/\/verdadeon.com.br\/portal\/2020\/04\/02\/precos-abusivos-em-epoca-de-crise\/\"]}]},{\"@type\":\"ImageObject\",\"inLanguage\":\"pt-BR\",\"@id\":\"https:\/\/verdadeon.com.br\/portal\/2020\/04\/02\/precos-abusivos-em-epoca-de-crise\/#primaryimage\",\"url\":\"https:\/\/i0.wp.com\/verdadeon.com.br\/portal\/wp-content\/uploads\/2020\/04\/Fm368GIpLZ.jpg?fit=1000%2C741&ssl=1\",\"contentUrl\":\"https:\/\/i0.wp.com\/verdadeon.com.br\/portal\/wp-content\/uploads\/2020\/04\/Fm368GIpLZ.jpg?fit=1000%2C741&ssl=1\",\"width\":1000,\"height\":741},{\"@type\":\"BreadcrumbList\",\"@id\":\"https:\/\/verdadeon.com.br\/portal\/2020\/04\/02\/precos-abusivos-em-epoca-de-crise\/#breadcrumb\",\"itemListElement\":[{\"@type\":\"ListItem\",\"position\":1,\"name\":\"In\u00edcio\",\"item\":\"https:\/\/verdadeon.com.br\/portal\/\"},{\"@type\":\"ListItem\",\"position\":2,\"name\":\"Pre\u00e7os abusivos em \u00e9poca de crise\"}]},{\"@type\":\"WebSite\",\"@id\":\"https:\/\/verdadeon.com.br\/portal\/#website\",\"url\":\"https:\/\/verdadeon.com.br\/portal\/\",\"name\":\"VerdadeOn\",\"description\":\"Not\u00edcias di\u00e1rias sobre Franca, Regi\u00e3o, Esporte, Cultura, Cotidiano, Colunas. Cobertura nos principais eventos da cidade \u00e9 aqui - Verdadeon Franca\",\"potentialAction\":[{\"@type\":\"SearchAction\",\"target\":{\"@type\":\"EntryPoint\",\"urlTemplate\":\"https:\/\/verdadeon.com.br\/portal\/?s={search_term_string}\"},\"query-input\":{\"@type\":\"PropertyValueSpecification\",\"valueRequired\":true,\"valueName\":\"search_term_string\"}}],\"inLanguage\":\"pt-BR\"},{\"@type\":\"Person\",\"@id\":\"https:\/\/verdadeon.com.br\/portal\/#\/schema\/person\/a5060ad1e9ea3df545188fc93ce43d2f\",\"name\":\"Redacao VerdadeOn\",\"image\":{\"@type\":\"ImageObject\",\"inLanguage\":\"pt-BR\",\"@id\":\"https:\/\/verdadeon.com.br\/portal\/#\/schema\/person\/image\/\",\"url\":\"https:\/\/secure.gravatar.com\/avatar\/459a9613caaaf07f582c3d0841eea68bdd66f533e465e6ba8b9cb45619572cf4?s=96&d=mm&r=g\",\"contentUrl\":\"https:\/\/secure.gravatar.com\/avatar\/459a9613caaaf07f582c3d0841eea68bdd66f533e465e6ba8b9cb45619572cf4?s=96&d=mm&r=g\",\"caption\":\"Redacao VerdadeOn\"},\"url\":\"https:\/\/verdadeon.com.br\/portal\/author\/redacao\/\"}]}<\/script>\n<!-- \/ Yoast SEO plugin. -->","yoast_head_json":{"title":"Pre\u00e7os abusivos em \u00e9poca de crise - VerdadeOn","robots":{"index":"index","follow":"follow","max-snippet":"max-snippet:-1","max-image-preview":"max-image-preview:large","max-video-preview":"max-video-preview:-1"},"canonical":"https:\/\/verdadeon.com.br\/portal\/2020\/04\/02\/precos-abusivos-em-epoca-de-crise\/","og_locale":"pt_BR","og_type":"article","og_title":"Pre\u00e7os abusivos em \u00e9poca de crise - VerdadeOn","og_description":"Jo\u00e3o Vicente Miguel Vivemos momentos de turbul\u00eancia mundial em decorr\u00eancia do coronav\u00edrus (covid-19). Embora tensa a situa\u00e7\u00e3o para alguns, outros, os aproveitadores, est\u00e3o se valendo do [\u2026]","og_url":"https:\/\/verdadeon.com.br\/portal\/2020\/04\/02\/precos-abusivos-em-epoca-de-crise\/","og_site_name":"VerdadeOn","article_published_time":"2020-04-02T13:00:31+00:00","article_modified_time":"2020-04-02T20:57:33+00:00","og_image":[{"width":1000,"height":741,"url":"https:\/\/verdadeon.com.br\/portal\/wp-content\/uploads\/2020\/04\/Fm368GIpLZ.jpg","type":"image\/jpeg"}],"author":"Redacao VerdadeOn","twitter_card":"summary_large_image","twitter_misc":{"Escrito por":"Redacao VerdadeOn","Est. tempo de leitura":"4 minutos"},"schema":{"@context":"https:\/\/schema.org","@graph":[{"@type":"WebPage","@id":"https:\/\/verdadeon.com.br\/portal\/2020\/04\/02\/precos-abusivos-em-epoca-de-crise\/","url":"https:\/\/verdadeon.com.br\/portal\/2020\/04\/02\/precos-abusivos-em-epoca-de-crise\/","name":"Pre\u00e7os abusivos em \u00e9poca de crise - VerdadeOn","isPartOf":{"@id":"https:\/\/verdadeon.com.br\/portal\/#website"},"primaryImageOfPage":{"@id":"https:\/\/verdadeon.com.br\/portal\/2020\/04\/02\/precos-abusivos-em-epoca-de-crise\/#primaryimage"},"image":{"@id":"https:\/\/verdadeon.com.br\/portal\/2020\/04\/02\/precos-abusivos-em-epoca-de-crise\/#primaryimage"},"thumbnailUrl":"https:\/\/i0.wp.com\/verdadeon.com.br\/portal\/wp-content\/uploads\/2020\/04\/Fm368GIpLZ.jpg?fit=1000%2C741&ssl=1","datePublished":"2020-04-02T13:00:31+00:00","dateModified":"2020-04-02T20:57:33+00:00","author":{"@id":"https:\/\/verdadeon.com.br\/portal\/#\/schema\/person\/a5060ad1e9ea3df545188fc93ce43d2f"},"breadcrumb":{"@id":"https:\/\/verdadeon.com.br\/portal\/2020\/04\/02\/precos-abusivos-em-epoca-de-crise\/#breadcrumb"},"inLanguage":"pt-BR","potentialAction":[{"@type":"ReadAction","target":["https:\/\/verdadeon.com.br\/portal\/2020\/04\/02\/precos-abusivos-em-epoca-de-crise\/"]}]},{"@type":"ImageObject","inLanguage":"pt-BR","@id":"https:\/\/verdadeon.com.br\/portal\/2020\/04\/02\/precos-abusivos-em-epoca-de-crise\/#primaryimage","url":"https:\/\/i0.wp.com\/verdadeon.com.br\/portal\/wp-content\/uploads\/2020\/04\/Fm368GIpLZ.jpg?fit=1000%2C741&ssl=1","contentUrl":"https:\/\/i0.wp.com\/verdadeon.com.br\/portal\/wp-content\/uploads\/2020\/04\/Fm368GIpLZ.jpg?fit=1000%2C741&ssl=1","width":1000,"height":741},{"@type":"BreadcrumbList","@id":"https:\/\/verdadeon.com.br\/portal\/2020\/04\/02\/precos-abusivos-em-epoca-de-crise\/#breadcrumb","itemListElement":[{"@type":"ListItem","position":1,"name":"In\u00edcio","item":"https:\/\/verdadeon.com.br\/portal\/"},{"@type":"ListItem","position":2,"name":"Pre\u00e7os abusivos em \u00e9poca de crise"}]},{"@type":"WebSite","@id":"https:\/\/verdadeon.com.br\/portal\/#website","url":"https:\/\/verdadeon.com.br\/portal\/","name":"VerdadeOn","description":"Not\u00edcias di\u00e1rias sobre Franca, Regi\u00e3o, Esporte, Cultura, Cotidiano, Colunas. Cobertura nos principais eventos da cidade \u00e9 aqui - Verdadeon Franca","potentialAction":[{"@type":"SearchAction","target":{"@type":"EntryPoint","urlTemplate":"https:\/\/verdadeon.com.br\/portal\/?s={search_term_string}"},"query-input":{"@type":"PropertyValueSpecification","valueRequired":true,"valueName":"search_term_string"}}],"inLanguage":"pt-BR"},{"@type":"Person","@id":"https:\/\/verdadeon.com.br\/portal\/#\/schema\/person\/a5060ad1e9ea3df545188fc93ce43d2f","name":"Redacao VerdadeOn","image":{"@type":"ImageObject","inLanguage":"pt-BR","@id":"https:\/\/verdadeon.com.br\/portal\/#\/schema\/person\/image\/","url":"https:\/\/secure.gravatar.com\/avatar\/459a9613caaaf07f582c3d0841eea68bdd66f533e465e6ba8b9cb45619572cf4?s=96&d=mm&r=g","contentUrl":"https:\/\/secure.gravatar.com\/avatar\/459a9613caaaf07f582c3d0841eea68bdd66f533e465e6ba8b9cb45619572cf4?s=96&d=mm&r=g","caption":"Redacao VerdadeOn"},"url":"https:\/\/verdadeon.com.br\/portal\/author\/redacao\/"}]}},"jetpack_publicize_connections":[],"jetpack_featured_media_url":"https:\/\/i0.wp.com\/verdadeon.com.br\/portal\/wp-content\/uploads\/2020\/04\/Fm368GIpLZ.jpg?fit=1000%2C741&ssl=1","jetpack_sharing_enabled":true,"_links":{"self":[{"href":"https:\/\/verdadeon.com.br\/portal\/wp-json\/wp\/v2\/posts\/6019","targetHints":{"allow":["GET"]}}],"collection":[{"href":"https:\/\/verdadeon.com.br\/portal\/wp-json\/wp\/v2\/posts"}],"about":[{"href":"https:\/\/verdadeon.com.br\/portal\/wp-json\/wp\/v2\/types\/post"}],"author":[{"embeddable":true,"href":"https:\/\/verdadeon.com.br\/portal\/wp-json\/wp\/v2\/users\/10"}],"replies":[{"embeddable":true,"href":"https:\/\/verdadeon.com.br\/portal\/wp-json\/wp\/v2\/comments?post=6019"}],"version-history":[{"count":0,"href":"https:\/\/verdadeon.com.br\/portal\/wp-json\/wp\/v2\/posts\/6019\/revisions"}],"wp:featuredmedia":[{"embeddable":true,"href":"https:\/\/verdadeon.com.br\/portal\/wp-json\/wp\/v2\/media\/6021"}],"wp:attachment":[{"href":"https:\/\/verdadeon.com.br\/portal\/wp-json\/wp\/v2\/media?parent=6019"}],"wp:term":[{"taxonomy":"category","embeddable":true,"href":"https:\/\/verdadeon.com.br\/portal\/wp-json\/wp\/v2\/categories?post=6019"},{"taxonomy":"post_tag","embeddable":true,"href":"https:\/\/verdadeon.com.br\/portal\/wp-json\/wp\/v2\/tags?post=6019"}],"curies":[{"name":"wp","href":"https:\/\/api.w.org\/{rel}","templated":true}]}}