{"id":59999,"date":"2025-09-16T17:48:04","date_gmt":"2025-09-16T20:48:04","guid":{"rendered":"https:\/\/verdadeon.com.br\/portal\/?p=59999"},"modified":"2025-09-16T17:48:04","modified_gmt":"2025-09-16T20:48:04","slug":"democracia-participativa-em-favor-da-prosperidade","status":"publish","type":"post","link":"https:\/\/verdadeon.com.br\/portal\/2025\/09\/16\/democracia-participativa-em-favor-da-prosperidade\/","title":{"rendered":"Democracia participativa em favor da prosperidade"},"content":{"rendered":"<p style=\"text-align: right;\"><em><strong>Por Rafael Cervone<\/strong><\/em><\/p>\n<p>O recente lan\u00e7amento da Linha Ind\u00fastria 4.0, no \u00e2mbito do eixo de inova\u00e7\u00e3o e digitaliza\u00e7\u00e3o do Plano Mais Produ\u00e7\u00e3o, que integra o programa federal Nova Ind\u00fastria Brasil (NIB), \u00e9 uma iniciativa importante para a moderniza\u00e7\u00e3o do setor. Tamb\u00e9m relevante foi o lan\u00e7amento, dia 8 de setembro, da quarta etapa do Acordo Paulista, que possibilita a renegocia\u00e7\u00e3o de d\u00edvidas perante o Governo de S\u00e3o Paulo com descontos de at\u00e9 75% sobre juros e multas e parcelamentos em at\u00e9 120 vezes sem entrada. As duas medidas t\u00eam um aspecto significativo em comum: s\u00e3o frutos do entendimento entre os setores p\u00fablico e privado, visando ao bem maior do Pa\u00eds.<\/p>\n<p>No caso da Linha Ind\u00fastria 4.0, \u00e9 fundamental proporcionar \u00e0s empresas, em especial \u00e0s micro, pequenas e m\u00e9dias, condi\u00e7\u00f5es mais competitivas de financiamento para modernizar seus parques fabris, incorporar tecnologias digitais e avan\u00e7ar rumo \u00e0 chamada Manufatura Avan\u00e7ada. S\u00e3o R$ 12 bilh\u00f5es previstos apenas em 2025, sendo R$ 10 bilh\u00f5es do Banco Nacional de Desenvolvimento Econ\u00f4mico e Social (BNDES) e R$ 2 bilh\u00f5es da Financiadora de Estudos e Projetos (Finep), destinados \u00e0 difus\u00e3o de m\u00e1quinas e equipamentos 4.0. Os custos do cr\u00e9dito combinam a Taxa Referencial (TR), bem mais baixa do que a Selic, e par\u00e2metros de mercado, viabilizando juros a partir de 7,63% ao ano. Em um cen\u00e1rio de cr\u00e9dito ainda caro no Brasil, trata-se de uma alternativa mais vi\u00e1vel e racional.<\/p>\n<p>Al\u00e9m disso, a linha tamb\u00e9m pode ser acessada na modalidade Investimento Autom\u00e1tico, no \u00e2mbito do Programa Brasil Mais Produtivo. Nesse caso, as empresas devem obrigatoriamente realizar consultoria de inova\u00e7\u00e3o e transforma\u00e7\u00e3o digital pelo Senai-SP financiando seus projetos com taxas a partir de TR + 5,5% ao ano.<\/p>\n<p>A conquista n\u00e3o aconteceu por acaso. Resultou de intensa articula\u00e7\u00e3o institucional liderada pela Federa\u00e7\u00e3o das Ind\u00fastrias do Estado de S\u00e3o Paulo (Fiesp) e o Centro das Ind\u00fastrias do Estado de S\u00e3o Paulo (Ciesp). Destaco aqui o papel do Conselho Superior da Micro, Pequena e M\u00e9dia Ind\u00fastria (Compi) e do Departamento da Micro, Pequena, M\u00e9dia Ind\u00fastria e Acelera (DempiAcelera) da Fiesp, que subsidiaram de modo consistente nossa mobiliza\u00e7\u00e3o.<\/p>\n<p>As novidades incluem a amplia\u00e7\u00e3o do valor m\u00e1ximo de financiamento por cliente a cada 12 meses, saltando de R$ 20 milh\u00f5es para R$ 50 milh\u00f5es na linha de Difus\u00e3o Tecnol\u00f3gica \u2013 Ind\u00fastria 4.0, e de R$ 5 milh\u00f5es para R$ 15 milh\u00f5es no Investimento Autom\u00e1tico \u2013 Brasil Mais Produtivo. As taxas de juros s\u00e3o atrativas e todas as opera\u00e7\u00f5es poder\u00e3o ser chanceladas pelo BNDES FGI (Fundo Garantidor para Investimentos). A expectativa \u00e9 de que os recursos estejam dispon\u00edveis aos agentes financeiros j\u00e1 a partir desta segunda quinzena de setembro.<\/p>\n<p>Quanto \u00e0 quarta etapa do Acordo Paulista, lan\u00e7ada na sede do Ciesp e da Fiesp, com a presen\u00e7a do governador Tarc\u00edsio de Freitas e da procuradora-geral do Estado, Maria In\u00eas Coimbra, a meta m\u00ednima \u00e9 a renegocia\u00e7\u00e3o de d\u00e9bitos no valor total de R$ 15 bilh\u00f5es, contemplando pessoas f\u00edsicas e empresas com pend\u00eancias relativas ao ICMS (Imposto sobre a Circula\u00e7\u00e3o de Mercadorias e Servi\u00e7os), IPVA (Imposto sobre a Propriedade de Ve\u00edculos Automotores), ITCMD (Imposto de Transmiss\u00e3o Causa Mortis e Doa\u00e7\u00e3o) e multas do Procon paulista.<\/p>\n<p>Trata-se de um avan\u00e7o com duplo ganho: contribui para a sustentabilidade das contas p\u00fablicas, oferecendo condi\u00e7\u00f5es para que o Estado arrecade mais e possa investir nas prioridades sociais; e possibilita que cidad\u00e3os e empresas regularizem sua situa\u00e7\u00e3o, retomem f\u00f4lego e voltem a consumir, investir e produzir. A experi\u00eancia das tr\u00eas etapas anteriores comprova a relev\u00e2ncia do programa, pois j\u00e1 foram renegociados R$ 57,6 bilh\u00f5es, com reflexo positivo direto sobre a atividade econ\u00f4mica.<\/p>\n<p>Esse \u00e9 o resultado tang\u00edvel do entendimento que viabilizou o Acordo Paulista. O processo de sua constru\u00e7\u00e3o, assim como ocorreu com a Linha Ind\u00fastria 4.0, \u00e9 um exemplo de como a escuta ativa e a participa\u00e7\u00e3o das entidades de classe, como o Ciesp e a Fiesp, ajudam a encontrar solu\u00e7\u00f5es criativas e eficazes. Quando governo e setor produtivo caminham juntos, os resultados chegam mais rapidamente, s\u00e3o mais consistentes e beneficiam toda a sociedade.<\/p>\n<p>A nova linha de cr\u00e9dito federal e o Acordo Paulista s\u00e3o exemplos concretos de que a democracia participativa, ao ser exercitada com prop\u00f3sito e transpar\u00eancia e acima de quest\u00f5es partid\u00e1rias e ideol\u00f3gicas, faz diferen\u00e7a real na vida das empresas e da sociedade, transformando reivindica\u00e7\u00f5es leg\u00edtimas em pol\u00edticas p\u00fablicas concretas. O Ciesp e a Fiesp, sem abdicarem do direito e do dever de cobrar as autoridades sempre que necess\u00e1rio, seguem engajados nessa agenda de constru\u00e7\u00e3o coletiva.<\/p>\n<p>Acreditamos que a soma de esfor\u00e7os \u00e9 decisiva para a prosperidade do nosso pa\u00eds. Toda vez que trabalhadores, empresas e institui\u00e7\u00f5es estatais e da sociedade civil se reconhecem como protagonistas das metas de desenvolvimento sustent\u00e1vel e inclusivo, os impactos s\u00e3o sempre positivos.<\/p>\n<p><em>*Rafael Cervone \u00e9 o presidente do Centro das Ind\u00fastrias do Estado de S\u00e3o Paulo (Ciesp) e primeiro vice-presidente da Federa\u00e7\u00e3o das Ind\u00fastrias do Estado de S\u00e3o\u00a0Paulo\u00a0(Fiesp).<\/em><\/p>\n","protected":false},"excerpt":{"rendered":"<p>Por Rafael Cervone O recente lan\u00e7amento da Linha Ind\u00fastria 4.0, no \u00e2mbito do eixo de inova\u00e7\u00e3o e digitaliza\u00e7\u00e3o do Plano Mais Produ\u00e7\u00e3o, que integra o programa<span class=\"excerpt-hellip\"> [\u2026]<\/span><\/p>\n","protected":false},"author":10,"featured_media":60000,"comment_status":"open","ping_status":"open","sticky":false,"template":"","format":"standard","meta":{"_jetpack_memberships_contains_paid_content":false,"footnotes":"","jetpack_publicize_message":"","jetpack_publicize_feature_enabled":true,"jetpack_social_post_already_shared":true,"jetpack_social_options":{"image_generator_settings":{"template":"highway","default_image_id":0,"enabled":false},"version":2}},"categories":[28,44],"tags":[],"class_list":["post-59999","post","type-post","status-publish","format-standard","has-post-thumbnail","hentry","category-cotidiano","category-noticias"],"yoast_head":"<!-- This site is optimized with the Yoast SEO plugin v25.6 - https:\/\/yoast.com\/wordpress\/plugins\/seo\/ -->\n<title>Democracia participativa em favor da prosperidade - VerdadeOn<\/title>\n<meta name=\"robots\" content=\"index, follow, max-snippet:-1, max-image-preview:large, max-video-preview:-1\" \/>\n<link rel=\"canonical\" href=\"https:\/\/verdadeon.com.br\/portal\/2025\/09\/16\/democracia-participativa-em-favor-da-prosperidade\/\" \/>\n<meta property=\"og:locale\" content=\"pt_BR\" \/>\n<meta property=\"og:type\" content=\"article\" \/>\n<meta property=\"og:title\" content=\"Democracia participativa em favor da prosperidade - VerdadeOn\" \/>\n<meta property=\"og:description\" content=\"Por Rafael Cervone O recente lan\u00e7amento da Linha Ind\u00fastria 4.0, no \u00e2mbito do eixo de inova\u00e7\u00e3o e digitaliza\u00e7\u00e3o do Plano Mais Produ\u00e7\u00e3o, que integra o programa [\u2026]\" \/>\n<meta property=\"og:url\" content=\"https:\/\/verdadeon.com.br\/portal\/2025\/09\/16\/democracia-participativa-em-favor-da-prosperidade\/\" \/>\n<meta property=\"og:site_name\" content=\"VerdadeOn\" \/>\n<meta property=\"article:published_time\" content=\"2025-09-16T20:48:04+00:00\" \/>\n<meta property=\"og:image\" content=\"https:\/\/verdadeon.com.br\/portal\/wp-content\/uploads\/2025\/09\/renderizacao-3d-conceito-de-industria-40.jpg\" \/>\n\t<meta property=\"og:image:width\" content=\"2560\" \/>\n\t<meta property=\"og:image:height\" content=\"1829\" \/>\n\t<meta property=\"og:image:type\" content=\"image\/jpeg\" \/>\n<meta name=\"author\" content=\"Redacao VerdadeOn\" \/>\n<meta name=\"twitter:card\" content=\"summary_large_image\" \/>\n<meta name=\"twitter:label1\" content=\"Escrito por\" \/>\n\t<meta name=\"twitter:data1\" content=\"Redacao VerdadeOn\" \/>\n\t<meta name=\"twitter:label2\" content=\"Est. tempo de leitura\" \/>\n\t<meta name=\"twitter:data2\" content=\"5 minutos\" \/>\n<script type=\"application\/ld+json\" class=\"yoast-schema-graph\">{\"@context\":\"https:\/\/schema.org\",\"@graph\":[{\"@type\":\"WebPage\",\"@id\":\"https:\/\/verdadeon.com.br\/portal\/2025\/09\/16\/democracia-participativa-em-favor-da-prosperidade\/\",\"url\":\"https:\/\/verdadeon.com.br\/portal\/2025\/09\/16\/democracia-participativa-em-favor-da-prosperidade\/\",\"name\":\"Democracia participativa em favor da prosperidade - VerdadeOn\",\"isPartOf\":{\"@id\":\"https:\/\/verdadeon.com.br\/portal\/#website\"},\"primaryImageOfPage\":{\"@id\":\"https:\/\/verdadeon.com.br\/portal\/2025\/09\/16\/democracia-participativa-em-favor-da-prosperidade\/#primaryimage\"},\"image\":{\"@id\":\"https:\/\/verdadeon.com.br\/portal\/2025\/09\/16\/democracia-participativa-em-favor-da-prosperidade\/#primaryimage\"},\"thumbnailUrl\":\"https:\/\/i0.wp.com\/verdadeon.com.br\/portal\/wp-content\/uploads\/2025\/09\/renderizacao-3d-conceito-de-industria-40.jpg?fit=2560%2C1829&ssl=1\",\"datePublished\":\"2025-09-16T20:48:04+00:00\",\"author\":{\"@id\":\"https:\/\/verdadeon.com.br\/portal\/#\/schema\/person\/a5060ad1e9ea3df545188fc93ce43d2f\"},\"breadcrumb\":{\"@id\":\"https:\/\/verdadeon.com.br\/portal\/2025\/09\/16\/democracia-participativa-em-favor-da-prosperidade\/#breadcrumb\"},\"inLanguage\":\"pt-BR\",\"potentialAction\":[{\"@type\":\"ReadAction\",\"target\":[\"https:\/\/verdadeon.com.br\/portal\/2025\/09\/16\/democracia-participativa-em-favor-da-prosperidade\/\"]}]},{\"@type\":\"ImageObject\",\"inLanguage\":\"pt-BR\",\"@id\":\"https:\/\/verdadeon.com.br\/portal\/2025\/09\/16\/democracia-participativa-em-favor-da-prosperidade\/#primaryimage\",\"url\":\"https:\/\/i0.wp.com\/verdadeon.com.br\/portal\/wp-content\/uploads\/2025\/09\/renderizacao-3d-conceito-de-industria-40.jpg?fit=2560%2C1829&ssl=1\",\"contentUrl\":\"https:\/\/i0.wp.com\/verdadeon.com.br\/portal\/wp-content\/uploads\/2025\/09\/renderizacao-3d-conceito-de-industria-40.jpg?fit=2560%2C1829&ssl=1\",\"width\":2560,\"height\":1829,\"caption\":\"(\u00a9Freepik)\"},{\"@type\":\"BreadcrumbList\",\"@id\":\"https:\/\/verdadeon.com.br\/portal\/2025\/09\/16\/democracia-participativa-em-favor-da-prosperidade\/#breadcrumb\",\"itemListElement\":[{\"@type\":\"ListItem\",\"position\":1,\"name\":\"In\u00edcio\",\"item\":\"https:\/\/verdadeon.com.br\/portal\/\"},{\"@type\":\"ListItem\",\"position\":2,\"name\":\"Democracia participativa em favor da prosperidade\"}]},{\"@type\":\"WebSite\",\"@id\":\"https:\/\/verdadeon.com.br\/portal\/#website\",\"url\":\"https:\/\/verdadeon.com.br\/portal\/\",\"name\":\"VerdadeOn\",\"description\":\"Not\u00edcias di\u00e1rias sobre Franca, Regi\u00e3o, Esporte, Cultura, Cotidiano, Colunas. Cobertura nos principais eventos da cidade \u00e9 aqui - Verdadeon Franca\",\"potentialAction\":[{\"@type\":\"SearchAction\",\"target\":{\"@type\":\"EntryPoint\",\"urlTemplate\":\"https:\/\/verdadeon.com.br\/portal\/?s={search_term_string}\"},\"query-input\":{\"@type\":\"PropertyValueSpecification\",\"valueRequired\":true,\"valueName\":\"search_term_string\"}}],\"inLanguage\":\"pt-BR\"},{\"@type\":\"Person\",\"@id\":\"https:\/\/verdadeon.com.br\/portal\/#\/schema\/person\/a5060ad1e9ea3df545188fc93ce43d2f\",\"name\":\"Redacao VerdadeOn\",\"image\":{\"@type\":\"ImageObject\",\"inLanguage\":\"pt-BR\",\"@id\":\"https:\/\/verdadeon.com.br\/portal\/#\/schema\/person\/image\/\",\"url\":\"https:\/\/secure.gravatar.com\/avatar\/459a9613caaaf07f582c3d0841eea68bdd66f533e465e6ba8b9cb45619572cf4?s=96&d=mm&r=g\",\"contentUrl\":\"https:\/\/secure.gravatar.com\/avatar\/459a9613caaaf07f582c3d0841eea68bdd66f533e465e6ba8b9cb45619572cf4?s=96&d=mm&r=g\",\"caption\":\"Redacao VerdadeOn\"},\"url\":\"https:\/\/verdadeon.com.br\/portal\/author\/redacao\/\"}]}<\/script>\n<!-- \/ Yoast SEO plugin. -->","yoast_head_json":{"title":"Democracia participativa em favor da prosperidade - VerdadeOn","robots":{"index":"index","follow":"follow","max-snippet":"max-snippet:-1","max-image-preview":"max-image-preview:large","max-video-preview":"max-video-preview:-1"},"canonical":"https:\/\/verdadeon.com.br\/portal\/2025\/09\/16\/democracia-participativa-em-favor-da-prosperidade\/","og_locale":"pt_BR","og_type":"article","og_title":"Democracia participativa em favor da prosperidade - VerdadeOn","og_description":"Por Rafael Cervone O recente lan\u00e7amento da Linha Ind\u00fastria 4.0, no \u00e2mbito do eixo de inova\u00e7\u00e3o e digitaliza\u00e7\u00e3o do Plano Mais Produ\u00e7\u00e3o, que integra o programa [\u2026]","og_url":"https:\/\/verdadeon.com.br\/portal\/2025\/09\/16\/democracia-participativa-em-favor-da-prosperidade\/","og_site_name":"VerdadeOn","article_published_time":"2025-09-16T20:48:04+00:00","og_image":[{"width":2560,"height":1829,"url":"https:\/\/verdadeon.com.br\/portal\/wp-content\/uploads\/2025\/09\/renderizacao-3d-conceito-de-industria-40.jpg","type":"image\/jpeg"}],"author":"Redacao VerdadeOn","twitter_card":"summary_large_image","twitter_misc":{"Escrito por":"Redacao VerdadeOn","Est. tempo de leitura":"5 minutos"},"schema":{"@context":"https:\/\/schema.org","@graph":[{"@type":"WebPage","@id":"https:\/\/verdadeon.com.br\/portal\/2025\/09\/16\/democracia-participativa-em-favor-da-prosperidade\/","url":"https:\/\/verdadeon.com.br\/portal\/2025\/09\/16\/democracia-participativa-em-favor-da-prosperidade\/","name":"Democracia participativa em favor da prosperidade - VerdadeOn","isPartOf":{"@id":"https:\/\/verdadeon.com.br\/portal\/#website"},"primaryImageOfPage":{"@id":"https:\/\/verdadeon.com.br\/portal\/2025\/09\/16\/democracia-participativa-em-favor-da-prosperidade\/#primaryimage"},"image":{"@id":"https:\/\/verdadeon.com.br\/portal\/2025\/09\/16\/democracia-participativa-em-favor-da-prosperidade\/#primaryimage"},"thumbnailUrl":"https:\/\/i0.wp.com\/verdadeon.com.br\/portal\/wp-content\/uploads\/2025\/09\/renderizacao-3d-conceito-de-industria-40.jpg?fit=2560%2C1829&ssl=1","datePublished":"2025-09-16T20:48:04+00:00","author":{"@id":"https:\/\/verdadeon.com.br\/portal\/#\/schema\/person\/a5060ad1e9ea3df545188fc93ce43d2f"},"breadcrumb":{"@id":"https:\/\/verdadeon.com.br\/portal\/2025\/09\/16\/democracia-participativa-em-favor-da-prosperidade\/#breadcrumb"},"inLanguage":"pt-BR","potentialAction":[{"@type":"ReadAction","target":["https:\/\/verdadeon.com.br\/portal\/2025\/09\/16\/democracia-participativa-em-favor-da-prosperidade\/"]}]},{"@type":"ImageObject","inLanguage":"pt-BR","@id":"https:\/\/verdadeon.com.br\/portal\/2025\/09\/16\/democracia-participativa-em-favor-da-prosperidade\/#primaryimage","url":"https:\/\/i0.wp.com\/verdadeon.com.br\/portal\/wp-content\/uploads\/2025\/09\/renderizacao-3d-conceito-de-industria-40.jpg?fit=2560%2C1829&ssl=1","contentUrl":"https:\/\/i0.wp.com\/verdadeon.com.br\/portal\/wp-content\/uploads\/2025\/09\/renderizacao-3d-conceito-de-industria-40.jpg?fit=2560%2C1829&ssl=1","width":2560,"height":1829,"caption":"(\u00a9Freepik)"},{"@type":"BreadcrumbList","@id":"https:\/\/verdadeon.com.br\/portal\/2025\/09\/16\/democracia-participativa-em-favor-da-prosperidade\/#breadcrumb","itemListElement":[{"@type":"ListItem","position":1,"name":"In\u00edcio","item":"https:\/\/verdadeon.com.br\/portal\/"},{"@type":"ListItem","position":2,"name":"Democracia participativa em favor da prosperidade"}]},{"@type":"WebSite","@id":"https:\/\/verdadeon.com.br\/portal\/#website","url":"https:\/\/verdadeon.com.br\/portal\/","name":"VerdadeOn","description":"Not\u00edcias di\u00e1rias sobre Franca, Regi\u00e3o, Esporte, Cultura, Cotidiano, Colunas. Cobertura nos principais eventos da cidade \u00e9 aqui - Verdadeon Franca","potentialAction":[{"@type":"SearchAction","target":{"@type":"EntryPoint","urlTemplate":"https:\/\/verdadeon.com.br\/portal\/?s={search_term_string}"},"query-input":{"@type":"PropertyValueSpecification","valueRequired":true,"valueName":"search_term_string"}}],"inLanguage":"pt-BR"},{"@type":"Person","@id":"https:\/\/verdadeon.com.br\/portal\/#\/schema\/person\/a5060ad1e9ea3df545188fc93ce43d2f","name":"Redacao VerdadeOn","image":{"@type":"ImageObject","inLanguage":"pt-BR","@id":"https:\/\/verdadeon.com.br\/portal\/#\/schema\/person\/image\/","url":"https:\/\/secure.gravatar.com\/avatar\/459a9613caaaf07f582c3d0841eea68bdd66f533e465e6ba8b9cb45619572cf4?s=96&d=mm&r=g","contentUrl":"https:\/\/secure.gravatar.com\/avatar\/459a9613caaaf07f582c3d0841eea68bdd66f533e465e6ba8b9cb45619572cf4?s=96&d=mm&r=g","caption":"Redacao VerdadeOn"},"url":"https:\/\/verdadeon.com.br\/portal\/author\/redacao\/"}]}},"jetpack_publicize_connections":[],"jetpack_featured_media_url":"https:\/\/i0.wp.com\/verdadeon.com.br\/portal\/wp-content\/uploads\/2025\/09\/renderizacao-3d-conceito-de-industria-40.jpg?fit=2560%2C1829&ssl=1","jetpack_sharing_enabled":true,"_links":{"self":[{"href":"https:\/\/verdadeon.com.br\/portal\/wp-json\/wp\/v2\/posts\/59999","targetHints":{"allow":["GET"]}}],"collection":[{"href":"https:\/\/verdadeon.com.br\/portal\/wp-json\/wp\/v2\/posts"}],"about":[{"href":"https:\/\/verdadeon.com.br\/portal\/wp-json\/wp\/v2\/types\/post"}],"author":[{"embeddable":true,"href":"https:\/\/verdadeon.com.br\/portal\/wp-json\/wp\/v2\/users\/10"}],"replies":[{"embeddable":true,"href":"https:\/\/verdadeon.com.br\/portal\/wp-json\/wp\/v2\/comments?post=59999"}],"version-history":[{"count":1,"href":"https:\/\/verdadeon.com.br\/portal\/wp-json\/wp\/v2\/posts\/59999\/revisions"}],"predecessor-version":[{"id":60001,"href":"https:\/\/verdadeon.com.br\/portal\/wp-json\/wp\/v2\/posts\/59999\/revisions\/60001"}],"wp:featuredmedia":[{"embeddable":true,"href":"https:\/\/verdadeon.com.br\/portal\/wp-json\/wp\/v2\/media\/60000"}],"wp:attachment":[{"href":"https:\/\/verdadeon.com.br\/portal\/wp-json\/wp\/v2\/media?parent=59999"}],"wp:term":[{"taxonomy":"category","embeddable":true,"href":"https:\/\/verdadeon.com.br\/portal\/wp-json\/wp\/v2\/categories?post=59999"},{"taxonomy":"post_tag","embeddable":true,"href":"https:\/\/verdadeon.com.br\/portal\/wp-json\/wp\/v2\/tags?post=59999"}],"curies":[{"name":"wp","href":"https:\/\/api.w.org\/{rel}","templated":true}]}}