{"id":59961,"date":"2025-09-16T08:00:19","date_gmt":"2025-09-16T11:00:19","guid":{"rendered":"https:\/\/verdadeon.com.br\/portal\/?p=59961"},"modified":"2025-09-15T17:37:16","modified_gmt":"2025-09-15T20:37:16","slug":"grupo-mulheres-do-brasil-causa-saude-promove-encontro-comemorativo-do-dia-do-surdo","status":"publish","type":"post","link":"https:\/\/verdadeon.com.br\/portal\/2025\/09\/16\/grupo-mulheres-do-brasil-causa-saude-promove-encontro-comemorativo-do-dia-do-surdo\/","title":{"rendered":"Grupo Mulheres do Brasil: Causa Sa\u00fade promove Encontro Comemorativo do Dia do Surdo"},"content":{"rendered":"<h2>Iniciativa \u00e9 feita em parceira com a Escola Inclusiva<\/h2>\n<p>No dia 27 de setembro, o Grupo Mulheres do Brasil \u2013 Causa Sa\u00fade, em parceria com a Escola Inclusiva, liderada por Susi Costa, realizar\u00e1 o Encontro Comemorativo do Dia do Surdo, no Anfiteatro do J\u00fari da Unifran, das 9h \u00e0s 12h.<\/p>\n<p>O evento tem como prop\u00f3sito promover a inclus\u00e3o e a comunica\u00e7\u00e3o, criando um espa\u00e7o de aprendizado, troca e sensibiliza\u00e7\u00e3o sobre os direitos das pessoas surdas. A iniciativa visa derrubar barreiras, fortalecer pontes e destacar que a inclus\u00e3o \u00e9 um direito fundamental, e n\u00e3o um privil\u00e9gio.<\/p>\n<p>Durante a programa\u00e7\u00e3o, ser\u00e3o apresentadas reflex\u00f5es, experi\u00eancias e boas pr\u00e1ticas sobre acessibilidade e comunica\u00e7\u00e3o inclusiva, estimulando a sociedade a atuar de forma mais humana, equitativa e comprometida com a diversidade.<\/p>\n<p>A participa\u00e7\u00e3o da comunidade \u00e9 essencial, pois a inclus\u00e3o s\u00f3 se torna realidade quando todos caminham juntos, somando vozes, gestos, olhares e a\u00e7\u00f5es.<\/p>\n<p>Data: 27 de setembro de 2025<br \/>\nHor\u00e1rio: 9h \u00e0s 12h<br \/>\nLocal: Anfiteatro do J\u00fari \u2013 Universidade de Franca (Unifran)<br \/>\nInscri\u00e7\u00f5es: <a href=\"http:\/\/bit.ly\/diadosurdo2025\">bit.ly\/diadosurdo2025<\/a><\/p>\n","protected":false},"excerpt":{"rendered":"<p>Iniciativa \u00e9 feita em parceira com a Escola Inclusiva No dia 27 de setembro, o Grupo Mulheres do Brasil \u2013 Causa Sa\u00fade, em parceria com a<span class=\"excerpt-hellip\"> [\u2026]<\/span><\/p>\n","protected":false},"author":10,"featured_media":59962,"comment_status":"open","ping_status":"open","sticky":false,"template":"","format":"standard","meta":{"_jetpack_memberships_contains_paid_content":false,"footnotes":"","jetpack_publicize_message":"","jetpack_publicize_feature_enabled":true,"jetpack_social_post_already_shared":true,"jetpack_social_options":{"image_generator_settings":{"template":"highway","default_image_id":0,"enabled":false},"version":2}},"categories":[28,44],"tags":[],"class_list":["post-59961","post","type-post","status-publish","format-standard","has-post-thumbnail","hentry","category-cotidiano","category-noticias"],"yoast_head":"<!-- This site is optimized with the Yoast SEO plugin v25.6 - https:\/\/yoast.com\/wordpress\/plugins\/seo\/ -->\n<title>Grupo Mulheres do Brasil: Causa Sa\u00fade promove Encontro Comemorativo do Dia do Surdo - VerdadeOn<\/title>\n<meta name=\"robots\" content=\"index, follow, max-snippet:-1, max-image-preview:large, max-video-preview:-1\" \/>\n<link rel=\"canonical\" href=\"https:\/\/verdadeon.com.br\/portal\/2025\/09\/16\/grupo-mulheres-do-brasil-causa-saude-promove-encontro-comemorativo-do-dia-do-surdo\/\" \/>\n<meta property=\"og:locale\" content=\"pt_BR\" \/>\n<meta property=\"og:type\" content=\"article\" \/>\n<meta property=\"og:title\" content=\"Grupo Mulheres do Brasil: Causa Sa\u00fade promove Encontro Comemorativo do Dia do Surdo - VerdadeOn\" \/>\n<meta property=\"og:description\" content=\"Iniciativa \u00e9 feita em parceira com a Escola Inclusiva No dia 27 de setembro, o Grupo Mulheres do Brasil \u2013 Causa Sa\u00fade, em parceria com a [\u2026]\" \/>\n<meta property=\"og:url\" content=\"https:\/\/verdadeon.com.br\/portal\/2025\/09\/16\/grupo-mulheres-do-brasil-causa-saude-promove-encontro-comemorativo-do-dia-do-surdo\/\" \/>\n<meta property=\"og:site_name\" content=\"VerdadeOn\" \/>\n<meta property=\"article:published_time\" content=\"2025-09-16T11:00:19+00:00\" \/>\n<meta property=\"og:image\" content=\"https:\/\/i0.wp.com\/verdadeon.com.br\/portal\/wp-content\/uploads\/2025\/09\/4771886302_3385eba4aa_c.jpg?fit=800%2C530&ssl=1\" \/>\n\t<meta property=\"og:image:width\" content=\"800\" \/>\n\t<meta property=\"og:image:height\" content=\"530\" \/>\n\t<meta property=\"og:image:type\" content=\"image\/jpeg\" \/>\n<meta name=\"author\" content=\"Redacao VerdadeOn\" \/>\n<meta name=\"twitter:card\" content=\"summary_large_image\" \/>\n<meta name=\"twitter:label1\" content=\"Escrito por\" \/>\n\t<meta name=\"twitter:data1\" content=\"Redacao VerdadeOn\" \/>\n\t<meta name=\"twitter:label2\" content=\"Est. tempo de leitura\" \/>\n\t<meta name=\"twitter:data2\" content=\"2 minutos\" \/>\n<script type=\"application\/ld+json\" class=\"yoast-schema-graph\">{\"@context\":\"https:\/\/schema.org\",\"@graph\":[{\"@type\":\"WebPage\",\"@id\":\"https:\/\/verdadeon.com.br\/portal\/2025\/09\/16\/grupo-mulheres-do-brasil-causa-saude-promove-encontro-comemorativo-do-dia-do-surdo\/\",\"url\":\"https:\/\/verdadeon.com.br\/portal\/2025\/09\/16\/grupo-mulheres-do-brasil-causa-saude-promove-encontro-comemorativo-do-dia-do-surdo\/\",\"name\":\"Grupo Mulheres do Brasil: Causa Sa\u00fade promove Encontro Comemorativo do Dia do Surdo - VerdadeOn\",\"isPartOf\":{\"@id\":\"https:\/\/verdadeon.com.br\/portal\/#website\"},\"primaryImageOfPage\":{\"@id\":\"https:\/\/verdadeon.com.br\/portal\/2025\/09\/16\/grupo-mulheres-do-brasil-causa-saude-promove-encontro-comemorativo-do-dia-do-surdo\/#primaryimage\"},\"image\":{\"@id\":\"https:\/\/verdadeon.com.br\/portal\/2025\/09\/16\/grupo-mulheres-do-brasil-causa-saude-promove-encontro-comemorativo-do-dia-do-surdo\/#primaryimage\"},\"thumbnailUrl\":\"https:\/\/i0.wp.com\/verdadeon.com.br\/portal\/wp-content\/uploads\/2025\/09\/4771886302_3385eba4aa_c.jpg?fit=800%2C530&ssl=1\",\"datePublished\":\"2025-09-16T11:00:19+00:00\",\"author\":{\"@id\":\"https:\/\/verdadeon.com.br\/portal\/#\/schema\/person\/a5060ad1e9ea3df545188fc93ce43d2f\"},\"breadcrumb\":{\"@id\":\"https:\/\/verdadeon.com.br\/portal\/2025\/09\/16\/grupo-mulheres-do-brasil-causa-saude-promove-encontro-comemorativo-do-dia-do-surdo\/#breadcrumb\"},\"inLanguage\":\"pt-BR\",\"potentialAction\":[{\"@type\":\"ReadAction\",\"target\":[\"https:\/\/verdadeon.com.br\/portal\/2025\/09\/16\/grupo-mulheres-do-brasil-causa-saude-promove-encontro-comemorativo-do-dia-do-surdo\/\"]}]},{\"@type\":\"ImageObject\",\"inLanguage\":\"pt-BR\",\"@id\":\"https:\/\/verdadeon.com.br\/portal\/2025\/09\/16\/grupo-mulheres-do-brasil-causa-saude-promove-encontro-comemorativo-do-dia-do-surdo\/#primaryimage\",\"url\":\"https:\/\/i0.wp.com\/verdadeon.com.br\/portal\/wp-content\/uploads\/2025\/09\/4771886302_3385eba4aa_c.jpg?fit=800%2C530&ssl=1\",\"contentUrl\":\"https:\/\/i0.wp.com\/verdadeon.com.br\/portal\/wp-content\/uploads\/2025\/09\/4771886302_3385eba4aa_c.jpg?fit=800%2C530&ssl=1\",\"width\":800,\"height\":530,\"caption\":\"Anfiteatro do J\u00fari, na Unifran (\u00a9Divulga\u00e7\u00e3o)\"},{\"@type\":\"BreadcrumbList\",\"@id\":\"https:\/\/verdadeon.com.br\/portal\/2025\/09\/16\/grupo-mulheres-do-brasil-causa-saude-promove-encontro-comemorativo-do-dia-do-surdo\/#breadcrumb\",\"itemListElement\":[{\"@type\":\"ListItem\",\"position\":1,\"name\":\"In\u00edcio\",\"item\":\"https:\/\/verdadeon.com.br\/portal\/\"},{\"@type\":\"ListItem\",\"position\":2,\"name\":\"Grupo Mulheres do Brasil: Causa Sa\u00fade promove Encontro Comemorativo do Dia do Surdo\"}]},{\"@type\":\"WebSite\",\"@id\":\"https:\/\/verdadeon.com.br\/portal\/#website\",\"url\":\"https:\/\/verdadeon.com.br\/portal\/\",\"name\":\"VerdadeOn\",\"description\":\"Not\u00edcias di\u00e1rias sobre Franca, Regi\u00e3o, Esporte, Cultura, Cotidiano, Colunas. Cobertura nos principais eventos da cidade \u00e9 aqui - Verdadeon Franca\",\"potentialAction\":[{\"@type\":\"SearchAction\",\"target\":{\"@type\":\"EntryPoint\",\"urlTemplate\":\"https:\/\/verdadeon.com.br\/portal\/?s={search_term_string}\"},\"query-input\":{\"@type\":\"PropertyValueSpecification\",\"valueRequired\":true,\"valueName\":\"search_term_string\"}}],\"inLanguage\":\"pt-BR\"},{\"@type\":\"Person\",\"@id\":\"https:\/\/verdadeon.com.br\/portal\/#\/schema\/person\/a5060ad1e9ea3df545188fc93ce43d2f\",\"name\":\"Redacao VerdadeOn\",\"image\":{\"@type\":\"ImageObject\",\"inLanguage\":\"pt-BR\",\"@id\":\"https:\/\/verdadeon.com.br\/portal\/#\/schema\/person\/image\/\",\"url\":\"https:\/\/secure.gravatar.com\/avatar\/459a9613caaaf07f582c3d0841eea68bdd66f533e465e6ba8b9cb45619572cf4?s=96&d=mm&r=g\",\"contentUrl\":\"https:\/\/secure.gravatar.com\/avatar\/459a9613caaaf07f582c3d0841eea68bdd66f533e465e6ba8b9cb45619572cf4?s=96&d=mm&r=g\",\"caption\":\"Redacao VerdadeOn\"},\"url\":\"https:\/\/verdadeon.com.br\/portal\/author\/redacao\/\"}]}<\/script>\n<!-- \/ Yoast SEO plugin. -->","yoast_head_json":{"title":"Grupo Mulheres do Brasil: Causa Sa\u00fade promove Encontro Comemorativo do Dia do Surdo - VerdadeOn","robots":{"index":"index","follow":"follow","max-snippet":"max-snippet:-1","max-image-preview":"max-image-preview:large","max-video-preview":"max-video-preview:-1"},"canonical":"https:\/\/verdadeon.com.br\/portal\/2025\/09\/16\/grupo-mulheres-do-brasil-causa-saude-promove-encontro-comemorativo-do-dia-do-surdo\/","og_locale":"pt_BR","og_type":"article","og_title":"Grupo Mulheres do Brasil: Causa Sa\u00fade promove Encontro Comemorativo do Dia do Surdo - VerdadeOn","og_description":"Iniciativa \u00e9 feita em parceira com a Escola Inclusiva No dia 27 de setembro, o Grupo Mulheres do Brasil \u2013 Causa Sa\u00fade, em parceria com a [\u2026]","og_url":"https:\/\/verdadeon.com.br\/portal\/2025\/09\/16\/grupo-mulheres-do-brasil-causa-saude-promove-encontro-comemorativo-do-dia-do-surdo\/","og_site_name":"VerdadeOn","article_published_time":"2025-09-16T11:00:19+00:00","og_image":[{"width":800,"height":530,"url":"https:\/\/i0.wp.com\/verdadeon.com.br\/portal\/wp-content\/uploads\/2025\/09\/4771886302_3385eba4aa_c.jpg?fit=800%2C530&ssl=1","type":"image\/jpeg"}],"author":"Redacao VerdadeOn","twitter_card":"summary_large_image","twitter_misc":{"Escrito por":"Redacao VerdadeOn","Est. tempo de leitura":"2 minutos"},"schema":{"@context":"https:\/\/schema.org","@graph":[{"@type":"WebPage","@id":"https:\/\/verdadeon.com.br\/portal\/2025\/09\/16\/grupo-mulheres-do-brasil-causa-saude-promove-encontro-comemorativo-do-dia-do-surdo\/","url":"https:\/\/verdadeon.com.br\/portal\/2025\/09\/16\/grupo-mulheres-do-brasil-causa-saude-promove-encontro-comemorativo-do-dia-do-surdo\/","name":"Grupo Mulheres do Brasil: Causa Sa\u00fade promove Encontro Comemorativo do Dia do Surdo - VerdadeOn","isPartOf":{"@id":"https:\/\/verdadeon.com.br\/portal\/#website"},"primaryImageOfPage":{"@id":"https:\/\/verdadeon.com.br\/portal\/2025\/09\/16\/grupo-mulheres-do-brasil-causa-saude-promove-encontro-comemorativo-do-dia-do-surdo\/#primaryimage"},"image":{"@id":"https:\/\/verdadeon.com.br\/portal\/2025\/09\/16\/grupo-mulheres-do-brasil-causa-saude-promove-encontro-comemorativo-do-dia-do-surdo\/#primaryimage"},"thumbnailUrl":"https:\/\/i0.wp.com\/verdadeon.com.br\/portal\/wp-content\/uploads\/2025\/09\/4771886302_3385eba4aa_c.jpg?fit=800%2C530&ssl=1","datePublished":"2025-09-16T11:00:19+00:00","author":{"@id":"https:\/\/verdadeon.com.br\/portal\/#\/schema\/person\/a5060ad1e9ea3df545188fc93ce43d2f"},"breadcrumb":{"@id":"https:\/\/verdadeon.com.br\/portal\/2025\/09\/16\/grupo-mulheres-do-brasil-causa-saude-promove-encontro-comemorativo-do-dia-do-surdo\/#breadcrumb"},"inLanguage":"pt-BR","potentialAction":[{"@type":"ReadAction","target":["https:\/\/verdadeon.com.br\/portal\/2025\/09\/16\/grupo-mulheres-do-brasil-causa-saude-promove-encontro-comemorativo-do-dia-do-surdo\/"]}]},{"@type":"ImageObject","inLanguage":"pt-BR","@id":"https:\/\/verdadeon.com.br\/portal\/2025\/09\/16\/grupo-mulheres-do-brasil-causa-saude-promove-encontro-comemorativo-do-dia-do-surdo\/#primaryimage","url":"https:\/\/i0.wp.com\/verdadeon.com.br\/portal\/wp-content\/uploads\/2025\/09\/4771886302_3385eba4aa_c.jpg?fit=800%2C530&ssl=1","contentUrl":"https:\/\/i0.wp.com\/verdadeon.com.br\/portal\/wp-content\/uploads\/2025\/09\/4771886302_3385eba4aa_c.jpg?fit=800%2C530&ssl=1","width":800,"height":530,"caption":"Anfiteatro do J\u00fari, na Unifran (\u00a9Divulga\u00e7\u00e3o)"},{"@type":"BreadcrumbList","@id":"https:\/\/verdadeon.com.br\/portal\/2025\/09\/16\/grupo-mulheres-do-brasil-causa-saude-promove-encontro-comemorativo-do-dia-do-surdo\/#breadcrumb","itemListElement":[{"@type":"ListItem","position":1,"name":"In\u00edcio","item":"https:\/\/verdadeon.com.br\/portal\/"},{"@type":"ListItem","position":2,"name":"Grupo Mulheres do Brasil: Causa Sa\u00fade promove Encontro Comemorativo do Dia do Surdo"}]},{"@type":"WebSite","@id":"https:\/\/verdadeon.com.br\/portal\/#website","url":"https:\/\/verdadeon.com.br\/portal\/","name":"VerdadeOn","description":"Not\u00edcias di\u00e1rias sobre Franca, Regi\u00e3o, Esporte, Cultura, Cotidiano, Colunas. Cobertura nos principais eventos da cidade \u00e9 aqui - Verdadeon Franca","potentialAction":[{"@type":"SearchAction","target":{"@type":"EntryPoint","urlTemplate":"https:\/\/verdadeon.com.br\/portal\/?s={search_term_string}"},"query-input":{"@type":"PropertyValueSpecification","valueRequired":true,"valueName":"search_term_string"}}],"inLanguage":"pt-BR"},{"@type":"Person","@id":"https:\/\/verdadeon.com.br\/portal\/#\/schema\/person\/a5060ad1e9ea3df545188fc93ce43d2f","name":"Redacao VerdadeOn","image":{"@type":"ImageObject","inLanguage":"pt-BR","@id":"https:\/\/verdadeon.com.br\/portal\/#\/schema\/person\/image\/","url":"https:\/\/secure.gravatar.com\/avatar\/459a9613caaaf07f582c3d0841eea68bdd66f533e465e6ba8b9cb45619572cf4?s=96&d=mm&r=g","contentUrl":"https:\/\/secure.gravatar.com\/avatar\/459a9613caaaf07f582c3d0841eea68bdd66f533e465e6ba8b9cb45619572cf4?s=96&d=mm&r=g","caption":"Redacao VerdadeOn"},"url":"https:\/\/verdadeon.com.br\/portal\/author\/redacao\/"}]}},"jetpack_publicize_connections":[],"jetpack_featured_media_url":"https:\/\/i0.wp.com\/verdadeon.com.br\/portal\/wp-content\/uploads\/2025\/09\/4771886302_3385eba4aa_c.jpg?fit=800%2C530&ssl=1","jetpack_sharing_enabled":true,"_links":{"self":[{"href":"https:\/\/verdadeon.com.br\/portal\/wp-json\/wp\/v2\/posts\/59961","targetHints":{"allow":["GET"]}}],"collection":[{"href":"https:\/\/verdadeon.com.br\/portal\/wp-json\/wp\/v2\/posts"}],"about":[{"href":"https:\/\/verdadeon.com.br\/portal\/wp-json\/wp\/v2\/types\/post"}],"author":[{"embeddable":true,"href":"https:\/\/verdadeon.com.br\/portal\/wp-json\/wp\/v2\/users\/10"}],"replies":[{"embeddable":true,"href":"https:\/\/verdadeon.com.br\/portal\/wp-json\/wp\/v2\/comments?post=59961"}],"version-history":[{"count":2,"href":"https:\/\/verdadeon.com.br\/portal\/wp-json\/wp\/v2\/posts\/59961\/revisions"}],"predecessor-version":[{"id":59967,"href":"https:\/\/verdadeon.com.br\/portal\/wp-json\/wp\/v2\/posts\/59961\/revisions\/59967"}],"wp:featuredmedia":[{"embeddable":true,"href":"https:\/\/verdadeon.com.br\/portal\/wp-json\/wp\/v2\/media\/59962"}],"wp:attachment":[{"href":"https:\/\/verdadeon.com.br\/portal\/wp-json\/wp\/v2\/media?parent=59961"}],"wp:term":[{"taxonomy":"category","embeddable":true,"href":"https:\/\/verdadeon.com.br\/portal\/wp-json\/wp\/v2\/categories?post=59961"},{"taxonomy":"post_tag","embeddable":true,"href":"https:\/\/verdadeon.com.br\/portal\/wp-json\/wp\/v2\/tags?post=59961"}],"curies":[{"name":"wp","href":"https:\/\/api.w.org\/{rel}","templated":true}]}}