{"id":59937,"date":"2025-09-16T08:00:09","date_gmt":"2025-09-16T11:00:09","guid":{"rendered":"https:\/\/verdadeon.com.br\/portal\/?p=59937"},"modified":"2025-09-15T17:02:55","modified_gmt":"2025-09-15T20:02:55","slug":"sesc-franca-semana-move-chega-a-13a-edicao-sob-o-tema-geracao-movimento","status":"publish","type":"post","link":"https:\/\/verdadeon.com.br\/portal\/2025\/09\/16\/sesc-franca-semana-move-chega-a-13a-edicao-sob-o-tema-geracao-movimento\/","title":{"rendered":"Sesc Franca: Semana Move chega \u00e0 13\u00aa edi\u00e7\u00e3o, sob o tema Gera\u00e7\u00e3o Movimento"},"content":{"rendered":"<h2>Coordenada pelo\u00a0Sesc S\u00e3o Paulo\u00a0no continente americano, campanha global de promo\u00e7\u00e3o da pr\u00e1tica de atividade f\u00edsica e esportes para todos os p\u00fablicos ocorrer\u00e1 entre os dias\u00a022 e 28 de setembro, com um olhar especial voltado para os jovens<\/h2>\n<p>Um dos principais movimentos globais de promo\u00e7\u00e3o \u00e0 sa\u00fade, a\u00a0<strong>Semana\u00a0<span class=\"il\">Move<\/span><\/strong>\u00a0chega em 2025 \u00e0 sua\u00a0<strong>13\u00aa edi\u00e7\u00e3o<\/strong>. Entre os dias\u00a0<strong>22 e 28 de setembro\u00a0<\/strong>a campanha oferecer\u00e1 ao p\u00fablico de todas as faixas et\u00e1rias, nas\u00a0<strong>43 unidades do Sesc\u00a0<\/strong>no estado de S\u00e3o Paulo e em institui\u00e7\u00f5es parceiras, centenas de atividades\u00a0<strong>gratuitas<\/strong>, com o objetivo de incentivar o movimento, o bem-estar e a ado\u00e7\u00e3o de h\u00e1bitos saud\u00e1veis atrav\u00e9s da pr\u00e1tica esportiva.<\/p>\n<p>O evento \u00e9 uma iniciativa da\u00a0<strong>ISCA (International Sport and Culture Association)<\/strong>, com coordena\u00e7\u00e3o do Sesc SP no continente americano e apoio institucional da\u00a0<strong>Organiza\u00e7\u00e3o das Na\u00e7\u00f5es Unidas para a Educa\u00e7\u00e3o, a Ci\u00eancia e a Cultura (UNESCO)<\/strong>. A Semana\u00a0<span class=\"il\">Move<\/span>\u00a0conta ainda com o engajamento de uma rede de pa\u00edses, cidades, institui\u00e7\u00f5es, escolas, clubes e pessoas.<\/p>\n<p><strong>Inatividade e Sedentarismo &#8211;\u00a0<\/strong>A inatividade e o sedentarismo entre os brasileiros atingiram, nos \u00faltimos anos, n\u00edveis preocupantes. Segundo os dados mais recentes publicados pelo\u00a0<strong>IBGE (Instituto Brasileiro de Geografia e Estat\u00edstica)<\/strong>, nada menos do que\u00a0<strong>47% dos adultos<\/strong>\u00a0s\u00e3o sedent\u00e1rios, enquanto este \u00edndice chega a\u00a0<strong>84%\u00a0<\/strong>entre os jovens<strong>.<\/strong><\/p>\n<p>A campanha \u00e9 plural e acess\u00edvel para todas as idades, mas para chamar a aten\u00e7\u00e3o ao alto \u00edndice de inatividade nesta parcela da popula\u00e7\u00e3o, a campanha traz como tema, nesta edi\u00e7\u00e3o,\u00a0<strong>\u201cGera\u00e7\u00e3o Movimento\u201d<\/strong>, refor\u00e7ando o convite sobretudo para as gera\u00e7\u00f5es Z e Alpha. A ideia \u00e9 engajar especialmente os jovens e motiv\u00e1-los a redescobrir o prazer de se mover de forma inclusiva e acess\u00edvel. Desta maneira, a campanha busca reconectar as novas gera\u00e7\u00f5es \u00e0 pr\u00e1tica de atividades f\u00edsicas, destacando a import\u00e2ncia do movimento f\u00edsico em tempos de estilo de vida atrelado ao uso excessivo da tecnologia.<\/p>\n<p>Para\u00a0<strong>Luiz Deoclecio Massaro Galina<\/strong>, Diretor do Sesc S\u00e3o Paulo, \u201ca Semana\u00a0<span class=\"il\">Move<\/span>\u00a0se consolida a cada edi\u00e7\u00e3o ao ampliar sua rede de parcerias, criando oportunidades para que mais pessoas tenham acesso \u00e0s atividades f\u00edsico-esportivas de forma continuada. Ao envolver institui\u00e7\u00f5es p\u00fablicas, privadas e a sociedade civil em uma mobiliza\u00e7\u00e3o coletiva, reafirmamos o compromisso do Sesc com a promo\u00e7\u00e3o de um estilo de vida ativo e respons\u00e1vel. \u2018Gera\u00e7\u00e3o Movimento\u2019 simboliza essa interconex\u00e3o entre saberes do passado, do presente e para o futuro, incentivando a ado\u00e7\u00e3o de h\u00e1bitos saud\u00e1veis que extrapolam os limites do evento e, idealmente, s\u00e3o incorporados ao cotidiano das pessoas\u201d.<\/p>\n<p>J\u00e1\u00a0<strong>Carol Seixas<\/strong>, Gerente de Desenvolvimento F\u00edsico-esportivo do Sesc S\u00e3o Paulo, destaca que \u201ca Semana\u00a0<span class=\"il\">Move<\/span>\u00a0representa um convite aberto para que pessoas de todas as idades e contextos sociais descubram ou redescubram o prazer de se movimentar. Com uma rede de parceiros engajados em toda a Am\u00e9rica Latina, buscamos incentivar as diversas pr\u00e1ticas esportivas, bem como refor\u00e7ar a import\u00e2ncia da atividade f\u00edsica para a sa\u00fade mental, o bem-estar social e a qualidade de vida. O slogan \u2018Gera\u00e7\u00e3o Movimento\u2019 reflete esse compromisso de conectar as novas gera\u00e7\u00f5es ao esporte e \u00e0 atividade f\u00edsica, promovendo experi\u00eancias acess\u00edveis, inclusivas e transformadoras.\u201d<\/p>\n<p>No\u00a0<strong>Sesc Franca<\/strong>, as atividades\u00a0<strong>iniciam no dia 20\/9<\/strong>, com destaque para a aula espet\u00e1culo de\u00a0<strong>Gustavo Bala Loka<\/strong>, atleta que conquistou o t\u00edtulo de\u00a0<strong>tricampe\u00e3o brasileiro de BMX Freestyle<\/strong>, al\u00e9m de alcan\u00e7ar o\u00a0<strong>6\u00ba lugar nas Olimp\u00edadas Paris 2024.<\/strong><\/p>\n<p>&nbsp;<\/p>\n<p><strong>\u2022 VIV\u00caNCIA |\u00a0<u>NADO ART\u00cdSTICO<\/u><\/strong><u>\u202f<\/u><\/p>\n<p>Com Inspara<br \/>\nModalidade que combina elementos da nata\u00e7\u00e3o, gin\u00e1stica e dan\u00e7a. Prop\u00f5e rotinas coreografadas na \u00e1gua, individuais ou em grupo, sincronizadas com m\u00fasica.<\/p>\n<p>&nbsp;<\/p>\n<p><strong>Data:\u00a0<\/strong>20 e 21 de setembro. S\u00e1bado, 14h \u00e0s 15h30. Domingo, 11h \u00e0s 12h30.<\/p>\n<p><strong>Indica\u00e7\u00e3o et\u00e1ria:<\/strong>\u00a0A partir de 3 anos<br \/>\n<strong>Local:<\/strong>\u00a0Piscina Semiol\u00edmpica do Sesc Franca<br \/>\n<strong>Gr\u00e1tis\u00a0<\/strong>| Necess\u00e1rio Credencial e exame dermatol\u00f3gico v\u00e1lidos.<\/p>\n<p>______________________________<wbr \/>______________________________<wbr \/>__________________<\/p>\n<p>&nbsp;<\/p>\n<p><strong>\u2022 AULA ABERTA |\u00a0<u>LEVANTAMENTO DE PESO OL\u00cdMPICO (LPO)<\/u><\/strong><u>\u202f<\/u><\/p>\n<p>Com Renan Murta<br \/>\nAtividade que explora os padr\u00f5es de movimento e apresenta fundamentos do Levantamento de Peso Ol\u00edmpico (LPO) para diferentes p\u00fablicos.<\/p>\n<p>&nbsp;<\/p>\n<p><strong>Data:\u00a0<\/strong>21 de setembro. Domingo, 10h30 \u00e0s 12h30.<\/p>\n<p><strong>Indica\u00e7\u00e3o et\u00e1ria:<\/strong>\u00a0A partir de 12 anos<br \/>\n<strong>Local:<\/strong>\u00a0GMF do Sesc Franca<br \/>\n<strong>Gr\u00e1tis\u00a0<\/strong>| Senhas 30 min. antes na GMF<\/p>\n<p>______________________________<wbr \/>______________________________<wbr \/>__________________<\/p>\n<p>&nbsp;<\/p>\n<p><strong>\u2022 VIV\u00caNCIA |\u00a0<u>BMX<\/u><\/strong><u>\u202f<\/u><\/p>\n<p>Com equipe de monitoria<br \/>\nModalidade do ciclismo que envolve velocidade, manobras e saltos em rampas, o BMX estimula o condicionamento f\u00edsico, a criatividade e o esp\u00edrito de aventura.<\/p>\n<p>&nbsp;<\/p>\n<p><strong>Data:\u00a0<\/strong>23 a 28 de setembro. Ter\u00e7a a sexta, 14h \u00e0s 21h. S\u00e1bado e domingo, 10h30 \u00e0s 18h30.<\/p>\n<p><strong>Indica\u00e7\u00e3o et\u00e1ria:<\/strong>\u00a0A partir de 10 anos<br \/>\n<strong>Local:<\/strong>\u00a0Terra\u00e7o do Sesc Franca<br \/>\n<strong>Gr\u00e1tis\u00a0<\/strong>| O Sesc disponibilizar\u00e1 bicicletas e equipamento de prote\u00e7\u00e3o<\/p>\n<p>______________________________<wbr \/>______________________________<wbr \/>__________________<\/p>\n<p>&nbsp;<\/p>\n<p><strong>\u2022 VIV\u00caNCIA |\u00a0<u>MARATONA CICLO SESC<\/u><\/strong><u>\u202f<\/u><\/p>\n<p>Com educadores em atividades f\u00edsico-esportivas do Sesc<br \/>\nEm bicicletas estacion\u00e1rias, os participantes percorrem diferentes fases de est\u00edmulo, em uma experi\u00eancia coletiva e motivadora.<\/p>\n<p>&nbsp;<\/p>\n<p><strong>Data:\u00a0<\/strong>23 e 25 de setembro. Ter\u00e7a e quinta, 17h \u00e0s 19h. (aulas de 30 min.)<\/p>\n<p><strong>Indica\u00e7\u00e3o et\u00e1ria:<\/strong>\u00a0A partir de 12 anos<br \/>\n<strong>Local:<\/strong>\u00a0GMF do Sesc Franca<br \/>\n<strong>Gr\u00e1tis\u00a0<\/strong>| Senhas 30 min. antes na GMF<br \/>\n______________________________<wbr \/>______________________________<wbr \/>__________________<\/p>\n<p>&nbsp;<\/p>\n<p><strong>\u2022 AULA ABERTA |\u00a0<u>BEACH T\u00caNIS PARA INICIANTES<\/u><\/strong><u>\u202f<\/u><\/p>\n<p>Com Adriano Camargo, atleta e professor<br \/>\nFundamentos b\u00e1sicos do beach t\u00eanis abordando conceitos de postura, empunhadura, t\u00e9cnicas de saque, recep\u00e7\u00e3o, voleio e dicas para movimenta\u00e7\u00e3o na areia.<\/p>\n<p>&nbsp;<\/p>\n<p><strong>Data:\u00a0<\/strong>24 e 26 de setembro. Quarta e sexta, 18h30 \u00e0s 20h.<\/p>\n<p><strong>Indica\u00e7\u00e3o et\u00e1ria:<\/strong>\u00a013 a 16 anos<br \/>\n<strong>Local:<\/strong>\u00a0Quadra de Areia do Sesc Franca<br \/>\n<strong>Gr\u00e1tis\u00a0<\/strong><br \/>\n______________________________<wbr \/>______________________________<wbr \/>__________________<\/p>\n<p>&nbsp;<\/p>\n<p><strong>\u2022 AULA ABERTA |\u00a0<u>BEACH T\u00caNIS PARA PRATICANTES<\/u><\/strong><u>\u202f<\/u><\/p>\n<p>Com Adriano Camargo, atleta e professor<br \/>\nAprimoramento t\u00e9cnico e t\u00e1tico no beach t\u00eanis, com foco em fundamentos como saque, voleio, smash e movimenta\u00e7\u00e3o na areia. Prop\u00f5e exerc\u00edcios e jogos para o desenvolvimento da coordena\u00e7\u00e3o motora, resist\u00eancia e trabalho em equipe.<\/p>\n<p>&nbsp;<\/p>\n<p><strong>Data:\u00a0<\/strong>24 e 26 de setembro. Quarta e sexta, 20h \u00e0s 21h30.<\/p>\n<p><strong>Indica\u00e7\u00e3o et\u00e1ria:<\/strong>\u00a0A partir de 16 anos<br \/>\n<strong>Local:<\/strong>\u00a0Quadra de Areia do Sesc Franca<br \/>\n<strong>Gr\u00e1tis<\/strong><\/p>\n<p>______________________________<wbr \/>______________________________<wbr \/>__________________<\/p>\n<p>&nbsp;<\/p>\n<p><strong>\u2022 VIV\u00caNCIA |\u00a0<u>RAFTING<\/u><\/strong><u>\u202f<\/u><\/p>\n<p>Com equipe de monitoria<br \/>\nAtividade de aventura para iniciantes, com no\u00e7\u00f5es de remada, navega\u00e7\u00e3o e seguran\u00e7a. Estimula o trabalho em equipe e o contato com o esporte.<\/p>\n<p>&nbsp;<\/p>\n<p><strong>Data:\u00a0<\/strong>25 a 28 de setembro. Quinta e sexta, 9h \u00e0s 11h e 15h \u00e0s 21h. S\u00e1bado e domingo, 14h \u00e0s 18h.<\/p>\n<p><strong>Indica\u00e7\u00e3o et\u00e1ria:<\/strong>\u00a0A partir de 10 anos<br \/>\n<strong>Local:<\/strong>\u00a0Piscina Adulto do Sesc Franca<br \/>\n<strong>Gr\u00e1tis\u00a0<\/strong>| Necess\u00e1rio Credencial e exame dermatol\u00f3gico v\u00e1lidos.<\/p>\n<p>______________________________<wbr \/>______________________________<wbr \/>__________________<\/p>\n<p>&nbsp;<\/p>\n<p><strong>\u2022 SHOW |\u00a0<u>MARI MARTINS<\/u><\/strong><u>\u202f<\/u><\/p>\n<p>Discotecagem<br \/>\nDJ que mistura eletr\u00f4nico, brasilidades e ritmos urbanos em sets que dialogam com esportes como BMX.<\/p>\n<p>&nbsp;<\/p>\n<p><strong>Data:\u00a0<\/strong>27 e 28 de setembro. S\u00e1bado e domingo, 10h30 \u00e0s 18h30.<br \/>\n<strong>Indica\u00e7\u00e3o et\u00e1ria:<\/strong>\u00a0Livre<br \/>\n<strong>Local:<\/strong>\u00a0Terra\u00e7o do Sesc Franca<br \/>\n<strong>Gr\u00e1tis<\/strong><\/p>\n<p>______________________________<wbr \/>______________________________<wbr \/>__________________<\/p>\n<p>&nbsp;<\/p>\n<p><strong>\u2022 AULA ABERTA |\u00a0<u>CORPO ANF\u00cdBIO<\/u><\/strong><u>\u202f<\/u><\/p>\n<p>Com Amanda Silva Farias, educadora em atividades f\u00edsico-esportivas do Sesc<br \/>\nAula integrada de condicionamento f\u00edsico que combina exerc\u00edcios aqu\u00e1ticos e terrestres, inspirados na prepara\u00e7\u00e3o do polo aqu\u00e1tico.<\/p>\n<p>&nbsp;<\/p>\n<p><strong>Data:\u00a0<\/strong>27 e 28 de setembro. S\u00e1bado e domingo, 11h \u00e0s 12h.<br \/>\n<strong>Indica\u00e7\u00e3o et\u00e1ria:<\/strong>\u00a0A partir de 12 anos<br \/>\n<strong>Local:<\/strong>\u00a0Piscina Adulto do Sesc Franca<br \/>\n<strong>Gr\u00e1tis\u00a0<\/strong>| Necess\u00e1rio Credencial e exame dermatol\u00f3gico v\u00e1lidos.<\/p>\n<p>______________________________<wbr \/>______________________________<wbr \/>__________________<\/p>\n<p>&nbsp;<\/p>\n<p><strong>\u2022 AULA ABERTA |\u00a0<u>YOGA, CANTOS E MANTRAS<\/u><\/strong><u>\u202f<\/u><\/p>\n<p>Com Fernanda Vasconcellos<br \/>\nPr\u00e1tica integrativa que promove a sa\u00fade, vitalidade e equil\u00edbrio. A atividade conduz ao autoconhecimento e \u00e0 amplia\u00e7\u00e3o da consci\u00eancia, estimulando um estado de presen\u00e7a e harmonia por meio da respira\u00e7\u00e3o, do corpo e do som.<\/p>\n<p>&nbsp;<\/p>\n<p><strong>Data:\u00a0<\/strong>28 de setembro. Domingo, 10h30 \u00e0s 12h30.<br \/>\n<strong>Indica\u00e7\u00e3o et\u00e1ria:<\/strong>\u00a0A partir de 12 anos<br \/>\n<strong>Local:<\/strong>\u00a0Conviv\u00eancia do Sesc Franca<br \/>\n<strong>Gr\u00e1tis\u00a0<\/strong><\/p>\n<p>______________________________<wbr \/>______________________________<wbr \/>__________________<\/p>\n<p>&nbsp;<\/p>\n<p><strong>\u2022 AULA ESPET\u00c1CULO |\u00a0<u>GUSTAVO BALA LOKA<\/u><\/strong><u>\u202f<\/u><\/p>\n<p>Atleta Ol\u00edmpico de BMX<br \/>\nO atleta, tricampe\u00e3o brasileiro e 6\u00ba nas Olimp\u00edadas, \u00e9 refer\u00eancia no BMX Freestyle. Conhecido pelo estilo agressivo e t\u00e9cnico, representa o Brasil nas principais competi\u00e7\u00f5es internacionais e inspira jovens a fortalecer o esporte no pa\u00eds.<\/p>\n<p><strong>Data:<\/strong>\u00a028 de setembro. Domingo, 16h \u00e0s 18h.<br \/>\n<strong>Indica\u00e7\u00e3o et\u00e1ria:<\/strong>\u00a0A partir de 6 anos<br \/>\n<strong>Local:<\/strong>\u00a0Terra\u00e7o do Sesc Franca<br \/>\n<strong>Gr\u00e1tis<\/strong><\/p>\n<p><strong>SEMANA\u00a0<span class=\"il\">MOVE<\/span>\u00a02025<\/strong><\/p>\n<p><strong>De 22 a 28 de setembro de 2025<\/strong><\/p>\n<p><strong>Mais informa\u00e7\u00f5es:<\/strong>\u00a0<a href=\"https:\/\/www.semanamove.com\/\" target=\"_blank\" rel=\"noopener\" data-saferedirecturl=\"https:\/\/www.google.com\/url?q=https:\/\/www.semanamove.com\/&amp;source=gmail&amp;ust=1758040624289000&amp;usg=AOvVaw0FiKNqZknU5Q_vKG120OzP\"><strong><u>www.semanamove.com<\/u><\/strong><\/a><\/p>\n","protected":false},"excerpt":{"rendered":"<p>Coordenada pelo\u00a0Sesc S\u00e3o Paulo\u00a0no continente americano, campanha global de promo\u00e7\u00e3o da pr\u00e1tica de atividade f\u00edsica e esportes para todos os p\u00fablicos ocorrer\u00e1 entre os dias\u00a022 e<span class=\"excerpt-hellip\"> [\u2026]<\/span><\/p>\n","protected":false},"author":10,"featured_media":59938,"comment_status":"open","ping_status":"open","sticky":false,"template":"","format":"standard","meta":{"_jetpack_memberships_contains_paid_content":false,"footnotes":"","jetpack_publicize_message":"","jetpack_publicize_feature_enabled":true,"jetpack_social_post_already_shared":true,"jetpack_social_options":{"image_generator_settings":{"template":"highway","default_image_id":0,"enabled":false},"version":2}},"categories":[28,44],"tags":[],"class_list":["post-59937","post","type-post","status-publish","format-standard","has-post-thumbnail","hentry","category-cotidiano","category-noticias"],"yoast_head":"<!-- This site is optimized with the Yoast SEO plugin v25.6 - https:\/\/yoast.com\/wordpress\/plugins\/seo\/ -->\n<title>Sesc Franca: Semana Move chega \u00e0 13\u00aa edi\u00e7\u00e3o, sob o tema Gera\u00e7\u00e3o Movimento - VerdadeOn<\/title>\n<meta name=\"robots\" content=\"index, follow, max-snippet:-1, max-image-preview:large, max-video-preview:-1\" \/>\n<link rel=\"canonical\" href=\"https:\/\/verdadeon.com.br\/portal\/2025\/09\/16\/sesc-franca-semana-move-chega-a-13a-edicao-sob-o-tema-geracao-movimento\/\" \/>\n<meta property=\"og:locale\" content=\"pt_BR\" \/>\n<meta property=\"og:type\" content=\"article\" \/>\n<meta property=\"og:title\" content=\"Sesc Franca: Semana Move chega \u00e0 13\u00aa edi\u00e7\u00e3o, sob o tema Gera\u00e7\u00e3o Movimento - VerdadeOn\" \/>\n<meta property=\"og:description\" content=\"Coordenada pelo\u00a0Sesc S\u00e3o Paulo\u00a0no continente americano, campanha global de promo\u00e7\u00e3o da pr\u00e1tica de atividade f\u00edsica e esportes para todos os p\u00fablicos ocorrer\u00e1 entre os dias\u00a022 e [\u2026]\" \/>\n<meta property=\"og:url\" content=\"https:\/\/verdadeon.com.br\/portal\/2025\/09\/16\/sesc-franca-semana-move-chega-a-13a-edicao-sob-o-tema-geracao-movimento\/\" \/>\n<meta property=\"og:site_name\" content=\"VerdadeOn\" \/>\n<meta property=\"article:published_time\" content=\"2025-09-16T11:00:09+00:00\" \/>\n<meta property=\"og:image\" content=\"https:\/\/i0.wp.com\/verdadeon.com.br\/portal\/wp-content\/uploads\/2025\/09\/unnamed-6.png?fit=886%2C588&ssl=1\" \/>\n\t<meta property=\"og:image:width\" content=\"886\" \/>\n\t<meta property=\"og:image:height\" content=\"588\" \/>\n\t<meta property=\"og:image:type\" content=\"image\/png\" \/>\n<meta name=\"author\" content=\"Redacao VerdadeOn\" \/>\n<meta name=\"twitter:card\" content=\"summary_large_image\" \/>\n<meta name=\"twitter:label1\" content=\"Escrito por\" \/>\n\t<meta name=\"twitter:data1\" content=\"Redacao VerdadeOn\" \/>\n\t<meta name=\"twitter:label2\" content=\"Est. tempo de leitura\" \/>\n\t<meta name=\"twitter:data2\" content=\"8 minutos\" \/>\n<script type=\"application\/ld+json\" class=\"yoast-schema-graph\">{\"@context\":\"https:\/\/schema.org\",\"@graph\":[{\"@type\":\"WebPage\",\"@id\":\"https:\/\/verdadeon.com.br\/portal\/2025\/09\/16\/sesc-franca-semana-move-chega-a-13a-edicao-sob-o-tema-geracao-movimento\/\",\"url\":\"https:\/\/verdadeon.com.br\/portal\/2025\/09\/16\/sesc-franca-semana-move-chega-a-13a-edicao-sob-o-tema-geracao-movimento\/\",\"name\":\"Sesc Franca: Semana Move chega \u00e0 13\u00aa edi\u00e7\u00e3o, sob o tema Gera\u00e7\u00e3o Movimento - VerdadeOn\",\"isPartOf\":{\"@id\":\"https:\/\/verdadeon.com.br\/portal\/#website\"},\"primaryImageOfPage\":{\"@id\":\"https:\/\/verdadeon.com.br\/portal\/2025\/09\/16\/sesc-franca-semana-move-chega-a-13a-edicao-sob-o-tema-geracao-movimento\/#primaryimage\"},\"image\":{\"@id\":\"https:\/\/verdadeon.com.br\/portal\/2025\/09\/16\/sesc-franca-semana-move-chega-a-13a-edicao-sob-o-tema-geracao-movimento\/#primaryimage\"},\"thumbnailUrl\":\"https:\/\/i0.wp.com\/verdadeon.com.br\/portal\/wp-content\/uploads\/2025\/09\/unnamed-6.png?fit=886%2C588&ssl=1\",\"datePublished\":\"2025-09-16T11:00:09+00:00\",\"author\":{\"@id\":\"https:\/\/verdadeon.com.br\/portal\/#\/schema\/person\/a5060ad1e9ea3df545188fc93ce43d2f\"},\"breadcrumb\":{\"@id\":\"https:\/\/verdadeon.com.br\/portal\/2025\/09\/16\/sesc-franca-semana-move-chega-a-13a-edicao-sob-o-tema-geracao-movimento\/#breadcrumb\"},\"inLanguage\":\"pt-BR\",\"potentialAction\":[{\"@type\":\"ReadAction\",\"target\":[\"https:\/\/verdadeon.com.br\/portal\/2025\/09\/16\/sesc-franca-semana-move-chega-a-13a-edicao-sob-o-tema-geracao-movimento\/\"]}]},{\"@type\":\"ImageObject\",\"inLanguage\":\"pt-BR\",\"@id\":\"https:\/\/verdadeon.com.br\/portal\/2025\/09\/16\/sesc-franca-semana-move-chega-a-13a-edicao-sob-o-tema-geracao-movimento\/#primaryimage\",\"url\":\"https:\/\/i0.wp.com\/verdadeon.com.br\/portal\/wp-content\/uploads\/2025\/09\/unnamed-6.png?fit=886%2C588&ssl=1\",\"contentUrl\":\"https:\/\/i0.wp.com\/verdadeon.com.br\/portal\/wp-content\/uploads\/2025\/09\/unnamed-6.png?fit=886%2C588&ssl=1\",\"width\":886,\"height\":588,\"caption\":\"Gustavo Bala Loka (\u00a9Divulga\u00e7\u00e3o)\"},{\"@type\":\"BreadcrumbList\",\"@id\":\"https:\/\/verdadeon.com.br\/portal\/2025\/09\/16\/sesc-franca-semana-move-chega-a-13a-edicao-sob-o-tema-geracao-movimento\/#breadcrumb\",\"itemListElement\":[{\"@type\":\"ListItem\",\"position\":1,\"name\":\"In\u00edcio\",\"item\":\"https:\/\/verdadeon.com.br\/portal\/\"},{\"@type\":\"ListItem\",\"position\":2,\"name\":\"Sesc Franca: Semana Move chega \u00e0 13\u00aa edi\u00e7\u00e3o, sob o tema Gera\u00e7\u00e3o Movimento\"}]},{\"@type\":\"WebSite\",\"@id\":\"https:\/\/verdadeon.com.br\/portal\/#website\",\"url\":\"https:\/\/verdadeon.com.br\/portal\/\",\"name\":\"VerdadeOn\",\"description\":\"Not\u00edcias di\u00e1rias sobre Franca, Regi\u00e3o, Esporte, Cultura, Cotidiano, Colunas. Cobertura nos principais eventos da cidade \u00e9 aqui - Verdadeon Franca\",\"potentialAction\":[{\"@type\":\"SearchAction\",\"target\":{\"@type\":\"EntryPoint\",\"urlTemplate\":\"https:\/\/verdadeon.com.br\/portal\/?s={search_term_string}\"},\"query-input\":{\"@type\":\"PropertyValueSpecification\",\"valueRequired\":true,\"valueName\":\"search_term_string\"}}],\"inLanguage\":\"pt-BR\"},{\"@type\":\"Person\",\"@id\":\"https:\/\/verdadeon.com.br\/portal\/#\/schema\/person\/a5060ad1e9ea3df545188fc93ce43d2f\",\"name\":\"Redacao VerdadeOn\",\"image\":{\"@type\":\"ImageObject\",\"inLanguage\":\"pt-BR\",\"@id\":\"https:\/\/verdadeon.com.br\/portal\/#\/schema\/person\/image\/\",\"url\":\"https:\/\/secure.gravatar.com\/avatar\/459a9613caaaf07f582c3d0841eea68bdd66f533e465e6ba8b9cb45619572cf4?s=96&d=mm&r=g\",\"contentUrl\":\"https:\/\/secure.gravatar.com\/avatar\/459a9613caaaf07f582c3d0841eea68bdd66f533e465e6ba8b9cb45619572cf4?s=96&d=mm&r=g\",\"caption\":\"Redacao VerdadeOn\"},\"url\":\"https:\/\/verdadeon.com.br\/portal\/author\/redacao\/\"}]}<\/script>\n<!-- \/ Yoast SEO plugin. -->","yoast_head_json":{"title":"Sesc Franca: Semana Move chega \u00e0 13\u00aa edi\u00e7\u00e3o, sob o tema Gera\u00e7\u00e3o Movimento - VerdadeOn","robots":{"index":"index","follow":"follow","max-snippet":"max-snippet:-1","max-image-preview":"max-image-preview:large","max-video-preview":"max-video-preview:-1"},"canonical":"https:\/\/verdadeon.com.br\/portal\/2025\/09\/16\/sesc-franca-semana-move-chega-a-13a-edicao-sob-o-tema-geracao-movimento\/","og_locale":"pt_BR","og_type":"article","og_title":"Sesc Franca: Semana Move chega \u00e0 13\u00aa edi\u00e7\u00e3o, sob o tema Gera\u00e7\u00e3o Movimento - VerdadeOn","og_description":"Coordenada pelo\u00a0Sesc S\u00e3o Paulo\u00a0no continente americano, campanha global de promo\u00e7\u00e3o da pr\u00e1tica de atividade f\u00edsica e esportes para todos os p\u00fablicos ocorrer\u00e1 entre os dias\u00a022 e [\u2026]","og_url":"https:\/\/verdadeon.com.br\/portal\/2025\/09\/16\/sesc-franca-semana-move-chega-a-13a-edicao-sob-o-tema-geracao-movimento\/","og_site_name":"VerdadeOn","article_published_time":"2025-09-16T11:00:09+00:00","og_image":[{"width":886,"height":588,"url":"https:\/\/i0.wp.com\/verdadeon.com.br\/portal\/wp-content\/uploads\/2025\/09\/unnamed-6.png?fit=886%2C588&ssl=1","type":"image\/png"}],"author":"Redacao VerdadeOn","twitter_card":"summary_large_image","twitter_misc":{"Escrito por":"Redacao VerdadeOn","Est. tempo de leitura":"8 minutos"},"schema":{"@context":"https:\/\/schema.org","@graph":[{"@type":"WebPage","@id":"https:\/\/verdadeon.com.br\/portal\/2025\/09\/16\/sesc-franca-semana-move-chega-a-13a-edicao-sob-o-tema-geracao-movimento\/","url":"https:\/\/verdadeon.com.br\/portal\/2025\/09\/16\/sesc-franca-semana-move-chega-a-13a-edicao-sob-o-tema-geracao-movimento\/","name":"Sesc Franca: Semana Move chega \u00e0 13\u00aa edi\u00e7\u00e3o, sob o tema Gera\u00e7\u00e3o Movimento - VerdadeOn","isPartOf":{"@id":"https:\/\/verdadeon.com.br\/portal\/#website"},"primaryImageOfPage":{"@id":"https:\/\/verdadeon.com.br\/portal\/2025\/09\/16\/sesc-franca-semana-move-chega-a-13a-edicao-sob-o-tema-geracao-movimento\/#primaryimage"},"image":{"@id":"https:\/\/verdadeon.com.br\/portal\/2025\/09\/16\/sesc-franca-semana-move-chega-a-13a-edicao-sob-o-tema-geracao-movimento\/#primaryimage"},"thumbnailUrl":"https:\/\/i0.wp.com\/verdadeon.com.br\/portal\/wp-content\/uploads\/2025\/09\/unnamed-6.png?fit=886%2C588&ssl=1","datePublished":"2025-09-16T11:00:09+00:00","author":{"@id":"https:\/\/verdadeon.com.br\/portal\/#\/schema\/person\/a5060ad1e9ea3df545188fc93ce43d2f"},"breadcrumb":{"@id":"https:\/\/verdadeon.com.br\/portal\/2025\/09\/16\/sesc-franca-semana-move-chega-a-13a-edicao-sob-o-tema-geracao-movimento\/#breadcrumb"},"inLanguage":"pt-BR","potentialAction":[{"@type":"ReadAction","target":["https:\/\/verdadeon.com.br\/portal\/2025\/09\/16\/sesc-franca-semana-move-chega-a-13a-edicao-sob-o-tema-geracao-movimento\/"]}]},{"@type":"ImageObject","inLanguage":"pt-BR","@id":"https:\/\/verdadeon.com.br\/portal\/2025\/09\/16\/sesc-franca-semana-move-chega-a-13a-edicao-sob-o-tema-geracao-movimento\/#primaryimage","url":"https:\/\/i0.wp.com\/verdadeon.com.br\/portal\/wp-content\/uploads\/2025\/09\/unnamed-6.png?fit=886%2C588&ssl=1","contentUrl":"https:\/\/i0.wp.com\/verdadeon.com.br\/portal\/wp-content\/uploads\/2025\/09\/unnamed-6.png?fit=886%2C588&ssl=1","width":886,"height":588,"caption":"Gustavo Bala Loka (\u00a9Divulga\u00e7\u00e3o)"},{"@type":"BreadcrumbList","@id":"https:\/\/verdadeon.com.br\/portal\/2025\/09\/16\/sesc-franca-semana-move-chega-a-13a-edicao-sob-o-tema-geracao-movimento\/#breadcrumb","itemListElement":[{"@type":"ListItem","position":1,"name":"In\u00edcio","item":"https:\/\/verdadeon.com.br\/portal\/"},{"@type":"ListItem","position":2,"name":"Sesc Franca: Semana Move chega \u00e0 13\u00aa edi\u00e7\u00e3o, sob o tema Gera\u00e7\u00e3o Movimento"}]},{"@type":"WebSite","@id":"https:\/\/verdadeon.com.br\/portal\/#website","url":"https:\/\/verdadeon.com.br\/portal\/","name":"VerdadeOn","description":"Not\u00edcias di\u00e1rias sobre Franca, Regi\u00e3o, Esporte, Cultura, Cotidiano, Colunas. Cobertura nos principais eventos da cidade \u00e9 aqui - Verdadeon Franca","potentialAction":[{"@type":"SearchAction","target":{"@type":"EntryPoint","urlTemplate":"https:\/\/verdadeon.com.br\/portal\/?s={search_term_string}"},"query-input":{"@type":"PropertyValueSpecification","valueRequired":true,"valueName":"search_term_string"}}],"inLanguage":"pt-BR"},{"@type":"Person","@id":"https:\/\/verdadeon.com.br\/portal\/#\/schema\/person\/a5060ad1e9ea3df545188fc93ce43d2f","name":"Redacao VerdadeOn","image":{"@type":"ImageObject","inLanguage":"pt-BR","@id":"https:\/\/verdadeon.com.br\/portal\/#\/schema\/person\/image\/","url":"https:\/\/secure.gravatar.com\/avatar\/459a9613caaaf07f582c3d0841eea68bdd66f533e465e6ba8b9cb45619572cf4?s=96&d=mm&r=g","contentUrl":"https:\/\/secure.gravatar.com\/avatar\/459a9613caaaf07f582c3d0841eea68bdd66f533e465e6ba8b9cb45619572cf4?s=96&d=mm&r=g","caption":"Redacao VerdadeOn"},"url":"https:\/\/verdadeon.com.br\/portal\/author\/redacao\/"}]}},"jetpack_publicize_connections":[],"jetpack_featured_media_url":"https:\/\/i0.wp.com\/verdadeon.com.br\/portal\/wp-content\/uploads\/2025\/09\/unnamed-6.png?fit=886%2C588&ssl=1","jetpack_sharing_enabled":true,"_links":{"self":[{"href":"https:\/\/verdadeon.com.br\/portal\/wp-json\/wp\/v2\/posts\/59937","targetHints":{"allow":["GET"]}}],"collection":[{"href":"https:\/\/verdadeon.com.br\/portal\/wp-json\/wp\/v2\/posts"}],"about":[{"href":"https:\/\/verdadeon.com.br\/portal\/wp-json\/wp\/v2\/types\/post"}],"author":[{"embeddable":true,"href":"https:\/\/verdadeon.com.br\/portal\/wp-json\/wp\/v2\/users\/10"}],"replies":[{"embeddable":true,"href":"https:\/\/verdadeon.com.br\/portal\/wp-json\/wp\/v2\/comments?post=59937"}],"version-history":[{"count":1,"href":"https:\/\/verdadeon.com.br\/portal\/wp-json\/wp\/v2\/posts\/59937\/revisions"}],"predecessor-version":[{"id":59939,"href":"https:\/\/verdadeon.com.br\/portal\/wp-json\/wp\/v2\/posts\/59937\/revisions\/59939"}],"wp:featuredmedia":[{"embeddable":true,"href":"https:\/\/verdadeon.com.br\/portal\/wp-json\/wp\/v2\/media\/59938"}],"wp:attachment":[{"href":"https:\/\/verdadeon.com.br\/portal\/wp-json\/wp\/v2\/media?parent=59937"}],"wp:term":[{"taxonomy":"category","embeddable":true,"href":"https:\/\/verdadeon.com.br\/portal\/wp-json\/wp\/v2\/categories?post=59937"},{"taxonomy":"post_tag","embeddable":true,"href":"https:\/\/verdadeon.com.br\/portal\/wp-json\/wp\/v2\/tags?post=59937"}],"curies":[{"name":"wp","href":"https:\/\/api.w.org\/{rel}","templated":true}]}}