{"id":59880,"date":"2025-09-12T14:54:45","date_gmt":"2025-09-12T17:54:45","guid":{"rendered":"https:\/\/verdadeon.com.br\/portal\/?p=59880"},"modified":"2025-09-12T14:54:45","modified_gmt":"2025-09-12T17:54:45","slug":"defesa-civil-alerta-para-massa-de-ar-seco-e-elevacao-das-temperaturas-no-interior-de-sao-paulo","status":"publish","type":"post","link":"https:\/\/verdadeon.com.br\/portal\/2025\/09\/12\/defesa-civil-alerta-para-massa-de-ar-seco-e-elevacao-das-temperaturas-no-interior-de-sao-paulo\/","title":{"rendered":"Defesa Civil alerta para massa de ar seco e eleva\u00e7\u00e3o das temperaturas no interior de S\u00e3o Paulo"},"content":{"rendered":"<div class=\"elementor-element elementor-element-4784657 elementor-widget__width-initial elementor-widget elementor-widget-theme-post-excerpt\" data-id=\"4784657\" data-element_type=\"widget\" data-widget_type=\"theme-post-excerpt.default\">\n<h2 class=\"elementor-widget-container\">Tempo seco predomina no interior paulista, enquanto a passagem de frente fria traz nebulosidade, chuviscos e temperaturas mais baixas para o litoral e a faixa leste do estado<\/h2>\n<p>A Defesa Civil do Estado informa que entre sexta-feira (12) e domingo (14), o interior paulista seguir\u00e1 sob a influ\u00eancia de uma massa de ar seco, que mant\u00e9m as temperaturas elevadas e a umidade relativa do ar em n\u00edveis cr\u00edticos. J\u00e1 na faixa sul, leste e no litoral do estado, a circula\u00e7\u00e3o mar\u00edtima e a passagem de uma frente fria no oceano favorecem o aumento da nebulosidade e a redu\u00e7\u00e3o das temperaturas. Nessas regi\u00f5es, as manh\u00e3s ser\u00e3o geladas e as tardes ter\u00e3o temperaturas amenas, com possibilidade de chuviscos isolados, principalmente na madrugada e no in\u00edcio da manh\u00e3.<\/p>\n<p>Na regi\u00e3o metropolitana de S\u00e3o Paulo, a previs\u00e3o indica m\u00ednimas de 13\u00b0C e m\u00e1ximas de 25\u00b0C, com ocorr\u00eancia de chuviscos. Na Baixada Santista, o tempo permanece inst\u00e1vel, com pancadas de chuva, m\u00ednimas de 17\u00b0C e m\u00e1ximas de 23\u00b0C. O litoral norte e o Vale do Ribeira tamb\u00e9m podem registrar pancadas de chuva, com temperaturas variando entre 16\u00b0C e 24\u00b0C.<\/p>\n<p>Na Serra da Mantiqueira, o tempo permanece seco, com m\u00ednimas de 10\u00b0C e m\u00e1ximas de 21\u00b0C. O Vale do Para\u00edba ter\u00e1 m\u00ednimas de 11\u00b0C e m\u00e1ximas de 27\u00b0C. Em Campinas e Sorocaba, a previs\u00e3o \u00e9 de tempo firme, com varia\u00e7\u00e3o entre 13\u00b0C e 29\u00b0C.<\/p>\n<p>No oeste e norte do estado, as temperaturas seguem ainda mais elevadas. Em Presidente Prudente e Mar\u00edlia, as m\u00e1ximas chegam a 33\u00b0C; em Bauru e Araraquara, a 31\u00b0C; em Ara\u00e7atuba e S\u00e3o Jos\u00e9 do Rio Preto, a 34\u00b0C; e nas regi\u00f5es de Franca, Barretos e Ribeir\u00e3o Preto, os term\u00f4metros podem atingir 35\u00b0C.<\/p>\n<p>A Defesa Civil do Estado ressalta que, apesar do calor no interior, n\u00e3o h\u00e1 cen\u00e1rio de onda de calor previsto para o per\u00edodo, por\u00e9m, alerta para o risco de queimadas. Por isso, orientamos a popula\u00e7\u00e3o para que n\u00e3o fa\u00e7am queimadas e denuncie tal pr\u00e1tica ligando para a Pol\u00edcia Militar pelo n\u00famero 190.<\/p>\n<\/div>\n<div class=\"elementor-element elementor-element-2133f16 compartilhe e-con-full e-flex e-con e-child\" data-id=\"2133f16\" data-element_type=\"container\" data-settings=\"{&quot;_ha_eqh_enable&quot;:false}\">\n<div class=\"elementor-element elementor-element-a8be681 e-con-full e-flex e-con e-child\" data-id=\"a8be681\" data-element_type=\"container\" data-settings=\"{&quot;_ha_eqh_enable&quot;:false}\">\n<div class=\"elementor-element elementor-element-4b063fb elementor-widget elementor-widget-image\" data-id=\"4b063fb\" data-element_type=\"widget\" data-widget_type=\"image.default\">Fonte: Ag\u00eancia SP<\/div>\n<\/div>\n<\/div>\n","protected":false},"excerpt":{"rendered":"<p>Tempo seco predomina no interior paulista, enquanto a passagem de frente fria traz nebulosidade, chuviscos e temperaturas mais baixas para o litoral e a faixa leste<span class=\"excerpt-hellip\"> [\u2026]<\/span><\/p>\n","protected":false},"author":10,"featured_media":51719,"comment_status":"open","ping_status":"open","sticky":false,"template":"","format":"standard","meta":{"_jetpack_memberships_contains_paid_content":false,"footnotes":"","jetpack_publicize_message":"","jetpack_publicize_feature_enabled":true,"jetpack_social_post_already_shared":true,"jetpack_social_options":{"image_generator_settings":{"template":"highway","default_image_id":0,"enabled":false},"version":2}},"categories":[28,44],"tags":[],"class_list":["post-59880","post","type-post","status-publish","format-standard","has-post-thumbnail","hentry","category-cotidiano","category-noticias"],"yoast_head":"<!-- This site is optimized with the Yoast SEO plugin v25.6 - https:\/\/yoast.com\/wordpress\/plugins\/seo\/ -->\n<title>Defesa Civil alerta para massa de ar seco e eleva\u00e7\u00e3o das temperaturas no interior de S\u00e3o Paulo - VerdadeOn<\/title>\n<meta name=\"robots\" content=\"index, follow, max-snippet:-1, max-image-preview:large, max-video-preview:-1\" \/>\n<link rel=\"canonical\" href=\"https:\/\/verdadeon.com.br\/portal\/2025\/09\/12\/defesa-civil-alerta-para-massa-de-ar-seco-e-elevacao-das-temperaturas-no-interior-de-sao-paulo\/\" \/>\n<meta property=\"og:locale\" content=\"pt_BR\" \/>\n<meta property=\"og:type\" content=\"article\" \/>\n<meta property=\"og:title\" content=\"Defesa Civil alerta para massa de ar seco e eleva\u00e7\u00e3o das temperaturas no interior de S\u00e3o Paulo - VerdadeOn\" \/>\n<meta property=\"og:description\" content=\"Tempo seco predomina no interior paulista, enquanto a passagem de frente fria traz nebulosidade, chuviscos e temperaturas mais baixas para o litoral e a faixa leste [\u2026]\" \/>\n<meta property=\"og:url\" content=\"https:\/\/verdadeon.com.br\/portal\/2025\/09\/12\/defesa-civil-alerta-para-massa-de-ar-seco-e-elevacao-das-temperaturas-no-interior-de-sao-paulo\/\" \/>\n<meta property=\"og:site_name\" content=\"VerdadeOn\" \/>\n<meta property=\"article:published_time\" content=\"2025-09-12T17:54:45+00:00\" \/>\n<meta property=\"og:image\" content=\"https:\/\/verdadeon.com.br\/portal\/wp-content\/uploads\/2024\/11\/o-que-fazer-em-franca.jpg\" \/>\n\t<meta property=\"og:image:width\" content=\"1024\" \/>\n\t<meta property=\"og:image:height\" content=\"575\" \/>\n\t<meta property=\"og:image:type\" content=\"image\/jpeg\" \/>\n<meta name=\"author\" content=\"Redacao VerdadeOn\" \/>\n<meta name=\"twitter:card\" content=\"summary_large_image\" \/>\n<meta name=\"twitter:label1\" content=\"Escrito por\" \/>\n\t<meta name=\"twitter:data1\" content=\"Redacao VerdadeOn\" \/>\n\t<meta name=\"twitter:label2\" content=\"Est. tempo de leitura\" \/>\n\t<meta name=\"twitter:data2\" content=\"3 minutos\" \/>\n<script type=\"application\/ld+json\" class=\"yoast-schema-graph\">{\"@context\":\"https:\/\/schema.org\",\"@graph\":[{\"@type\":\"WebPage\",\"@id\":\"https:\/\/verdadeon.com.br\/portal\/2025\/09\/12\/defesa-civil-alerta-para-massa-de-ar-seco-e-elevacao-das-temperaturas-no-interior-de-sao-paulo\/\",\"url\":\"https:\/\/verdadeon.com.br\/portal\/2025\/09\/12\/defesa-civil-alerta-para-massa-de-ar-seco-e-elevacao-das-temperaturas-no-interior-de-sao-paulo\/\",\"name\":\"Defesa Civil alerta para massa de ar seco e eleva\u00e7\u00e3o das temperaturas no interior de S\u00e3o Paulo - VerdadeOn\",\"isPartOf\":{\"@id\":\"https:\/\/verdadeon.com.br\/portal\/#website\"},\"primaryImageOfPage\":{\"@id\":\"https:\/\/verdadeon.com.br\/portal\/2025\/09\/12\/defesa-civil-alerta-para-massa-de-ar-seco-e-elevacao-das-temperaturas-no-interior-de-sao-paulo\/#primaryimage\"},\"image\":{\"@id\":\"https:\/\/verdadeon.com.br\/portal\/2025\/09\/12\/defesa-civil-alerta-para-massa-de-ar-seco-e-elevacao-das-temperaturas-no-interior-de-sao-paulo\/#primaryimage\"},\"thumbnailUrl\":\"https:\/\/i0.wp.com\/verdadeon.com.br\/portal\/wp-content\/uploads\/2024\/11\/o-que-fazer-em-franca.jpg?fit=1024%2C575&ssl=1\",\"datePublished\":\"2025-09-12T17:54:45+00:00\",\"author\":{\"@id\":\"https:\/\/verdadeon.com.br\/portal\/#\/schema\/person\/a5060ad1e9ea3df545188fc93ce43d2f\"},\"breadcrumb\":{\"@id\":\"https:\/\/verdadeon.com.br\/portal\/2025\/09\/12\/defesa-civil-alerta-para-massa-de-ar-seco-e-elevacao-das-temperaturas-no-interior-de-sao-paulo\/#breadcrumb\"},\"inLanguage\":\"pt-BR\",\"potentialAction\":[{\"@type\":\"ReadAction\",\"target\":[\"https:\/\/verdadeon.com.br\/portal\/2025\/09\/12\/defesa-civil-alerta-para-massa-de-ar-seco-e-elevacao-das-temperaturas-no-interior-de-sao-paulo\/\"]}]},{\"@type\":\"ImageObject\",\"inLanguage\":\"pt-BR\",\"@id\":\"https:\/\/verdadeon.com.br\/portal\/2025\/09\/12\/defesa-civil-alerta-para-massa-de-ar-seco-e-elevacao-das-temperaturas-no-interior-de-sao-paulo\/#primaryimage\",\"url\":\"https:\/\/i0.wp.com\/verdadeon.com.br\/portal\/wp-content\/uploads\/2024\/11\/o-que-fazer-em-franca.jpg?fit=1024%2C575&ssl=1\",\"contentUrl\":\"https:\/\/i0.wp.com\/verdadeon.com.br\/portal\/wp-content\/uploads\/2024\/11\/o-que-fazer-em-franca.jpg?fit=1024%2C575&ssl=1\",\"width\":1024,\"height\":575,\"caption\":\"Franca chega aos 201 anos! (Divulga\u00e7\u00e3o)\"},{\"@type\":\"BreadcrumbList\",\"@id\":\"https:\/\/verdadeon.com.br\/portal\/2025\/09\/12\/defesa-civil-alerta-para-massa-de-ar-seco-e-elevacao-das-temperaturas-no-interior-de-sao-paulo\/#breadcrumb\",\"itemListElement\":[{\"@type\":\"ListItem\",\"position\":1,\"name\":\"In\u00edcio\",\"item\":\"https:\/\/verdadeon.com.br\/portal\/\"},{\"@type\":\"ListItem\",\"position\":2,\"name\":\"Defesa Civil alerta para massa de ar seco e eleva\u00e7\u00e3o das temperaturas no interior de S\u00e3o Paulo\"}]},{\"@type\":\"WebSite\",\"@id\":\"https:\/\/verdadeon.com.br\/portal\/#website\",\"url\":\"https:\/\/verdadeon.com.br\/portal\/\",\"name\":\"VerdadeOn\",\"description\":\"Not\u00edcias di\u00e1rias sobre Franca, Regi\u00e3o, Esporte, Cultura, Cotidiano, Colunas. Cobertura nos principais eventos da cidade \u00e9 aqui - Verdadeon Franca\",\"potentialAction\":[{\"@type\":\"SearchAction\",\"target\":{\"@type\":\"EntryPoint\",\"urlTemplate\":\"https:\/\/verdadeon.com.br\/portal\/?s={search_term_string}\"},\"query-input\":{\"@type\":\"PropertyValueSpecification\",\"valueRequired\":true,\"valueName\":\"search_term_string\"}}],\"inLanguage\":\"pt-BR\"},{\"@type\":\"Person\",\"@id\":\"https:\/\/verdadeon.com.br\/portal\/#\/schema\/person\/a5060ad1e9ea3df545188fc93ce43d2f\",\"name\":\"Redacao VerdadeOn\",\"image\":{\"@type\":\"ImageObject\",\"inLanguage\":\"pt-BR\",\"@id\":\"https:\/\/verdadeon.com.br\/portal\/#\/schema\/person\/image\/\",\"url\":\"https:\/\/secure.gravatar.com\/avatar\/459a9613caaaf07f582c3d0841eea68bdd66f533e465e6ba8b9cb45619572cf4?s=96&d=mm&r=g\",\"contentUrl\":\"https:\/\/secure.gravatar.com\/avatar\/459a9613caaaf07f582c3d0841eea68bdd66f533e465e6ba8b9cb45619572cf4?s=96&d=mm&r=g\",\"caption\":\"Redacao VerdadeOn\"},\"url\":\"https:\/\/verdadeon.com.br\/portal\/author\/redacao\/\"}]}<\/script>\n<!-- \/ Yoast SEO plugin. -->","yoast_head_json":{"title":"Defesa Civil alerta para massa de ar seco e eleva\u00e7\u00e3o das temperaturas no interior de S\u00e3o Paulo - VerdadeOn","robots":{"index":"index","follow":"follow","max-snippet":"max-snippet:-1","max-image-preview":"max-image-preview:large","max-video-preview":"max-video-preview:-1"},"canonical":"https:\/\/verdadeon.com.br\/portal\/2025\/09\/12\/defesa-civil-alerta-para-massa-de-ar-seco-e-elevacao-das-temperaturas-no-interior-de-sao-paulo\/","og_locale":"pt_BR","og_type":"article","og_title":"Defesa Civil alerta para massa de ar seco e eleva\u00e7\u00e3o das temperaturas no interior de S\u00e3o Paulo - VerdadeOn","og_description":"Tempo seco predomina no interior paulista, enquanto a passagem de frente fria traz nebulosidade, chuviscos e temperaturas mais baixas para o litoral e a faixa leste [\u2026]","og_url":"https:\/\/verdadeon.com.br\/portal\/2025\/09\/12\/defesa-civil-alerta-para-massa-de-ar-seco-e-elevacao-das-temperaturas-no-interior-de-sao-paulo\/","og_site_name":"VerdadeOn","article_published_time":"2025-09-12T17:54:45+00:00","og_image":[{"width":1024,"height":575,"url":"https:\/\/verdadeon.com.br\/portal\/wp-content\/uploads\/2024\/11\/o-que-fazer-em-franca.jpg","type":"image\/jpeg"}],"author":"Redacao VerdadeOn","twitter_card":"summary_large_image","twitter_misc":{"Escrito por":"Redacao VerdadeOn","Est. tempo de leitura":"3 minutos"},"schema":{"@context":"https:\/\/schema.org","@graph":[{"@type":"WebPage","@id":"https:\/\/verdadeon.com.br\/portal\/2025\/09\/12\/defesa-civil-alerta-para-massa-de-ar-seco-e-elevacao-das-temperaturas-no-interior-de-sao-paulo\/","url":"https:\/\/verdadeon.com.br\/portal\/2025\/09\/12\/defesa-civil-alerta-para-massa-de-ar-seco-e-elevacao-das-temperaturas-no-interior-de-sao-paulo\/","name":"Defesa Civil alerta para massa de ar seco e eleva\u00e7\u00e3o das temperaturas no interior de S\u00e3o Paulo - VerdadeOn","isPartOf":{"@id":"https:\/\/verdadeon.com.br\/portal\/#website"},"primaryImageOfPage":{"@id":"https:\/\/verdadeon.com.br\/portal\/2025\/09\/12\/defesa-civil-alerta-para-massa-de-ar-seco-e-elevacao-das-temperaturas-no-interior-de-sao-paulo\/#primaryimage"},"image":{"@id":"https:\/\/verdadeon.com.br\/portal\/2025\/09\/12\/defesa-civil-alerta-para-massa-de-ar-seco-e-elevacao-das-temperaturas-no-interior-de-sao-paulo\/#primaryimage"},"thumbnailUrl":"https:\/\/i0.wp.com\/verdadeon.com.br\/portal\/wp-content\/uploads\/2024\/11\/o-que-fazer-em-franca.jpg?fit=1024%2C575&ssl=1","datePublished":"2025-09-12T17:54:45+00:00","author":{"@id":"https:\/\/verdadeon.com.br\/portal\/#\/schema\/person\/a5060ad1e9ea3df545188fc93ce43d2f"},"breadcrumb":{"@id":"https:\/\/verdadeon.com.br\/portal\/2025\/09\/12\/defesa-civil-alerta-para-massa-de-ar-seco-e-elevacao-das-temperaturas-no-interior-de-sao-paulo\/#breadcrumb"},"inLanguage":"pt-BR","potentialAction":[{"@type":"ReadAction","target":["https:\/\/verdadeon.com.br\/portal\/2025\/09\/12\/defesa-civil-alerta-para-massa-de-ar-seco-e-elevacao-das-temperaturas-no-interior-de-sao-paulo\/"]}]},{"@type":"ImageObject","inLanguage":"pt-BR","@id":"https:\/\/verdadeon.com.br\/portal\/2025\/09\/12\/defesa-civil-alerta-para-massa-de-ar-seco-e-elevacao-das-temperaturas-no-interior-de-sao-paulo\/#primaryimage","url":"https:\/\/i0.wp.com\/verdadeon.com.br\/portal\/wp-content\/uploads\/2024\/11\/o-que-fazer-em-franca.jpg?fit=1024%2C575&ssl=1","contentUrl":"https:\/\/i0.wp.com\/verdadeon.com.br\/portal\/wp-content\/uploads\/2024\/11\/o-que-fazer-em-franca.jpg?fit=1024%2C575&ssl=1","width":1024,"height":575,"caption":"Franca chega aos 201 anos! (Divulga\u00e7\u00e3o)"},{"@type":"BreadcrumbList","@id":"https:\/\/verdadeon.com.br\/portal\/2025\/09\/12\/defesa-civil-alerta-para-massa-de-ar-seco-e-elevacao-das-temperaturas-no-interior-de-sao-paulo\/#breadcrumb","itemListElement":[{"@type":"ListItem","position":1,"name":"In\u00edcio","item":"https:\/\/verdadeon.com.br\/portal\/"},{"@type":"ListItem","position":2,"name":"Defesa Civil alerta para massa de ar seco e eleva\u00e7\u00e3o das temperaturas no interior de S\u00e3o Paulo"}]},{"@type":"WebSite","@id":"https:\/\/verdadeon.com.br\/portal\/#website","url":"https:\/\/verdadeon.com.br\/portal\/","name":"VerdadeOn","description":"Not\u00edcias di\u00e1rias sobre Franca, Regi\u00e3o, Esporte, Cultura, Cotidiano, Colunas. Cobertura nos principais eventos da cidade \u00e9 aqui - Verdadeon Franca","potentialAction":[{"@type":"SearchAction","target":{"@type":"EntryPoint","urlTemplate":"https:\/\/verdadeon.com.br\/portal\/?s={search_term_string}"},"query-input":{"@type":"PropertyValueSpecification","valueRequired":true,"valueName":"search_term_string"}}],"inLanguage":"pt-BR"},{"@type":"Person","@id":"https:\/\/verdadeon.com.br\/portal\/#\/schema\/person\/a5060ad1e9ea3df545188fc93ce43d2f","name":"Redacao VerdadeOn","image":{"@type":"ImageObject","inLanguage":"pt-BR","@id":"https:\/\/verdadeon.com.br\/portal\/#\/schema\/person\/image\/","url":"https:\/\/secure.gravatar.com\/avatar\/459a9613caaaf07f582c3d0841eea68bdd66f533e465e6ba8b9cb45619572cf4?s=96&d=mm&r=g","contentUrl":"https:\/\/secure.gravatar.com\/avatar\/459a9613caaaf07f582c3d0841eea68bdd66f533e465e6ba8b9cb45619572cf4?s=96&d=mm&r=g","caption":"Redacao VerdadeOn"},"url":"https:\/\/verdadeon.com.br\/portal\/author\/redacao\/"}]}},"jetpack_publicize_connections":[],"jetpack_featured_media_url":"https:\/\/i0.wp.com\/verdadeon.com.br\/portal\/wp-content\/uploads\/2024\/11\/o-que-fazer-em-franca.jpg?fit=1024%2C575&ssl=1","jetpack_sharing_enabled":true,"_links":{"self":[{"href":"https:\/\/verdadeon.com.br\/portal\/wp-json\/wp\/v2\/posts\/59880","targetHints":{"allow":["GET"]}}],"collection":[{"href":"https:\/\/verdadeon.com.br\/portal\/wp-json\/wp\/v2\/posts"}],"about":[{"href":"https:\/\/verdadeon.com.br\/portal\/wp-json\/wp\/v2\/types\/post"}],"author":[{"embeddable":true,"href":"https:\/\/verdadeon.com.br\/portal\/wp-json\/wp\/v2\/users\/10"}],"replies":[{"embeddable":true,"href":"https:\/\/verdadeon.com.br\/portal\/wp-json\/wp\/v2\/comments?post=59880"}],"version-history":[{"count":1,"href":"https:\/\/verdadeon.com.br\/portal\/wp-json\/wp\/v2\/posts\/59880\/revisions"}],"predecessor-version":[{"id":59881,"href":"https:\/\/verdadeon.com.br\/portal\/wp-json\/wp\/v2\/posts\/59880\/revisions\/59881"}],"wp:featuredmedia":[{"embeddable":true,"href":"https:\/\/verdadeon.com.br\/portal\/wp-json\/wp\/v2\/media\/51719"}],"wp:attachment":[{"href":"https:\/\/verdadeon.com.br\/portal\/wp-json\/wp\/v2\/media?parent=59880"}],"wp:term":[{"taxonomy":"category","embeddable":true,"href":"https:\/\/verdadeon.com.br\/portal\/wp-json\/wp\/v2\/categories?post=59880"},{"taxonomy":"post_tag","embeddable":true,"href":"https:\/\/verdadeon.com.br\/portal\/wp-json\/wp\/v2\/tags?post=59880"}],"curies":[{"name":"wp","href":"https:\/\/api.w.org\/{rel}","templated":true}]}}