{"id":59877,"date":"2025-09-12T14:44:50","date_gmt":"2025-09-12T17:44:50","guid":{"rendered":"https:\/\/verdadeon.com.br\/portal\/?p=59877"},"modified":"2025-09-12T15:29:22","modified_gmt":"2025-09-12T18:29:22","slug":"aos-88-anos-morre-em-franca-dr-joaquim-pereira-ribeiro","status":"publish","type":"post","link":"https:\/\/verdadeon.com.br\/portal\/2025\/09\/12\/aos-88-anos-morre-em-franca-dr-joaquim-pereira-ribeiro\/","title":{"rendered":"Aos 87 anos, morre em Franca Dr. Joaquim Pereira Ribeiro"},"content":{"rendered":"<h2>Ele foi um dos fundadores do Hospital S\u00e3o Joaquim e eleito vereador por tr\u00eas mandatos<\/h2>\n<p>Morreu nesta sexta-feira, 12 de setembro, em Franca, aos 87 anos, o m\u00e9dico urologista Dr. Joaquim Pereira Ribeiro. Tamb\u00e9m pol\u00edtico, foi eleito vereador por tr\u00eas mandatos. Segundo informa\u00e7\u00f5es, Ribeiro j\u00e1 estava com a sa\u00fade fragilizada h\u00e1 algum tempo.<\/p>\n<p>Dr. Joaquim atuou na C\u00e2mara Municipal de Franca pelos anos de 1993 &#8211; 1996, 2005 &#8211; 2008 e 2009 &#8211; 2012, presidindo a Casa de Leis nos anos de 2007, 2008, 2009 e 2010. Como vereador idealizou a constru\u00e7\u00e3o do novo pr\u00e9dio da C\u00e2mara de Franca, e instalou a primeira unidade do Hospital S\u00e3o Joaquim, no bairro do mesmo nome, atual Hospital Unimed.<\/p>\n<p style=\"text-align: left;\" align=\"center\">Natural de Pedregulho (SP), criou no setor privado uma rede de postos de combust\u00edveis e, tamb\u00e9m, desenvolveu projetos no agroneg\u00f3cio. A comunidade de Franca e regi\u00e3o, entidades e \u00f3rg\u00e3os p\u00fablicos e profissionais, manifestaram sentimentos de pesar e condol\u00eancias \u00e0 fam\u00edlia enlutada pelo falecimento do estimado Dr. Joaquim.<\/p>\n<p style=\"text-align: left;\" align=\"center\">O vel\u00f3rio foi realizado no mesmo dia, das 16 \u00e0s 22 horas, por decis\u00e3o de familiares n\u00e3o houve cerim\u00f4nia p\u00fablica e o corpo foi levado ao cremat\u00f3rio de Jardin\u00f3polis.<\/p>\n<p><strong>C\u00e2mara Municipal de Franca<\/strong><\/p>\n<p>A C\u00e2mara Municipal de Franca emitiu uma nota de pesar pelo falecimento do m\u00e9dico e ex-vereador, destacando que sua trajet\u00f3ria deixa um legado de trabalho, compromisso p\u00fablico e amor \u00e0 cidade. Confira na \u00edntegra:<\/p>\n<p class=\"text-align-justify\"><em>&#8220;A C\u00e2mara Municipal de Franca manifesta profundo pesar pelo falecimento do m\u00e9dico e ex-vereador <strong>Dr. Joaquim Pereira Ribeiro<\/strong>, ocorrido nesta sexta-feira, 12 de setembro, em nossa cidade.<\/em><\/p>\n<p class=\"p text-align-justify\"><em>Dr. Joaquim, natural de\u00a0Pedregulho, estudou medicina no Rio de Janeiro e veio para Franca em 1964, onde construiu sua carreira como m\u00e9dico, pol\u00edtico e empreendedor.<\/em><\/p>\n<p class=\"text-align-justify\"><em>Dr. Joaquim exerceu tr\u00eas mandatos no Legislativo francano (1993-1996, 2005-2008 e 2009-2012) e presidiu esta Casa entre 2007 e 2010, per\u00edodo em que acompanhou de perto a concretiza\u00e7\u00e3o de um de seus maiores legados: a constru\u00e7\u00e3o da atual sede da C\u00e2mara Municipal de Franca.<\/em><\/p>\n<p class=\"text-align-justify\"><em>Reconhecido por sua dedica\u00e7\u00e3o \u00e0 sa\u00fade, \u00e0 pol\u00edtica e ao desenvolvimento da cidade, Dr. Joaquim foi tamb\u00e9m fundador do Hospital S\u00e3o Joaquim, hoje S\u00e3o Joaquim\/Unimed, e contribuiu significativamente para a elabora\u00e7\u00e3o do C\u00f3digo do Meio Ambiente do Munic\u00edpio.<\/em><\/p>\n<p class=\"text-align-justify\"><em>Sua trajet\u00f3ria deixa um legado de trabalho, compromisso p\u00fablico e amor \u00e0 cidade.<\/em><\/p>\n<p class=\"text-align-justify\"><em>Neste momento de dor, a C\u00e2mara Municipal de Franca se solidariza com familiares e amigos, desejando conforto e for\u00e7a a todos.&#8221;<\/em><\/p>\n","protected":false},"excerpt":{"rendered":"<p>Ele foi um dos fundadores do Hospital S\u00e3o Joaquim e eleito vereador por tr\u00eas mandatos Morreu nesta sexta-feira, 12 de setembro, em Franca, aos 87 anos,<span class=\"excerpt-hellip\"> [\u2026]<\/span><\/p>\n","protected":false},"author":10,"featured_media":59878,"comment_status":"open","ping_status":"open","sticky":false,"template":"","format":"standard","meta":{"_jetpack_memberships_contains_paid_content":false,"footnotes":"","jetpack_publicize_message":"","jetpack_publicize_feature_enabled":true,"jetpack_social_post_already_shared":true,"jetpack_social_options":{"image_generator_settings":{"template":"highway","default_image_id":0,"enabled":false},"version":2}},"categories":[28,44],"tags":[],"class_list":["post-59877","post","type-post","status-publish","format-standard","has-post-thumbnail","hentry","category-cotidiano","category-noticias"],"yoast_head":"<!-- This site is optimized with the Yoast SEO plugin v25.6 - https:\/\/yoast.com\/wordpress\/plugins\/seo\/ -->\n<title>Aos 87 anos, morre em Franca Dr. Joaquim Pereira Ribeiro - VerdadeOn<\/title>\n<meta name=\"robots\" content=\"index, follow, max-snippet:-1, max-image-preview:large, max-video-preview:-1\" \/>\n<link rel=\"canonical\" href=\"https:\/\/verdadeon.com.br\/portal\/2025\/09\/12\/aos-88-anos-morre-em-franca-dr-joaquim-pereira-ribeiro\/\" \/>\n<meta property=\"og:locale\" content=\"pt_BR\" \/>\n<meta property=\"og:type\" content=\"article\" \/>\n<meta property=\"og:title\" content=\"Aos 87 anos, morre em Franca Dr. Joaquim Pereira Ribeiro - VerdadeOn\" \/>\n<meta property=\"og:description\" content=\"Ele foi um dos fundadores do Hospital S\u00e3o Joaquim e eleito vereador por tr\u00eas mandatos Morreu nesta sexta-feira, 12 de setembro, em Franca, aos 87 anos, [\u2026]\" \/>\n<meta property=\"og:url\" content=\"https:\/\/verdadeon.com.br\/portal\/2025\/09\/12\/aos-88-anos-morre-em-franca-dr-joaquim-pereira-ribeiro\/\" \/>\n<meta property=\"og:site_name\" content=\"VerdadeOn\" \/>\n<meta property=\"article:published_time\" content=\"2025-09-12T17:44:50+00:00\" \/>\n<meta property=\"article:modified_time\" content=\"2025-09-12T18:29:22+00:00\" \/>\n<meta property=\"og:image\" content=\"https:\/\/verdadeon.com.br\/portal\/wp-content\/uploads\/2025\/09\/WhatsApp-Image-2025-09-12-at-12.19.37.jpeg\" \/>\n\t<meta property=\"og:image:width\" content=\"467\" \/>\n\t<meta property=\"og:image:height\" content=\"446\" \/>\n\t<meta property=\"og:image:type\" content=\"image\/jpeg\" \/>\n<meta name=\"author\" content=\"Redacao VerdadeOn\" \/>\n<meta name=\"twitter:card\" content=\"summary_large_image\" \/>\n<meta name=\"twitter:label1\" content=\"Escrito por\" \/>\n\t<meta name=\"twitter:data1\" content=\"Redacao VerdadeOn\" \/>\n\t<meta name=\"twitter:label2\" content=\"Est. tempo de leitura\" \/>\n\t<meta name=\"twitter:data2\" content=\"3 minutos\" \/>\n<script type=\"application\/ld+json\" class=\"yoast-schema-graph\">{\"@context\":\"https:\/\/schema.org\",\"@graph\":[{\"@type\":\"WebPage\",\"@id\":\"https:\/\/verdadeon.com.br\/portal\/2025\/09\/12\/aos-88-anos-morre-em-franca-dr-joaquim-pereira-ribeiro\/\",\"url\":\"https:\/\/verdadeon.com.br\/portal\/2025\/09\/12\/aos-88-anos-morre-em-franca-dr-joaquim-pereira-ribeiro\/\",\"name\":\"Aos 87 anos, morre em Franca Dr. Joaquim Pereira Ribeiro - VerdadeOn\",\"isPartOf\":{\"@id\":\"https:\/\/verdadeon.com.br\/portal\/#website\"},\"primaryImageOfPage\":{\"@id\":\"https:\/\/verdadeon.com.br\/portal\/2025\/09\/12\/aos-88-anos-morre-em-franca-dr-joaquim-pereira-ribeiro\/#primaryimage\"},\"image\":{\"@id\":\"https:\/\/verdadeon.com.br\/portal\/2025\/09\/12\/aos-88-anos-morre-em-franca-dr-joaquim-pereira-ribeiro\/#primaryimage\"},\"thumbnailUrl\":\"https:\/\/i0.wp.com\/verdadeon.com.br\/portal\/wp-content\/uploads\/2025\/09\/WhatsApp-Image-2025-09-12-at-12.19.37.jpeg?fit=467%2C446&ssl=1\",\"datePublished\":\"2025-09-12T17:44:50+00:00\",\"dateModified\":\"2025-09-12T18:29:22+00:00\",\"author\":{\"@id\":\"https:\/\/verdadeon.com.br\/portal\/#\/schema\/person\/a5060ad1e9ea3df545188fc93ce43d2f\"},\"breadcrumb\":{\"@id\":\"https:\/\/verdadeon.com.br\/portal\/2025\/09\/12\/aos-88-anos-morre-em-franca-dr-joaquim-pereira-ribeiro\/#breadcrumb\"},\"inLanguage\":\"pt-BR\",\"potentialAction\":[{\"@type\":\"ReadAction\",\"target\":[\"https:\/\/verdadeon.com.br\/portal\/2025\/09\/12\/aos-88-anos-morre-em-franca-dr-joaquim-pereira-ribeiro\/\"]}]},{\"@type\":\"ImageObject\",\"inLanguage\":\"pt-BR\",\"@id\":\"https:\/\/verdadeon.com.br\/portal\/2025\/09\/12\/aos-88-anos-morre-em-franca-dr-joaquim-pereira-ribeiro\/#primaryimage\",\"url\":\"https:\/\/i0.wp.com\/verdadeon.com.br\/portal\/wp-content\/uploads\/2025\/09\/WhatsApp-Image-2025-09-12-at-12.19.37.jpeg?fit=467%2C446&ssl=1\",\"contentUrl\":\"https:\/\/i0.wp.com\/verdadeon.com.br\/portal\/wp-content\/uploads\/2025\/09\/WhatsApp-Image-2025-09-12-at-12.19.37.jpeg?fit=467%2C446&ssl=1\",\"width\":467,\"height\":446,\"caption\":\"Dr. Joaquim Pereira morre aos 88 anos (\u00a9Reprodu\u00e7\u00e3o\/Redes Sociais)\"},{\"@type\":\"BreadcrumbList\",\"@id\":\"https:\/\/verdadeon.com.br\/portal\/2025\/09\/12\/aos-88-anos-morre-em-franca-dr-joaquim-pereira-ribeiro\/#breadcrumb\",\"itemListElement\":[{\"@type\":\"ListItem\",\"position\":1,\"name\":\"In\u00edcio\",\"item\":\"https:\/\/verdadeon.com.br\/portal\/\"},{\"@type\":\"ListItem\",\"position\":2,\"name\":\"Aos 87 anos, morre em Franca Dr. Joaquim Pereira Ribeiro\"}]},{\"@type\":\"WebSite\",\"@id\":\"https:\/\/verdadeon.com.br\/portal\/#website\",\"url\":\"https:\/\/verdadeon.com.br\/portal\/\",\"name\":\"VerdadeOn\",\"description\":\"Not\u00edcias di\u00e1rias sobre Franca, Regi\u00e3o, Esporte, Cultura, Cotidiano, Colunas. Cobertura nos principais eventos da cidade \u00e9 aqui - Verdadeon Franca\",\"potentialAction\":[{\"@type\":\"SearchAction\",\"target\":{\"@type\":\"EntryPoint\",\"urlTemplate\":\"https:\/\/verdadeon.com.br\/portal\/?s={search_term_string}\"},\"query-input\":{\"@type\":\"PropertyValueSpecification\",\"valueRequired\":true,\"valueName\":\"search_term_string\"}}],\"inLanguage\":\"pt-BR\"},{\"@type\":\"Person\",\"@id\":\"https:\/\/verdadeon.com.br\/portal\/#\/schema\/person\/a5060ad1e9ea3df545188fc93ce43d2f\",\"name\":\"Redacao VerdadeOn\",\"image\":{\"@type\":\"ImageObject\",\"inLanguage\":\"pt-BR\",\"@id\":\"https:\/\/verdadeon.com.br\/portal\/#\/schema\/person\/image\/\",\"url\":\"https:\/\/secure.gravatar.com\/avatar\/459a9613caaaf07f582c3d0841eea68bdd66f533e465e6ba8b9cb45619572cf4?s=96&d=mm&r=g\",\"contentUrl\":\"https:\/\/secure.gravatar.com\/avatar\/459a9613caaaf07f582c3d0841eea68bdd66f533e465e6ba8b9cb45619572cf4?s=96&d=mm&r=g\",\"caption\":\"Redacao VerdadeOn\"},\"url\":\"https:\/\/verdadeon.com.br\/portal\/author\/redacao\/\"}]}<\/script>\n<!-- \/ Yoast SEO plugin. -->","yoast_head_json":{"title":"Aos 87 anos, morre em Franca Dr. Joaquim Pereira Ribeiro - VerdadeOn","robots":{"index":"index","follow":"follow","max-snippet":"max-snippet:-1","max-image-preview":"max-image-preview:large","max-video-preview":"max-video-preview:-1"},"canonical":"https:\/\/verdadeon.com.br\/portal\/2025\/09\/12\/aos-88-anos-morre-em-franca-dr-joaquim-pereira-ribeiro\/","og_locale":"pt_BR","og_type":"article","og_title":"Aos 87 anos, morre em Franca Dr. Joaquim Pereira Ribeiro - VerdadeOn","og_description":"Ele foi um dos fundadores do Hospital S\u00e3o Joaquim e eleito vereador por tr\u00eas mandatos Morreu nesta sexta-feira, 12 de setembro, em Franca, aos 87 anos, [\u2026]","og_url":"https:\/\/verdadeon.com.br\/portal\/2025\/09\/12\/aos-88-anos-morre-em-franca-dr-joaquim-pereira-ribeiro\/","og_site_name":"VerdadeOn","article_published_time":"2025-09-12T17:44:50+00:00","article_modified_time":"2025-09-12T18:29:22+00:00","og_image":[{"width":467,"height":446,"url":"https:\/\/verdadeon.com.br\/portal\/wp-content\/uploads\/2025\/09\/WhatsApp-Image-2025-09-12-at-12.19.37.jpeg","type":"image\/jpeg"}],"author":"Redacao VerdadeOn","twitter_card":"summary_large_image","twitter_misc":{"Escrito por":"Redacao VerdadeOn","Est. tempo de leitura":"3 minutos"},"schema":{"@context":"https:\/\/schema.org","@graph":[{"@type":"WebPage","@id":"https:\/\/verdadeon.com.br\/portal\/2025\/09\/12\/aos-88-anos-morre-em-franca-dr-joaquim-pereira-ribeiro\/","url":"https:\/\/verdadeon.com.br\/portal\/2025\/09\/12\/aos-88-anos-morre-em-franca-dr-joaquim-pereira-ribeiro\/","name":"Aos 87 anos, morre em Franca Dr. Joaquim Pereira Ribeiro - VerdadeOn","isPartOf":{"@id":"https:\/\/verdadeon.com.br\/portal\/#website"},"primaryImageOfPage":{"@id":"https:\/\/verdadeon.com.br\/portal\/2025\/09\/12\/aos-88-anos-morre-em-franca-dr-joaquim-pereira-ribeiro\/#primaryimage"},"image":{"@id":"https:\/\/verdadeon.com.br\/portal\/2025\/09\/12\/aos-88-anos-morre-em-franca-dr-joaquim-pereira-ribeiro\/#primaryimage"},"thumbnailUrl":"https:\/\/i0.wp.com\/verdadeon.com.br\/portal\/wp-content\/uploads\/2025\/09\/WhatsApp-Image-2025-09-12-at-12.19.37.jpeg?fit=467%2C446&ssl=1","datePublished":"2025-09-12T17:44:50+00:00","dateModified":"2025-09-12T18:29:22+00:00","author":{"@id":"https:\/\/verdadeon.com.br\/portal\/#\/schema\/person\/a5060ad1e9ea3df545188fc93ce43d2f"},"breadcrumb":{"@id":"https:\/\/verdadeon.com.br\/portal\/2025\/09\/12\/aos-88-anos-morre-em-franca-dr-joaquim-pereira-ribeiro\/#breadcrumb"},"inLanguage":"pt-BR","potentialAction":[{"@type":"ReadAction","target":["https:\/\/verdadeon.com.br\/portal\/2025\/09\/12\/aos-88-anos-morre-em-franca-dr-joaquim-pereira-ribeiro\/"]}]},{"@type":"ImageObject","inLanguage":"pt-BR","@id":"https:\/\/verdadeon.com.br\/portal\/2025\/09\/12\/aos-88-anos-morre-em-franca-dr-joaquim-pereira-ribeiro\/#primaryimage","url":"https:\/\/i0.wp.com\/verdadeon.com.br\/portal\/wp-content\/uploads\/2025\/09\/WhatsApp-Image-2025-09-12-at-12.19.37.jpeg?fit=467%2C446&ssl=1","contentUrl":"https:\/\/i0.wp.com\/verdadeon.com.br\/portal\/wp-content\/uploads\/2025\/09\/WhatsApp-Image-2025-09-12-at-12.19.37.jpeg?fit=467%2C446&ssl=1","width":467,"height":446,"caption":"Dr. Joaquim Pereira morre aos 88 anos (\u00a9Reprodu\u00e7\u00e3o\/Redes Sociais)"},{"@type":"BreadcrumbList","@id":"https:\/\/verdadeon.com.br\/portal\/2025\/09\/12\/aos-88-anos-morre-em-franca-dr-joaquim-pereira-ribeiro\/#breadcrumb","itemListElement":[{"@type":"ListItem","position":1,"name":"In\u00edcio","item":"https:\/\/verdadeon.com.br\/portal\/"},{"@type":"ListItem","position":2,"name":"Aos 87 anos, morre em Franca Dr. Joaquim Pereira Ribeiro"}]},{"@type":"WebSite","@id":"https:\/\/verdadeon.com.br\/portal\/#website","url":"https:\/\/verdadeon.com.br\/portal\/","name":"VerdadeOn","description":"Not\u00edcias di\u00e1rias sobre Franca, Regi\u00e3o, Esporte, Cultura, Cotidiano, Colunas. Cobertura nos principais eventos da cidade \u00e9 aqui - Verdadeon Franca","potentialAction":[{"@type":"SearchAction","target":{"@type":"EntryPoint","urlTemplate":"https:\/\/verdadeon.com.br\/portal\/?s={search_term_string}"},"query-input":{"@type":"PropertyValueSpecification","valueRequired":true,"valueName":"search_term_string"}}],"inLanguage":"pt-BR"},{"@type":"Person","@id":"https:\/\/verdadeon.com.br\/portal\/#\/schema\/person\/a5060ad1e9ea3df545188fc93ce43d2f","name":"Redacao VerdadeOn","image":{"@type":"ImageObject","inLanguage":"pt-BR","@id":"https:\/\/verdadeon.com.br\/portal\/#\/schema\/person\/image\/","url":"https:\/\/secure.gravatar.com\/avatar\/459a9613caaaf07f582c3d0841eea68bdd66f533e465e6ba8b9cb45619572cf4?s=96&d=mm&r=g","contentUrl":"https:\/\/secure.gravatar.com\/avatar\/459a9613caaaf07f582c3d0841eea68bdd66f533e465e6ba8b9cb45619572cf4?s=96&d=mm&r=g","caption":"Redacao VerdadeOn"},"url":"https:\/\/verdadeon.com.br\/portal\/author\/redacao\/"}]}},"jetpack_publicize_connections":[],"jetpack_featured_media_url":"https:\/\/i0.wp.com\/verdadeon.com.br\/portal\/wp-content\/uploads\/2025\/09\/WhatsApp-Image-2025-09-12-at-12.19.37.jpeg?fit=467%2C446&ssl=1","jetpack_sharing_enabled":true,"_links":{"self":[{"href":"https:\/\/verdadeon.com.br\/portal\/wp-json\/wp\/v2\/posts\/59877","targetHints":{"allow":["GET"]}}],"collection":[{"href":"https:\/\/verdadeon.com.br\/portal\/wp-json\/wp\/v2\/posts"}],"about":[{"href":"https:\/\/verdadeon.com.br\/portal\/wp-json\/wp\/v2\/types\/post"}],"author":[{"embeddable":true,"href":"https:\/\/verdadeon.com.br\/portal\/wp-json\/wp\/v2\/users\/10"}],"replies":[{"embeddable":true,"href":"https:\/\/verdadeon.com.br\/portal\/wp-json\/wp\/v2\/comments?post=59877"}],"version-history":[{"count":5,"href":"https:\/\/verdadeon.com.br\/portal\/wp-json\/wp\/v2\/posts\/59877\/revisions"}],"predecessor-version":[{"id":59887,"href":"https:\/\/verdadeon.com.br\/portal\/wp-json\/wp\/v2\/posts\/59877\/revisions\/59887"}],"wp:featuredmedia":[{"embeddable":true,"href":"https:\/\/verdadeon.com.br\/portal\/wp-json\/wp\/v2\/media\/59878"}],"wp:attachment":[{"href":"https:\/\/verdadeon.com.br\/portal\/wp-json\/wp\/v2\/media?parent=59877"}],"wp:term":[{"taxonomy":"category","embeddable":true,"href":"https:\/\/verdadeon.com.br\/portal\/wp-json\/wp\/v2\/categories?post=59877"},{"taxonomy":"post_tag","embeddable":true,"href":"https:\/\/verdadeon.com.br\/portal\/wp-json\/wp\/v2\/tags?post=59877"}],"curies":[{"name":"wp","href":"https:\/\/api.w.org\/{rel}","templated":true}]}}