{"id":59871,"date":"2025-09-12T14:26:36","date_gmt":"2025-09-12T17:26:36","guid":{"rendered":"https:\/\/verdadeon.com.br\/portal\/?p=59871"},"modified":"2025-09-12T14:26:36","modified_gmt":"2025-09-12T17:26:36","slug":"conmebol-anuncia-mudanca-da-sede-da-final-da-copa-sul-americana","status":"publish","type":"post","link":"https:\/\/verdadeon.com.br\/portal\/2025\/09\/12\/conmebol-anuncia-mudanca-da-sede-da-final-da-copa-sul-americana\/","title":{"rendered":"Conmebol anuncia mudan\u00e7a da sede da final da Copa Sul-Americana"},"content":{"rendered":"<div class=\"header-noticia full-width\">\n<h2 class=\"linha-fina-noticia\">Decis\u00e3o da competi\u00e7\u00e3o ser\u00e1 disputada em Assun\u00e7\u00e3o (Paraguai)<\/h2>\n<\/div>\n<div class=\"subheader\">\n<div class=\"container-autoria\">\n<p>A Conmebol (Confedera\u00e7\u00e3o Sul-Americana de Futebol) anunciou nesta quinta-feira (11) que a sede da final da Copa Sul-Americana ter\u00e1 que mudar. Ao inv\u00e9s de ser realizada no est\u00e1dio Ram\u00f3n Aguilera, em Santa Cruz de la Sierra (Bol\u00edvia), a decis\u00e3o ser\u00e1 jogada em Assun\u00e7\u00e3o (Paraguai).<img data-recalc-dims=\"1\" decoding=\"async\" src=\"https:\/\/i0.wp.com\/agenciabrasil.ebc.com.br\/ebc.png?w=1220&#038;ssl=1\" \/><img data-recalc-dims=\"1\" decoding=\"async\" src=\"https:\/\/i0.wp.com\/agenciabrasil.ebc.com.br\/ebc.gif?w=1220&#038;ssl=1\" \/><\/p>\n<p>Segundo a\u00a0<a href=\"https:\/\/www.conmebol.com\/noticias\/cambio-de-sede-final-conmebol-sudamericana-2025\/\" target=\"_blank\" rel=\"noopener\">nota<\/a>\u00a0da\u00a0entidade m\u00e1xima do futebol sul-americano, a mudan\u00e7a foi decidida ap\u00f3s uma inspe\u00e7\u00e3o t\u00e9cnica no est\u00e1dio Ram\u00f3n Aguilera que apontou \u201cdados preocupantes quanto ao cumprimento dos prazos e do cronograma de obras e melhorias necess\u00e1rias para sediar a final da Conmebol Sudamericana 2025\u201d.<\/p>\n<p>O Brasil ainda tem dois representantes na competi\u00e7\u00e3o, o Fluminense e o Atl\u00e9tico-MG, que come\u00e7am a disputar as quartas de final do torneio no decorrer da pr\u00f3xima semana.<\/p>\n<p>Fonte: Ag\u00eancia Brasil<\/p>\n<\/div>\n<\/div>\n","protected":false},"excerpt":{"rendered":"<p>Decis\u00e3o da competi\u00e7\u00e3o ser\u00e1 disputada em Assun\u00e7\u00e3o (Paraguai) A Conmebol (Confedera\u00e7\u00e3o Sul-Americana de Futebol) anunciou nesta quinta-feira (11) que a sede da final da Copa Sul-Americana<span class=\"excerpt-hellip\"> [\u2026]<\/span><\/p>\n","protected":false},"author":10,"featured_media":59872,"comment_status":"open","ping_status":"open","sticky":false,"template":"","format":"standard","meta":{"_jetpack_memberships_contains_paid_content":false,"footnotes":"","jetpack_publicize_message":"","jetpack_publicize_feature_enabled":true,"jetpack_social_post_already_shared":true,"jetpack_social_options":{"image_generator_settings":{"template":"highway","default_image_id":0,"enabled":false},"version":2}},"categories":[28,44],"tags":[],"class_list":["post-59871","post","type-post","status-publish","format-standard","has-post-thumbnail","hentry","category-cotidiano","category-noticias"],"yoast_head":"<!-- This site is optimized with the Yoast SEO plugin v25.6 - https:\/\/yoast.com\/wordpress\/plugins\/seo\/ -->\n<title>Conmebol anuncia mudan\u00e7a da sede da final da Copa Sul-Americana - VerdadeOn<\/title>\n<meta name=\"robots\" content=\"index, follow, max-snippet:-1, max-image-preview:large, max-video-preview:-1\" \/>\n<link rel=\"canonical\" href=\"https:\/\/verdadeon.com.br\/portal\/2025\/09\/12\/conmebol-anuncia-mudanca-da-sede-da-final-da-copa-sul-americana\/\" \/>\n<meta property=\"og:locale\" content=\"pt_BR\" \/>\n<meta property=\"og:type\" content=\"article\" \/>\n<meta property=\"og:title\" content=\"Conmebol anuncia mudan\u00e7a da sede da final da Copa Sul-Americana - VerdadeOn\" \/>\n<meta property=\"og:description\" content=\"Decis\u00e3o da competi\u00e7\u00e3o ser\u00e1 disputada em Assun\u00e7\u00e3o (Paraguai) A Conmebol (Confedera\u00e7\u00e3o Sul-Americana de Futebol) anunciou nesta quinta-feira (11) que a sede da final da Copa Sul-Americana [\u2026]\" \/>\n<meta property=\"og:url\" content=\"https:\/\/verdadeon.com.br\/portal\/2025\/09\/12\/conmebol-anuncia-mudanca-da-sede-da-final-da-copa-sul-americana\/\" \/>\n<meta property=\"og:site_name\" content=\"VerdadeOn\" \/>\n<meta property=\"article:published_time\" content=\"2025-09-12T17:26:36+00:00\" \/>\n<meta property=\"og:image\" content=\"https:\/\/verdadeon.com.br\/portal\/wp-content\/uploads\/2025\/09\/54149470320_3ed30554cb_k.webp\" \/>\n\t<meta property=\"og:image:width\" content=\"1170\" \/>\n\t<meta property=\"og:image:height\" content=\"700\" \/>\n\t<meta property=\"og:image:type\" content=\"image\/webp\" \/>\n<meta name=\"author\" content=\"Redacao VerdadeOn\" \/>\n<meta name=\"twitter:card\" content=\"summary_large_image\" \/>\n<meta name=\"twitter:label1\" content=\"Escrito por\" \/>\n\t<meta name=\"twitter:data1\" content=\"Redacao VerdadeOn\" \/>\n\t<meta name=\"twitter:label2\" content=\"Est. tempo de leitura\" \/>\n\t<meta name=\"twitter:data2\" content=\"2 minutos\" \/>\n<script type=\"application\/ld+json\" class=\"yoast-schema-graph\">{\"@context\":\"https:\/\/schema.org\",\"@graph\":[{\"@type\":\"WebPage\",\"@id\":\"https:\/\/verdadeon.com.br\/portal\/2025\/09\/12\/conmebol-anuncia-mudanca-da-sede-da-final-da-copa-sul-americana\/\",\"url\":\"https:\/\/verdadeon.com.br\/portal\/2025\/09\/12\/conmebol-anuncia-mudanca-da-sede-da-final-da-copa-sul-americana\/\",\"name\":\"Conmebol anuncia mudan\u00e7a da sede da final da Copa Sul-Americana - VerdadeOn\",\"isPartOf\":{\"@id\":\"https:\/\/verdadeon.com.br\/portal\/#website\"},\"primaryImageOfPage\":{\"@id\":\"https:\/\/verdadeon.com.br\/portal\/2025\/09\/12\/conmebol-anuncia-mudanca-da-sede-da-final-da-copa-sul-americana\/#primaryimage\"},\"image\":{\"@id\":\"https:\/\/verdadeon.com.br\/portal\/2025\/09\/12\/conmebol-anuncia-mudanca-da-sede-da-final-da-copa-sul-americana\/#primaryimage\"},\"thumbnailUrl\":\"https:\/\/i0.wp.com\/verdadeon.com.br\/portal\/wp-content\/uploads\/2025\/09\/54149470320_3ed30554cb_k.webp?fit=1170%2C700&ssl=1\",\"datePublished\":\"2025-09-12T17:26:36+00:00\",\"author\":{\"@id\":\"https:\/\/verdadeon.com.br\/portal\/#\/schema\/person\/a5060ad1e9ea3df545188fc93ce43d2f\"},\"breadcrumb\":{\"@id\":\"https:\/\/verdadeon.com.br\/portal\/2025\/09\/12\/conmebol-anuncia-mudanca-da-sede-da-final-da-copa-sul-americana\/#breadcrumb\"},\"inLanguage\":\"pt-BR\",\"potentialAction\":[{\"@type\":\"ReadAction\",\"target\":[\"https:\/\/verdadeon.com.br\/portal\/2025\/09\/12\/conmebol-anuncia-mudanca-da-sede-da-final-da-copa-sul-americana\/\"]}]},{\"@type\":\"ImageObject\",\"inLanguage\":\"pt-BR\",\"@id\":\"https:\/\/verdadeon.com.br\/portal\/2025\/09\/12\/conmebol-anuncia-mudanca-da-sede-da-final-da-copa-sul-americana\/#primaryimage\",\"url\":\"https:\/\/i0.wp.com\/verdadeon.com.br\/portal\/wp-content\/uploads\/2025\/09\/54149470320_3ed30554cb_k.webp?fit=1170%2C700&ssl=1\",\"contentUrl\":\"https:\/\/i0.wp.com\/verdadeon.com.br\/portal\/wp-content\/uploads\/2025\/09\/54149470320_3ed30554cb_k.webp?fit=1170%2C700&ssl=1\",\"width\":1170,\"height\":700,\"caption\":\"(\u00a9Divulga\u00e7\u00e3o\/Conmebol\/Direitos Reservados)\"},{\"@type\":\"BreadcrumbList\",\"@id\":\"https:\/\/verdadeon.com.br\/portal\/2025\/09\/12\/conmebol-anuncia-mudanca-da-sede-da-final-da-copa-sul-americana\/#breadcrumb\",\"itemListElement\":[{\"@type\":\"ListItem\",\"position\":1,\"name\":\"In\u00edcio\",\"item\":\"https:\/\/verdadeon.com.br\/portal\/\"},{\"@type\":\"ListItem\",\"position\":2,\"name\":\"Conmebol anuncia mudan\u00e7a da sede da final da Copa Sul-Americana\"}]},{\"@type\":\"WebSite\",\"@id\":\"https:\/\/verdadeon.com.br\/portal\/#website\",\"url\":\"https:\/\/verdadeon.com.br\/portal\/\",\"name\":\"VerdadeOn\",\"description\":\"Not\u00edcias di\u00e1rias sobre Franca, Regi\u00e3o, Esporte, Cultura, Cotidiano, Colunas. Cobertura nos principais eventos da cidade \u00e9 aqui - Verdadeon Franca\",\"potentialAction\":[{\"@type\":\"SearchAction\",\"target\":{\"@type\":\"EntryPoint\",\"urlTemplate\":\"https:\/\/verdadeon.com.br\/portal\/?s={search_term_string}\"},\"query-input\":{\"@type\":\"PropertyValueSpecification\",\"valueRequired\":true,\"valueName\":\"search_term_string\"}}],\"inLanguage\":\"pt-BR\"},{\"@type\":\"Person\",\"@id\":\"https:\/\/verdadeon.com.br\/portal\/#\/schema\/person\/a5060ad1e9ea3df545188fc93ce43d2f\",\"name\":\"Redacao VerdadeOn\",\"image\":{\"@type\":\"ImageObject\",\"inLanguage\":\"pt-BR\",\"@id\":\"https:\/\/verdadeon.com.br\/portal\/#\/schema\/person\/image\/\",\"url\":\"https:\/\/secure.gravatar.com\/avatar\/459a9613caaaf07f582c3d0841eea68bdd66f533e465e6ba8b9cb45619572cf4?s=96&d=mm&r=g\",\"contentUrl\":\"https:\/\/secure.gravatar.com\/avatar\/459a9613caaaf07f582c3d0841eea68bdd66f533e465e6ba8b9cb45619572cf4?s=96&d=mm&r=g\",\"caption\":\"Redacao VerdadeOn\"},\"url\":\"https:\/\/verdadeon.com.br\/portal\/author\/redacao\/\"}]}<\/script>\n<!-- \/ Yoast SEO plugin. -->","yoast_head_json":{"title":"Conmebol anuncia mudan\u00e7a da sede da final da Copa Sul-Americana - VerdadeOn","robots":{"index":"index","follow":"follow","max-snippet":"max-snippet:-1","max-image-preview":"max-image-preview:large","max-video-preview":"max-video-preview:-1"},"canonical":"https:\/\/verdadeon.com.br\/portal\/2025\/09\/12\/conmebol-anuncia-mudanca-da-sede-da-final-da-copa-sul-americana\/","og_locale":"pt_BR","og_type":"article","og_title":"Conmebol anuncia mudan\u00e7a da sede da final da Copa Sul-Americana - VerdadeOn","og_description":"Decis\u00e3o da competi\u00e7\u00e3o ser\u00e1 disputada em Assun\u00e7\u00e3o (Paraguai) A Conmebol (Confedera\u00e7\u00e3o Sul-Americana de Futebol) anunciou nesta quinta-feira (11) que a sede da final da Copa Sul-Americana [\u2026]","og_url":"https:\/\/verdadeon.com.br\/portal\/2025\/09\/12\/conmebol-anuncia-mudanca-da-sede-da-final-da-copa-sul-americana\/","og_site_name":"VerdadeOn","article_published_time":"2025-09-12T17:26:36+00:00","og_image":[{"width":1170,"height":700,"url":"https:\/\/verdadeon.com.br\/portal\/wp-content\/uploads\/2025\/09\/54149470320_3ed30554cb_k.webp","type":"image\/webp"}],"author":"Redacao VerdadeOn","twitter_card":"summary_large_image","twitter_misc":{"Escrito por":"Redacao VerdadeOn","Est. tempo de leitura":"2 minutos"},"schema":{"@context":"https:\/\/schema.org","@graph":[{"@type":"WebPage","@id":"https:\/\/verdadeon.com.br\/portal\/2025\/09\/12\/conmebol-anuncia-mudanca-da-sede-da-final-da-copa-sul-americana\/","url":"https:\/\/verdadeon.com.br\/portal\/2025\/09\/12\/conmebol-anuncia-mudanca-da-sede-da-final-da-copa-sul-americana\/","name":"Conmebol anuncia mudan\u00e7a da sede da final da Copa Sul-Americana - VerdadeOn","isPartOf":{"@id":"https:\/\/verdadeon.com.br\/portal\/#website"},"primaryImageOfPage":{"@id":"https:\/\/verdadeon.com.br\/portal\/2025\/09\/12\/conmebol-anuncia-mudanca-da-sede-da-final-da-copa-sul-americana\/#primaryimage"},"image":{"@id":"https:\/\/verdadeon.com.br\/portal\/2025\/09\/12\/conmebol-anuncia-mudanca-da-sede-da-final-da-copa-sul-americana\/#primaryimage"},"thumbnailUrl":"https:\/\/i0.wp.com\/verdadeon.com.br\/portal\/wp-content\/uploads\/2025\/09\/54149470320_3ed30554cb_k.webp?fit=1170%2C700&ssl=1","datePublished":"2025-09-12T17:26:36+00:00","author":{"@id":"https:\/\/verdadeon.com.br\/portal\/#\/schema\/person\/a5060ad1e9ea3df545188fc93ce43d2f"},"breadcrumb":{"@id":"https:\/\/verdadeon.com.br\/portal\/2025\/09\/12\/conmebol-anuncia-mudanca-da-sede-da-final-da-copa-sul-americana\/#breadcrumb"},"inLanguage":"pt-BR","potentialAction":[{"@type":"ReadAction","target":["https:\/\/verdadeon.com.br\/portal\/2025\/09\/12\/conmebol-anuncia-mudanca-da-sede-da-final-da-copa-sul-americana\/"]}]},{"@type":"ImageObject","inLanguage":"pt-BR","@id":"https:\/\/verdadeon.com.br\/portal\/2025\/09\/12\/conmebol-anuncia-mudanca-da-sede-da-final-da-copa-sul-americana\/#primaryimage","url":"https:\/\/i0.wp.com\/verdadeon.com.br\/portal\/wp-content\/uploads\/2025\/09\/54149470320_3ed30554cb_k.webp?fit=1170%2C700&ssl=1","contentUrl":"https:\/\/i0.wp.com\/verdadeon.com.br\/portal\/wp-content\/uploads\/2025\/09\/54149470320_3ed30554cb_k.webp?fit=1170%2C700&ssl=1","width":1170,"height":700,"caption":"(\u00a9Divulga\u00e7\u00e3o\/Conmebol\/Direitos Reservados)"},{"@type":"BreadcrumbList","@id":"https:\/\/verdadeon.com.br\/portal\/2025\/09\/12\/conmebol-anuncia-mudanca-da-sede-da-final-da-copa-sul-americana\/#breadcrumb","itemListElement":[{"@type":"ListItem","position":1,"name":"In\u00edcio","item":"https:\/\/verdadeon.com.br\/portal\/"},{"@type":"ListItem","position":2,"name":"Conmebol anuncia mudan\u00e7a da sede da final da Copa Sul-Americana"}]},{"@type":"WebSite","@id":"https:\/\/verdadeon.com.br\/portal\/#website","url":"https:\/\/verdadeon.com.br\/portal\/","name":"VerdadeOn","description":"Not\u00edcias di\u00e1rias sobre Franca, Regi\u00e3o, Esporte, Cultura, Cotidiano, Colunas. Cobertura nos principais eventos da cidade \u00e9 aqui - Verdadeon Franca","potentialAction":[{"@type":"SearchAction","target":{"@type":"EntryPoint","urlTemplate":"https:\/\/verdadeon.com.br\/portal\/?s={search_term_string}"},"query-input":{"@type":"PropertyValueSpecification","valueRequired":true,"valueName":"search_term_string"}}],"inLanguage":"pt-BR"},{"@type":"Person","@id":"https:\/\/verdadeon.com.br\/portal\/#\/schema\/person\/a5060ad1e9ea3df545188fc93ce43d2f","name":"Redacao VerdadeOn","image":{"@type":"ImageObject","inLanguage":"pt-BR","@id":"https:\/\/verdadeon.com.br\/portal\/#\/schema\/person\/image\/","url":"https:\/\/secure.gravatar.com\/avatar\/459a9613caaaf07f582c3d0841eea68bdd66f533e465e6ba8b9cb45619572cf4?s=96&d=mm&r=g","contentUrl":"https:\/\/secure.gravatar.com\/avatar\/459a9613caaaf07f582c3d0841eea68bdd66f533e465e6ba8b9cb45619572cf4?s=96&d=mm&r=g","caption":"Redacao VerdadeOn"},"url":"https:\/\/verdadeon.com.br\/portal\/author\/redacao\/"}]}},"jetpack_publicize_connections":[],"jetpack_featured_media_url":"https:\/\/i0.wp.com\/verdadeon.com.br\/portal\/wp-content\/uploads\/2025\/09\/54149470320_3ed30554cb_k.webp?fit=1170%2C700&ssl=1","jetpack_sharing_enabled":true,"_links":{"self":[{"href":"https:\/\/verdadeon.com.br\/portal\/wp-json\/wp\/v2\/posts\/59871","targetHints":{"allow":["GET"]}}],"collection":[{"href":"https:\/\/verdadeon.com.br\/portal\/wp-json\/wp\/v2\/posts"}],"about":[{"href":"https:\/\/verdadeon.com.br\/portal\/wp-json\/wp\/v2\/types\/post"}],"author":[{"embeddable":true,"href":"https:\/\/verdadeon.com.br\/portal\/wp-json\/wp\/v2\/users\/10"}],"replies":[{"embeddable":true,"href":"https:\/\/verdadeon.com.br\/portal\/wp-json\/wp\/v2\/comments?post=59871"}],"version-history":[{"count":1,"href":"https:\/\/verdadeon.com.br\/portal\/wp-json\/wp\/v2\/posts\/59871\/revisions"}],"predecessor-version":[{"id":59873,"href":"https:\/\/verdadeon.com.br\/portal\/wp-json\/wp\/v2\/posts\/59871\/revisions\/59873"}],"wp:featuredmedia":[{"embeddable":true,"href":"https:\/\/verdadeon.com.br\/portal\/wp-json\/wp\/v2\/media\/59872"}],"wp:attachment":[{"href":"https:\/\/verdadeon.com.br\/portal\/wp-json\/wp\/v2\/media?parent=59871"}],"wp:term":[{"taxonomy":"category","embeddable":true,"href":"https:\/\/verdadeon.com.br\/portal\/wp-json\/wp\/v2\/categories?post=59871"},{"taxonomy":"post_tag","embeddable":true,"href":"https:\/\/verdadeon.com.br\/portal\/wp-json\/wp\/v2\/tags?post=59871"}],"curies":[{"name":"wp","href":"https:\/\/api.w.org\/{rel}","templated":true}]}}