{"id":5987,"date":"2020-04-02T09:57:39","date_gmt":"2020-04-02T12:57:39","guid":{"rendered":"http:\/\/verdadeon.com.br\/portal\/?p=5987"},"modified":"2020-04-02T09:57:39","modified_gmt":"2020-04-02T12:57:39","slug":"empregado-suspenso-do-trabalho-recebera-ate-100-do-seguro-desemprego","status":"publish","type":"post","link":"https:\/\/verdadeon.com.br\/portal\/2020\/04\/02\/empregado-suspenso-do-trabalho-recebera-ate-100-do-seguro-desemprego\/","title":{"rendered":"Empregado suspenso do trabalho receber\u00e1 at\u00e9 100% do seguro-desemprego"},"content":{"rendered":"<h2>Jornada reduzida ter\u00e1 complementa\u00e7\u00e3o de renda pelo governo<\/h2>\n<p>&nbsp;<\/p>\n<p>O empregador poder\u00e1 acordar, por meio de negocia\u00e7\u00f5es individuais ou coletivas, a suspens\u00e3o do contrato de trabalho com os empregados por at\u00e9 60 dias, com direito a receber seguro-desemprego. A medida foi divulgada nesta quarta-feira (1\u00ba) pelo secret\u00e1rio especial de Previd\u00eancia e Trabalho do Minist\u00e9rio da Economia, Bruno Bianco, como forma de diminuir efeitos econ\u00f4micos da pandemia do novo coronav\u00edrus.<\/p>\n<p>O mecanismo consta da medida provis\u00f3ria de preserva\u00e7\u00e3o do emprego, a ser enviada pelo governo ao Congresso. Segundo a equipe econ\u00f4mica, o governo gastar\u00e1 R$ 51,2 bilh\u00f5es com o programa que evita demiss\u00f5es por causa das medidas adotadas no pa\u00eds para evitar uma maior dissemina\u00e7\u00e3o da covid-19.<\/p>\n<p>As micro e pequenas empresas, que faturam at\u00e9 R$ 4,8 milh\u00f5es por ano, poder\u00e3o dispensar temporariamente os funcion\u00e1rios sem pagar nenhuma parte do sal\u00e1rio, com o governo bancando 100% do seguro-desemprego ao qual o trabalhador teria direito caso fosse demitido. As negocia\u00e7\u00f5es individuais valer\u00e3o para os empregados que ganham at\u00e9 tr\u00eas sal\u00e1rios m\u00ednimos (R$ 3.135) ou para o trabalhador de n\u00edvel superior que receba mais de R$ 12.202,12, o dobro do teto da Previd\u00eancia Social.<\/p>\n<p>As m\u00e9dias e grandes empresas, que faturam mais que R$ 4,8 milh\u00f5es por ano, ter\u00e3o de bancar 30% do sal\u00e1rio durante a suspens\u00e3o do contrato, com o governo pagando 70% do seguro-desemprego. Os tipos de funcion\u00e1rios que podem aderir \u00e0s negocia\u00e7\u00f5es individuais permanecem os mesmos para as empresas de menor porte.<\/p>\n<p>No caso de negocia\u00e7\u00f5es coletivas, aprovadas em assembleias virtuais pelos sindicatos da categoria, a suspens\u00e3o com complementa\u00e7\u00e3o de renda valer\u00e1 para todos os empregados da empresa. O empregado n\u00e3o precisar\u00e1 pedir o seguro-desemprego. Segundo o secret\u00e1rio de Trabalho do Minist\u00e9rio da Economia, Bruno Dalcomo, o governo depositar\u00e1 automaticamente o valor na conta do trabalhador assim que for notificado da negocia\u00e7\u00e3o.<\/p>\n<p>O prazo m\u00e1ximo da suspens\u00e3o dos contratos corresponde a 60 dias. A interrup\u00e7\u00e3o do contrato de trabalho precisa ser pactuada por acordo individual escrito entre empregador e empregado, devendo a proposta ser encaminhada ao empregado com anteced\u00eancia m\u00ednima de dois dias corridos. O empregador dever\u00e1 manter os benef\u00edcios pagos aos empregados durante o per\u00edodo de suspens\u00e3o, como vale alimenta\u00e7\u00e3o e aux\u00edlios, e o empregado n\u00e3o poder\u00e1 ser requisitado para trabalho remoto ou a dist\u00e2ncia.<\/p>\n<p>A medida provis\u00f3ria tamb\u00e9m institui garantia provis\u00f3ria do emprego durante o per\u00edodo de suspens\u00e3o e ap\u00f3s o restabelecimento da jornada por per\u00edodo equivalente ao da suspens\u00e3o. Ou seja, uma suspens\u00e3o de dois meses, garante uma estabilidade de quatro meses no emprego.<\/p>\n<p>Jornada reduzida<\/p>\n<p>O empregador tamb\u00e9m poder\u00e1 acordar a redu\u00e7\u00e3o proporcional da jornada de trabalho por at\u00e9 tr\u00eas meses, com diminui\u00e7\u00e3o do sal\u00e1rio na mesma propor\u00e7\u00e3o. Assim como na suspens\u00e3o, o governo bancar\u00e1 o restante do sal\u00e1rio com parte do seguro-desemprego a que o trabalhador teria direito.<\/p>\n<p>A medida provis\u00f3ria prev\u00ea tr\u00eas tipos de redu\u00e7\u00e3o de sal\u00e1rio e de jornada: 25% do rendimento, com o governo bancando 25% do seguro-desemprego; 50%, com o governo pagando os 50% restantes; e 70%, com o governo complementando 70% do seguro-desemprego. A redu\u00e7\u00e3o de 25% pode ser acordada com todos os empregados, individualmente ou coletivamente. As demais diminui\u00e7\u00f5es podem ser pactuadas individualmente apenas por quem ganha at\u00e9 tr\u00eas sal\u00e1rios m\u00ednimos ou por trabalhador com n\u00edvel superior que receba mais que o dobro do teto da Previd\u00eancia (R$ 12.202,12) ou coletivamente por todos os funcion\u00e1rios.<\/p>\n<p>A redu\u00e7\u00e3o de jornada deve preservar o valor do sal\u00e1rio-hora de trabalho e est\u00e1 limitada a 90 dias. As demais condi\u00e7\u00f5es permanecem as mesmas para a suspens\u00e3o dos contratos: acordo individual escrito entre empregador e empregado, com proposta encaminhada ao empregado com anteced\u00eancia m\u00ednima de dois dias corridos e estabilidade no emprego at\u00e9 o dobro do per\u00edodo de redu\u00e7\u00e3o (com uma redu\u00e7\u00e3o de jornada por tr\u00eas meses garantindo o emprego por seis meses).<\/p>\n<p>Acordos coletivos<\/p>\n<p>As atuais conven\u00e7\u00f5es ou acordos coletivos de trabalho poder\u00e3o ser renegociados no prazo de dez dias corridos a contar da publica\u00e7\u00e3o da medida provis\u00f3ria. Para evitar aglomera\u00e7\u00f5es e acelerar as negocia\u00e7\u00f5es, as assembleias poder\u00e3o ser convocadas e realizadas por meios eletr\u00f4nicos, com os prazos reduzidos pela metade em rela\u00e7\u00e3o aos tr\u00e2mites tradicionais.<\/p>\n<p>Caso o empregado tenha fechado acordo individual com a empresa, prevalecer\u00e1 a negocia\u00e7\u00e3o coletiva. Se o acordo coletivo estabelecer porcentagens de redu\u00e7\u00e3o de jornada e de sal\u00e1rio diferentes das faixas estabelecidas pela medida provis\u00f3ria, a complementa\u00e7\u00e3o do seguro-desemprego ocorrer\u00e1 da seguinte forma: sem benef\u00edcio emergencial do governo para redu\u00e7\u00f5es inferiores a 25%; seguro-desemprego de 25% para redu\u00e7\u00e3o de jornada e de sal\u00e1rio igual a 25% e menor que 50%; seguro-desemprego de 50% para redu\u00e7\u00f5es iguais a 50% e menores que 70%; e pagamento de 70% do seguro-desemprego para redu\u00e7\u00e3o igual ou superior a 70%.<\/p>\n<p>A jornada de trabalho e o sal\u00e1rio anteriormente pago ser\u00e3o restabelecidos quando houver a cessa\u00e7\u00e3o do estado de calamidade p\u00fablica, o encerramento do per\u00edodo pactuado no acordo individual ou pelo empregador no fim do per\u00edodo de redu\u00e7\u00e3o.<\/p>\n<p>Fonte: Wellton M\u00e1ximo \u2013 Rep\u00f3rter da Ag\u00eancia Brasil<\/p>\n","protected":false},"excerpt":{"rendered":"<p>Jornada reduzida ter\u00e1 complementa\u00e7\u00e3o de renda pelo governo &nbsp; O empregador poder\u00e1 acordar, por meio de negocia\u00e7\u00f5es individuais ou coletivas, a suspens\u00e3o do contrato de trabalho<span class=\"excerpt-hellip\"> [\u2026]<\/span><\/p>\n","protected":false},"author":10,"featured_media":5988,"comment_status":"open","ping_status":"open","sticky":false,"template":"","format":"standard","meta":{"_jetpack_memberships_contains_paid_content":false,"footnotes":"","jetpack_publicize_message":"","jetpack_publicize_feature_enabled":true,"jetpack_social_post_already_shared":false,"jetpack_social_options":{"image_generator_settings":{"template":"highway","default_image_id":0,"enabled":false},"version":2}},"categories":[53,44],"tags":[],"class_list":["post-5987","post","type-post","status-publish","format-standard","has-post-thumbnail","hentry","category-brasil","category-noticias"],"yoast_head":"<!-- This site is optimized with the Yoast SEO plugin v25.6 - https:\/\/yoast.com\/wordpress\/plugins\/seo\/ -->\n<title>Empregado suspenso do trabalho receber\u00e1 at\u00e9 100% do seguro-desemprego - VerdadeOn<\/title>\n<meta name=\"robots\" content=\"index, follow, max-snippet:-1, max-image-preview:large, max-video-preview:-1\" \/>\n<link rel=\"canonical\" href=\"https:\/\/verdadeon.com.br\/portal\/2020\/04\/02\/empregado-suspenso-do-trabalho-recebera-ate-100-do-seguro-desemprego\/\" \/>\n<meta property=\"og:locale\" content=\"pt_BR\" \/>\n<meta property=\"og:type\" content=\"article\" \/>\n<meta property=\"og:title\" content=\"Empregado suspenso do trabalho receber\u00e1 at\u00e9 100% do seguro-desemprego - VerdadeOn\" \/>\n<meta property=\"og:description\" content=\"Jornada reduzida ter\u00e1 complementa\u00e7\u00e3o de renda pelo governo &nbsp; O empregador poder\u00e1 acordar, por meio de negocia\u00e7\u00f5es individuais ou coletivas, a suspens\u00e3o do contrato de trabalho [\u2026]\" \/>\n<meta property=\"og:url\" content=\"https:\/\/verdadeon.com.br\/portal\/2020\/04\/02\/empregado-suspenso-do-trabalho-recebera-ate-100-do-seguro-desemprego\/\" \/>\n<meta property=\"og:site_name\" content=\"VerdadeOn\" \/>\n<meta property=\"article:published_time\" content=\"2020-04-02T12:57:39+00:00\" \/>\n<meta property=\"og:image\" content=\"https:\/\/verdadeon.com.br\/portal\/wp-content\/uploads\/2020\/04\/WhatsApp-Image-2020-04-02-at-09.44.45.jpeg\" \/>\n\t<meta property=\"og:image:width\" content=\"1000\" \/>\n\t<meta property=\"og:image:height\" content=\"670\" \/>\n\t<meta property=\"og:image:type\" content=\"image\/jpeg\" \/>\n<meta name=\"author\" content=\"Redacao VerdadeOn\" \/>\n<meta name=\"twitter:card\" content=\"summary_large_image\" \/>\n<meta name=\"twitter:label1\" content=\"Escrito por\" \/>\n\t<meta name=\"twitter:data1\" content=\"Redacao VerdadeOn\" \/>\n\t<meta name=\"twitter:label2\" content=\"Est. tempo de leitura\" \/>\n\t<meta name=\"twitter:data2\" content=\"5 minutos\" \/>\n<script type=\"application\/ld+json\" class=\"yoast-schema-graph\">{\"@context\":\"https:\/\/schema.org\",\"@graph\":[{\"@type\":\"WebPage\",\"@id\":\"https:\/\/verdadeon.com.br\/portal\/2020\/04\/02\/empregado-suspenso-do-trabalho-recebera-ate-100-do-seguro-desemprego\/\",\"url\":\"https:\/\/verdadeon.com.br\/portal\/2020\/04\/02\/empregado-suspenso-do-trabalho-recebera-ate-100-do-seguro-desemprego\/\",\"name\":\"Empregado suspenso do trabalho receber\u00e1 at\u00e9 100% do seguro-desemprego - VerdadeOn\",\"isPartOf\":{\"@id\":\"https:\/\/verdadeon.com.br\/portal\/#website\"},\"primaryImageOfPage\":{\"@id\":\"https:\/\/verdadeon.com.br\/portal\/2020\/04\/02\/empregado-suspenso-do-trabalho-recebera-ate-100-do-seguro-desemprego\/#primaryimage\"},\"image\":{\"@id\":\"https:\/\/verdadeon.com.br\/portal\/2020\/04\/02\/empregado-suspenso-do-trabalho-recebera-ate-100-do-seguro-desemprego\/#primaryimage\"},\"thumbnailUrl\":\"https:\/\/i0.wp.com\/verdadeon.com.br\/portal\/wp-content\/uploads\/2020\/04\/WhatsApp-Image-2020-04-02-at-09.44.45.jpeg?fit=1000%2C670&ssl=1\",\"datePublished\":\"2020-04-02T12:57:39+00:00\",\"author\":{\"@id\":\"https:\/\/verdadeon.com.br\/portal\/#\/schema\/person\/a5060ad1e9ea3df545188fc93ce43d2f\"},\"breadcrumb\":{\"@id\":\"https:\/\/verdadeon.com.br\/portal\/2020\/04\/02\/empregado-suspenso-do-trabalho-recebera-ate-100-do-seguro-desemprego\/#breadcrumb\"},\"inLanguage\":\"pt-BR\",\"potentialAction\":[{\"@type\":\"ReadAction\",\"target\":[\"https:\/\/verdadeon.com.br\/portal\/2020\/04\/02\/empregado-suspenso-do-trabalho-recebera-ate-100-do-seguro-desemprego\/\"]}]},{\"@type\":\"ImageObject\",\"inLanguage\":\"pt-BR\",\"@id\":\"https:\/\/verdadeon.com.br\/portal\/2020\/04\/02\/empregado-suspenso-do-trabalho-recebera-ate-100-do-seguro-desemprego\/#primaryimage\",\"url\":\"https:\/\/i0.wp.com\/verdadeon.com.br\/portal\/wp-content\/uploads\/2020\/04\/WhatsApp-Image-2020-04-02-at-09.44.45.jpeg?fit=1000%2C670&ssl=1\",\"contentUrl\":\"https:\/\/i0.wp.com\/verdadeon.com.br\/portal\/wp-content\/uploads\/2020\/04\/WhatsApp-Image-2020-04-02-at-09.44.45.jpeg?fit=1000%2C670&ssl=1\",\"width\":1000,\"height\":670},{\"@type\":\"BreadcrumbList\",\"@id\":\"https:\/\/verdadeon.com.br\/portal\/2020\/04\/02\/empregado-suspenso-do-trabalho-recebera-ate-100-do-seguro-desemprego\/#breadcrumb\",\"itemListElement\":[{\"@type\":\"ListItem\",\"position\":1,\"name\":\"In\u00edcio\",\"item\":\"https:\/\/verdadeon.com.br\/portal\/\"},{\"@type\":\"ListItem\",\"position\":2,\"name\":\"Empregado suspenso do trabalho receber\u00e1 at\u00e9 100% do seguro-desemprego\"}]},{\"@type\":\"WebSite\",\"@id\":\"https:\/\/verdadeon.com.br\/portal\/#website\",\"url\":\"https:\/\/verdadeon.com.br\/portal\/\",\"name\":\"VerdadeOn\",\"description\":\"Not\u00edcias di\u00e1rias sobre Franca, Regi\u00e3o, Esporte, Cultura, Cotidiano, Colunas. Cobertura nos principais eventos da cidade \u00e9 aqui - Verdadeon Franca\",\"potentialAction\":[{\"@type\":\"SearchAction\",\"target\":{\"@type\":\"EntryPoint\",\"urlTemplate\":\"https:\/\/verdadeon.com.br\/portal\/?s={search_term_string}\"},\"query-input\":{\"@type\":\"PropertyValueSpecification\",\"valueRequired\":true,\"valueName\":\"search_term_string\"}}],\"inLanguage\":\"pt-BR\"},{\"@type\":\"Person\",\"@id\":\"https:\/\/verdadeon.com.br\/portal\/#\/schema\/person\/a5060ad1e9ea3df545188fc93ce43d2f\",\"name\":\"Redacao VerdadeOn\",\"image\":{\"@type\":\"ImageObject\",\"inLanguage\":\"pt-BR\",\"@id\":\"https:\/\/verdadeon.com.br\/portal\/#\/schema\/person\/image\/\",\"url\":\"https:\/\/secure.gravatar.com\/avatar\/459a9613caaaf07f582c3d0841eea68bdd66f533e465e6ba8b9cb45619572cf4?s=96&d=mm&r=g\",\"contentUrl\":\"https:\/\/secure.gravatar.com\/avatar\/459a9613caaaf07f582c3d0841eea68bdd66f533e465e6ba8b9cb45619572cf4?s=96&d=mm&r=g\",\"caption\":\"Redacao VerdadeOn\"},\"url\":\"https:\/\/verdadeon.com.br\/portal\/author\/redacao\/\"}]}<\/script>\n<!-- \/ Yoast SEO plugin. -->","yoast_head_json":{"title":"Empregado suspenso do trabalho receber\u00e1 at\u00e9 100% do seguro-desemprego - VerdadeOn","robots":{"index":"index","follow":"follow","max-snippet":"max-snippet:-1","max-image-preview":"max-image-preview:large","max-video-preview":"max-video-preview:-1"},"canonical":"https:\/\/verdadeon.com.br\/portal\/2020\/04\/02\/empregado-suspenso-do-trabalho-recebera-ate-100-do-seguro-desemprego\/","og_locale":"pt_BR","og_type":"article","og_title":"Empregado suspenso do trabalho receber\u00e1 at\u00e9 100% do seguro-desemprego - VerdadeOn","og_description":"Jornada reduzida ter\u00e1 complementa\u00e7\u00e3o de renda pelo governo &nbsp; O empregador poder\u00e1 acordar, por meio de negocia\u00e7\u00f5es individuais ou coletivas, a suspens\u00e3o do contrato de trabalho [\u2026]","og_url":"https:\/\/verdadeon.com.br\/portal\/2020\/04\/02\/empregado-suspenso-do-trabalho-recebera-ate-100-do-seguro-desemprego\/","og_site_name":"VerdadeOn","article_published_time":"2020-04-02T12:57:39+00:00","og_image":[{"width":1000,"height":670,"url":"https:\/\/verdadeon.com.br\/portal\/wp-content\/uploads\/2020\/04\/WhatsApp-Image-2020-04-02-at-09.44.45.jpeg","type":"image\/jpeg"}],"author":"Redacao VerdadeOn","twitter_card":"summary_large_image","twitter_misc":{"Escrito por":"Redacao VerdadeOn","Est. tempo de leitura":"5 minutos"},"schema":{"@context":"https:\/\/schema.org","@graph":[{"@type":"WebPage","@id":"https:\/\/verdadeon.com.br\/portal\/2020\/04\/02\/empregado-suspenso-do-trabalho-recebera-ate-100-do-seguro-desemprego\/","url":"https:\/\/verdadeon.com.br\/portal\/2020\/04\/02\/empregado-suspenso-do-trabalho-recebera-ate-100-do-seguro-desemprego\/","name":"Empregado suspenso do trabalho receber\u00e1 at\u00e9 100% do seguro-desemprego - VerdadeOn","isPartOf":{"@id":"https:\/\/verdadeon.com.br\/portal\/#website"},"primaryImageOfPage":{"@id":"https:\/\/verdadeon.com.br\/portal\/2020\/04\/02\/empregado-suspenso-do-trabalho-recebera-ate-100-do-seguro-desemprego\/#primaryimage"},"image":{"@id":"https:\/\/verdadeon.com.br\/portal\/2020\/04\/02\/empregado-suspenso-do-trabalho-recebera-ate-100-do-seguro-desemprego\/#primaryimage"},"thumbnailUrl":"https:\/\/i0.wp.com\/verdadeon.com.br\/portal\/wp-content\/uploads\/2020\/04\/WhatsApp-Image-2020-04-02-at-09.44.45.jpeg?fit=1000%2C670&ssl=1","datePublished":"2020-04-02T12:57:39+00:00","author":{"@id":"https:\/\/verdadeon.com.br\/portal\/#\/schema\/person\/a5060ad1e9ea3df545188fc93ce43d2f"},"breadcrumb":{"@id":"https:\/\/verdadeon.com.br\/portal\/2020\/04\/02\/empregado-suspenso-do-trabalho-recebera-ate-100-do-seguro-desemprego\/#breadcrumb"},"inLanguage":"pt-BR","potentialAction":[{"@type":"ReadAction","target":["https:\/\/verdadeon.com.br\/portal\/2020\/04\/02\/empregado-suspenso-do-trabalho-recebera-ate-100-do-seguro-desemprego\/"]}]},{"@type":"ImageObject","inLanguage":"pt-BR","@id":"https:\/\/verdadeon.com.br\/portal\/2020\/04\/02\/empregado-suspenso-do-trabalho-recebera-ate-100-do-seguro-desemprego\/#primaryimage","url":"https:\/\/i0.wp.com\/verdadeon.com.br\/portal\/wp-content\/uploads\/2020\/04\/WhatsApp-Image-2020-04-02-at-09.44.45.jpeg?fit=1000%2C670&ssl=1","contentUrl":"https:\/\/i0.wp.com\/verdadeon.com.br\/portal\/wp-content\/uploads\/2020\/04\/WhatsApp-Image-2020-04-02-at-09.44.45.jpeg?fit=1000%2C670&ssl=1","width":1000,"height":670},{"@type":"BreadcrumbList","@id":"https:\/\/verdadeon.com.br\/portal\/2020\/04\/02\/empregado-suspenso-do-trabalho-recebera-ate-100-do-seguro-desemprego\/#breadcrumb","itemListElement":[{"@type":"ListItem","position":1,"name":"In\u00edcio","item":"https:\/\/verdadeon.com.br\/portal\/"},{"@type":"ListItem","position":2,"name":"Empregado suspenso do trabalho receber\u00e1 at\u00e9 100% do seguro-desemprego"}]},{"@type":"WebSite","@id":"https:\/\/verdadeon.com.br\/portal\/#website","url":"https:\/\/verdadeon.com.br\/portal\/","name":"VerdadeOn","description":"Not\u00edcias di\u00e1rias sobre Franca, Regi\u00e3o, Esporte, Cultura, Cotidiano, Colunas. Cobertura nos principais eventos da cidade \u00e9 aqui - Verdadeon Franca","potentialAction":[{"@type":"SearchAction","target":{"@type":"EntryPoint","urlTemplate":"https:\/\/verdadeon.com.br\/portal\/?s={search_term_string}"},"query-input":{"@type":"PropertyValueSpecification","valueRequired":true,"valueName":"search_term_string"}}],"inLanguage":"pt-BR"},{"@type":"Person","@id":"https:\/\/verdadeon.com.br\/portal\/#\/schema\/person\/a5060ad1e9ea3df545188fc93ce43d2f","name":"Redacao VerdadeOn","image":{"@type":"ImageObject","inLanguage":"pt-BR","@id":"https:\/\/verdadeon.com.br\/portal\/#\/schema\/person\/image\/","url":"https:\/\/secure.gravatar.com\/avatar\/459a9613caaaf07f582c3d0841eea68bdd66f533e465e6ba8b9cb45619572cf4?s=96&d=mm&r=g","contentUrl":"https:\/\/secure.gravatar.com\/avatar\/459a9613caaaf07f582c3d0841eea68bdd66f533e465e6ba8b9cb45619572cf4?s=96&d=mm&r=g","caption":"Redacao VerdadeOn"},"url":"https:\/\/verdadeon.com.br\/portal\/author\/redacao\/"}]}},"jetpack_publicize_connections":[],"jetpack_featured_media_url":"https:\/\/i0.wp.com\/verdadeon.com.br\/portal\/wp-content\/uploads\/2020\/04\/WhatsApp-Image-2020-04-02-at-09.44.45.jpeg?fit=1000%2C670&ssl=1","jetpack_sharing_enabled":true,"_links":{"self":[{"href":"https:\/\/verdadeon.com.br\/portal\/wp-json\/wp\/v2\/posts\/5987","targetHints":{"allow":["GET"]}}],"collection":[{"href":"https:\/\/verdadeon.com.br\/portal\/wp-json\/wp\/v2\/posts"}],"about":[{"href":"https:\/\/verdadeon.com.br\/portal\/wp-json\/wp\/v2\/types\/post"}],"author":[{"embeddable":true,"href":"https:\/\/verdadeon.com.br\/portal\/wp-json\/wp\/v2\/users\/10"}],"replies":[{"embeddable":true,"href":"https:\/\/verdadeon.com.br\/portal\/wp-json\/wp\/v2\/comments?post=5987"}],"version-history":[{"count":0,"href":"https:\/\/verdadeon.com.br\/portal\/wp-json\/wp\/v2\/posts\/5987\/revisions"}],"wp:featuredmedia":[{"embeddable":true,"href":"https:\/\/verdadeon.com.br\/portal\/wp-json\/wp\/v2\/media\/5988"}],"wp:attachment":[{"href":"https:\/\/verdadeon.com.br\/portal\/wp-json\/wp\/v2\/media?parent=5987"}],"wp:term":[{"taxonomy":"category","embeddable":true,"href":"https:\/\/verdadeon.com.br\/portal\/wp-json\/wp\/v2\/categories?post=5987"},{"taxonomy":"post_tag","embeddable":true,"href":"https:\/\/verdadeon.com.br\/portal\/wp-json\/wp\/v2\/tags?post=5987"}],"curies":[{"name":"wp","href":"https:\/\/api.w.org\/{rel}","templated":true}]}}