{"id":5984,"date":"2020-04-02T09:31:00","date_gmt":"2020-04-02T12:31:00","guid":{"rendered":"http:\/\/verdadeon.com.br\/portal\/?p=5984"},"modified":"2020-04-02T09:31:00","modified_gmt":"2020-04-02T12:31:00","slug":"band-pretende-levar-marca-bora-para-todo-pais","status":"publish","type":"post","link":"https:\/\/verdadeon.com.br\/portal\/2020\/04\/02\/band-pretende-levar-marca-bora-para-todo-pais\/","title":{"rendered":"Band pretende levar marca \u201cBora\u201d para todo Pa\u00eds"},"content":{"rendered":"<p>Por:Fl\u00e1vio Ricco<\/p>\n<p>Colabora\u00e7\u00e3o:\u00a0\u00a0 Jos\u00e9 Carlos Nery<\/p>\n<p>&nbsp;<\/p>\n<p style=\"font-weight: 400;\">A Bandeirantes planeja levar a marca \u201cBora\u201d, do seu jornalismo, para todas as emissoras da rede.<\/p>\n<p style=\"font-weight: 400;\">Ali\u00e1s, um trabalho que j\u00e1 foi iniciado, mas que ser\u00e1 retomado e conclu\u00eddo no segundo semestre ou imediatamente ap\u00f3s a crise do coronav\u00edrus.<\/p>\n<p style=\"font-weight: 400;\">Hoje, j\u00e1 existem o \u201cBora PR\u201d, \u201cBora Nordeste\u201d, \u201cBora Minas\u201d, al\u00e9m de S\u00e3o Paulo, com Joel Datena e Laura Ferreira, que foi o primeiro de todos.<\/p>\n<p style=\"font-weight: 400;\">\u201cBand Not\u00edcias\u201d e \u201cNot\u00edcias da Reda\u00e7\u00e3o\u201d tamb\u00e9m ser\u00e3o alvos de cuidados, assim como existem outros investimentos projetados para o jornalismo, desfalcado, em alguns dos seus setores, durante o processo de implanta\u00e7\u00e3o da CNN Brasil.<\/p>\n<p style=\"font-weight: 400;\">O Grupo Band trabalha com planos para dar uma resposta ao p\u00fablico e ao mercado, e n\u00e3o apenas no seu canal aberto.<\/p>\n<p style=\"font-weight: 400;\">O BandNews TV, canal de not\u00edcias, j\u00e1 possui um plano de revigoramento, tocado pelo diretor Marcelo D\u2019Angelo, e que inclui um novo formato para o \u201cJornal BandNews\u201d, al\u00e9m de outras iniciativas para a programa\u00e7\u00e3o.<\/p>\n<p style=\"font-weight: 400;\">\n<h2 style=\"font-weight: 400;\">TV Tudo<\/h2>\n<p style=\"font-weight: 400;\">\n<p style=\"font-weight: 400;\">Lado bom<\/p>\n<p style=\"font-weight: 400;\">Devem ser reconhecidas e louvadas as iniciativas da Band em rela\u00e7\u00e3o ao jornalismo.<\/p>\n<p style=\"font-weight: 400;\">Esta, como o esporte, sempre foi uma das suas marcas, mas que foi colocada um pouquinho de lado nos \u00faltimos tempos.<\/p>\n<p style=\"font-weight: 400;\">\n<p style=\"font-weight: 400;\">Mas tem o outro<\/p>\n<p style=\"font-weight: 400;\">Num momento como o de agora, com tamanho desencontro de informa\u00e7\u00f5es, h\u00e1 uma inseguran\u00e7a instalada nos mais diferentes setores da Band.<\/p>\n<p style=\"font-weight: 400;\">As medidas tomadas nas emissoras de r\u00e1dio, com a suspens\u00e3o de alguns contratos de trabalho, foram muito mal recebidas internamente.<\/p>\n<p style=\"font-weight: 400;\">\n<p style=\"font-weight: 400;\">Freud explica?<\/p>\n<p style=\"font-weight: 400;\">Chama aten\u00e7\u00e3o como, na televis\u00e3o ou at\u00e9 mesmo fora dela, em outros tantos e diferentes setores, todo e qualquer sucesso provoca rea\u00e7\u00f5es que irritam certas pessoas.<\/p>\n<p style=\"font-weight: 400;\">H\u00e1, por parte de alguns, um inconformismo meio maluco. Incontrol\u00e1vel.<\/p>\n<p style=\"font-weight: 400;\">\n<p style=\"font-weight: 400;\">Doideira<\/p>\n<p style=\"font-weight: 400;\">O \u201cBBB20\u201d, na elimina\u00e7\u00e3o de ter\u00e7a-feira, ultrapassou a casa de 1,5 bilh\u00e3o de votos, total que chama aten\u00e7\u00e3o de todos.<\/p>\n<p style=\"font-weight: 400;\">E assim como dos tantos pa\u00edses que produzem o \u201cBig Brother\u201d. Marca para repercutir no mundo inteiro.<\/p>\n<p style=\"font-weight: 400;\">\n<p style=\"font-weight: 400;\">Por\u00e9m&#8230;<\/p>\n<p style=\"font-weight: 400;\">Tamb\u00e9m teve quem n\u00e3o acreditou ser poss\u00edvel chegar a de tal n\u00famero.<\/p>\n<p style=\"font-weight: 400;\">Que houve engana\u00e7\u00e3o, manipula\u00e7\u00e3o. Nada a ver. O sistema de mecanismos de seguran\u00e7a muito seguros e pessoal trabalhando dobrado desde a noite de domingo. Bobagem levantar suspeita.<\/p>\n<p style=\"font-weight: 400;\">\n<p style=\"font-weight: 400;\">App<\/p>\n<p style=\"font-weight: 400;\">O canal infantil TV R\u00e1 Tim Bum lan\u00e7a nesta sexta-feira, dia 3, o aplicativo TV R\u00e1 Tim Bum Play. Diversos conte\u00fados estar\u00e3o dispon\u00edveis para a crian\u00e7ada e para os adultos que desejam relembrar os desenhos que marcaram \u00e9poca, como \u201cCocoric\u00f3\u201d.<\/p>\n<p style=\"font-weight: 400;\">O servi\u00e7o ser\u00e1 gratuito no primeiro m\u00eas.<\/p>\n<p style=\"font-weight: 400;\">\n<p style=\"font-weight: 400;\">Document\u00e1rio<\/p>\n<p style=\"font-weight: 400;\">O Discovery vai apresentar na pr\u00f3xima quarta-feira, \u00e0s 22h, o document\u00e1rio com uma hora de dura\u00e7\u00e3o, \u201cPandemia: Covid-19\u201d. Este trabalho ganhar\u00e1 uma reprise no s\u00e1bado, dia 11, \u00e0s 23h40, e poder\u00e1 ainda ser conferido no site do canal.<\/p>\n<p style=\"font-weight: 400;\">E mais: a TV Cultura tamb\u00e9m exibir\u00e1 esse document\u00e1rio, no dia 11, \u00e0s 22h.<\/p>\n<p style=\"font-weight: 400;\">\n<p style=\"font-weight: 400;\">Internacional<\/p>\n<p style=\"font-weight: 400;\">No dia 4 de maio, faixa das 20h30, a Globo estreia em Portugal a novela \u201cBom Sucesso\u201d, sucesso recente das 19h, protagonizada por Antonio Fagundes e Grazi Massafera.<\/p>\n<p style=\"font-weight: 400;\">Vai substituir \u201cA Vida da Gente\u201d, da L\u00edcia Manzo.<\/p>\n<p style=\"font-weight: 400;\">(Antonio Fagundes e Grazi \/ cr\u00e9dito Victor Pollak)<\/p>\n<div id=\"attachment_5985\" style=\"width: 1010px\" class=\"wp-caption alignnone\"><img data-recalc-dims=\"1\" loading=\"lazy\" decoding=\"async\" aria-describedby=\"caption-attachment-5985\" class=\"wp-image-5985 size-full\" src=\"https:\/\/i0.wp.com\/verdadeon.com.br\/portal\/wp-content\/uploads\/2020\/04\/Fagundes-e-Grazi-1-scaled.jpg?resize=1000%2C667\" alt=\"\" width=\"1000\" height=\"667\" srcset=\"https:\/\/i0.wp.com\/verdadeon.com.br\/portal\/wp-content\/uploads\/2020\/04\/Fagundes-e-Grazi-1-scaled.jpg?w=1000&amp;ssl=1 1000w, https:\/\/i0.wp.com\/verdadeon.com.br\/portal\/wp-content\/uploads\/2020\/04\/Fagundes-e-Grazi-1-scaled.jpg?resize=300%2C200&amp;ssl=1 300w, https:\/\/i0.wp.com\/verdadeon.com.br\/portal\/wp-content\/uploads\/2020\/04\/Fagundes-e-Grazi-1-scaled.jpg?resize=768%2C512&amp;ssl=1 768w, https:\/\/i0.wp.com\/verdadeon.com.br\/portal\/wp-content\/uploads\/2020\/04\/Fagundes-e-Grazi-1-scaled.jpg?resize=219%2C146&amp;ssl=1 219w, https:\/\/i0.wp.com\/verdadeon.com.br\/portal\/wp-content\/uploads\/2020\/04\/Fagundes-e-Grazi-1-scaled.jpg?resize=50%2C33&amp;ssl=1 50w, https:\/\/i0.wp.com\/verdadeon.com.br\/portal\/wp-content\/uploads\/2020\/04\/Fagundes-e-Grazi-1-scaled.jpg?resize=112%2C75&amp;ssl=1 112w\" sizes=\"auto, (max-width: 1000px) 100vw, 1000px\" \/><p id=\"caption-attachment-5985\" class=\"wp-caption-text\">Alberto (Ant\u00f4nio Fagundes) e Paloma ( Grazi Massafera ) no Cacique de Ramos.<\/p><\/div>\n<p style=\"font-weight: 400;\">\n<p style=\"font-weight: 400;\">F\u00e9rias for\u00e7adas<\/p>\n<p style=\"font-weight: 400;\">A partir da pr\u00f3xima semana, a maior parte da equipe do \u201cDoming\u00e3o\u201d vai entrar em f\u00e9rias na Globo.<\/p>\n<p style=\"font-weight: 400;\">Ficar\u00e3o apenas alguns profissionais, o suficiente para manter o programa no ar.<\/p>\n<p style=\"font-weight: 400;\">\n<p style=\"font-weight: 400;\">R\u00e1dio<\/p>\n<p style=\"font-weight: 400;\">Luciano Gomes \u00e9 o novo gerente art\u00edstico da Brasil FM. Entre os seus planos, ampliar a participa\u00e7\u00e3o de outras pra\u00e7as na programa\u00e7\u00e3o, especialmente jornalismo.<\/p>\n<p style=\"font-weight: 400;\">Profissional com passagens pelo Sistema Globo de R\u00e1dio (98 FM), 104 FM, FM O Dia, FM 100.5, MPB FM, no Rio de Janeiro, al\u00e9m dos jornais O Dia e Meia Hora.<\/p>\n<p style=\"font-weight: 400;\">\n<h2 style=\"font-weight: 400;\">Bate \u2013 Rebate<\/h2>\n<ul>\n<li style=\"font-weight: 400;\">Em fun\u00e7\u00e3o do impacto causado pelo novo coronav\u00edrus, a TV Aparecida decidiu adiar as estreias previstas para abril&#8230;<\/li>\n<li style=\"font-weight: 400;\">&#8230; As novidades da grade, nos seus 15 anos em setembro, inclu\u00edam lan\u00e7amentos, bem como altera\u00e7\u00f5es de hor\u00e1rios dos programas noturnos&#8230;<\/li>\n<li style=\"font-weight: 400;\">&#8230;\u00a0 Portanto, \u201cDe Papo com Amanda Fran\u00e7ozo\u201d, \u201cVisita na Ro\u00e7a\u201d e \u201cArte Brasil\u201d ter\u00e3o que esperar mais um pouquinho.<\/li>\n<li style=\"font-weight: 400;\">Sobre o UFC, um aviso: todo s\u00e1bado, no Facebook, 21h, ser\u00e1 disponibilizada a exibi\u00e7\u00e3o de um\u00a0document\u00e1rio ou uma s\u00e9rie especial&#8230;<\/li>\n<li style=\"font-weight: 400;\">&#8230; A escolha, por meio de uma enquete, caber\u00e1 ao p\u00fablico&#8230;<\/li>\n<li style=\"font-weight: 400;\">&#8230;\u00a0Ao todo, mais de 70 horas de material, divididas em mais de 100 epis\u00f3dios de 17 t\u00edtulos diferentes.<\/li>\n<li style=\"font-weight: 400;\">No s\u00e1bado, 21hh5, o Canal Brasil vai exibir \u201cO Aspirante\u201d&#8230;<\/li>\n<li style=\"font-weight: 400;\">&#8230; O filme, dono de v\u00e1rios pr\u00eamios, conta a hist\u00f3ria de um jovem interessado em se tornar jogador de futebol&#8230;<\/li>\n<li style=\"font-weight: 400;\">&#8230; Em seu elenco, Ariclenes Barroso, S\u00e9rgio Malheiros e Julia Bernat, entre outros.<\/li>\n<li style=\"font-weight: 400;\">Recentemente, antes de o coronav\u00edrus chegar, levantamento do Ibope apontou que o tempo m\u00e9dio do consumo da TV no Brasil estava em 6h17&#8230;<\/li>\n<li style=\"font-weight: 400;\">&#8230; No entanto, h\u00e1 o entendimento que esta marca j\u00e1 foi superada.<\/li>\n<\/ul>\n<p style=\"font-weight: 400;\">\n<h2 style=\"font-weight: 400;\">C\u00b4est fini<\/h2>\n<p style=\"font-weight: 400;\">\u201cMalha\u00e7\u00e3o: Toda Forma de Amar\u201d est\u00e1 em seus cap\u00edtulos\u00a0 finais na Globo e batendo recordes semanais de audi\u00eancia. Nas \u00faltimas duas, a temporada fez seus melhores \u00edndices,\u00a0 com 21 pontos em S\u00e3o Paulo e 25 no Rio.<\/p>\n<p style=\"font-weight: 400;\">At\u00e9 o momento, a m\u00e9dia geral da novela \u00e9 de 18 pontos em S\u00e3o Paulo e 21 pontos\u00a0no Rio, superando os n\u00fameros da temporada anterior, mesmo tendo seu fim antecipado\u00a0por conta da expans\u00e3o do Covid-19.<\/p>\n<p style=\"font-weight: 400;\">\n<p style=\"font-weight: 400;\">Ent\u00e3o \u00e9 isso. Mas amanh\u00e3 tem mais. Tchau!<\/p>\n<p><img data-recalc-dims=\"1\" loading=\"lazy\" decoding=\"async\" class=\"alignnone wp-image-4315 size-full\" src=\"https:\/\/i0.wp.com\/verdadeon.com.br\/portal\/wp-content\/uploads\/2020\/02\/AF-Anu%C3%ACncio-Franca-10x13cm-2.jpg?resize=1000%2C670\" alt=\"\" width=\"1000\" height=\"670\" \/><\/p>\n","protected":false},"excerpt":{"rendered":"<p>Por:Fl\u00e1vio Ricco Colabora\u00e7\u00e3o:\u00a0\u00a0 Jos\u00e9 Carlos Nery &nbsp; A Bandeirantes planeja levar a marca \u201cBora\u201d, do seu jornalismo, para todas as emissoras da rede. Ali\u00e1s, um trabalho<span class=\"excerpt-hellip\"> [\u2026]<\/span><\/p>\n","protected":false},"author":10,"featured_media":5985,"comment_status":"open","ping_status":"open","sticky":false,"template":"","format":"standard","meta":{"_jetpack_memberships_contains_paid_content":false,"footnotes":"","jetpack_publicize_message":"","jetpack_publicize_feature_enabled":true,"jetpack_social_post_already_shared":false,"jetpack_social_options":{"image_generator_settings":{"template":"highway","default_image_id":0,"enabled":false},"version":2}},"categories":[93,92],"tags":[],"class_list":["post-5984","post","type-post","status-publish","format-standard","has-post-thumbnail","hentry","category-canal-1","category-colunista"],"yoast_head":"<!-- This site is optimized with the Yoast SEO plugin v25.6 - https:\/\/yoast.com\/wordpress\/plugins\/seo\/ -->\n<title>Band pretende levar marca \u201cBora\u201d para todo Pa\u00eds - VerdadeOn<\/title>\n<meta name=\"robots\" content=\"index, follow, max-snippet:-1, max-image-preview:large, max-video-preview:-1\" \/>\n<link rel=\"canonical\" href=\"https:\/\/verdadeon.com.br\/portal\/2020\/04\/02\/band-pretende-levar-marca-bora-para-todo-pais\/\" \/>\n<meta property=\"og:locale\" content=\"pt_BR\" \/>\n<meta property=\"og:type\" content=\"article\" \/>\n<meta property=\"og:title\" content=\"Band pretende levar marca \u201cBora\u201d para todo Pa\u00eds - VerdadeOn\" \/>\n<meta property=\"og:description\" content=\"Por:Fl\u00e1vio Ricco Colabora\u00e7\u00e3o:\u00a0\u00a0 Jos\u00e9 Carlos Nery &nbsp; A Bandeirantes planeja levar a marca \u201cBora\u201d, do seu jornalismo, para todas as emissoras da rede. Ali\u00e1s, um trabalho [\u2026]\" \/>\n<meta property=\"og:url\" content=\"https:\/\/verdadeon.com.br\/portal\/2020\/04\/02\/band-pretende-levar-marca-bora-para-todo-pais\/\" \/>\n<meta property=\"og:site_name\" content=\"VerdadeOn\" \/>\n<meta property=\"article:published_time\" content=\"2020-04-02T12:31:00+00:00\" \/>\n<meta property=\"og:image\" content=\"https:\/\/verdadeon.com.br\/portal\/wp-content\/uploads\/2020\/04\/Fagundes-e-Grazi-1-scaled.jpg\" \/>\n\t<meta property=\"og:image:width\" content=\"1000\" \/>\n\t<meta property=\"og:image:height\" content=\"667\" \/>\n\t<meta property=\"og:image:type\" content=\"image\/jpeg\" \/>\n<meta name=\"author\" content=\"Redacao VerdadeOn\" \/>\n<meta name=\"twitter:card\" content=\"summary_large_image\" \/>\n<meta name=\"twitter:label1\" content=\"Escrito por\" \/>\n\t<meta name=\"twitter:data1\" content=\"Redacao VerdadeOn\" \/>\n\t<meta name=\"twitter:label2\" content=\"Est. tempo de leitura\" \/>\n\t<meta name=\"twitter:data2\" content=\"5 minutos\" \/>\n<script type=\"application\/ld+json\" class=\"yoast-schema-graph\">{\"@context\":\"https:\/\/schema.org\",\"@graph\":[{\"@type\":\"WebPage\",\"@id\":\"https:\/\/verdadeon.com.br\/portal\/2020\/04\/02\/band-pretende-levar-marca-bora-para-todo-pais\/\",\"url\":\"https:\/\/verdadeon.com.br\/portal\/2020\/04\/02\/band-pretende-levar-marca-bora-para-todo-pais\/\",\"name\":\"Band pretende levar marca \u201cBora\u201d para todo Pa\u00eds - VerdadeOn\",\"isPartOf\":{\"@id\":\"https:\/\/verdadeon.com.br\/portal\/#website\"},\"primaryImageOfPage\":{\"@id\":\"https:\/\/verdadeon.com.br\/portal\/2020\/04\/02\/band-pretende-levar-marca-bora-para-todo-pais\/#primaryimage\"},\"image\":{\"@id\":\"https:\/\/verdadeon.com.br\/portal\/2020\/04\/02\/band-pretende-levar-marca-bora-para-todo-pais\/#primaryimage\"},\"thumbnailUrl\":\"https:\/\/i0.wp.com\/verdadeon.com.br\/portal\/wp-content\/uploads\/2020\/04\/Fagundes-e-Grazi-1-scaled.jpg?fit=1000%2C667&ssl=1\",\"datePublished\":\"2020-04-02T12:31:00+00:00\",\"author\":{\"@id\":\"https:\/\/verdadeon.com.br\/portal\/#\/schema\/person\/a5060ad1e9ea3df545188fc93ce43d2f\"},\"breadcrumb\":{\"@id\":\"https:\/\/verdadeon.com.br\/portal\/2020\/04\/02\/band-pretende-levar-marca-bora-para-todo-pais\/#breadcrumb\"},\"inLanguage\":\"pt-BR\",\"potentialAction\":[{\"@type\":\"ReadAction\",\"target\":[\"https:\/\/verdadeon.com.br\/portal\/2020\/04\/02\/band-pretende-levar-marca-bora-para-todo-pais\/\"]}]},{\"@type\":\"ImageObject\",\"inLanguage\":\"pt-BR\",\"@id\":\"https:\/\/verdadeon.com.br\/portal\/2020\/04\/02\/band-pretende-levar-marca-bora-para-todo-pais\/#primaryimage\",\"url\":\"https:\/\/i0.wp.com\/verdadeon.com.br\/portal\/wp-content\/uploads\/2020\/04\/Fagundes-e-Grazi-1-scaled.jpg?fit=1000%2C667&ssl=1\",\"contentUrl\":\"https:\/\/i0.wp.com\/verdadeon.com.br\/portal\/wp-content\/uploads\/2020\/04\/Fagundes-e-Grazi-1-scaled.jpg?fit=1000%2C667&ssl=1\",\"width\":1000,\"height\":667,\"caption\":\"Alberto (Ant\u00f4nio Fagundes) e Paloma ( Grazi Massafera ) no Cacique de Ramos.\"},{\"@type\":\"BreadcrumbList\",\"@id\":\"https:\/\/verdadeon.com.br\/portal\/2020\/04\/02\/band-pretende-levar-marca-bora-para-todo-pais\/#breadcrumb\",\"itemListElement\":[{\"@type\":\"ListItem\",\"position\":1,\"name\":\"In\u00edcio\",\"item\":\"https:\/\/verdadeon.com.br\/portal\/\"},{\"@type\":\"ListItem\",\"position\":2,\"name\":\"Band pretende levar marca \u201cBora\u201d para todo Pa\u00eds\"}]},{\"@type\":\"WebSite\",\"@id\":\"https:\/\/verdadeon.com.br\/portal\/#website\",\"url\":\"https:\/\/verdadeon.com.br\/portal\/\",\"name\":\"VerdadeOn\",\"description\":\"Not\u00edcias di\u00e1rias sobre Franca, Regi\u00e3o, Esporte, Cultura, Cotidiano, Colunas. Cobertura nos principais eventos da cidade \u00e9 aqui - Verdadeon Franca\",\"potentialAction\":[{\"@type\":\"SearchAction\",\"target\":{\"@type\":\"EntryPoint\",\"urlTemplate\":\"https:\/\/verdadeon.com.br\/portal\/?s={search_term_string}\"},\"query-input\":{\"@type\":\"PropertyValueSpecification\",\"valueRequired\":true,\"valueName\":\"search_term_string\"}}],\"inLanguage\":\"pt-BR\"},{\"@type\":\"Person\",\"@id\":\"https:\/\/verdadeon.com.br\/portal\/#\/schema\/person\/a5060ad1e9ea3df545188fc93ce43d2f\",\"name\":\"Redacao VerdadeOn\",\"image\":{\"@type\":\"ImageObject\",\"inLanguage\":\"pt-BR\",\"@id\":\"https:\/\/verdadeon.com.br\/portal\/#\/schema\/person\/image\/\",\"url\":\"https:\/\/secure.gravatar.com\/avatar\/459a9613caaaf07f582c3d0841eea68bdd66f533e465e6ba8b9cb45619572cf4?s=96&d=mm&r=g\",\"contentUrl\":\"https:\/\/secure.gravatar.com\/avatar\/459a9613caaaf07f582c3d0841eea68bdd66f533e465e6ba8b9cb45619572cf4?s=96&d=mm&r=g\",\"caption\":\"Redacao VerdadeOn\"},\"url\":\"https:\/\/verdadeon.com.br\/portal\/author\/redacao\/\"}]}<\/script>\n<!-- \/ Yoast SEO plugin. -->","yoast_head_json":{"title":"Band pretende levar marca \u201cBora\u201d para todo Pa\u00eds - VerdadeOn","robots":{"index":"index","follow":"follow","max-snippet":"max-snippet:-1","max-image-preview":"max-image-preview:large","max-video-preview":"max-video-preview:-1"},"canonical":"https:\/\/verdadeon.com.br\/portal\/2020\/04\/02\/band-pretende-levar-marca-bora-para-todo-pais\/","og_locale":"pt_BR","og_type":"article","og_title":"Band pretende levar marca \u201cBora\u201d para todo Pa\u00eds - VerdadeOn","og_description":"Por:Fl\u00e1vio Ricco Colabora\u00e7\u00e3o:\u00a0\u00a0 Jos\u00e9 Carlos Nery &nbsp; A Bandeirantes planeja levar a marca \u201cBora\u201d, do seu jornalismo, para todas as emissoras da rede. Ali\u00e1s, um trabalho [\u2026]","og_url":"https:\/\/verdadeon.com.br\/portal\/2020\/04\/02\/band-pretende-levar-marca-bora-para-todo-pais\/","og_site_name":"VerdadeOn","article_published_time":"2020-04-02T12:31:00+00:00","og_image":[{"width":1000,"height":667,"url":"https:\/\/verdadeon.com.br\/portal\/wp-content\/uploads\/2020\/04\/Fagundes-e-Grazi-1-scaled.jpg","type":"image\/jpeg"}],"author":"Redacao VerdadeOn","twitter_card":"summary_large_image","twitter_misc":{"Escrito por":"Redacao VerdadeOn","Est. tempo de leitura":"5 minutos"},"schema":{"@context":"https:\/\/schema.org","@graph":[{"@type":"WebPage","@id":"https:\/\/verdadeon.com.br\/portal\/2020\/04\/02\/band-pretende-levar-marca-bora-para-todo-pais\/","url":"https:\/\/verdadeon.com.br\/portal\/2020\/04\/02\/band-pretende-levar-marca-bora-para-todo-pais\/","name":"Band pretende levar marca \u201cBora\u201d para todo Pa\u00eds - VerdadeOn","isPartOf":{"@id":"https:\/\/verdadeon.com.br\/portal\/#website"},"primaryImageOfPage":{"@id":"https:\/\/verdadeon.com.br\/portal\/2020\/04\/02\/band-pretende-levar-marca-bora-para-todo-pais\/#primaryimage"},"image":{"@id":"https:\/\/verdadeon.com.br\/portal\/2020\/04\/02\/band-pretende-levar-marca-bora-para-todo-pais\/#primaryimage"},"thumbnailUrl":"https:\/\/i0.wp.com\/verdadeon.com.br\/portal\/wp-content\/uploads\/2020\/04\/Fagundes-e-Grazi-1-scaled.jpg?fit=1000%2C667&ssl=1","datePublished":"2020-04-02T12:31:00+00:00","author":{"@id":"https:\/\/verdadeon.com.br\/portal\/#\/schema\/person\/a5060ad1e9ea3df545188fc93ce43d2f"},"breadcrumb":{"@id":"https:\/\/verdadeon.com.br\/portal\/2020\/04\/02\/band-pretende-levar-marca-bora-para-todo-pais\/#breadcrumb"},"inLanguage":"pt-BR","potentialAction":[{"@type":"ReadAction","target":["https:\/\/verdadeon.com.br\/portal\/2020\/04\/02\/band-pretende-levar-marca-bora-para-todo-pais\/"]}]},{"@type":"ImageObject","inLanguage":"pt-BR","@id":"https:\/\/verdadeon.com.br\/portal\/2020\/04\/02\/band-pretende-levar-marca-bora-para-todo-pais\/#primaryimage","url":"https:\/\/i0.wp.com\/verdadeon.com.br\/portal\/wp-content\/uploads\/2020\/04\/Fagundes-e-Grazi-1-scaled.jpg?fit=1000%2C667&ssl=1","contentUrl":"https:\/\/i0.wp.com\/verdadeon.com.br\/portal\/wp-content\/uploads\/2020\/04\/Fagundes-e-Grazi-1-scaled.jpg?fit=1000%2C667&ssl=1","width":1000,"height":667,"caption":"Alberto (Ant\u00f4nio Fagundes) e Paloma ( Grazi Massafera ) no Cacique de Ramos."},{"@type":"BreadcrumbList","@id":"https:\/\/verdadeon.com.br\/portal\/2020\/04\/02\/band-pretende-levar-marca-bora-para-todo-pais\/#breadcrumb","itemListElement":[{"@type":"ListItem","position":1,"name":"In\u00edcio","item":"https:\/\/verdadeon.com.br\/portal\/"},{"@type":"ListItem","position":2,"name":"Band pretende levar marca \u201cBora\u201d para todo Pa\u00eds"}]},{"@type":"WebSite","@id":"https:\/\/verdadeon.com.br\/portal\/#website","url":"https:\/\/verdadeon.com.br\/portal\/","name":"VerdadeOn","description":"Not\u00edcias di\u00e1rias sobre Franca, Regi\u00e3o, Esporte, Cultura, Cotidiano, Colunas. Cobertura nos principais eventos da cidade \u00e9 aqui - Verdadeon Franca","potentialAction":[{"@type":"SearchAction","target":{"@type":"EntryPoint","urlTemplate":"https:\/\/verdadeon.com.br\/portal\/?s={search_term_string}"},"query-input":{"@type":"PropertyValueSpecification","valueRequired":true,"valueName":"search_term_string"}}],"inLanguage":"pt-BR"},{"@type":"Person","@id":"https:\/\/verdadeon.com.br\/portal\/#\/schema\/person\/a5060ad1e9ea3df545188fc93ce43d2f","name":"Redacao VerdadeOn","image":{"@type":"ImageObject","inLanguage":"pt-BR","@id":"https:\/\/verdadeon.com.br\/portal\/#\/schema\/person\/image\/","url":"https:\/\/secure.gravatar.com\/avatar\/459a9613caaaf07f582c3d0841eea68bdd66f533e465e6ba8b9cb45619572cf4?s=96&d=mm&r=g","contentUrl":"https:\/\/secure.gravatar.com\/avatar\/459a9613caaaf07f582c3d0841eea68bdd66f533e465e6ba8b9cb45619572cf4?s=96&d=mm&r=g","caption":"Redacao VerdadeOn"},"url":"https:\/\/verdadeon.com.br\/portal\/author\/redacao\/"}]}},"jetpack_publicize_connections":[],"jetpack_featured_media_url":"https:\/\/i0.wp.com\/verdadeon.com.br\/portal\/wp-content\/uploads\/2020\/04\/Fagundes-e-Grazi-1-scaled.jpg?fit=1000%2C667&ssl=1","jetpack_sharing_enabled":true,"_links":{"self":[{"href":"https:\/\/verdadeon.com.br\/portal\/wp-json\/wp\/v2\/posts\/5984","targetHints":{"allow":["GET"]}}],"collection":[{"href":"https:\/\/verdadeon.com.br\/portal\/wp-json\/wp\/v2\/posts"}],"about":[{"href":"https:\/\/verdadeon.com.br\/portal\/wp-json\/wp\/v2\/types\/post"}],"author":[{"embeddable":true,"href":"https:\/\/verdadeon.com.br\/portal\/wp-json\/wp\/v2\/users\/10"}],"replies":[{"embeddable":true,"href":"https:\/\/verdadeon.com.br\/portal\/wp-json\/wp\/v2\/comments?post=5984"}],"version-history":[{"count":0,"href":"https:\/\/verdadeon.com.br\/portal\/wp-json\/wp\/v2\/posts\/5984\/revisions"}],"wp:featuredmedia":[{"embeddable":true,"href":"https:\/\/verdadeon.com.br\/portal\/wp-json\/wp\/v2\/media\/5985"}],"wp:attachment":[{"href":"https:\/\/verdadeon.com.br\/portal\/wp-json\/wp\/v2\/media?parent=5984"}],"wp:term":[{"taxonomy":"category","embeddable":true,"href":"https:\/\/verdadeon.com.br\/portal\/wp-json\/wp\/v2\/categories?post=5984"},{"taxonomy":"post_tag","embeddable":true,"href":"https:\/\/verdadeon.com.br\/portal\/wp-json\/wp\/v2\/tags?post=5984"}],"curies":[{"name":"wp","href":"https:\/\/api.w.org\/{rel}","templated":true}]}}