{"id":59764,"date":"2025-09-10T11:27:11","date_gmt":"2025-09-10T14:27:11","guid":{"rendered":"https:\/\/verdadeon.com.br\/portal\/?p=59764"},"modified":"2025-09-10T11:34:16","modified_gmt":"2025-09-10T14:34:16","slug":"vereadores-defendem-fiscalizacao-rigorosa-sobre-o-contrato-do-transporte-publico-em-franca","status":"publish","type":"post","link":"https:\/\/verdadeon.com.br\/portal\/2025\/09\/10\/vereadores-defendem-fiscalizacao-rigorosa-sobre-o-contrato-do-transporte-publico-em-franca\/","title":{"rendered":"Vereadores defendem fiscaliza\u00e7\u00e3o rigorosa sobre o contrato do transporte p\u00fablico em Franca"},"content":{"rendered":"<p id=\"m_-522923573327912942ydpf70adfbfblock-olivero-content\">Durante a 36\u00aa Sess\u00e3o Ordin\u00e1ria da C\u00e2mara Municipal de Franca, realizada na manh\u00e3 desta ter\u00e7a-feira (9), os vereadores Gilson Pelizaro (PT), Mar\u00edlia Martins (PSOL) e Marcelo Tidy (MDB) defenderam rigorosa fiscaliza\u00e7\u00e3o sobre o contrato que concede a opera\u00e7\u00e3o dos servi\u00e7os de transporte p\u00fablico \u00e0 Itu Transportes e Turismo, de propriedade do mesmo dono da Empresa S\u00e3o Jos\u00e9, atual concession\u00e1ria.<\/p>\n<p><strong>Gilson Pelizaro<\/strong><\/p>\n<p>Gilson Pelizaro recordou que votou contr\u00e1rio ao projeto aprovado na C\u00e2mara, assim como a vereadora Mar\u00edlia Martins (PSOL), propondo altera\u00e7\u00f5es como reduzir o prazo da concess\u00e3o de 20 para 10 anos e ajustes na quilometragem percorrida: \u201cInfelizmente, nossa ideia n\u00e3o passou, e fui obrigado a votar contra o projeto.\u201dO vereador expressou preocupa\u00e7\u00e3o com o fato de que o mesmo grupo econ\u00f4mico, que j\u00e1 atua no transporte da cidade h\u00e1 d\u00e9cadas, venceu novamente o certame, mencionando tamb\u00e9m a licita\u00e7\u00e3o da coleta de lixo como exemplo. \u201cAlguma coisa acontece, mas a gente n\u00e3o sabe o qu\u00ea\u201d, afirmou.<\/p>\n<p>Sobre o contrato, Pelizaro destacou a necessidade de fiscaliza\u00e7\u00e3o rigorosa, inclusive em rela\u00e7\u00e3o ao subs\u00eddio para redu\u00e7\u00e3o do valor das passagens: \u201cA nova empresa vai fazer alguma gracinha aos usu\u00e1rios? N\u00e3o! Vai rodar e receber devidamente seus valores, R$ 8,22 por passageiro\u201d. Ele ainda alertou sobre a incerteza quanto \u00e0 manuten\u00e7\u00e3o do subs\u00eddio: \u201cAs regras v\u00e3o mudando ao longo do tempo e ningu\u00e9m garante que esses R$ 4 na passagem v\u00e3o durar por muito tempo. Ningu\u00e9m sabe por quanto tempo vai durar esse desconto na passagem\u201d.<\/p>\n<p>Por fim, Pelizaro refor\u00e7ou a expectativa de melhorias no servi\u00e7o: \u201cEsperamos \u00f4nibus novos, melhor tratamento aos usu\u00e1rios, conforto nos pontos de \u00f4nibus e dentro dos ve\u00edculos. E qual \u00e9 o nosso papel? Fiscalizar, porque vai ser um custo alto para o munic\u00edpio.\u201d<\/p>\n<div id=\"m_-522923573327912942ydpf70adfbfblock-rodapedenoticias\">\n<p><strong>Marcelo Tidy<\/strong><\/p>\n<div dir=\"ltr\">\n<div id=\"m_-522923573327912942ydp56d02be0content\">\n<p>O vereador Marcelo Tidy (MDB) refor\u00e7ou a necessidade de acompanhamento rigoroso do contrato pelos vereadores. \u201cN\u00f3s vereadores que temos que ir l\u00e1 e fiscalizar se o contrato est\u00e1 sendo feito de forma adequada. Vamos ver agora se os \u00f4nibus v\u00e3o passar nos hor\u00e1rios que tem que passar, se os \u00f4nibus estar\u00e3o com qualidade\u201d, afirmou.<\/p>\n<p>Declarando-se usu\u00e1rio frequente do sistema de transporte coletivo da cidade, Tidy afirmou que j\u00e1 apresentou diversas solicita\u00e7\u00f5es para melhorias do servi\u00e7o. O vereador destacou a import\u00e2ncia dos benef\u00edcios tarif\u00e1rios previstos para determinadas categorias, como estudantes e empregadas dom\u00e9sticas: &#8220;Se a gente mobilizar e incentivar as pessoas a fazerem a carteirinha, usar o transporte, ele paga mais barato&#8221;.<\/p>\n<p>Ao comentar o processo licitat\u00f3rio, o vereador destacou que, embora n\u00e3o concordasse com v\u00e1rios pontos do modelo adotado, a prerrogativa foi do Executivo. \u201cO processo licitat\u00f3rio aconteceu, a C\u00e2mara Municipal antes do processo fez in\u00fameros apontamentos, no qual particularmente eu n\u00e3o concordava com o modelo, mas o Executivo que teve a prerrogativa de fazer a licita\u00e7\u00e3o\u201d, afirmou. Ele acrescentou que, caso haja descumprimento das cl\u00e1usulas contratuais, acionar\u00e1 o Minist\u00e9rio P\u00fablico.<\/p>\n<p><strong>Mar\u00edlia Martins<\/strong><\/p>\n<p>A vereadora Mar\u00edlia Martins (PSOL) voltou-se \u00e0s quest\u00f5es locais, direcionando cr\u00edticas \u00e0 empresa S\u00e3o Jos\u00e9, que atua no transporte coletivo de Franca h\u00e1 mais de 60 anos. Ela ressaltou que a empresa Itu Transporte, vencedora da recente licita\u00e7\u00e3o, pertence ao mesmo grupo empresarial, o que, em sua avalia\u00e7\u00e3o, mant\u00e9m o monop\u00f3lio na cidade.<\/p>\n<p>Mar\u00edlia informou que protocolou representa\u00e7\u00e3o no Minist\u00e9rio P\u00fablico em conjunto com o deputado estadual Guilherme Cortez e que acompanha o caso h\u00e1 meses. Ela comparou os editais de 2009 e o atual, apontando redu\u00e7\u00e3o na frota mesmo diante do aumento populacional: \u201cEm 2009 o edital dessa concess\u00e3o previa 145 \u00f4nibus, e o atual edital prev\u00ea 71. Em 2009 a popula\u00e7\u00e3o era de cerca de 318 mil habitantes; agora somos 368 mil. O edital n\u00e3o prev\u00ea conforto, n\u00e3o prev\u00ea ar-condicionado, n\u00e3o prev\u00ea a divis\u00e3o da cidade ou qualquer mecanismo que pudesse quebrar o monop\u00f3lio\u201d.<\/p>\n<div id=\"m_-522923573327912942ydp56d02be0block-rodapedenoticias\">\n<div dir=\"ltr\">\n<div id=\"m_-522923573327912942ydp3a9dc5ddcontent\">\n<div>A parlamentar ainda questionou a aus\u00eancia de concorr\u00eancia no processo licitat\u00f3rio, j\u00e1 que a empresa vencedora apresentou proposta apenas um d\u00e9cimo de porcento abaixo do teto or\u00e7ament\u00e1rio. Ela tamb\u00e9m criticou a postura dos demais vereadores: \u201cEsse contrato foi feito estritamente para beneficiar quem foi a \u00fanica que se sujeitou a competir nesse edital que n\u00e3o teve concorr\u00eancia. Os vereadores que votaram a favor compactuam com a manuten\u00e7\u00e3o de um servi\u00e7o defasado\u201d.<\/div>\n<\/div>\n<\/div>\n<\/div>\n<\/div>\n<\/div>\n<\/div>\n","protected":false},"excerpt":{"rendered":"<p>Durante a 36\u00aa Sess\u00e3o Ordin\u00e1ria da C\u00e2mara Municipal de Franca, realizada na manh\u00e3 desta ter\u00e7a-feira (9), os vereadores Gilson Pelizaro (PT), Mar\u00edlia Martins (PSOL) e Marcelo<span class=\"excerpt-hellip\"> [\u2026]<\/span><\/p>\n","protected":false},"author":10,"featured_media":32913,"comment_status":"open","ping_status":"open","sticky":false,"template":"","format":"standard","meta":{"_jetpack_memberships_contains_paid_content":false,"footnotes":"","jetpack_publicize_message":"","jetpack_publicize_feature_enabled":true,"jetpack_social_post_already_shared":true,"jetpack_social_options":{"image_generator_settings":{"template":"highway","default_image_id":0,"enabled":false},"version":2}},"categories":[28,44],"tags":[],"class_list":["post-59764","post","type-post","status-publish","format-standard","has-post-thumbnail","hentry","category-cotidiano","category-noticias"],"yoast_head":"<!-- This site is optimized with the Yoast SEO plugin v25.6 - https:\/\/yoast.com\/wordpress\/plugins\/seo\/ -->\n<title>Vereadores defendem fiscaliza\u00e7\u00e3o rigorosa sobre o contrato do transporte p\u00fablico em Franca - VerdadeOn<\/title>\n<meta name=\"robots\" content=\"index, follow, max-snippet:-1, max-image-preview:large, max-video-preview:-1\" \/>\n<link rel=\"canonical\" href=\"https:\/\/verdadeon.com.br\/portal\/2025\/09\/10\/vereadores-defendem-fiscalizacao-rigorosa-sobre-o-contrato-do-transporte-publico-em-franca\/\" \/>\n<meta property=\"og:locale\" content=\"pt_BR\" \/>\n<meta property=\"og:type\" content=\"article\" \/>\n<meta property=\"og:title\" content=\"Vereadores defendem fiscaliza\u00e7\u00e3o rigorosa sobre o contrato do transporte p\u00fablico em Franca - VerdadeOn\" \/>\n<meta property=\"og:description\" content=\"Durante a 36\u00aa Sess\u00e3o Ordin\u00e1ria da C\u00e2mara Municipal de Franca, realizada na manh\u00e3 desta ter\u00e7a-feira (9), os vereadores Gilson Pelizaro (PT), Mar\u00edlia Martins (PSOL) e Marcelo [\u2026]\" \/>\n<meta property=\"og:url\" content=\"https:\/\/verdadeon.com.br\/portal\/2025\/09\/10\/vereadores-defendem-fiscalizacao-rigorosa-sobre-o-contrato-do-transporte-publico-em-franca\/\" \/>\n<meta property=\"og:site_name\" content=\"VerdadeOn\" \/>\n<meta property=\"article:published_time\" content=\"2025-09-10T14:27:11+00:00\" \/>\n<meta property=\"article:modified_time\" content=\"2025-09-10T14:34:16+00:00\" \/>\n<meta property=\"og:image\" content=\"https:\/\/verdadeon.com.br\/portal\/wp-content\/uploads\/2023\/03\/WhatsApp-Image-2023-03-24-at-15.57.04.jpeg\" \/>\n\t<meta property=\"og:image:width\" content=\"930\" \/>\n\t<meta property=\"og:image:height\" content=\"558\" \/>\n\t<meta property=\"og:image:type\" content=\"image\/jpeg\" \/>\n<meta name=\"author\" content=\"Redacao VerdadeOn\" \/>\n<meta name=\"twitter:card\" content=\"summary_large_image\" \/>\n<meta name=\"twitter:label1\" content=\"Escrito por\" \/>\n\t<meta name=\"twitter:data1\" content=\"Redacao VerdadeOn\" \/>\n\t<meta name=\"twitter:label2\" content=\"Est. tempo de leitura\" \/>\n\t<meta name=\"twitter:data2\" content=\"4 minutos\" \/>\n<script type=\"application\/ld+json\" class=\"yoast-schema-graph\">{\"@context\":\"https:\/\/schema.org\",\"@graph\":[{\"@type\":\"WebPage\",\"@id\":\"https:\/\/verdadeon.com.br\/portal\/2025\/09\/10\/vereadores-defendem-fiscalizacao-rigorosa-sobre-o-contrato-do-transporte-publico-em-franca\/\",\"url\":\"https:\/\/verdadeon.com.br\/portal\/2025\/09\/10\/vereadores-defendem-fiscalizacao-rigorosa-sobre-o-contrato-do-transporte-publico-em-franca\/\",\"name\":\"Vereadores defendem fiscaliza\u00e7\u00e3o rigorosa sobre o contrato do transporte p\u00fablico em Franca - VerdadeOn\",\"isPartOf\":{\"@id\":\"https:\/\/verdadeon.com.br\/portal\/#website\"},\"primaryImageOfPage\":{\"@id\":\"https:\/\/verdadeon.com.br\/portal\/2025\/09\/10\/vereadores-defendem-fiscalizacao-rigorosa-sobre-o-contrato-do-transporte-publico-em-franca\/#primaryimage\"},\"image\":{\"@id\":\"https:\/\/verdadeon.com.br\/portal\/2025\/09\/10\/vereadores-defendem-fiscalizacao-rigorosa-sobre-o-contrato-do-transporte-publico-em-franca\/#primaryimage\"},\"thumbnailUrl\":\"https:\/\/i0.wp.com\/verdadeon.com.br\/portal\/wp-content\/uploads\/2023\/03\/WhatsApp-Image-2023-03-24-at-15.57.04.jpeg?fit=930%2C558&ssl=1\",\"datePublished\":\"2025-09-10T14:27:11+00:00\",\"dateModified\":\"2025-09-10T14:34:16+00:00\",\"author\":{\"@id\":\"https:\/\/verdadeon.com.br\/portal\/#\/schema\/person\/a5060ad1e9ea3df545188fc93ce43d2f\"},\"breadcrumb\":{\"@id\":\"https:\/\/verdadeon.com.br\/portal\/2025\/09\/10\/vereadores-defendem-fiscalizacao-rigorosa-sobre-o-contrato-do-transporte-publico-em-franca\/#breadcrumb\"},\"inLanguage\":\"pt-BR\",\"potentialAction\":[{\"@type\":\"ReadAction\",\"target\":[\"https:\/\/verdadeon.com.br\/portal\/2025\/09\/10\/vereadores-defendem-fiscalizacao-rigorosa-sobre-o-contrato-do-transporte-publico-em-franca\/\"]}]},{\"@type\":\"ImageObject\",\"inLanguage\":\"pt-BR\",\"@id\":\"https:\/\/verdadeon.com.br\/portal\/2025\/09\/10\/vereadores-defendem-fiscalizacao-rigorosa-sobre-o-contrato-do-transporte-publico-em-franca\/#primaryimage\",\"url\":\"https:\/\/i0.wp.com\/verdadeon.com.br\/portal\/wp-content\/uploads\/2023\/03\/WhatsApp-Image-2023-03-24-at-15.57.04.jpeg?fit=930%2C558&ssl=1\",\"contentUrl\":\"https:\/\/i0.wp.com\/verdadeon.com.br\/portal\/wp-content\/uploads\/2023\/03\/WhatsApp-Image-2023-03-24-at-15.57.04.jpeg?fit=930%2C558&ssl=1\",\"width\":930,\"height\":558,\"caption\":\"Fachada da C\u00e2mara Municipal de Franca (\u00a9Divulga\u00e7\u00e3o)\"},{\"@type\":\"BreadcrumbList\",\"@id\":\"https:\/\/verdadeon.com.br\/portal\/2025\/09\/10\/vereadores-defendem-fiscalizacao-rigorosa-sobre-o-contrato-do-transporte-publico-em-franca\/#breadcrumb\",\"itemListElement\":[{\"@type\":\"ListItem\",\"position\":1,\"name\":\"In\u00edcio\",\"item\":\"https:\/\/verdadeon.com.br\/portal\/\"},{\"@type\":\"ListItem\",\"position\":2,\"name\":\"Vereadores defendem fiscaliza\u00e7\u00e3o rigorosa sobre o contrato do transporte p\u00fablico em Franca\"}]},{\"@type\":\"WebSite\",\"@id\":\"https:\/\/verdadeon.com.br\/portal\/#website\",\"url\":\"https:\/\/verdadeon.com.br\/portal\/\",\"name\":\"VerdadeOn\",\"description\":\"Not\u00edcias di\u00e1rias sobre Franca, Regi\u00e3o, Esporte, Cultura, Cotidiano, Colunas. Cobertura nos principais eventos da cidade \u00e9 aqui - Verdadeon Franca\",\"potentialAction\":[{\"@type\":\"SearchAction\",\"target\":{\"@type\":\"EntryPoint\",\"urlTemplate\":\"https:\/\/verdadeon.com.br\/portal\/?s={search_term_string}\"},\"query-input\":{\"@type\":\"PropertyValueSpecification\",\"valueRequired\":true,\"valueName\":\"search_term_string\"}}],\"inLanguage\":\"pt-BR\"},{\"@type\":\"Person\",\"@id\":\"https:\/\/verdadeon.com.br\/portal\/#\/schema\/person\/a5060ad1e9ea3df545188fc93ce43d2f\",\"name\":\"Redacao VerdadeOn\",\"image\":{\"@type\":\"ImageObject\",\"inLanguage\":\"pt-BR\",\"@id\":\"https:\/\/verdadeon.com.br\/portal\/#\/schema\/person\/image\/\",\"url\":\"https:\/\/secure.gravatar.com\/avatar\/459a9613caaaf07f582c3d0841eea68bdd66f533e465e6ba8b9cb45619572cf4?s=96&d=mm&r=g\",\"contentUrl\":\"https:\/\/secure.gravatar.com\/avatar\/459a9613caaaf07f582c3d0841eea68bdd66f533e465e6ba8b9cb45619572cf4?s=96&d=mm&r=g\",\"caption\":\"Redacao VerdadeOn\"},\"url\":\"https:\/\/verdadeon.com.br\/portal\/author\/redacao\/\"}]}<\/script>\n<!-- \/ Yoast SEO plugin. -->","yoast_head_json":{"title":"Vereadores defendem fiscaliza\u00e7\u00e3o rigorosa sobre o contrato do transporte p\u00fablico em Franca - VerdadeOn","robots":{"index":"index","follow":"follow","max-snippet":"max-snippet:-1","max-image-preview":"max-image-preview:large","max-video-preview":"max-video-preview:-1"},"canonical":"https:\/\/verdadeon.com.br\/portal\/2025\/09\/10\/vereadores-defendem-fiscalizacao-rigorosa-sobre-o-contrato-do-transporte-publico-em-franca\/","og_locale":"pt_BR","og_type":"article","og_title":"Vereadores defendem fiscaliza\u00e7\u00e3o rigorosa sobre o contrato do transporte p\u00fablico em Franca - VerdadeOn","og_description":"Durante a 36\u00aa Sess\u00e3o Ordin\u00e1ria da C\u00e2mara Municipal de Franca, realizada na manh\u00e3 desta ter\u00e7a-feira (9), os vereadores Gilson Pelizaro (PT), Mar\u00edlia Martins (PSOL) e Marcelo [\u2026]","og_url":"https:\/\/verdadeon.com.br\/portal\/2025\/09\/10\/vereadores-defendem-fiscalizacao-rigorosa-sobre-o-contrato-do-transporte-publico-em-franca\/","og_site_name":"VerdadeOn","article_published_time":"2025-09-10T14:27:11+00:00","article_modified_time":"2025-09-10T14:34:16+00:00","og_image":[{"width":930,"height":558,"url":"https:\/\/verdadeon.com.br\/portal\/wp-content\/uploads\/2023\/03\/WhatsApp-Image-2023-03-24-at-15.57.04.jpeg","type":"image\/jpeg"}],"author":"Redacao VerdadeOn","twitter_card":"summary_large_image","twitter_misc":{"Escrito por":"Redacao VerdadeOn","Est. tempo de leitura":"4 minutos"},"schema":{"@context":"https:\/\/schema.org","@graph":[{"@type":"WebPage","@id":"https:\/\/verdadeon.com.br\/portal\/2025\/09\/10\/vereadores-defendem-fiscalizacao-rigorosa-sobre-o-contrato-do-transporte-publico-em-franca\/","url":"https:\/\/verdadeon.com.br\/portal\/2025\/09\/10\/vereadores-defendem-fiscalizacao-rigorosa-sobre-o-contrato-do-transporte-publico-em-franca\/","name":"Vereadores defendem fiscaliza\u00e7\u00e3o rigorosa sobre o contrato do transporte p\u00fablico em Franca - VerdadeOn","isPartOf":{"@id":"https:\/\/verdadeon.com.br\/portal\/#website"},"primaryImageOfPage":{"@id":"https:\/\/verdadeon.com.br\/portal\/2025\/09\/10\/vereadores-defendem-fiscalizacao-rigorosa-sobre-o-contrato-do-transporte-publico-em-franca\/#primaryimage"},"image":{"@id":"https:\/\/verdadeon.com.br\/portal\/2025\/09\/10\/vereadores-defendem-fiscalizacao-rigorosa-sobre-o-contrato-do-transporte-publico-em-franca\/#primaryimage"},"thumbnailUrl":"https:\/\/i0.wp.com\/verdadeon.com.br\/portal\/wp-content\/uploads\/2023\/03\/WhatsApp-Image-2023-03-24-at-15.57.04.jpeg?fit=930%2C558&ssl=1","datePublished":"2025-09-10T14:27:11+00:00","dateModified":"2025-09-10T14:34:16+00:00","author":{"@id":"https:\/\/verdadeon.com.br\/portal\/#\/schema\/person\/a5060ad1e9ea3df545188fc93ce43d2f"},"breadcrumb":{"@id":"https:\/\/verdadeon.com.br\/portal\/2025\/09\/10\/vereadores-defendem-fiscalizacao-rigorosa-sobre-o-contrato-do-transporte-publico-em-franca\/#breadcrumb"},"inLanguage":"pt-BR","potentialAction":[{"@type":"ReadAction","target":["https:\/\/verdadeon.com.br\/portal\/2025\/09\/10\/vereadores-defendem-fiscalizacao-rigorosa-sobre-o-contrato-do-transporte-publico-em-franca\/"]}]},{"@type":"ImageObject","inLanguage":"pt-BR","@id":"https:\/\/verdadeon.com.br\/portal\/2025\/09\/10\/vereadores-defendem-fiscalizacao-rigorosa-sobre-o-contrato-do-transporte-publico-em-franca\/#primaryimage","url":"https:\/\/i0.wp.com\/verdadeon.com.br\/portal\/wp-content\/uploads\/2023\/03\/WhatsApp-Image-2023-03-24-at-15.57.04.jpeg?fit=930%2C558&ssl=1","contentUrl":"https:\/\/i0.wp.com\/verdadeon.com.br\/portal\/wp-content\/uploads\/2023\/03\/WhatsApp-Image-2023-03-24-at-15.57.04.jpeg?fit=930%2C558&ssl=1","width":930,"height":558,"caption":"Fachada da C\u00e2mara Municipal de Franca (\u00a9Divulga\u00e7\u00e3o)"},{"@type":"BreadcrumbList","@id":"https:\/\/verdadeon.com.br\/portal\/2025\/09\/10\/vereadores-defendem-fiscalizacao-rigorosa-sobre-o-contrato-do-transporte-publico-em-franca\/#breadcrumb","itemListElement":[{"@type":"ListItem","position":1,"name":"In\u00edcio","item":"https:\/\/verdadeon.com.br\/portal\/"},{"@type":"ListItem","position":2,"name":"Vereadores defendem fiscaliza\u00e7\u00e3o rigorosa sobre o contrato do transporte p\u00fablico em Franca"}]},{"@type":"WebSite","@id":"https:\/\/verdadeon.com.br\/portal\/#website","url":"https:\/\/verdadeon.com.br\/portal\/","name":"VerdadeOn","description":"Not\u00edcias di\u00e1rias sobre Franca, Regi\u00e3o, Esporte, Cultura, Cotidiano, Colunas. Cobertura nos principais eventos da cidade \u00e9 aqui - Verdadeon Franca","potentialAction":[{"@type":"SearchAction","target":{"@type":"EntryPoint","urlTemplate":"https:\/\/verdadeon.com.br\/portal\/?s={search_term_string}"},"query-input":{"@type":"PropertyValueSpecification","valueRequired":true,"valueName":"search_term_string"}}],"inLanguage":"pt-BR"},{"@type":"Person","@id":"https:\/\/verdadeon.com.br\/portal\/#\/schema\/person\/a5060ad1e9ea3df545188fc93ce43d2f","name":"Redacao VerdadeOn","image":{"@type":"ImageObject","inLanguage":"pt-BR","@id":"https:\/\/verdadeon.com.br\/portal\/#\/schema\/person\/image\/","url":"https:\/\/secure.gravatar.com\/avatar\/459a9613caaaf07f582c3d0841eea68bdd66f533e465e6ba8b9cb45619572cf4?s=96&d=mm&r=g","contentUrl":"https:\/\/secure.gravatar.com\/avatar\/459a9613caaaf07f582c3d0841eea68bdd66f533e465e6ba8b9cb45619572cf4?s=96&d=mm&r=g","caption":"Redacao VerdadeOn"},"url":"https:\/\/verdadeon.com.br\/portal\/author\/redacao\/"}]}},"jetpack_publicize_connections":[],"jetpack_featured_media_url":"https:\/\/i0.wp.com\/verdadeon.com.br\/portal\/wp-content\/uploads\/2023\/03\/WhatsApp-Image-2023-03-24-at-15.57.04.jpeg?fit=930%2C558&ssl=1","jetpack_sharing_enabled":true,"_links":{"self":[{"href":"https:\/\/verdadeon.com.br\/portal\/wp-json\/wp\/v2\/posts\/59764","targetHints":{"allow":["GET"]}}],"collection":[{"href":"https:\/\/verdadeon.com.br\/portal\/wp-json\/wp\/v2\/posts"}],"about":[{"href":"https:\/\/verdadeon.com.br\/portal\/wp-json\/wp\/v2\/types\/post"}],"author":[{"embeddable":true,"href":"https:\/\/verdadeon.com.br\/portal\/wp-json\/wp\/v2\/users\/10"}],"replies":[{"embeddable":true,"href":"https:\/\/verdadeon.com.br\/portal\/wp-json\/wp\/v2\/comments?post=59764"}],"version-history":[{"count":1,"href":"https:\/\/verdadeon.com.br\/portal\/wp-json\/wp\/v2\/posts\/59764\/revisions"}],"predecessor-version":[{"id":59765,"href":"https:\/\/verdadeon.com.br\/portal\/wp-json\/wp\/v2\/posts\/59764\/revisions\/59765"}],"wp:featuredmedia":[{"embeddable":true,"href":"https:\/\/verdadeon.com.br\/portal\/wp-json\/wp\/v2\/media\/32913"}],"wp:attachment":[{"href":"https:\/\/verdadeon.com.br\/portal\/wp-json\/wp\/v2\/media?parent=59764"}],"wp:term":[{"taxonomy":"category","embeddable":true,"href":"https:\/\/verdadeon.com.br\/portal\/wp-json\/wp\/v2\/categories?post=59764"},{"taxonomy":"post_tag","embeddable":true,"href":"https:\/\/verdadeon.com.br\/portal\/wp-json\/wp\/v2\/tags?post=59764"}],"curies":[{"name":"wp","href":"https:\/\/api.w.org\/{rel}","templated":true}]}}