{"id":59745,"date":"2025-09-13T08:00:17","date_gmt":"2025-09-13T11:00:17","guid":{"rendered":"https:\/\/verdadeon.com.br\/portal\/?p=59745"},"modified":"2025-09-13T02:49:20","modified_gmt":"2025-09-13T05:49:20","slug":"eleicao-suplementar-em-sales-oliveira-leva-eleitores-as-urnas-neste-domingo-14","status":"publish","type":"post","link":"https:\/\/verdadeon.com.br\/portal\/2025\/09\/13\/eleicao-suplementar-em-sales-oliveira-leva-eleitores-as-urnas-neste-domingo-14\/","title":{"rendered":"Elei\u00e7\u00e3o suplementar em Sales Oliveira leva eleitores \u00e0s urnas neste domingo (14)"},"content":{"rendered":"<h2>A vota\u00e7\u00e3o ocorre das 8h \u00e0s 17h e vai eleger nova ou novo chefe do Executivo<\/h2>\n<p>A cidade de Sales Oliveira, na regi\u00e3o de Ribeir\u00e3o Preto, escolher\u00e1 novos representantes para a prefeitura e vice-prefeitura do munic\u00edpio no domingo (14). As elei\u00e7\u00f5es suplementares se tornaram necess\u00e1rias devido ao indeferimento do registro de candidatura e anula\u00e7\u00e3o dos votos da chapa eleita em 2024. M\u00f4nica Favarim (MDB) e Thiago Do G\u00e1s (REPUBLICANOS) disputar\u00e3o a chefia da Prefeitura Municipal.<\/p>\n<p>A 81\u00aa Zona Eleitoral \u2014 Orl\u00e2ndia \u00e9 respons\u00e1vel pela elei\u00e7\u00e3o, que acontece das 8h \u00e0s 17h. Cerca de 8.400 eleitoras e eleitores est\u00e3o aptos a votar nas 30 se\u00e7\u00f5es eleitorais distribu\u00eddas entre os dois locais de vota\u00e7\u00e3o da cidade. O calend\u00e1rio da elei\u00e7\u00e3o, aprovado em sess\u00e3o plen\u00e1ria no dia 17 de julho no Tribunal Regional de S\u00e3o Paulo (TRE-SP), determina que a diploma\u00e7\u00e3o dos eleitos ou eleitas deve ocorrer at\u00e9 o dia 17 de outubro, conforme\u00a0<a href=\"https:\/\/www.tre-sp.jus.br\/legislacao\/compilada\/resolucoes-tre-sp\/2025\/resolucao-no-673-de-17-de-julho-de-2025\" target=\"_blank\" rel=\"noopener\" data-saferedirecturl=\"https:\/\/www.google.com\/url?q=https:\/\/www.tre-sp.jus.br\/legislacao\/compilada\/resolucoes-tre-sp\/2025\/resolucao-no-673-de-17-de-julho-de-2025&amp;source=gmail&amp;ust=1757520404398000&amp;usg=AOvVaw0AtTYAJQCmuNCgfRXFIaK9\"><strong>Resolu\u00e7\u00e3o TRE-SP n\u00ba 673\/2025<\/strong><\/a>.<\/p>\n<p><strong>Voto obrigat\u00f3rio ou facultativo<\/strong><\/p>\n<p>O voto \u00e9 obrigat\u00f3rio para quem tem mais de 18 e menos de 70 anos e facultativo para analfabetos, maiores de 70 e jovens entre 16 e 17 anos. Para votar, \u00e9 necess\u00e1rio ter t\u00edtulo de eleitor e estar em situa\u00e7\u00e3o regular com a Justi\u00e7a Eleitoral.<\/p>\n<p><strong>Documentos permitidos<\/strong><\/p>\n<p>O eleitor deve apresentar um documento oficial com foto ou o aplicativo e-T\u00edtulo. Para usar apenas o e-T\u00edtulo, o app deve exibir a foto do eleitor, o que s\u00f3 ocorre se houver cadastramento biom\u00e9trico. Caso contr\u00e1rio, \u00e9 necess\u00e1rio apresentar outro documento com foto, como RG, passaporte, certificado de reservista, carteira de trabalho, CNH ou documentos digitais (RG e CNH).<\/p>\n<p><strong>Celular proibido na cabina<\/strong><\/p>\n<p>O uso de celulares na cabina de vota\u00e7\u00e3o \u00e9 proibido. O eleitor deve deix\u00e1-lo no local indicado pelos mes\u00e1rios. M\u00e1quinas fotogr\u00e1ficas e filmadoras tamb\u00e9m s\u00e3o vetadas para garantir o sigilo do voto.<\/p>\n<p><strong>Prefer\u00eancia para votar<\/strong><\/p>\n<p>Pessoas com 80 anos ou mais t\u00eam prioridade absoluta na fila de vota\u00e7\u00e3o. O mesmo vale para quem tem 60 anos ou mais, pessoas com defici\u00eancia, gestantes, lactantes e acompanhantes, conforme necessidade verificada pelo presidente da mesa.<\/p>\n<p><strong>Justificativa<\/strong><\/p>\n<p>Quem deixar de votar por n\u00e3o se encontrar em seu domic\u00edlio eleitoral poder\u00e1 justificar sua aus\u00eancia, no mesmo dia e hor\u00e1rio da vota\u00e7\u00e3o, por meio do aplicativo e-T\u00edtulo. Poder\u00e1, ainda, apresentar justificativa at\u00e9 13 de novembro de 2025 por meio do e-T\u00edtulo,\u00a0<a href=\"https:\/\/justifica.tse.jus.br\/\" target=\"_blank\" rel=\"noopener\" data-saferedirecturl=\"https:\/\/www.google.com\/url?q=https:\/\/justifica.tse.jus.br\/&amp;source=gmail&amp;ust=1757520404398000&amp;usg=AOvVaw18lICBjV-ZrFo0T3M1e3Wz\"><strong>Sistema Justifica<\/strong><\/a>, dispon\u00edvel no site do TSE, e de requerimento formulado perante a zona eleitoral. N\u00e3o haver\u00e1 mesas de justificativa nos locais de vota\u00e7\u00e3o.<\/p>\n<p><strong>Crimes de boca de urna<\/strong><\/p>\n<p>Os eleitores podem manifestar sua prefer\u00eancia de forma individual e silenciosa, usando camisetas, bon\u00e9s, broches e adesivos. No entanto, \u00e9 proibido fazer boca de urna, tentar convencer eleitores a votar ou n\u00e3o votar em determinado candidato, divulgar propaganda pol\u00edtica, realizar aglomera\u00e7\u00f5es com vestu\u00e1rio padronizado, usar alto-falantes, fazer com\u00edcios ou distribuir brindes, alimentos e transporte indevido \u2014 s\u00f3 \u00e9 permitido o transporte de eleitoras e eleitores em ve\u00edculos a servi\u00e7o da Justi\u00e7a Eleitoral ou transporte coletivo gratuito oferecido pelo poder p\u00fablico.<\/p>\n<p><strong>Entenda o caso<\/strong><\/p>\n<p>No dia 24 de abril, o Tribunal Superior Eleitoral (TSE) decidiu pelo indeferimento do registro de candidatura de F\u00e1bio Godoy Graton, eleito prefeito de Sales Oliveira com 4.124 votos (62,75% dos votos v\u00e1lidos). Na decis\u00e3o, o TSE corroborou a senten\u00e7a do TRE-SP ao verificar a inelegibilidade do candidato, em consequ\u00eancia da condena\u00e7\u00e3o por ato doloso de improbidade administrativa.<\/p>\n<p>Na primeira inst\u00e2ncia, o processo de registro de candidatura do prefeito eleito foi alvo de duas impugna\u00e7\u00f5es, uma de autoria do Minist\u00e9rio P\u00fablico Eleitoral e outra do vereador Luiz Roberto Sampronio Resende. Contudo, as impugna\u00e7\u00f5es foram rejeitadas e seu registro deferido na 1\u00aa inst\u00e2ncia (81\u00aa Zona Eleitoral \u2013 Orl\u00e2ndia).<\/p>\n<p>F\u00e1bio Godoy Graton apresentou recurso extraordin\u00e1rio, a ser julgado pelo STF, o que n\u00e3o impede o cumprimento da decis\u00e3o da Justi\u00e7a Eleitoral.<\/p>\n","protected":false},"excerpt":{"rendered":"<p>A vota\u00e7\u00e3o ocorre das 8h \u00e0s 17h e vai eleger nova ou novo chefe do Executivo A cidade de Sales Oliveira, na regi\u00e3o de Ribeir\u00e3o Preto,<span class=\"excerpt-hellip\"> [\u2026]<\/span><\/p>\n","protected":false},"author":10,"featured_media":46817,"comment_status":"open","ping_status":"open","sticky":false,"template":"","format":"standard","meta":{"_jetpack_memberships_contains_paid_content":false,"footnotes":"","jetpack_publicize_message":"","jetpack_publicize_feature_enabled":true,"jetpack_social_post_already_shared":true,"jetpack_social_options":{"image_generator_settings":{"template":"highway","default_image_id":0,"enabled":false},"version":2}},"categories":[28,81],"tags":[],"class_list":["post-59745","post","type-post","status-publish","format-standard","has-post-thumbnail","hentry","category-cotidiano","category-manchete"],"yoast_head":"<!-- This site is optimized with the Yoast SEO plugin v25.6 - https:\/\/yoast.com\/wordpress\/plugins\/seo\/ -->\n<title>Elei\u00e7\u00e3o suplementar em Sales Oliveira leva eleitores \u00e0s urnas neste domingo (14) - VerdadeOn<\/title>\n<meta name=\"robots\" content=\"index, follow, max-snippet:-1, max-image-preview:large, max-video-preview:-1\" \/>\n<link rel=\"canonical\" href=\"https:\/\/verdadeon.com.br\/portal\/2025\/09\/13\/eleicao-suplementar-em-sales-oliveira-leva-eleitores-as-urnas-neste-domingo-14\/\" \/>\n<meta property=\"og:locale\" content=\"pt_BR\" \/>\n<meta property=\"og:type\" content=\"article\" \/>\n<meta property=\"og:title\" content=\"Elei\u00e7\u00e3o suplementar em Sales Oliveira leva eleitores \u00e0s urnas neste domingo (14) - VerdadeOn\" \/>\n<meta property=\"og:description\" content=\"A vota\u00e7\u00e3o ocorre das 8h \u00e0s 17h e vai eleger nova ou novo chefe do Executivo A cidade de Sales Oliveira, na regi\u00e3o de Ribeir\u00e3o Preto, [\u2026]\" \/>\n<meta property=\"og:url\" content=\"https:\/\/verdadeon.com.br\/portal\/2025\/09\/13\/eleicao-suplementar-em-sales-oliveira-leva-eleitores-as-urnas-neste-domingo-14\/\" \/>\n<meta property=\"og:site_name\" content=\"VerdadeOn\" \/>\n<meta property=\"article:published_time\" content=\"2025-09-13T11:00:17+00:00\" \/>\n<meta property=\"og:image\" content=\"https:\/\/i0.wp.com\/verdadeon.com.br\/portal\/wp-content\/uploads\/2024\/07\/50429036346_a9271a4327_o.webp?fit=1170%2C700&ssl=1\" \/>\n\t<meta property=\"og:image:width\" content=\"1170\" \/>\n\t<meta property=\"og:image:height\" content=\"700\" \/>\n\t<meta property=\"og:image:type\" content=\"image\/webp\" \/>\n<meta name=\"author\" content=\"Redacao VerdadeOn\" \/>\n<meta name=\"twitter:card\" content=\"summary_large_image\" \/>\n<meta name=\"twitter:label1\" content=\"Escrito por\" \/>\n\t<meta name=\"twitter:data1\" content=\"Redacao VerdadeOn\" \/>\n\t<meta name=\"twitter:label2\" content=\"Est. tempo de leitura\" \/>\n\t<meta name=\"twitter:data2\" content=\"4 minutos\" \/>\n<script type=\"application\/ld+json\" class=\"yoast-schema-graph\">{\"@context\":\"https:\/\/schema.org\",\"@graph\":[{\"@type\":\"WebPage\",\"@id\":\"https:\/\/verdadeon.com.br\/portal\/2025\/09\/13\/eleicao-suplementar-em-sales-oliveira-leva-eleitores-as-urnas-neste-domingo-14\/\",\"url\":\"https:\/\/verdadeon.com.br\/portal\/2025\/09\/13\/eleicao-suplementar-em-sales-oliveira-leva-eleitores-as-urnas-neste-domingo-14\/\",\"name\":\"Elei\u00e7\u00e3o suplementar em Sales Oliveira leva eleitores \u00e0s urnas neste domingo (14) - VerdadeOn\",\"isPartOf\":{\"@id\":\"https:\/\/verdadeon.com.br\/portal\/#website\"},\"primaryImageOfPage\":{\"@id\":\"https:\/\/verdadeon.com.br\/portal\/2025\/09\/13\/eleicao-suplementar-em-sales-oliveira-leva-eleitores-as-urnas-neste-domingo-14\/#primaryimage\"},\"image\":{\"@id\":\"https:\/\/verdadeon.com.br\/portal\/2025\/09\/13\/eleicao-suplementar-em-sales-oliveira-leva-eleitores-as-urnas-neste-domingo-14\/#primaryimage\"},\"thumbnailUrl\":\"https:\/\/i0.wp.com\/verdadeon.com.br\/portal\/wp-content\/uploads\/2024\/07\/50429036346_a9271a4327_o.webp?fit=1170%2C700&ssl=1\",\"datePublished\":\"2025-09-13T11:00:17+00:00\",\"author\":{\"@id\":\"https:\/\/verdadeon.com.br\/portal\/#\/schema\/person\/a5060ad1e9ea3df545188fc93ce43d2f\"},\"breadcrumb\":{\"@id\":\"https:\/\/verdadeon.com.br\/portal\/2025\/09\/13\/eleicao-suplementar-em-sales-oliveira-leva-eleitores-as-urnas-neste-domingo-14\/#breadcrumb\"},\"inLanguage\":\"pt-BR\",\"potentialAction\":[{\"@type\":\"ReadAction\",\"target\":[\"https:\/\/verdadeon.com.br\/portal\/2025\/09\/13\/eleicao-suplementar-em-sales-oliveira-leva-eleitores-as-urnas-neste-domingo-14\/\"]}]},{\"@type\":\"ImageObject\",\"inLanguage\":\"pt-BR\",\"@id\":\"https:\/\/verdadeon.com.br\/portal\/2025\/09\/13\/eleicao-suplementar-em-sales-oliveira-leva-eleitores-as-urnas-neste-domingo-14\/#primaryimage\",\"url\":\"https:\/\/i0.wp.com\/verdadeon.com.br\/portal\/wp-content\/uploads\/2024\/07\/50429036346_a9271a4327_o.webp?fit=1170%2C700&ssl=1\",\"contentUrl\":\"https:\/\/i0.wp.com\/verdadeon.com.br\/portal\/wp-content\/uploads\/2024\/07\/50429036346_a9271a4327_o.webp?fit=1170%2C700&ssl=1\",\"width\":1170,\"height\":700,\"caption\":\"Sales Oliveira passa por elei\u00e7\u00f5es suplementares ap\u00f3s TSE decidir por indeferimento \u00e0 candidatura de F\u00e1bio Graton, eleito com mais de 4 mil votos (\u00a9Antonio Augusto)\"},{\"@type\":\"BreadcrumbList\",\"@id\":\"https:\/\/verdadeon.com.br\/portal\/2025\/09\/13\/eleicao-suplementar-em-sales-oliveira-leva-eleitores-as-urnas-neste-domingo-14\/#breadcrumb\",\"itemListElement\":[{\"@type\":\"ListItem\",\"position\":1,\"name\":\"In\u00edcio\",\"item\":\"https:\/\/verdadeon.com.br\/portal\/\"},{\"@type\":\"ListItem\",\"position\":2,\"name\":\"Elei\u00e7\u00e3o suplementar em Sales Oliveira leva eleitores \u00e0s urnas neste domingo (14)\"}]},{\"@type\":\"WebSite\",\"@id\":\"https:\/\/verdadeon.com.br\/portal\/#website\",\"url\":\"https:\/\/verdadeon.com.br\/portal\/\",\"name\":\"VerdadeOn\",\"description\":\"Not\u00edcias di\u00e1rias sobre Franca, Regi\u00e3o, Esporte, Cultura, Cotidiano, Colunas. Cobertura nos principais eventos da cidade \u00e9 aqui - Verdadeon Franca\",\"potentialAction\":[{\"@type\":\"SearchAction\",\"target\":{\"@type\":\"EntryPoint\",\"urlTemplate\":\"https:\/\/verdadeon.com.br\/portal\/?s={search_term_string}\"},\"query-input\":{\"@type\":\"PropertyValueSpecification\",\"valueRequired\":true,\"valueName\":\"search_term_string\"}}],\"inLanguage\":\"pt-BR\"},{\"@type\":\"Person\",\"@id\":\"https:\/\/verdadeon.com.br\/portal\/#\/schema\/person\/a5060ad1e9ea3df545188fc93ce43d2f\",\"name\":\"Redacao VerdadeOn\",\"image\":{\"@type\":\"ImageObject\",\"inLanguage\":\"pt-BR\",\"@id\":\"https:\/\/verdadeon.com.br\/portal\/#\/schema\/person\/image\/\",\"url\":\"https:\/\/secure.gravatar.com\/avatar\/459a9613caaaf07f582c3d0841eea68bdd66f533e465e6ba8b9cb45619572cf4?s=96&d=mm&r=g\",\"contentUrl\":\"https:\/\/secure.gravatar.com\/avatar\/459a9613caaaf07f582c3d0841eea68bdd66f533e465e6ba8b9cb45619572cf4?s=96&d=mm&r=g\",\"caption\":\"Redacao VerdadeOn\"},\"url\":\"https:\/\/verdadeon.com.br\/portal\/author\/redacao\/\"}]}<\/script>\n<!-- \/ Yoast SEO plugin. -->","yoast_head_json":{"title":"Elei\u00e7\u00e3o suplementar em Sales Oliveira leva eleitores \u00e0s urnas neste domingo (14) - VerdadeOn","robots":{"index":"index","follow":"follow","max-snippet":"max-snippet:-1","max-image-preview":"max-image-preview:large","max-video-preview":"max-video-preview:-1"},"canonical":"https:\/\/verdadeon.com.br\/portal\/2025\/09\/13\/eleicao-suplementar-em-sales-oliveira-leva-eleitores-as-urnas-neste-domingo-14\/","og_locale":"pt_BR","og_type":"article","og_title":"Elei\u00e7\u00e3o suplementar em Sales Oliveira leva eleitores \u00e0s urnas neste domingo (14) - VerdadeOn","og_description":"A vota\u00e7\u00e3o ocorre das 8h \u00e0s 17h e vai eleger nova ou novo chefe do Executivo A cidade de Sales Oliveira, na regi\u00e3o de Ribeir\u00e3o Preto, [\u2026]","og_url":"https:\/\/verdadeon.com.br\/portal\/2025\/09\/13\/eleicao-suplementar-em-sales-oliveira-leva-eleitores-as-urnas-neste-domingo-14\/","og_site_name":"VerdadeOn","article_published_time":"2025-09-13T11:00:17+00:00","og_image":[{"width":1170,"height":700,"url":"https:\/\/i0.wp.com\/verdadeon.com.br\/portal\/wp-content\/uploads\/2024\/07\/50429036346_a9271a4327_o.webp?fit=1170%2C700&ssl=1","type":"image\/webp"}],"author":"Redacao VerdadeOn","twitter_card":"summary_large_image","twitter_misc":{"Escrito por":"Redacao VerdadeOn","Est. tempo de leitura":"4 minutos"},"schema":{"@context":"https:\/\/schema.org","@graph":[{"@type":"WebPage","@id":"https:\/\/verdadeon.com.br\/portal\/2025\/09\/13\/eleicao-suplementar-em-sales-oliveira-leva-eleitores-as-urnas-neste-domingo-14\/","url":"https:\/\/verdadeon.com.br\/portal\/2025\/09\/13\/eleicao-suplementar-em-sales-oliveira-leva-eleitores-as-urnas-neste-domingo-14\/","name":"Elei\u00e7\u00e3o suplementar em Sales Oliveira leva eleitores \u00e0s urnas neste domingo (14) - VerdadeOn","isPartOf":{"@id":"https:\/\/verdadeon.com.br\/portal\/#website"},"primaryImageOfPage":{"@id":"https:\/\/verdadeon.com.br\/portal\/2025\/09\/13\/eleicao-suplementar-em-sales-oliveira-leva-eleitores-as-urnas-neste-domingo-14\/#primaryimage"},"image":{"@id":"https:\/\/verdadeon.com.br\/portal\/2025\/09\/13\/eleicao-suplementar-em-sales-oliveira-leva-eleitores-as-urnas-neste-domingo-14\/#primaryimage"},"thumbnailUrl":"https:\/\/i0.wp.com\/verdadeon.com.br\/portal\/wp-content\/uploads\/2024\/07\/50429036346_a9271a4327_o.webp?fit=1170%2C700&ssl=1","datePublished":"2025-09-13T11:00:17+00:00","author":{"@id":"https:\/\/verdadeon.com.br\/portal\/#\/schema\/person\/a5060ad1e9ea3df545188fc93ce43d2f"},"breadcrumb":{"@id":"https:\/\/verdadeon.com.br\/portal\/2025\/09\/13\/eleicao-suplementar-em-sales-oliveira-leva-eleitores-as-urnas-neste-domingo-14\/#breadcrumb"},"inLanguage":"pt-BR","potentialAction":[{"@type":"ReadAction","target":["https:\/\/verdadeon.com.br\/portal\/2025\/09\/13\/eleicao-suplementar-em-sales-oliveira-leva-eleitores-as-urnas-neste-domingo-14\/"]}]},{"@type":"ImageObject","inLanguage":"pt-BR","@id":"https:\/\/verdadeon.com.br\/portal\/2025\/09\/13\/eleicao-suplementar-em-sales-oliveira-leva-eleitores-as-urnas-neste-domingo-14\/#primaryimage","url":"https:\/\/i0.wp.com\/verdadeon.com.br\/portal\/wp-content\/uploads\/2024\/07\/50429036346_a9271a4327_o.webp?fit=1170%2C700&ssl=1","contentUrl":"https:\/\/i0.wp.com\/verdadeon.com.br\/portal\/wp-content\/uploads\/2024\/07\/50429036346_a9271a4327_o.webp?fit=1170%2C700&ssl=1","width":1170,"height":700,"caption":"Sales Oliveira passa por elei\u00e7\u00f5es suplementares ap\u00f3s TSE decidir por indeferimento \u00e0 candidatura de F\u00e1bio Graton, eleito com mais de 4 mil votos (\u00a9Antonio Augusto)"},{"@type":"BreadcrumbList","@id":"https:\/\/verdadeon.com.br\/portal\/2025\/09\/13\/eleicao-suplementar-em-sales-oliveira-leva-eleitores-as-urnas-neste-domingo-14\/#breadcrumb","itemListElement":[{"@type":"ListItem","position":1,"name":"In\u00edcio","item":"https:\/\/verdadeon.com.br\/portal\/"},{"@type":"ListItem","position":2,"name":"Elei\u00e7\u00e3o suplementar em Sales Oliveira leva eleitores \u00e0s urnas neste domingo (14)"}]},{"@type":"WebSite","@id":"https:\/\/verdadeon.com.br\/portal\/#website","url":"https:\/\/verdadeon.com.br\/portal\/","name":"VerdadeOn","description":"Not\u00edcias di\u00e1rias sobre Franca, Regi\u00e3o, Esporte, Cultura, Cotidiano, Colunas. Cobertura nos principais eventos da cidade \u00e9 aqui - Verdadeon Franca","potentialAction":[{"@type":"SearchAction","target":{"@type":"EntryPoint","urlTemplate":"https:\/\/verdadeon.com.br\/portal\/?s={search_term_string}"},"query-input":{"@type":"PropertyValueSpecification","valueRequired":true,"valueName":"search_term_string"}}],"inLanguage":"pt-BR"},{"@type":"Person","@id":"https:\/\/verdadeon.com.br\/portal\/#\/schema\/person\/a5060ad1e9ea3df545188fc93ce43d2f","name":"Redacao VerdadeOn","image":{"@type":"ImageObject","inLanguage":"pt-BR","@id":"https:\/\/verdadeon.com.br\/portal\/#\/schema\/person\/image\/","url":"https:\/\/secure.gravatar.com\/avatar\/459a9613caaaf07f582c3d0841eea68bdd66f533e465e6ba8b9cb45619572cf4?s=96&d=mm&r=g","contentUrl":"https:\/\/secure.gravatar.com\/avatar\/459a9613caaaf07f582c3d0841eea68bdd66f533e465e6ba8b9cb45619572cf4?s=96&d=mm&r=g","caption":"Redacao VerdadeOn"},"url":"https:\/\/verdadeon.com.br\/portal\/author\/redacao\/"}]}},"jetpack_publicize_connections":[],"jetpack_featured_media_url":"https:\/\/i0.wp.com\/verdadeon.com.br\/portal\/wp-content\/uploads\/2024\/07\/50429036346_a9271a4327_o.webp?fit=1170%2C700&ssl=1","jetpack_sharing_enabled":true,"_links":{"self":[{"href":"https:\/\/verdadeon.com.br\/portal\/wp-json\/wp\/v2\/posts\/59745","targetHints":{"allow":["GET"]}}],"collection":[{"href":"https:\/\/verdadeon.com.br\/portal\/wp-json\/wp\/v2\/posts"}],"about":[{"href":"https:\/\/verdadeon.com.br\/portal\/wp-json\/wp\/v2\/types\/post"}],"author":[{"embeddable":true,"href":"https:\/\/verdadeon.com.br\/portal\/wp-json\/wp\/v2\/users\/10"}],"replies":[{"embeddable":true,"href":"https:\/\/verdadeon.com.br\/portal\/wp-json\/wp\/v2\/comments?post=59745"}],"version-history":[{"count":3,"href":"https:\/\/verdadeon.com.br\/portal\/wp-json\/wp\/v2\/posts\/59745\/revisions"}],"predecessor-version":[{"id":59911,"href":"https:\/\/verdadeon.com.br\/portal\/wp-json\/wp\/v2\/posts\/59745\/revisions\/59911"}],"wp:featuredmedia":[{"embeddable":true,"href":"https:\/\/verdadeon.com.br\/portal\/wp-json\/wp\/v2\/media\/46817"}],"wp:attachment":[{"href":"https:\/\/verdadeon.com.br\/portal\/wp-json\/wp\/v2\/media?parent=59745"}],"wp:term":[{"taxonomy":"category","embeddable":true,"href":"https:\/\/verdadeon.com.br\/portal\/wp-json\/wp\/v2\/categories?post=59745"},{"taxonomy":"post_tag","embeddable":true,"href":"https:\/\/verdadeon.com.br\/portal\/wp-json\/wp\/v2\/tags?post=59745"}],"curies":[{"name":"wp","href":"https:\/\/api.w.org\/{rel}","templated":true}]}}