{"id":59697,"date":"2025-09-08T11:34:02","date_gmt":"2025-09-08T14:34:02","guid":{"rendered":"https:\/\/verdadeon.com.br\/portal\/?p=59697"},"modified":"2025-09-08T11:34:02","modified_gmt":"2025-09-08T14:34:02","slug":"termina-nesta-terca-feira-9-prazo-para-pedir-reducao-da-taxa-do-vestibulinho","status":"publish","type":"post","link":"https:\/\/verdadeon.com.br\/portal\/2025\/09\/08\/termina-nesta-terca-feira-9-prazo-para-pedir-reducao-da-taxa-do-vestibulinho\/","title":{"rendered":"Termina nesta ter\u00e7a-feira (9) prazo para pedir redu\u00e7\u00e3o da taxa do Vestibulinho"},"content":{"rendered":"<div class=\"elementor-element elementor-element-4784657 elementor-widget__width-initial elementor-widget elementor-widget-theme-post-excerpt\" data-id=\"4784657\" data-element_type=\"widget\" data-widget_type=\"theme-post-excerpt.default\">\n<h2 class=\"elementor-widget-container\">Aux\u00edlio abona 50% do valor da inscri\u00e7\u00e3o para estudantes desempregados ou com renda inferior a dois sal\u00e1rios m\u00ednimos; solicita\u00e7\u00e3o deve ser feita pelo site vestibulinho.etec.sp.gov.br<\/h2>\n<\/div>\n<div class=\"elementor-element elementor-element-2133f16 compartilhe e-con-full e-flex e-con e-child\" data-id=\"2133f16\" data-element_type=\"container\" data-settings=\"{&quot;_ha_eqh_enable&quot;:false}\">\n<div class=\"elementor-element elementor-element-a8be681 e-con-full e-flex e-con e-child\" data-id=\"a8be681\" data-element_type=\"container\" data-settings=\"{&quot;_ha_eqh_enable&quot;:false}\">\n<div class=\"elementor-element elementor-element-4b063fb elementor-widget elementor-widget-image\" data-id=\"4b063fb\" data-element_type=\"widget\" data-widget_type=\"image.default\">\n<p>O candidato que deseja pedir a redu\u00e7\u00e3o de 50% da taxa para se inscrever no Vestibulinho das Escolas T\u00e9cnicas Estaduais (Etecs) do Centro Paula Souza (CPS) deve fazer a solicita\u00e7\u00e3o at\u00e9 a ter\u00e7a-feira (9), pelo site\u00a0<a role=\"link\" href=\"http:\/\/www.vestibulinho.etec.sp.gov.br\/\" target=\"_blank\" rel=\"noreferrer noopener\">vestibulinho.etec.sp.gov.br<\/a>. O valor integral da inscri\u00e7\u00e3o \u00e9 de R$ 29.<\/p>\n<p>Para ter acesso ao benef\u00edcio, \u00e9 necess\u00e1rio atender, ao mesmo tempo, a dois requisitos: estar matriculado nos Ensinos Fundamental, M\u00e9dio, Superior (gradua\u00e7\u00e3o ou p\u00f3s-gradua\u00e7\u00e3o) ou curso pr\u00e9-vestibular, al\u00e9m de ter remunera\u00e7\u00e3o mensal inferior a dois sal\u00e1rios m\u00ednimos (R$ 3.036) ou estar desempregado.<\/p>\n<p><strong>Como solicitar<\/strong><\/p>\n<p>O interessado deve acessar o site\u00a0<a role=\"link\" href=\"http:\/\/www.vestibulinho.etec.sp.gov.br\/\" target=\"_blank\" rel=\"noreferrer noopener\">vestibulinho.etec.sp.gov.br<\/a>, clicar no menu\u00a0<em>Redu\u00e7\u00e3o<\/em>, preencher o formul\u00e1rio eletr\u00f4nico e enviar, via\u00a0<em>upload<\/em>, os documentos comprobat\u00f3rios exigidos: comprovante de escolaridade e de renda. Os arquivos devem estar em formato\u00a0<em>PDF, PNG, JPG<\/em>\u00a0ou\u00a0<em>JPEG<\/em>, com tamanho m\u00e1ximo de\u00a0<em>1 MB<\/em>. Documentos ileg\u00edveis, com rasuras ou fora da plataforma n\u00e3o ser\u00e3o avaliados.<\/p>\n<p>As Etecs disponibilizam computadores com acesso \u00e0 internet para candidatos que necessitarem de apoio para esta etapa. O interessado deve entrar em contato com a unidade para verificar os hor\u00e1rios de atendimento.<\/p>\n<p><strong>Resultado<\/strong><\/p>\n<p>A resposta \u00e0 solicita\u00e7\u00e3o ser\u00e1 divulgada a partir das 15h do dia 22 de setembro, tamb\u00e9m pela internet. Quem tiver o resultado indeferido poder\u00e1 apresentar recurso entre 23 e 24 de setembro. A resposta ao recurso ser\u00e1 disponibilizada no dia 6 de outubro. Confira o\u00a0<a role=\"link\" href=\"https:\/\/vestibulinho.etec.sp.gov.br\/calendario\/\" target=\"_blank\" rel=\"noreferrer noopener\">cronograma<\/a>\u00a0completo do processo seletivo na internet.<\/p>\n<p><strong>Oportunidade<\/strong><\/p>\n<p>Para o primeiro semestre de 2026, o Vestibulinho das Etecs classifica candidatos para ingresso em\u00a0<a role=\"link\" href=\"https:\/\/www.cps.sp.gov.br\/etec\/cursos-oferecidos-pelas-etecs\/\" target=\"_blank\" rel=\"noreferrer noopener\">cursos<\/a>\u00a0t\u00e9cnicos, Ensino M\u00e9dio, Ensino M\u00e9dio integrado ao T\u00e9cnico, Articula\u00e7\u00e3o da Forma\u00e7\u00e3o Profissional M\u00e9dia e Superior (AMS) e Especializa\u00e7\u00f5es T\u00e9cnicas, oferecidos pelas\u00a0<a role=\"link\" href=\"https:\/\/www.cps.sp.gov.br\/etec\/etecs\/\" target=\"_blank\" rel=\"noreferrer noopener\">228 Etecs<\/a>\u00a0distribu\u00eddas pelo Estado de S\u00e3o Paulo. As vagas s\u00e3o para ensino publico gratuito, em diferentes \u00e1reas do conhecimento, alinhadas \u00e0s demandas do mercado de trabalho.<\/p>\n<p>A quantidade de vagas, cursos e unidades participantes ser\u00e3o divulgadas em breve. Outras informa\u00e7\u00f5es e orienta\u00e7\u00f5es est\u00e3o dispon\u00edveis no site\u00a0<a role=\"link\" href=\"http:\/\/www.vestibulinho.etec.sp.gov.br\/\" target=\"_blank\" rel=\"noreferrer noopener\">vestibulinho.etec.sp.gov.br<\/a>.<\/p>\n<p>Fonte: Ag\u00eancia SP<\/p>\n<\/div>\n<\/div>\n<\/div>\n","protected":false},"excerpt":{"rendered":"<p>Aux\u00edlio abona 50% do valor da inscri\u00e7\u00e3o para estudantes desempregados ou com renda inferior a dois sal\u00e1rios m\u00ednimos; solicita\u00e7\u00e3o deve ser feita pelo site vestibulinho.etec.sp.gov.br O<span class=\"excerpt-hellip\"> [\u2026]<\/span><\/p>\n","protected":false},"author":10,"featured_media":59698,"comment_status":"open","ping_status":"open","sticky":false,"template":"","format":"standard","meta":{"_jetpack_memberships_contains_paid_content":false,"footnotes":"","jetpack_publicize_message":"","jetpack_publicize_feature_enabled":true,"jetpack_social_post_already_shared":true,"jetpack_social_options":{"image_generator_settings":{"template":"highway","default_image_id":0,"enabled":false},"version":2}},"categories":[28,44],"tags":[],"class_list":["post-59697","post","type-post","status-publish","format-standard","has-post-thumbnail","hentry","category-cotidiano","category-noticias"],"yoast_head":"<!-- This site is optimized with the Yoast SEO plugin v25.6 - https:\/\/yoast.com\/wordpress\/plugins\/seo\/ -->\n<title>Termina nesta ter\u00e7a-feira (9) prazo para pedir redu\u00e7\u00e3o da taxa do Vestibulinho - VerdadeOn<\/title>\n<meta name=\"robots\" content=\"index, follow, max-snippet:-1, max-image-preview:large, max-video-preview:-1\" \/>\n<link rel=\"canonical\" href=\"https:\/\/verdadeon.com.br\/portal\/2025\/09\/08\/termina-nesta-terca-feira-9-prazo-para-pedir-reducao-da-taxa-do-vestibulinho\/\" \/>\n<meta property=\"og:locale\" content=\"pt_BR\" \/>\n<meta property=\"og:type\" content=\"article\" \/>\n<meta property=\"og:title\" content=\"Termina nesta ter\u00e7a-feira (9) prazo para pedir redu\u00e7\u00e3o da taxa do Vestibulinho - VerdadeOn\" \/>\n<meta property=\"og:description\" content=\"Aux\u00edlio abona 50% do valor da inscri\u00e7\u00e3o para estudantes desempregados ou com renda inferior a dois sal\u00e1rios m\u00ednimos; solicita\u00e7\u00e3o deve ser feita pelo site vestibulinho.etec.sp.gov.br O [\u2026]\" \/>\n<meta property=\"og:url\" content=\"https:\/\/verdadeon.com.br\/portal\/2025\/09\/08\/termina-nesta-terca-feira-9-prazo-para-pedir-reducao-da-taxa-do-vestibulinho\/\" \/>\n<meta property=\"og:site_name\" content=\"VerdadeOn\" \/>\n<meta property=\"article:published_time\" content=\"2025-09-08T14:34:02+00:00\" \/>\n<meta property=\"og:image\" content=\"https:\/\/verdadeon.com.br\/portal\/wp-content\/uploads\/2025\/09\/Imagem-do-WhatsApp-de-2025-09-05-as-11.21.42_5a245207-1024x681-1.jpg\" \/>\n\t<meta property=\"og:image:width\" content=\"1024\" \/>\n\t<meta property=\"og:image:height\" content=\"681\" \/>\n\t<meta property=\"og:image:type\" content=\"image\/jpeg\" \/>\n<meta name=\"author\" content=\"Redacao VerdadeOn\" \/>\n<meta name=\"twitter:card\" content=\"summary_large_image\" \/>\n<meta name=\"twitter:label1\" content=\"Escrito por\" \/>\n\t<meta name=\"twitter:data1\" content=\"Redacao VerdadeOn\" \/>\n\t<meta name=\"twitter:label2\" content=\"Est. tempo de leitura\" \/>\n\t<meta name=\"twitter:data2\" content=\"3 minutos\" \/>\n<script type=\"application\/ld+json\" class=\"yoast-schema-graph\">{\"@context\":\"https:\/\/schema.org\",\"@graph\":[{\"@type\":\"WebPage\",\"@id\":\"https:\/\/verdadeon.com.br\/portal\/2025\/09\/08\/termina-nesta-terca-feira-9-prazo-para-pedir-reducao-da-taxa-do-vestibulinho\/\",\"url\":\"https:\/\/verdadeon.com.br\/portal\/2025\/09\/08\/termina-nesta-terca-feira-9-prazo-para-pedir-reducao-da-taxa-do-vestibulinho\/\",\"name\":\"Termina nesta ter\u00e7a-feira (9) prazo para pedir redu\u00e7\u00e3o da taxa do Vestibulinho - VerdadeOn\",\"isPartOf\":{\"@id\":\"https:\/\/verdadeon.com.br\/portal\/#website\"},\"primaryImageOfPage\":{\"@id\":\"https:\/\/verdadeon.com.br\/portal\/2025\/09\/08\/termina-nesta-terca-feira-9-prazo-para-pedir-reducao-da-taxa-do-vestibulinho\/#primaryimage\"},\"image\":{\"@id\":\"https:\/\/verdadeon.com.br\/portal\/2025\/09\/08\/termina-nesta-terca-feira-9-prazo-para-pedir-reducao-da-taxa-do-vestibulinho\/#primaryimage\"},\"thumbnailUrl\":\"https:\/\/i0.wp.com\/verdadeon.com.br\/portal\/wp-content\/uploads\/2025\/09\/Imagem-do-WhatsApp-de-2025-09-05-as-11.21.42_5a245207-1024x681-1.jpg?fit=1024%2C681&ssl=1\",\"datePublished\":\"2025-09-08T14:34:02+00:00\",\"author\":{\"@id\":\"https:\/\/verdadeon.com.br\/portal\/#\/schema\/person\/a5060ad1e9ea3df545188fc93ce43d2f\"},\"breadcrumb\":{\"@id\":\"https:\/\/verdadeon.com.br\/portal\/2025\/09\/08\/termina-nesta-terca-feira-9-prazo-para-pedir-reducao-da-taxa-do-vestibulinho\/#breadcrumb\"},\"inLanguage\":\"pt-BR\",\"potentialAction\":[{\"@type\":\"ReadAction\",\"target\":[\"https:\/\/verdadeon.com.br\/portal\/2025\/09\/08\/termina-nesta-terca-feira-9-prazo-para-pedir-reducao-da-taxa-do-vestibulinho\/\"]}]},{\"@type\":\"ImageObject\",\"inLanguage\":\"pt-BR\",\"@id\":\"https:\/\/verdadeon.com.br\/portal\/2025\/09\/08\/termina-nesta-terca-feira-9-prazo-para-pedir-reducao-da-taxa-do-vestibulinho\/#primaryimage\",\"url\":\"https:\/\/i0.wp.com\/verdadeon.com.br\/portal\/wp-content\/uploads\/2025\/09\/Imagem-do-WhatsApp-de-2025-09-05-as-11.21.42_5a245207-1024x681-1.jpg?fit=1024%2C681&ssl=1\",\"contentUrl\":\"https:\/\/i0.wp.com\/verdadeon.com.br\/portal\/wp-content\/uploads\/2025\/09\/Imagem-do-WhatsApp-de-2025-09-05-as-11.21.42_5a245207-1024x681-1.jpg?fit=1024%2C681&ssl=1\",\"width\":1024,\"height\":681,\"caption\":\"Etecs disponibilizam computador com acesso \u00e0 internet para candidato que necessite de apoio para pedir o benef\u00edcio (\u00a9Roberto Sungi)\"},{\"@type\":\"BreadcrumbList\",\"@id\":\"https:\/\/verdadeon.com.br\/portal\/2025\/09\/08\/termina-nesta-terca-feira-9-prazo-para-pedir-reducao-da-taxa-do-vestibulinho\/#breadcrumb\",\"itemListElement\":[{\"@type\":\"ListItem\",\"position\":1,\"name\":\"In\u00edcio\",\"item\":\"https:\/\/verdadeon.com.br\/portal\/\"},{\"@type\":\"ListItem\",\"position\":2,\"name\":\"Termina nesta ter\u00e7a-feira (9) prazo para pedir redu\u00e7\u00e3o da taxa do Vestibulinho\"}]},{\"@type\":\"WebSite\",\"@id\":\"https:\/\/verdadeon.com.br\/portal\/#website\",\"url\":\"https:\/\/verdadeon.com.br\/portal\/\",\"name\":\"VerdadeOn\",\"description\":\"Not\u00edcias di\u00e1rias sobre Franca, Regi\u00e3o, Esporte, Cultura, Cotidiano, Colunas. Cobertura nos principais eventos da cidade \u00e9 aqui - Verdadeon Franca\",\"potentialAction\":[{\"@type\":\"SearchAction\",\"target\":{\"@type\":\"EntryPoint\",\"urlTemplate\":\"https:\/\/verdadeon.com.br\/portal\/?s={search_term_string}\"},\"query-input\":{\"@type\":\"PropertyValueSpecification\",\"valueRequired\":true,\"valueName\":\"search_term_string\"}}],\"inLanguage\":\"pt-BR\"},{\"@type\":\"Person\",\"@id\":\"https:\/\/verdadeon.com.br\/portal\/#\/schema\/person\/a5060ad1e9ea3df545188fc93ce43d2f\",\"name\":\"Redacao VerdadeOn\",\"image\":{\"@type\":\"ImageObject\",\"inLanguage\":\"pt-BR\",\"@id\":\"https:\/\/verdadeon.com.br\/portal\/#\/schema\/person\/image\/\",\"url\":\"https:\/\/secure.gravatar.com\/avatar\/459a9613caaaf07f582c3d0841eea68bdd66f533e465e6ba8b9cb45619572cf4?s=96&d=mm&r=g\",\"contentUrl\":\"https:\/\/secure.gravatar.com\/avatar\/459a9613caaaf07f582c3d0841eea68bdd66f533e465e6ba8b9cb45619572cf4?s=96&d=mm&r=g\",\"caption\":\"Redacao VerdadeOn\"},\"url\":\"https:\/\/verdadeon.com.br\/portal\/author\/redacao\/\"}]}<\/script>\n<!-- \/ Yoast SEO plugin. -->","yoast_head_json":{"title":"Termina nesta ter\u00e7a-feira (9) prazo para pedir redu\u00e7\u00e3o da taxa do Vestibulinho - VerdadeOn","robots":{"index":"index","follow":"follow","max-snippet":"max-snippet:-1","max-image-preview":"max-image-preview:large","max-video-preview":"max-video-preview:-1"},"canonical":"https:\/\/verdadeon.com.br\/portal\/2025\/09\/08\/termina-nesta-terca-feira-9-prazo-para-pedir-reducao-da-taxa-do-vestibulinho\/","og_locale":"pt_BR","og_type":"article","og_title":"Termina nesta ter\u00e7a-feira (9) prazo para pedir redu\u00e7\u00e3o da taxa do Vestibulinho - VerdadeOn","og_description":"Aux\u00edlio abona 50% do valor da inscri\u00e7\u00e3o para estudantes desempregados ou com renda inferior a dois sal\u00e1rios m\u00ednimos; solicita\u00e7\u00e3o deve ser feita pelo site vestibulinho.etec.sp.gov.br O [\u2026]","og_url":"https:\/\/verdadeon.com.br\/portal\/2025\/09\/08\/termina-nesta-terca-feira-9-prazo-para-pedir-reducao-da-taxa-do-vestibulinho\/","og_site_name":"VerdadeOn","article_published_time":"2025-09-08T14:34:02+00:00","og_image":[{"width":1024,"height":681,"url":"https:\/\/verdadeon.com.br\/portal\/wp-content\/uploads\/2025\/09\/Imagem-do-WhatsApp-de-2025-09-05-as-11.21.42_5a245207-1024x681-1.jpg","type":"image\/jpeg"}],"author":"Redacao VerdadeOn","twitter_card":"summary_large_image","twitter_misc":{"Escrito por":"Redacao VerdadeOn","Est. tempo de leitura":"3 minutos"},"schema":{"@context":"https:\/\/schema.org","@graph":[{"@type":"WebPage","@id":"https:\/\/verdadeon.com.br\/portal\/2025\/09\/08\/termina-nesta-terca-feira-9-prazo-para-pedir-reducao-da-taxa-do-vestibulinho\/","url":"https:\/\/verdadeon.com.br\/portal\/2025\/09\/08\/termina-nesta-terca-feira-9-prazo-para-pedir-reducao-da-taxa-do-vestibulinho\/","name":"Termina nesta ter\u00e7a-feira (9) prazo para pedir redu\u00e7\u00e3o da taxa do Vestibulinho - VerdadeOn","isPartOf":{"@id":"https:\/\/verdadeon.com.br\/portal\/#website"},"primaryImageOfPage":{"@id":"https:\/\/verdadeon.com.br\/portal\/2025\/09\/08\/termina-nesta-terca-feira-9-prazo-para-pedir-reducao-da-taxa-do-vestibulinho\/#primaryimage"},"image":{"@id":"https:\/\/verdadeon.com.br\/portal\/2025\/09\/08\/termina-nesta-terca-feira-9-prazo-para-pedir-reducao-da-taxa-do-vestibulinho\/#primaryimage"},"thumbnailUrl":"https:\/\/i0.wp.com\/verdadeon.com.br\/portal\/wp-content\/uploads\/2025\/09\/Imagem-do-WhatsApp-de-2025-09-05-as-11.21.42_5a245207-1024x681-1.jpg?fit=1024%2C681&ssl=1","datePublished":"2025-09-08T14:34:02+00:00","author":{"@id":"https:\/\/verdadeon.com.br\/portal\/#\/schema\/person\/a5060ad1e9ea3df545188fc93ce43d2f"},"breadcrumb":{"@id":"https:\/\/verdadeon.com.br\/portal\/2025\/09\/08\/termina-nesta-terca-feira-9-prazo-para-pedir-reducao-da-taxa-do-vestibulinho\/#breadcrumb"},"inLanguage":"pt-BR","potentialAction":[{"@type":"ReadAction","target":["https:\/\/verdadeon.com.br\/portal\/2025\/09\/08\/termina-nesta-terca-feira-9-prazo-para-pedir-reducao-da-taxa-do-vestibulinho\/"]}]},{"@type":"ImageObject","inLanguage":"pt-BR","@id":"https:\/\/verdadeon.com.br\/portal\/2025\/09\/08\/termina-nesta-terca-feira-9-prazo-para-pedir-reducao-da-taxa-do-vestibulinho\/#primaryimage","url":"https:\/\/i0.wp.com\/verdadeon.com.br\/portal\/wp-content\/uploads\/2025\/09\/Imagem-do-WhatsApp-de-2025-09-05-as-11.21.42_5a245207-1024x681-1.jpg?fit=1024%2C681&ssl=1","contentUrl":"https:\/\/i0.wp.com\/verdadeon.com.br\/portal\/wp-content\/uploads\/2025\/09\/Imagem-do-WhatsApp-de-2025-09-05-as-11.21.42_5a245207-1024x681-1.jpg?fit=1024%2C681&ssl=1","width":1024,"height":681,"caption":"Etecs disponibilizam computador com acesso \u00e0 internet para candidato que necessite de apoio para pedir o benef\u00edcio (\u00a9Roberto Sungi)"},{"@type":"BreadcrumbList","@id":"https:\/\/verdadeon.com.br\/portal\/2025\/09\/08\/termina-nesta-terca-feira-9-prazo-para-pedir-reducao-da-taxa-do-vestibulinho\/#breadcrumb","itemListElement":[{"@type":"ListItem","position":1,"name":"In\u00edcio","item":"https:\/\/verdadeon.com.br\/portal\/"},{"@type":"ListItem","position":2,"name":"Termina nesta ter\u00e7a-feira (9) prazo para pedir redu\u00e7\u00e3o da taxa do Vestibulinho"}]},{"@type":"WebSite","@id":"https:\/\/verdadeon.com.br\/portal\/#website","url":"https:\/\/verdadeon.com.br\/portal\/","name":"VerdadeOn","description":"Not\u00edcias di\u00e1rias sobre Franca, Regi\u00e3o, Esporte, Cultura, Cotidiano, Colunas. Cobertura nos principais eventos da cidade \u00e9 aqui - Verdadeon Franca","potentialAction":[{"@type":"SearchAction","target":{"@type":"EntryPoint","urlTemplate":"https:\/\/verdadeon.com.br\/portal\/?s={search_term_string}"},"query-input":{"@type":"PropertyValueSpecification","valueRequired":true,"valueName":"search_term_string"}}],"inLanguage":"pt-BR"},{"@type":"Person","@id":"https:\/\/verdadeon.com.br\/portal\/#\/schema\/person\/a5060ad1e9ea3df545188fc93ce43d2f","name":"Redacao VerdadeOn","image":{"@type":"ImageObject","inLanguage":"pt-BR","@id":"https:\/\/verdadeon.com.br\/portal\/#\/schema\/person\/image\/","url":"https:\/\/secure.gravatar.com\/avatar\/459a9613caaaf07f582c3d0841eea68bdd66f533e465e6ba8b9cb45619572cf4?s=96&d=mm&r=g","contentUrl":"https:\/\/secure.gravatar.com\/avatar\/459a9613caaaf07f582c3d0841eea68bdd66f533e465e6ba8b9cb45619572cf4?s=96&d=mm&r=g","caption":"Redacao VerdadeOn"},"url":"https:\/\/verdadeon.com.br\/portal\/author\/redacao\/"}]}},"jetpack_publicize_connections":[],"jetpack_featured_media_url":"https:\/\/i0.wp.com\/verdadeon.com.br\/portal\/wp-content\/uploads\/2025\/09\/Imagem-do-WhatsApp-de-2025-09-05-as-11.21.42_5a245207-1024x681-1.jpg?fit=1024%2C681&ssl=1","jetpack_sharing_enabled":true,"_links":{"self":[{"href":"https:\/\/verdadeon.com.br\/portal\/wp-json\/wp\/v2\/posts\/59697","targetHints":{"allow":["GET"]}}],"collection":[{"href":"https:\/\/verdadeon.com.br\/portal\/wp-json\/wp\/v2\/posts"}],"about":[{"href":"https:\/\/verdadeon.com.br\/portal\/wp-json\/wp\/v2\/types\/post"}],"author":[{"embeddable":true,"href":"https:\/\/verdadeon.com.br\/portal\/wp-json\/wp\/v2\/users\/10"}],"replies":[{"embeddable":true,"href":"https:\/\/verdadeon.com.br\/portal\/wp-json\/wp\/v2\/comments?post=59697"}],"version-history":[{"count":1,"href":"https:\/\/verdadeon.com.br\/portal\/wp-json\/wp\/v2\/posts\/59697\/revisions"}],"predecessor-version":[{"id":59699,"href":"https:\/\/verdadeon.com.br\/portal\/wp-json\/wp\/v2\/posts\/59697\/revisions\/59699"}],"wp:featuredmedia":[{"embeddable":true,"href":"https:\/\/verdadeon.com.br\/portal\/wp-json\/wp\/v2\/media\/59698"}],"wp:attachment":[{"href":"https:\/\/verdadeon.com.br\/portal\/wp-json\/wp\/v2\/media?parent=59697"}],"wp:term":[{"taxonomy":"category","embeddable":true,"href":"https:\/\/verdadeon.com.br\/portal\/wp-json\/wp\/v2\/categories?post=59697"},{"taxonomy":"post_tag","embeddable":true,"href":"https:\/\/verdadeon.com.br\/portal\/wp-json\/wp\/v2\/tags?post=59697"}],"curies":[{"name":"wp","href":"https:\/\/api.w.org\/{rel}","templated":true}]}}