{"id":59694,"date":"2025-09-08T11:17:05","date_gmt":"2025-09-08T14:17:05","guid":{"rendered":"https:\/\/verdadeon.com.br\/portal\/?p=59694"},"modified":"2025-09-08T11:17:21","modified_gmt":"2025-09-08T14:17:21","slug":"vaiqueuvoo-leva-acrobacias-aereas-ao-palco-do-sesc-franca-em-historia-ambientada-nos-anos-1930","status":"publish","type":"post","link":"https:\/\/verdadeon.com.br\/portal\/2025\/09\/08\/vaiqueuvoo-leva-acrobacias-aereas-ao-palco-do-sesc-franca-em-historia-ambientada-nos-anos-1930\/","title":{"rendered":"&#8220;Vaiqueuvoo!&#8221; leva acrobacias a\u00e9reas ao palco do Sesc Franca em hist\u00f3ria ambientada nos anos 1930"},"content":{"rendered":"<h2>Espet\u00e1culo da Cia. Sabatino Brothers circula pelo Brasil e exterior com releitura contempor\u00e2nea da linguagem circense<\/h2>\n<div><b><span class=\"il\">Sesc<\/span>\u00a0Franca<\/b>\u00a0apresenta no\u00a0<b>dia 11\/9<\/b>\u00a0espet\u00e1culo que re\u00fane elementos do teatro e do circo, como as acrobacias a\u00e9reas, para abordar coragem, amizade, confian\u00e7a e supera\u00e7\u00e3o. Ambientada na d\u00e9cada de 1930, a narrativa traz tr\u00eas aviadores que encontram sentido para a vida apenas quando est\u00e3o nos ares, desafiando as leis da gravidade em n\u00fameros de barra fixa e quadrante a\u00e9reo.<\/div>\n<div><\/div>\n<div>Com uma releitura jovem e din\u00e2mica, o espet\u00e1culo evoca a bravura e a determina\u00e7\u00e3o de personagens que, em meio a avan\u00e7os tecnol\u00f3gicos e conflitos globais, escolheram enfrentar o desconhecido. Ao traduzir esse esp\u00edrito para a linguagem circense, a montagem cria uma experi\u00eancia que conecta o p\u00fablico ao universo dos aviadores de forma l\u00fadica e envolvente.<\/div>\n<div><\/div>\n<div>Desde sua cria\u00e7\u00e3o em 2014,\u00a0<b>\u201cVaiqueuVoo!\u201d<\/b>\u00a0j\u00e1 realizou mais de 250 apresenta\u00e7\u00f5es em festivais e temporadas no Brasil, al\u00e9m de passagens internacionais por pa\u00edses como B\u00e9lgica, Holanda e Su\u00e9cia. A trajet\u00f3ria reafirma a pot\u00eancia da cena brasileira na forma\u00e7\u00e3o de artistas especializados em acrobacias a\u00e9reas.<\/div>\n<div><\/div>\n<div>Para o diretor\u00a0<b>Andr\u00e9 Sabatino<\/b>, que j\u00e1 integrou companhias como\u00a0<b>Cirque du Soleil<\/b>,\u00a0<b>Grupo Ares\u00a0<\/b>e<b>\u00a0Acrob\u00e1tico<\/b>\u00a0<b>Fratelli<\/b>, o espet\u00e1culo tamb\u00e9m refor\u00e7a a necessidade de pol\u00edticas p\u00fablicas e de escolas de circo que garantam a continuidade e a expans\u00e3o dessa arte no pa\u00eds. A proposta da\u00a0<b>Cia. Sabatino Brothers<\/b>\u00a0\u00e9 adaptar t\u00e9cnicas tradicionais do circo a novas linguagens est\u00e9ticas e art\u00edsticas, criando um espet\u00e1culo que dialoga com diferentes gera\u00e7\u00f5es e amplia o alcance do universo circense.<\/div>\n<div><\/div>\n<div><b><u>Ficha T\u00e9cnica:<\/u><\/b><\/div>\n<div><\/div>\n<div><b>Dire\u00e7\u00e3o e Concep\u00e7\u00e3o<\/b>: Andr\u00e9 Sabatino<br \/>\n<b>Colabora\u00e7\u00e3o C\u00eanica<\/b>: Lu Lopes &#8211; A Palha\u00e7a Rubra<br \/>\n<b>Elenco<\/b>: Andr\u00e9 Sabatino, Martim Sabatino e Pedro Passos<br \/>\n<b>Sonoplastia<\/b>: F\u00e1bio Mat\u00fa<br \/>\n<b>Figurinos<\/b>: Ros\u00e2ngela Ribeiro<br \/>\n<b>Produ\u00e7\u00e3o<\/b>: Felipe Junqueira<\/div>\n<div><\/div>\n<div><b>Servi\u00e7o<\/b><\/div>\n<div><b>Data:<\/b>\u00a011 de setembro. Quinta, 19h30.<\/div>\n<div><b>Classifica\u00e7\u00e3o indicativa:<\/b>\u00a0Livre<\/div>\n<div><b>Local:<\/b>\u00a0Pra\u00e7a do\u00a0<span class=\"il\">Sesc<\/span>\u00a0Franca<\/div>\n<div><b>Gr\u00e1tis<\/b><\/div>\n","protected":false},"excerpt":{"rendered":"<p>Espet\u00e1culo da Cia. Sabatino Brothers circula pelo Brasil e exterior com releitura contempor\u00e2nea da linguagem circense Sesc\u00a0Franca\u00a0apresenta no\u00a0dia 11\/9\u00a0espet\u00e1culo que re\u00fane elementos do teatro e do<span class=\"excerpt-hellip\"> [\u2026]<\/span><\/p>\n","protected":false},"author":10,"featured_media":59695,"comment_status":"open","ping_status":"open","sticky":false,"template":"","format":"standard","meta":{"_jetpack_memberships_contains_paid_content":false,"footnotes":"","jetpack_publicize_message":"","jetpack_publicize_feature_enabled":true,"jetpack_social_post_already_shared":true,"jetpack_social_options":{"image_generator_settings":{"template":"highway","default_image_id":0,"enabled":false},"version":2}},"categories":[28,44],"tags":[],"class_list":["post-59694","post","type-post","status-publish","format-standard","has-post-thumbnail","hentry","category-cotidiano","category-noticias"],"yoast_head":"<!-- This site is optimized with the Yoast SEO plugin v25.6 - https:\/\/yoast.com\/wordpress\/plugins\/seo\/ -->\n<title>&quot;Vaiqueuvoo!&quot; leva acrobacias a\u00e9reas ao palco do Sesc Franca em hist\u00f3ria ambientada nos anos 1930 - VerdadeOn<\/title>\n<meta name=\"robots\" content=\"index, follow, max-snippet:-1, max-image-preview:large, max-video-preview:-1\" \/>\n<link rel=\"canonical\" href=\"https:\/\/verdadeon.com.br\/portal\/2025\/09\/08\/vaiqueuvoo-leva-acrobacias-aereas-ao-palco-do-sesc-franca-em-historia-ambientada-nos-anos-1930\/\" \/>\n<meta property=\"og:locale\" content=\"pt_BR\" \/>\n<meta property=\"og:type\" content=\"article\" \/>\n<meta property=\"og:title\" content=\"&quot;Vaiqueuvoo!&quot; leva acrobacias a\u00e9reas ao palco do Sesc Franca em hist\u00f3ria ambientada nos anos 1930 - VerdadeOn\" \/>\n<meta property=\"og:description\" content=\"Espet\u00e1culo da Cia. Sabatino Brothers circula pelo Brasil e exterior com releitura contempor\u00e2nea da linguagem circense Sesc\u00a0Franca\u00a0apresenta no\u00a0dia 11\/9\u00a0espet\u00e1culo que re\u00fane elementos do teatro e do [\u2026]\" \/>\n<meta property=\"og:url\" content=\"https:\/\/verdadeon.com.br\/portal\/2025\/09\/08\/vaiqueuvoo-leva-acrobacias-aereas-ao-palco-do-sesc-franca-em-historia-ambientada-nos-anos-1930\/\" \/>\n<meta property=\"og:site_name\" content=\"VerdadeOn\" \/>\n<meta property=\"article:published_time\" content=\"2025-09-08T14:17:05+00:00\" \/>\n<meta property=\"article:modified_time\" content=\"2025-09-08T14:17:21+00:00\" \/>\n<meta property=\"og:image\" content=\"https:\/\/verdadeon.com.br\/portal\/wp-content\/uploads\/2025\/09\/image-1-1.jpg\" \/>\n\t<meta property=\"og:image:width\" content=\"795\" \/>\n\t<meta property=\"og:image:height\" content=\"529\" \/>\n\t<meta property=\"og:image:type\" content=\"image\/jpeg\" \/>\n<meta name=\"author\" content=\"Redacao VerdadeOn\" \/>\n<meta name=\"twitter:card\" content=\"summary_large_image\" \/>\n<meta name=\"twitter:label1\" content=\"Escrito por\" \/>\n\t<meta name=\"twitter:data1\" content=\"Redacao VerdadeOn\" \/>\n\t<meta name=\"twitter:label2\" content=\"Est. tempo de leitura\" \/>\n\t<meta name=\"twitter:data2\" content=\"2 minutos\" \/>\n<script type=\"application\/ld+json\" class=\"yoast-schema-graph\">{\"@context\":\"https:\/\/schema.org\",\"@graph\":[{\"@type\":\"WebPage\",\"@id\":\"https:\/\/verdadeon.com.br\/portal\/2025\/09\/08\/vaiqueuvoo-leva-acrobacias-aereas-ao-palco-do-sesc-franca-em-historia-ambientada-nos-anos-1930\/\",\"url\":\"https:\/\/verdadeon.com.br\/portal\/2025\/09\/08\/vaiqueuvoo-leva-acrobacias-aereas-ao-palco-do-sesc-franca-em-historia-ambientada-nos-anos-1930\/\",\"name\":\"\\\"Vaiqueuvoo!\\\" leva acrobacias a\u00e9reas ao palco do Sesc Franca em hist\u00f3ria ambientada nos anos 1930 - VerdadeOn\",\"isPartOf\":{\"@id\":\"https:\/\/verdadeon.com.br\/portal\/#website\"},\"primaryImageOfPage\":{\"@id\":\"https:\/\/verdadeon.com.br\/portal\/2025\/09\/08\/vaiqueuvoo-leva-acrobacias-aereas-ao-palco-do-sesc-franca-em-historia-ambientada-nos-anos-1930\/#primaryimage\"},\"image\":{\"@id\":\"https:\/\/verdadeon.com.br\/portal\/2025\/09\/08\/vaiqueuvoo-leva-acrobacias-aereas-ao-palco-do-sesc-franca-em-historia-ambientada-nos-anos-1930\/#primaryimage\"},\"thumbnailUrl\":\"https:\/\/i0.wp.com\/verdadeon.com.br\/portal\/wp-content\/uploads\/2025\/09\/image-1-1.jpg?fit=795%2C529&ssl=1\",\"datePublished\":\"2025-09-08T14:17:05+00:00\",\"dateModified\":\"2025-09-08T14:17:21+00:00\",\"author\":{\"@id\":\"https:\/\/verdadeon.com.br\/portal\/#\/schema\/person\/a5060ad1e9ea3df545188fc93ce43d2f\"},\"breadcrumb\":{\"@id\":\"https:\/\/verdadeon.com.br\/portal\/2025\/09\/08\/vaiqueuvoo-leva-acrobacias-aereas-ao-palco-do-sesc-franca-em-historia-ambientada-nos-anos-1930\/#breadcrumb\"},\"inLanguage\":\"pt-BR\",\"potentialAction\":[{\"@type\":\"ReadAction\",\"target\":[\"https:\/\/verdadeon.com.br\/portal\/2025\/09\/08\/vaiqueuvoo-leva-acrobacias-aereas-ao-palco-do-sesc-franca-em-historia-ambientada-nos-anos-1930\/\"]}]},{\"@type\":\"ImageObject\",\"inLanguage\":\"pt-BR\",\"@id\":\"https:\/\/verdadeon.com.br\/portal\/2025\/09\/08\/vaiqueuvoo-leva-acrobacias-aereas-ao-palco-do-sesc-franca-em-historia-ambientada-nos-anos-1930\/#primaryimage\",\"url\":\"https:\/\/i0.wp.com\/verdadeon.com.br\/portal\/wp-content\/uploads\/2025\/09\/image-1-1.jpg?fit=795%2C529&ssl=1\",\"contentUrl\":\"https:\/\/i0.wp.com\/verdadeon.com.br\/portal\/wp-content\/uploads\/2025\/09\/image-1-1.jpg?fit=795%2C529&ssl=1\",\"width\":795,\"height\":529,\"caption\":\"(\u00a9Paulo Barbuto)\"},{\"@type\":\"BreadcrumbList\",\"@id\":\"https:\/\/verdadeon.com.br\/portal\/2025\/09\/08\/vaiqueuvoo-leva-acrobacias-aereas-ao-palco-do-sesc-franca-em-historia-ambientada-nos-anos-1930\/#breadcrumb\",\"itemListElement\":[{\"@type\":\"ListItem\",\"position\":1,\"name\":\"In\u00edcio\",\"item\":\"https:\/\/verdadeon.com.br\/portal\/\"},{\"@type\":\"ListItem\",\"position\":2,\"name\":\"&#8220;Vaiqueuvoo!&#8221; leva acrobacias a\u00e9reas ao palco do Sesc Franca em hist\u00f3ria ambientada nos anos 1930\"}]},{\"@type\":\"WebSite\",\"@id\":\"https:\/\/verdadeon.com.br\/portal\/#website\",\"url\":\"https:\/\/verdadeon.com.br\/portal\/\",\"name\":\"VerdadeOn\",\"description\":\"Not\u00edcias di\u00e1rias sobre Franca, Regi\u00e3o, Esporte, Cultura, Cotidiano, Colunas. Cobertura nos principais eventos da cidade \u00e9 aqui - Verdadeon Franca\",\"potentialAction\":[{\"@type\":\"SearchAction\",\"target\":{\"@type\":\"EntryPoint\",\"urlTemplate\":\"https:\/\/verdadeon.com.br\/portal\/?s={search_term_string}\"},\"query-input\":{\"@type\":\"PropertyValueSpecification\",\"valueRequired\":true,\"valueName\":\"search_term_string\"}}],\"inLanguage\":\"pt-BR\"},{\"@type\":\"Person\",\"@id\":\"https:\/\/verdadeon.com.br\/portal\/#\/schema\/person\/a5060ad1e9ea3df545188fc93ce43d2f\",\"name\":\"Redacao VerdadeOn\",\"image\":{\"@type\":\"ImageObject\",\"inLanguage\":\"pt-BR\",\"@id\":\"https:\/\/verdadeon.com.br\/portal\/#\/schema\/person\/image\/\",\"url\":\"https:\/\/secure.gravatar.com\/avatar\/459a9613caaaf07f582c3d0841eea68bdd66f533e465e6ba8b9cb45619572cf4?s=96&d=mm&r=g\",\"contentUrl\":\"https:\/\/secure.gravatar.com\/avatar\/459a9613caaaf07f582c3d0841eea68bdd66f533e465e6ba8b9cb45619572cf4?s=96&d=mm&r=g\",\"caption\":\"Redacao VerdadeOn\"},\"url\":\"https:\/\/verdadeon.com.br\/portal\/author\/redacao\/\"}]}<\/script>\n<!-- \/ Yoast SEO plugin. -->","yoast_head_json":{"title":"\"Vaiqueuvoo!\" leva acrobacias a\u00e9reas ao palco do Sesc Franca em hist\u00f3ria ambientada nos anos 1930 - VerdadeOn","robots":{"index":"index","follow":"follow","max-snippet":"max-snippet:-1","max-image-preview":"max-image-preview:large","max-video-preview":"max-video-preview:-1"},"canonical":"https:\/\/verdadeon.com.br\/portal\/2025\/09\/08\/vaiqueuvoo-leva-acrobacias-aereas-ao-palco-do-sesc-franca-em-historia-ambientada-nos-anos-1930\/","og_locale":"pt_BR","og_type":"article","og_title":"\"Vaiqueuvoo!\" leva acrobacias a\u00e9reas ao palco do Sesc Franca em hist\u00f3ria ambientada nos anos 1930 - VerdadeOn","og_description":"Espet\u00e1culo da Cia. Sabatino Brothers circula pelo Brasil e exterior com releitura contempor\u00e2nea da linguagem circense Sesc\u00a0Franca\u00a0apresenta no\u00a0dia 11\/9\u00a0espet\u00e1culo que re\u00fane elementos do teatro e do [\u2026]","og_url":"https:\/\/verdadeon.com.br\/portal\/2025\/09\/08\/vaiqueuvoo-leva-acrobacias-aereas-ao-palco-do-sesc-franca-em-historia-ambientada-nos-anos-1930\/","og_site_name":"VerdadeOn","article_published_time":"2025-09-08T14:17:05+00:00","article_modified_time":"2025-09-08T14:17:21+00:00","og_image":[{"width":795,"height":529,"url":"https:\/\/verdadeon.com.br\/portal\/wp-content\/uploads\/2025\/09\/image-1-1.jpg","type":"image\/jpeg"}],"author":"Redacao VerdadeOn","twitter_card":"summary_large_image","twitter_misc":{"Escrito por":"Redacao VerdadeOn","Est. tempo de leitura":"2 minutos"},"schema":{"@context":"https:\/\/schema.org","@graph":[{"@type":"WebPage","@id":"https:\/\/verdadeon.com.br\/portal\/2025\/09\/08\/vaiqueuvoo-leva-acrobacias-aereas-ao-palco-do-sesc-franca-em-historia-ambientada-nos-anos-1930\/","url":"https:\/\/verdadeon.com.br\/portal\/2025\/09\/08\/vaiqueuvoo-leva-acrobacias-aereas-ao-palco-do-sesc-franca-em-historia-ambientada-nos-anos-1930\/","name":"\"Vaiqueuvoo!\" leva acrobacias a\u00e9reas ao palco do Sesc Franca em hist\u00f3ria ambientada nos anos 1930 - VerdadeOn","isPartOf":{"@id":"https:\/\/verdadeon.com.br\/portal\/#website"},"primaryImageOfPage":{"@id":"https:\/\/verdadeon.com.br\/portal\/2025\/09\/08\/vaiqueuvoo-leva-acrobacias-aereas-ao-palco-do-sesc-franca-em-historia-ambientada-nos-anos-1930\/#primaryimage"},"image":{"@id":"https:\/\/verdadeon.com.br\/portal\/2025\/09\/08\/vaiqueuvoo-leva-acrobacias-aereas-ao-palco-do-sesc-franca-em-historia-ambientada-nos-anos-1930\/#primaryimage"},"thumbnailUrl":"https:\/\/i0.wp.com\/verdadeon.com.br\/portal\/wp-content\/uploads\/2025\/09\/image-1-1.jpg?fit=795%2C529&ssl=1","datePublished":"2025-09-08T14:17:05+00:00","dateModified":"2025-09-08T14:17:21+00:00","author":{"@id":"https:\/\/verdadeon.com.br\/portal\/#\/schema\/person\/a5060ad1e9ea3df545188fc93ce43d2f"},"breadcrumb":{"@id":"https:\/\/verdadeon.com.br\/portal\/2025\/09\/08\/vaiqueuvoo-leva-acrobacias-aereas-ao-palco-do-sesc-franca-em-historia-ambientada-nos-anos-1930\/#breadcrumb"},"inLanguage":"pt-BR","potentialAction":[{"@type":"ReadAction","target":["https:\/\/verdadeon.com.br\/portal\/2025\/09\/08\/vaiqueuvoo-leva-acrobacias-aereas-ao-palco-do-sesc-franca-em-historia-ambientada-nos-anos-1930\/"]}]},{"@type":"ImageObject","inLanguage":"pt-BR","@id":"https:\/\/verdadeon.com.br\/portal\/2025\/09\/08\/vaiqueuvoo-leva-acrobacias-aereas-ao-palco-do-sesc-franca-em-historia-ambientada-nos-anos-1930\/#primaryimage","url":"https:\/\/i0.wp.com\/verdadeon.com.br\/portal\/wp-content\/uploads\/2025\/09\/image-1-1.jpg?fit=795%2C529&ssl=1","contentUrl":"https:\/\/i0.wp.com\/verdadeon.com.br\/portal\/wp-content\/uploads\/2025\/09\/image-1-1.jpg?fit=795%2C529&ssl=1","width":795,"height":529,"caption":"(\u00a9Paulo Barbuto)"},{"@type":"BreadcrumbList","@id":"https:\/\/verdadeon.com.br\/portal\/2025\/09\/08\/vaiqueuvoo-leva-acrobacias-aereas-ao-palco-do-sesc-franca-em-historia-ambientada-nos-anos-1930\/#breadcrumb","itemListElement":[{"@type":"ListItem","position":1,"name":"In\u00edcio","item":"https:\/\/verdadeon.com.br\/portal\/"},{"@type":"ListItem","position":2,"name":"&#8220;Vaiqueuvoo!&#8221; leva acrobacias a\u00e9reas ao palco do Sesc Franca em hist\u00f3ria ambientada nos anos 1930"}]},{"@type":"WebSite","@id":"https:\/\/verdadeon.com.br\/portal\/#website","url":"https:\/\/verdadeon.com.br\/portal\/","name":"VerdadeOn","description":"Not\u00edcias di\u00e1rias sobre Franca, Regi\u00e3o, Esporte, Cultura, Cotidiano, Colunas. Cobertura nos principais eventos da cidade \u00e9 aqui - Verdadeon Franca","potentialAction":[{"@type":"SearchAction","target":{"@type":"EntryPoint","urlTemplate":"https:\/\/verdadeon.com.br\/portal\/?s={search_term_string}"},"query-input":{"@type":"PropertyValueSpecification","valueRequired":true,"valueName":"search_term_string"}}],"inLanguage":"pt-BR"},{"@type":"Person","@id":"https:\/\/verdadeon.com.br\/portal\/#\/schema\/person\/a5060ad1e9ea3df545188fc93ce43d2f","name":"Redacao VerdadeOn","image":{"@type":"ImageObject","inLanguage":"pt-BR","@id":"https:\/\/verdadeon.com.br\/portal\/#\/schema\/person\/image\/","url":"https:\/\/secure.gravatar.com\/avatar\/459a9613caaaf07f582c3d0841eea68bdd66f533e465e6ba8b9cb45619572cf4?s=96&d=mm&r=g","contentUrl":"https:\/\/secure.gravatar.com\/avatar\/459a9613caaaf07f582c3d0841eea68bdd66f533e465e6ba8b9cb45619572cf4?s=96&d=mm&r=g","caption":"Redacao VerdadeOn"},"url":"https:\/\/verdadeon.com.br\/portal\/author\/redacao\/"}]}},"jetpack_publicize_connections":[],"jetpack_featured_media_url":"https:\/\/i0.wp.com\/verdadeon.com.br\/portal\/wp-content\/uploads\/2025\/09\/image-1-1.jpg?fit=795%2C529&ssl=1","jetpack_sharing_enabled":true,"_links":{"self":[{"href":"https:\/\/verdadeon.com.br\/portal\/wp-json\/wp\/v2\/posts\/59694","targetHints":{"allow":["GET"]}}],"collection":[{"href":"https:\/\/verdadeon.com.br\/portal\/wp-json\/wp\/v2\/posts"}],"about":[{"href":"https:\/\/verdadeon.com.br\/portal\/wp-json\/wp\/v2\/types\/post"}],"author":[{"embeddable":true,"href":"https:\/\/verdadeon.com.br\/portal\/wp-json\/wp\/v2\/users\/10"}],"replies":[{"embeddable":true,"href":"https:\/\/verdadeon.com.br\/portal\/wp-json\/wp\/v2\/comments?post=59694"}],"version-history":[{"count":1,"href":"https:\/\/verdadeon.com.br\/portal\/wp-json\/wp\/v2\/posts\/59694\/revisions"}],"predecessor-version":[{"id":59696,"href":"https:\/\/verdadeon.com.br\/portal\/wp-json\/wp\/v2\/posts\/59694\/revisions\/59696"}],"wp:featuredmedia":[{"embeddable":true,"href":"https:\/\/verdadeon.com.br\/portal\/wp-json\/wp\/v2\/media\/59695"}],"wp:attachment":[{"href":"https:\/\/verdadeon.com.br\/portal\/wp-json\/wp\/v2\/media?parent=59694"}],"wp:term":[{"taxonomy":"category","embeddable":true,"href":"https:\/\/verdadeon.com.br\/portal\/wp-json\/wp\/v2\/categories?post=59694"},{"taxonomy":"post_tag","embeddable":true,"href":"https:\/\/verdadeon.com.br\/portal\/wp-json\/wp\/v2\/tags?post=59694"}],"curies":[{"name":"wp","href":"https:\/\/api.w.org\/{rel}","templated":true}]}}