{"id":5969,"date":"2020-04-01T19:16:39","date_gmt":"2020-04-01T22:16:39","guid":{"rendered":"http:\/\/verdadeon.com.br\/portal\/?p=5969"},"modified":"2020-04-01T19:16:39","modified_gmt":"2020-04-01T22:16:39","slug":"sao-paulo-se-une-contra-a-pandemia","status":"publish","type":"post","link":"https:\/\/verdadeon.com.br\/portal\/2020\/04\/01\/sao-paulo-se-une-contra-a-pandemia\/","title":{"rendered":"S\u00e3o Paulo se une contra a pandemia"},"content":{"rendered":"<p>Jo\u00e3o Doria<\/p>\n<p class=\"p1\">Diante da maior crise mundial de sa\u00fade em mais de cem anos e profundos reflexos econ\u00f4micos, autoridades p\u00fablicas devem tomar decis\u00f5es t\u00e9cnicas, falar a verdade, ter transpar\u00eancia e fornecer dados reais. De maneira serena e equilibrada, unir pessoas e pa\u00edses. Esse tem sido o exemplo de l\u00edderes mundiais contra a Covid-19.<\/p>\n<p class=\"p1\">S\u00e3o Paulo foi o primeiro estado a ter, no Brasil, um Centro de Conting\u00eancia contra o coronav\u00edrus. Desde fevereiro, adotamos medidas de preven\u00e7\u00e3o, limitando eventos p\u00fablicos e recomendando a suspens\u00e3o de atividades privadas at\u00e9 decretar a quarentena de 15 dias, em vigor desde 24 de mar\u00e7o.<\/p>\n<p class=\"p1\">Reduzir o cont\u00e1gio \u00e9 a forma correta de combater a nova doen\u00e7a, salvando o maior n\u00famero poss\u00edvel de vidas. Na economia, precisamos garantir servi\u00e7os essenciais e manter o maior n\u00edvel de atividade poss\u00edvel das empresas.<\/p>\n<p class=\"p1\">Em S\u00e3o Paulo, liberamos R$ 500 milh\u00f5es em cr\u00e9dito subsidiados \u00e0s empresas, pela DesenvolveSP e Banco do Povo. Suspendemos o protesto de d\u00edvidas de pessoas f\u00edsicas e empresas por 90 dias.<\/p>\n<p class=\"p1\">Na \u00e1rea social, isentamos por 90 dias as fam\u00edlias que pagam a tarifa social de \u00e1gua e fizemos acordos para evitar cortes de energia el\u00e9trica e g\u00e1s. Criamos repasses de R$ 55 mensais para garantir a seguran\u00e7a alimentar de 700 mil estudantes inscritos no cadastro \u00fanico. A rede Bom Prato passou a servir tr\u00eas refei\u00e7\u00f5es di\u00e1rias, sete dias por semana, em embalagens descart\u00e1veis.<\/p>\n<p class=\"p1\">Uma pandemia exige medidas extraordin\u00e1rias, ainda que tempor\u00e1rias. Mais da metade da popula\u00e7\u00e3o do planeta est\u00e1 aconselhada, ou obrigada, a permanecer em casa. E S\u00e3o Paulo n\u00e3o \u00e9 uma ilha, o Brasil n\u00e3o \u00e9 uma ilha.<\/p>\n<p class=\"p1\">Os esfor\u00e7os priorit\u00e1rios s\u00e3o para resguardar e ampliar os servi\u00e7os de sa\u00fade para salvar mais vidas. A grande maioria da popula\u00e7\u00e3o entendeu as necessidades das medidas excepcionais, oferecendo colabora\u00e7\u00e3o e solidariedade a quem precisa.<\/p>\n<p class=\"p1\">Estamos ganhando dias preciosos para produzir mais testes e diagn\u00f3sticos. Fabricar respiradores para pacientes casos graves da Covid-19 e instalar milhares de leitos para quem manifestar sintomas. E preparar mais equipes de sa\u00fade para o atendimento.<\/p>\n<p class=\"p1\">O passo inicial \u00e9 controlar a epidemia. S\u00f3 se reconstr\u00f3i a economia se mantivermos a curva de contamina\u00e7\u00e3o achatada e tratarmos os pacientes em estado grave. S\u00e3o a\u00e7\u00f5es urgentes, que demandam dos governantes o esp\u00edrito de uni\u00e3o e de coopera\u00e7\u00e3o. S\u00e3o Paulo faz parte desse esfor\u00e7o mundial. Juntos, vamos superar a crise.<\/p>\n<p>&nbsp;<\/p>\n<p class=\"p1\">Jo\u00e3o Doria<\/p>\n<p class=\"p2\">Governador do estado<\/p>\n","protected":false},"excerpt":{"rendered":"<p>Jo\u00e3o Doria Diante da maior crise mundial de sa\u00fade em mais de cem anos e profundos reflexos econ\u00f4micos, autoridades p\u00fablicas devem tomar decis\u00f5es t\u00e9cnicas, falar a<span class=\"excerpt-hellip\"> [\u2026]<\/span><\/p>\n","protected":false},"author":10,"featured_media":5970,"comment_status":"open","ping_status":"open","sticky":false,"template":"","format":"standard","meta":{"_jetpack_memberships_contains_paid_content":false,"footnotes":"","jetpack_publicize_message":"","jetpack_publicize_feature_enabled":true,"jetpack_social_post_already_shared":false,"jetpack_social_options":{"image_generator_settings":{"template":"highway","default_image_id":0,"enabled":false},"version":2}},"categories":[28,44],"tags":[],"class_list":["post-5969","post","type-post","status-publish","format-standard","has-post-thumbnail","hentry","category-cotidiano","category-noticias"],"yoast_head":"<!-- This site is optimized with the Yoast SEO plugin v25.6 - https:\/\/yoast.com\/wordpress\/plugins\/seo\/ -->\n<title>S\u00e3o Paulo se une contra a pandemia - VerdadeOn<\/title>\n<meta name=\"robots\" content=\"index, follow, max-snippet:-1, max-image-preview:large, max-video-preview:-1\" \/>\n<link rel=\"canonical\" href=\"https:\/\/verdadeon.com.br\/portal\/2020\/04\/01\/sao-paulo-se-une-contra-a-pandemia\/\" \/>\n<meta property=\"og:locale\" content=\"pt_BR\" \/>\n<meta property=\"og:type\" content=\"article\" \/>\n<meta property=\"og:title\" content=\"S\u00e3o Paulo se une contra a pandemia - VerdadeOn\" \/>\n<meta property=\"og:description\" content=\"Jo\u00e3o Doria Diante da maior crise mundial de sa\u00fade em mais de cem anos e profundos reflexos econ\u00f4micos, autoridades p\u00fablicas devem tomar decis\u00f5es t\u00e9cnicas, falar a [\u2026]\" \/>\n<meta property=\"og:url\" content=\"https:\/\/verdadeon.com.br\/portal\/2020\/04\/01\/sao-paulo-se-une-contra-a-pandemia\/\" \/>\n<meta property=\"og:site_name\" content=\"VerdadeOn\" \/>\n<meta property=\"article:published_time\" content=\"2020-04-01T22:16:39+00:00\" \/>\n<meta property=\"og:image\" content=\"https:\/\/verdadeon.com.br\/portal\/wp-content\/uploads\/2020\/04\/1800x1200_coronavirus_1-1.jpg\" \/>\n\t<meta property=\"og:image:width\" content=\"1000\" \/>\n\t<meta property=\"og:image:height\" content=\"670\" \/>\n\t<meta property=\"og:image:type\" content=\"image\/jpeg\" \/>\n<meta name=\"author\" content=\"Redacao VerdadeOn\" \/>\n<meta name=\"twitter:card\" content=\"summary_large_image\" \/>\n<meta name=\"twitter:label1\" content=\"Escrito por\" \/>\n\t<meta name=\"twitter:data1\" content=\"Redacao VerdadeOn\" \/>\n\t<meta name=\"twitter:label2\" content=\"Est. tempo de leitura\" \/>\n\t<meta name=\"twitter:data2\" content=\"2 minutos\" \/>\n<script type=\"application\/ld+json\" class=\"yoast-schema-graph\">{\"@context\":\"https:\/\/schema.org\",\"@graph\":[{\"@type\":\"WebPage\",\"@id\":\"https:\/\/verdadeon.com.br\/portal\/2020\/04\/01\/sao-paulo-se-une-contra-a-pandemia\/\",\"url\":\"https:\/\/verdadeon.com.br\/portal\/2020\/04\/01\/sao-paulo-se-une-contra-a-pandemia\/\",\"name\":\"S\u00e3o Paulo se une contra a pandemia - VerdadeOn\",\"isPartOf\":{\"@id\":\"https:\/\/verdadeon.com.br\/portal\/#website\"},\"primaryImageOfPage\":{\"@id\":\"https:\/\/verdadeon.com.br\/portal\/2020\/04\/01\/sao-paulo-se-une-contra-a-pandemia\/#primaryimage\"},\"image\":{\"@id\":\"https:\/\/verdadeon.com.br\/portal\/2020\/04\/01\/sao-paulo-se-une-contra-a-pandemia\/#primaryimage\"},\"thumbnailUrl\":\"https:\/\/i0.wp.com\/verdadeon.com.br\/portal\/wp-content\/uploads\/2020\/04\/1800x1200_coronavirus_1-1.jpg?fit=1000%2C670&ssl=1\",\"datePublished\":\"2020-04-01T22:16:39+00:00\",\"author\":{\"@id\":\"https:\/\/verdadeon.com.br\/portal\/#\/schema\/person\/a5060ad1e9ea3df545188fc93ce43d2f\"},\"breadcrumb\":{\"@id\":\"https:\/\/verdadeon.com.br\/portal\/2020\/04\/01\/sao-paulo-se-une-contra-a-pandemia\/#breadcrumb\"},\"inLanguage\":\"pt-BR\",\"potentialAction\":[{\"@type\":\"ReadAction\",\"target\":[\"https:\/\/verdadeon.com.br\/portal\/2020\/04\/01\/sao-paulo-se-une-contra-a-pandemia\/\"]}]},{\"@type\":\"ImageObject\",\"inLanguage\":\"pt-BR\",\"@id\":\"https:\/\/verdadeon.com.br\/portal\/2020\/04\/01\/sao-paulo-se-une-contra-a-pandemia\/#primaryimage\",\"url\":\"https:\/\/i0.wp.com\/verdadeon.com.br\/portal\/wp-content\/uploads\/2020\/04\/1800x1200_coronavirus_1-1.jpg?fit=1000%2C670&ssl=1\",\"contentUrl\":\"https:\/\/i0.wp.com\/verdadeon.com.br\/portal\/wp-content\/uploads\/2020\/04\/1800x1200_coronavirus_1-1.jpg?fit=1000%2C670&ssl=1\",\"width\":1000,\"height\":670,\"caption\":\"Jo\u00e3o Doria\"},{\"@type\":\"BreadcrumbList\",\"@id\":\"https:\/\/verdadeon.com.br\/portal\/2020\/04\/01\/sao-paulo-se-une-contra-a-pandemia\/#breadcrumb\",\"itemListElement\":[{\"@type\":\"ListItem\",\"position\":1,\"name\":\"In\u00edcio\",\"item\":\"https:\/\/verdadeon.com.br\/portal\/\"},{\"@type\":\"ListItem\",\"position\":2,\"name\":\"S\u00e3o Paulo se une contra a pandemia\"}]},{\"@type\":\"WebSite\",\"@id\":\"https:\/\/verdadeon.com.br\/portal\/#website\",\"url\":\"https:\/\/verdadeon.com.br\/portal\/\",\"name\":\"VerdadeOn\",\"description\":\"Not\u00edcias di\u00e1rias sobre Franca, Regi\u00e3o, Esporte, Cultura, Cotidiano, Colunas. Cobertura nos principais eventos da cidade \u00e9 aqui - Verdadeon Franca\",\"potentialAction\":[{\"@type\":\"SearchAction\",\"target\":{\"@type\":\"EntryPoint\",\"urlTemplate\":\"https:\/\/verdadeon.com.br\/portal\/?s={search_term_string}\"},\"query-input\":{\"@type\":\"PropertyValueSpecification\",\"valueRequired\":true,\"valueName\":\"search_term_string\"}}],\"inLanguage\":\"pt-BR\"},{\"@type\":\"Person\",\"@id\":\"https:\/\/verdadeon.com.br\/portal\/#\/schema\/person\/a5060ad1e9ea3df545188fc93ce43d2f\",\"name\":\"Redacao VerdadeOn\",\"image\":{\"@type\":\"ImageObject\",\"inLanguage\":\"pt-BR\",\"@id\":\"https:\/\/verdadeon.com.br\/portal\/#\/schema\/person\/image\/\",\"url\":\"https:\/\/secure.gravatar.com\/avatar\/459a9613caaaf07f582c3d0841eea68bdd66f533e465e6ba8b9cb45619572cf4?s=96&d=mm&r=g\",\"contentUrl\":\"https:\/\/secure.gravatar.com\/avatar\/459a9613caaaf07f582c3d0841eea68bdd66f533e465e6ba8b9cb45619572cf4?s=96&d=mm&r=g\",\"caption\":\"Redacao VerdadeOn\"},\"url\":\"https:\/\/verdadeon.com.br\/portal\/author\/redacao\/\"}]}<\/script>\n<!-- \/ Yoast SEO plugin. -->","yoast_head_json":{"title":"S\u00e3o Paulo se une contra a pandemia - VerdadeOn","robots":{"index":"index","follow":"follow","max-snippet":"max-snippet:-1","max-image-preview":"max-image-preview:large","max-video-preview":"max-video-preview:-1"},"canonical":"https:\/\/verdadeon.com.br\/portal\/2020\/04\/01\/sao-paulo-se-une-contra-a-pandemia\/","og_locale":"pt_BR","og_type":"article","og_title":"S\u00e3o Paulo se une contra a pandemia - VerdadeOn","og_description":"Jo\u00e3o Doria Diante da maior crise mundial de sa\u00fade em mais de cem anos e profundos reflexos econ\u00f4micos, autoridades p\u00fablicas devem tomar decis\u00f5es t\u00e9cnicas, falar a [\u2026]","og_url":"https:\/\/verdadeon.com.br\/portal\/2020\/04\/01\/sao-paulo-se-une-contra-a-pandemia\/","og_site_name":"VerdadeOn","article_published_time":"2020-04-01T22:16:39+00:00","og_image":[{"width":1000,"height":670,"url":"https:\/\/verdadeon.com.br\/portal\/wp-content\/uploads\/2020\/04\/1800x1200_coronavirus_1-1.jpg","type":"image\/jpeg"}],"author":"Redacao VerdadeOn","twitter_card":"summary_large_image","twitter_misc":{"Escrito por":"Redacao VerdadeOn","Est. tempo de leitura":"2 minutos"},"schema":{"@context":"https:\/\/schema.org","@graph":[{"@type":"WebPage","@id":"https:\/\/verdadeon.com.br\/portal\/2020\/04\/01\/sao-paulo-se-une-contra-a-pandemia\/","url":"https:\/\/verdadeon.com.br\/portal\/2020\/04\/01\/sao-paulo-se-une-contra-a-pandemia\/","name":"S\u00e3o Paulo se une contra a pandemia - VerdadeOn","isPartOf":{"@id":"https:\/\/verdadeon.com.br\/portal\/#website"},"primaryImageOfPage":{"@id":"https:\/\/verdadeon.com.br\/portal\/2020\/04\/01\/sao-paulo-se-une-contra-a-pandemia\/#primaryimage"},"image":{"@id":"https:\/\/verdadeon.com.br\/portal\/2020\/04\/01\/sao-paulo-se-une-contra-a-pandemia\/#primaryimage"},"thumbnailUrl":"https:\/\/i0.wp.com\/verdadeon.com.br\/portal\/wp-content\/uploads\/2020\/04\/1800x1200_coronavirus_1-1.jpg?fit=1000%2C670&ssl=1","datePublished":"2020-04-01T22:16:39+00:00","author":{"@id":"https:\/\/verdadeon.com.br\/portal\/#\/schema\/person\/a5060ad1e9ea3df545188fc93ce43d2f"},"breadcrumb":{"@id":"https:\/\/verdadeon.com.br\/portal\/2020\/04\/01\/sao-paulo-se-une-contra-a-pandemia\/#breadcrumb"},"inLanguage":"pt-BR","potentialAction":[{"@type":"ReadAction","target":["https:\/\/verdadeon.com.br\/portal\/2020\/04\/01\/sao-paulo-se-une-contra-a-pandemia\/"]}]},{"@type":"ImageObject","inLanguage":"pt-BR","@id":"https:\/\/verdadeon.com.br\/portal\/2020\/04\/01\/sao-paulo-se-une-contra-a-pandemia\/#primaryimage","url":"https:\/\/i0.wp.com\/verdadeon.com.br\/portal\/wp-content\/uploads\/2020\/04\/1800x1200_coronavirus_1-1.jpg?fit=1000%2C670&ssl=1","contentUrl":"https:\/\/i0.wp.com\/verdadeon.com.br\/portal\/wp-content\/uploads\/2020\/04\/1800x1200_coronavirus_1-1.jpg?fit=1000%2C670&ssl=1","width":1000,"height":670,"caption":"Jo\u00e3o Doria"},{"@type":"BreadcrumbList","@id":"https:\/\/verdadeon.com.br\/portal\/2020\/04\/01\/sao-paulo-se-une-contra-a-pandemia\/#breadcrumb","itemListElement":[{"@type":"ListItem","position":1,"name":"In\u00edcio","item":"https:\/\/verdadeon.com.br\/portal\/"},{"@type":"ListItem","position":2,"name":"S\u00e3o Paulo se une contra a pandemia"}]},{"@type":"WebSite","@id":"https:\/\/verdadeon.com.br\/portal\/#website","url":"https:\/\/verdadeon.com.br\/portal\/","name":"VerdadeOn","description":"Not\u00edcias di\u00e1rias sobre Franca, Regi\u00e3o, Esporte, Cultura, Cotidiano, Colunas. Cobertura nos principais eventos da cidade \u00e9 aqui - Verdadeon Franca","potentialAction":[{"@type":"SearchAction","target":{"@type":"EntryPoint","urlTemplate":"https:\/\/verdadeon.com.br\/portal\/?s={search_term_string}"},"query-input":{"@type":"PropertyValueSpecification","valueRequired":true,"valueName":"search_term_string"}}],"inLanguage":"pt-BR"},{"@type":"Person","@id":"https:\/\/verdadeon.com.br\/portal\/#\/schema\/person\/a5060ad1e9ea3df545188fc93ce43d2f","name":"Redacao VerdadeOn","image":{"@type":"ImageObject","inLanguage":"pt-BR","@id":"https:\/\/verdadeon.com.br\/portal\/#\/schema\/person\/image\/","url":"https:\/\/secure.gravatar.com\/avatar\/459a9613caaaf07f582c3d0841eea68bdd66f533e465e6ba8b9cb45619572cf4?s=96&d=mm&r=g","contentUrl":"https:\/\/secure.gravatar.com\/avatar\/459a9613caaaf07f582c3d0841eea68bdd66f533e465e6ba8b9cb45619572cf4?s=96&d=mm&r=g","caption":"Redacao VerdadeOn"},"url":"https:\/\/verdadeon.com.br\/portal\/author\/redacao\/"}]}},"jetpack_publicize_connections":[],"jetpack_featured_media_url":"https:\/\/i0.wp.com\/verdadeon.com.br\/portal\/wp-content\/uploads\/2020\/04\/1800x1200_coronavirus_1-1.jpg?fit=1000%2C670&ssl=1","jetpack_sharing_enabled":true,"_links":{"self":[{"href":"https:\/\/verdadeon.com.br\/portal\/wp-json\/wp\/v2\/posts\/5969","targetHints":{"allow":["GET"]}}],"collection":[{"href":"https:\/\/verdadeon.com.br\/portal\/wp-json\/wp\/v2\/posts"}],"about":[{"href":"https:\/\/verdadeon.com.br\/portal\/wp-json\/wp\/v2\/types\/post"}],"author":[{"embeddable":true,"href":"https:\/\/verdadeon.com.br\/portal\/wp-json\/wp\/v2\/users\/10"}],"replies":[{"embeddable":true,"href":"https:\/\/verdadeon.com.br\/portal\/wp-json\/wp\/v2\/comments?post=5969"}],"version-history":[{"count":0,"href":"https:\/\/verdadeon.com.br\/portal\/wp-json\/wp\/v2\/posts\/5969\/revisions"}],"wp:featuredmedia":[{"embeddable":true,"href":"https:\/\/verdadeon.com.br\/portal\/wp-json\/wp\/v2\/media\/5970"}],"wp:attachment":[{"href":"https:\/\/verdadeon.com.br\/portal\/wp-json\/wp\/v2\/media?parent=5969"}],"wp:term":[{"taxonomy":"category","embeddable":true,"href":"https:\/\/verdadeon.com.br\/portal\/wp-json\/wp\/v2\/categories?post=5969"},{"taxonomy":"post_tag","embeddable":true,"href":"https:\/\/verdadeon.com.br\/portal\/wp-json\/wp\/v2\/tags?post=5969"}],"curies":[{"name":"wp","href":"https:\/\/api.w.org\/{rel}","templated":true}]}}