{"id":59656,"date":"2025-09-06T08:00:10","date_gmt":"2025-09-06T11:00:10","guid":{"rendered":"https:\/\/verdadeon.com.br\/portal\/?p=59656"},"modified":"2025-09-05T15:21:14","modified_gmt":"2025-09-05T18:21:14","slug":"regiao-de-franca-registra-mais-de-31-mil-atendimentos-por-saude-mental-no-1-semestre","status":"publish","type":"post","link":"https:\/\/verdadeon.com.br\/portal\/2025\/09\/06\/regiao-de-franca-registra-mais-de-31-mil-atendimentos-por-saude-mental-no-1-semestre\/","title":{"rendered":"Regi\u00e3o de Franca registra mais de 31 mil atendimentos por sa\u00fade mental no 1\u00b0 semestre"},"content":{"rendered":"<h2>Houve uma varia\u00e7\u00e3o de 2,4% menor se comparado ao mesmo per\u00edodo em 2024<\/h2>\n<p style=\"text-align: right;\"><em><strong>Por Pedro Maia<\/strong><\/em><br \/>\n<em><strong>Editor-chefe<\/strong><\/em><\/p>\n<p>A DRS (Departamento Regional de Sa\u00fade) VIII, que cobre Franca e os munic\u00edpios de sua regi\u00e3o administrativa, registrou, no 1\u00b0 semestre de 2025, 31.569 atendimentos em sa\u00fade mental realizados por psic\u00f3logos no Sistema \u00danico de Sa\u00fade (SUS). Este n\u00famero \u00e9 2,4% menor que no mesmo per\u00edodo em 2024, quando 32.356 consultas foram apuradas.<\/p>\n<p>De forma mais ampla, no Estado de S\u00e3o Paulo, houve crescimento de 40% entre 2022 e 2024, passando de 1,6 milh\u00e3o para 2,4 milh\u00f5es de procedimentos. Os n\u00fameros foram divulgados pela Secretaria de Estado da Sa\u00fade (SES).<\/p>\n<p><strong>Especialista<\/strong><\/p>\n<p>Para o psiquiatra e diretor t\u00e9cnico do Centro de Aten\u00e7\u00e3o Integrada \u00e0 Sa\u00fade Mental (Caism) Elson Asevedo, da Vila Mariana, bairro de S\u00e3o Paulo (SP), os principais cuidados para quem enfrenta desafios com a sa\u00fade mental envolve uma rotina e h\u00e1bitos saud\u00e1veis. \u201cCuidar da mente \u00e9 como cuidar do corpo. Exige h\u00e1bitos di\u00e1rios e uma abordagem preventiva. N\u00e3o \u00e9 s\u00f3 sobre tratar doen\u00e7as, mas sobre promover o bem-estar e a resili\u00eancia emocional\u201d, afirma.<\/p>\n<p>Entre as pr\u00e1ticas recomendadas est\u00e3o a realiza\u00e7\u00e3o de atividades f\u00edsicas regulares, associadas a uma alimenta\u00e7\u00e3o equilibrada e a um sono de qualidade, a manuten\u00e7\u00e3o de conex\u00f5es sociais saud\u00e1veis, que fortalecem o sentimento de pertencimento e a reserva de tempo para lazer e relaxamento, por meio de hobbies, leitura, medita\u00e7\u00e3o ou contato com a natureza.<\/p>\n<p>Al\u00e9m dos cuidados do dia a dia, o especialista indica que procurar ajuda \u00e9 um passo crucial e, assim como a sa\u00fade f\u00edsica, requer avalia\u00e7\u00e3o e cuidado qualificado para evitar que um sofrimento inicial evolua para um quadro mais grave. \u201cEstudos cient\u00edficos demonstram que a combina\u00e7\u00e3o de medica\u00e7\u00e3o e psicoterapia \u00e9 mais eficaz que qualquer tratamento isolado, especialmente, em casos de depress\u00e3o moderada a grave. Esta abordagem integrada oferece melhores resultados tanto para os sintomas quanto para o funcionamento geral e qualidade de vida\u201d, destaca o psiquiatra.<\/p>\n<p class=\"wp-block-heading\"><strong>Acesso \u00e0 sa\u00fade mental no SUS<\/strong><\/p>\n<p>A SES destaca que a porta de entrada para atendimento psicol\u00f3gico pelo Sistema \u00danico de Sa\u00fade (SUS) \u00e9 feita na Aten\u00e7\u00e3o B\u00e1sica, por meio da Rede de Aten\u00e7\u00e3o Psicossocial (Raps) e das Unidades B\u00e1sicas de Sa\u00fade (UBSs), que s\u00e3o administradas pelos munic\u00edpios.<\/p>\n<p>A Raps \u00e9 instalada em todo o estado sob responsabilidade dos munic\u00edpios, cabendo ao Estado o apoio e fortalecimento \u00e0 Rede. \u00c9 importante ressaltar que os Centros de Aten\u00e7\u00e3o Psicossocial (Caps) podem ser procurados para avalia\u00e7\u00e3o e acompanhamento, quando necess\u00e1rio. Entretanto, desde as UBSs, at\u00e9 a urg\u00eancia\/emerg\u00eancia nos hospitais gerais possuem condi\u00e7\u00f5es para atendimento em alcoolismo e o devido encaminhamento para especialistas da rede.<\/p>\n<p>Quando h\u00e1 necessidade de cuidados de alta complexidade em hospital de refer\u00eancia, o paciente \u00e9 encaminhado conforme\u00a0quadro\u00a0cl\u00ednico.<\/p>\n<p><em><strong>**Com informa\u00e7\u00f5es da Ag\u00eancia SP<\/strong><\/em><\/p>\n","protected":false},"excerpt":{"rendered":"<p>Houve uma varia\u00e7\u00e3o de 2,4% menor se comparado ao mesmo per\u00edodo em 2024 Por Pedro Maia Editor-chefe A DRS (Departamento Regional de Sa\u00fade) VIII, que cobre<span class=\"excerpt-hellip\"> [\u2026]<\/span><\/p>\n","protected":false},"author":10,"featured_media":59661,"comment_status":"open","ping_status":"open","sticky":false,"template":"","format":"standard","meta":{"_jetpack_memberships_contains_paid_content":false,"footnotes":"","jetpack_publicize_message":"","jetpack_publicize_feature_enabled":true,"jetpack_social_post_already_shared":true,"jetpack_social_options":{"image_generator_settings":{"template":"highway","default_image_id":0,"enabled":false},"version":2}},"categories":[28,44],"tags":[],"class_list":["post-59656","post","type-post","status-publish","format-standard","has-post-thumbnail","hentry","category-cotidiano","category-noticias"],"yoast_head":"<!-- This site is optimized with the Yoast SEO plugin v25.6 - https:\/\/yoast.com\/wordpress\/plugins\/seo\/ -->\n<title>Regi\u00e3o de Franca registra mais de 31 mil atendimentos por sa\u00fade mental no 1\u00b0 semestre - VerdadeOn<\/title>\n<meta name=\"robots\" content=\"index, follow, max-snippet:-1, max-image-preview:large, max-video-preview:-1\" \/>\n<link rel=\"canonical\" href=\"https:\/\/verdadeon.com.br\/portal\/2025\/09\/06\/regiao-de-franca-registra-mais-de-31-mil-atendimentos-por-saude-mental-no-1-semestre\/\" \/>\n<meta property=\"og:locale\" content=\"pt_BR\" \/>\n<meta property=\"og:type\" content=\"article\" \/>\n<meta property=\"og:title\" content=\"Regi\u00e3o de Franca registra mais de 31 mil atendimentos por sa\u00fade mental no 1\u00b0 semestre - VerdadeOn\" \/>\n<meta property=\"og:description\" content=\"Houve uma varia\u00e7\u00e3o de 2,4% menor se comparado ao mesmo per\u00edodo em 2024 Por Pedro Maia Editor-chefe A DRS (Departamento Regional de Sa\u00fade) VIII, que cobre [\u2026]\" \/>\n<meta property=\"og:url\" content=\"https:\/\/verdadeon.com.br\/portal\/2025\/09\/06\/regiao-de-franca-registra-mais-de-31-mil-atendimentos-por-saude-mental-no-1-semestre\/\" \/>\n<meta property=\"og:site_name\" content=\"VerdadeOn\" \/>\n<meta property=\"article:published_time\" content=\"2025-09-06T11:00:10+00:00\" \/>\n<meta property=\"og:image\" content=\"https:\/\/i0.wp.com\/verdadeon.com.br\/portal\/wp-content\/uploads\/2025\/09\/vista-lateral-jovem-conversando-com-terapeuta.jpg?fit=2560%2C1703&ssl=1\" \/>\n\t<meta property=\"og:image:width\" content=\"2560\" \/>\n\t<meta property=\"og:image:height\" content=\"1703\" \/>\n\t<meta property=\"og:image:type\" content=\"image\/jpeg\" \/>\n<meta name=\"author\" content=\"Redacao VerdadeOn\" \/>\n<meta name=\"twitter:card\" content=\"summary_large_image\" \/>\n<meta name=\"twitter:label1\" content=\"Escrito por\" \/>\n\t<meta name=\"twitter:data1\" content=\"Redacao VerdadeOn\" \/>\n\t<meta name=\"twitter:label2\" content=\"Est. tempo de leitura\" \/>\n\t<meta name=\"twitter:data2\" content=\"3 minutos\" \/>\n<script type=\"application\/ld+json\" class=\"yoast-schema-graph\">{\"@context\":\"https:\/\/schema.org\",\"@graph\":[{\"@type\":\"WebPage\",\"@id\":\"https:\/\/verdadeon.com.br\/portal\/2025\/09\/06\/regiao-de-franca-registra-mais-de-31-mil-atendimentos-por-saude-mental-no-1-semestre\/\",\"url\":\"https:\/\/verdadeon.com.br\/portal\/2025\/09\/06\/regiao-de-franca-registra-mais-de-31-mil-atendimentos-por-saude-mental-no-1-semestre\/\",\"name\":\"Regi\u00e3o de Franca registra mais de 31 mil atendimentos por sa\u00fade mental no 1\u00b0 semestre - VerdadeOn\",\"isPartOf\":{\"@id\":\"https:\/\/verdadeon.com.br\/portal\/#website\"},\"primaryImageOfPage\":{\"@id\":\"https:\/\/verdadeon.com.br\/portal\/2025\/09\/06\/regiao-de-franca-registra-mais-de-31-mil-atendimentos-por-saude-mental-no-1-semestre\/#primaryimage\"},\"image\":{\"@id\":\"https:\/\/verdadeon.com.br\/portal\/2025\/09\/06\/regiao-de-franca-registra-mais-de-31-mil-atendimentos-por-saude-mental-no-1-semestre\/#primaryimage\"},\"thumbnailUrl\":\"https:\/\/i0.wp.com\/verdadeon.com.br\/portal\/wp-content\/uploads\/2025\/09\/vista-lateral-jovem-conversando-com-terapeuta.jpg?fit=2560%2C1703&ssl=1\",\"datePublished\":\"2025-09-06T11:00:10+00:00\",\"author\":{\"@id\":\"https:\/\/verdadeon.com.br\/portal\/#\/schema\/person\/a5060ad1e9ea3df545188fc93ce43d2f\"},\"breadcrumb\":{\"@id\":\"https:\/\/verdadeon.com.br\/portal\/2025\/09\/06\/regiao-de-franca-registra-mais-de-31-mil-atendimentos-por-saude-mental-no-1-semestre\/#breadcrumb\"},\"inLanguage\":\"pt-BR\",\"potentialAction\":[{\"@type\":\"ReadAction\",\"target\":[\"https:\/\/verdadeon.com.br\/portal\/2025\/09\/06\/regiao-de-franca-registra-mais-de-31-mil-atendimentos-por-saude-mental-no-1-semestre\/\"]}]},{\"@type\":\"ImageObject\",\"inLanguage\":\"pt-BR\",\"@id\":\"https:\/\/verdadeon.com.br\/portal\/2025\/09\/06\/regiao-de-franca-registra-mais-de-31-mil-atendimentos-por-saude-mental-no-1-semestre\/#primaryimage\",\"url\":\"https:\/\/i0.wp.com\/verdadeon.com.br\/portal\/wp-content\/uploads\/2025\/09\/vista-lateral-jovem-conversando-com-terapeuta.jpg?fit=2560%2C1703&ssl=1\",\"contentUrl\":\"https:\/\/i0.wp.com\/verdadeon.com.br\/portal\/wp-content\/uploads\/2025\/09\/vista-lateral-jovem-conversando-com-terapeuta.jpg?fit=2560%2C1703&ssl=1\",\"width\":2560,\"height\":1703,\"caption\":\"Especialista indica que procurar ajuda \u00e9 um passo crucial e, assim como a sa\u00fade f\u00edsica, requer avalia\u00e7\u00e3o e cuidado qualificado para evitar que um sofrimento inicial evolua para um quadro mais grave (\u00a9Freepik)\"},{\"@type\":\"BreadcrumbList\",\"@id\":\"https:\/\/verdadeon.com.br\/portal\/2025\/09\/06\/regiao-de-franca-registra-mais-de-31-mil-atendimentos-por-saude-mental-no-1-semestre\/#breadcrumb\",\"itemListElement\":[{\"@type\":\"ListItem\",\"position\":1,\"name\":\"In\u00edcio\",\"item\":\"https:\/\/verdadeon.com.br\/portal\/\"},{\"@type\":\"ListItem\",\"position\":2,\"name\":\"Regi\u00e3o de Franca registra mais de 31 mil atendimentos por sa\u00fade mental no 1\u00b0 semestre\"}]},{\"@type\":\"WebSite\",\"@id\":\"https:\/\/verdadeon.com.br\/portal\/#website\",\"url\":\"https:\/\/verdadeon.com.br\/portal\/\",\"name\":\"VerdadeOn\",\"description\":\"Not\u00edcias di\u00e1rias sobre Franca, Regi\u00e3o, Esporte, Cultura, Cotidiano, Colunas. Cobertura nos principais eventos da cidade \u00e9 aqui - Verdadeon Franca\",\"potentialAction\":[{\"@type\":\"SearchAction\",\"target\":{\"@type\":\"EntryPoint\",\"urlTemplate\":\"https:\/\/verdadeon.com.br\/portal\/?s={search_term_string}\"},\"query-input\":{\"@type\":\"PropertyValueSpecification\",\"valueRequired\":true,\"valueName\":\"search_term_string\"}}],\"inLanguage\":\"pt-BR\"},{\"@type\":\"Person\",\"@id\":\"https:\/\/verdadeon.com.br\/portal\/#\/schema\/person\/a5060ad1e9ea3df545188fc93ce43d2f\",\"name\":\"Redacao VerdadeOn\",\"image\":{\"@type\":\"ImageObject\",\"inLanguage\":\"pt-BR\",\"@id\":\"https:\/\/verdadeon.com.br\/portal\/#\/schema\/person\/image\/\",\"url\":\"https:\/\/secure.gravatar.com\/avatar\/459a9613caaaf07f582c3d0841eea68bdd66f533e465e6ba8b9cb45619572cf4?s=96&d=mm&r=g\",\"contentUrl\":\"https:\/\/secure.gravatar.com\/avatar\/459a9613caaaf07f582c3d0841eea68bdd66f533e465e6ba8b9cb45619572cf4?s=96&d=mm&r=g\",\"caption\":\"Redacao VerdadeOn\"},\"url\":\"https:\/\/verdadeon.com.br\/portal\/author\/redacao\/\"}]}<\/script>\n<!-- \/ Yoast SEO plugin. -->","yoast_head_json":{"title":"Regi\u00e3o de Franca registra mais de 31 mil atendimentos por sa\u00fade mental no 1\u00b0 semestre - VerdadeOn","robots":{"index":"index","follow":"follow","max-snippet":"max-snippet:-1","max-image-preview":"max-image-preview:large","max-video-preview":"max-video-preview:-1"},"canonical":"https:\/\/verdadeon.com.br\/portal\/2025\/09\/06\/regiao-de-franca-registra-mais-de-31-mil-atendimentos-por-saude-mental-no-1-semestre\/","og_locale":"pt_BR","og_type":"article","og_title":"Regi\u00e3o de Franca registra mais de 31 mil atendimentos por sa\u00fade mental no 1\u00b0 semestre - VerdadeOn","og_description":"Houve uma varia\u00e7\u00e3o de 2,4% menor se comparado ao mesmo per\u00edodo em 2024 Por Pedro Maia Editor-chefe A DRS (Departamento Regional de Sa\u00fade) VIII, que cobre [\u2026]","og_url":"https:\/\/verdadeon.com.br\/portal\/2025\/09\/06\/regiao-de-franca-registra-mais-de-31-mil-atendimentos-por-saude-mental-no-1-semestre\/","og_site_name":"VerdadeOn","article_published_time":"2025-09-06T11:00:10+00:00","og_image":[{"width":2560,"height":1703,"url":"https:\/\/i0.wp.com\/verdadeon.com.br\/portal\/wp-content\/uploads\/2025\/09\/vista-lateral-jovem-conversando-com-terapeuta.jpg?fit=2560%2C1703&ssl=1","type":"image\/jpeg"}],"author":"Redacao VerdadeOn","twitter_card":"summary_large_image","twitter_misc":{"Escrito por":"Redacao VerdadeOn","Est. tempo de leitura":"3 minutos"},"schema":{"@context":"https:\/\/schema.org","@graph":[{"@type":"WebPage","@id":"https:\/\/verdadeon.com.br\/portal\/2025\/09\/06\/regiao-de-franca-registra-mais-de-31-mil-atendimentos-por-saude-mental-no-1-semestre\/","url":"https:\/\/verdadeon.com.br\/portal\/2025\/09\/06\/regiao-de-franca-registra-mais-de-31-mil-atendimentos-por-saude-mental-no-1-semestre\/","name":"Regi\u00e3o de Franca registra mais de 31 mil atendimentos por sa\u00fade mental no 1\u00b0 semestre - VerdadeOn","isPartOf":{"@id":"https:\/\/verdadeon.com.br\/portal\/#website"},"primaryImageOfPage":{"@id":"https:\/\/verdadeon.com.br\/portal\/2025\/09\/06\/regiao-de-franca-registra-mais-de-31-mil-atendimentos-por-saude-mental-no-1-semestre\/#primaryimage"},"image":{"@id":"https:\/\/verdadeon.com.br\/portal\/2025\/09\/06\/regiao-de-franca-registra-mais-de-31-mil-atendimentos-por-saude-mental-no-1-semestre\/#primaryimage"},"thumbnailUrl":"https:\/\/i0.wp.com\/verdadeon.com.br\/portal\/wp-content\/uploads\/2025\/09\/vista-lateral-jovem-conversando-com-terapeuta.jpg?fit=2560%2C1703&ssl=1","datePublished":"2025-09-06T11:00:10+00:00","author":{"@id":"https:\/\/verdadeon.com.br\/portal\/#\/schema\/person\/a5060ad1e9ea3df545188fc93ce43d2f"},"breadcrumb":{"@id":"https:\/\/verdadeon.com.br\/portal\/2025\/09\/06\/regiao-de-franca-registra-mais-de-31-mil-atendimentos-por-saude-mental-no-1-semestre\/#breadcrumb"},"inLanguage":"pt-BR","potentialAction":[{"@type":"ReadAction","target":["https:\/\/verdadeon.com.br\/portal\/2025\/09\/06\/regiao-de-franca-registra-mais-de-31-mil-atendimentos-por-saude-mental-no-1-semestre\/"]}]},{"@type":"ImageObject","inLanguage":"pt-BR","@id":"https:\/\/verdadeon.com.br\/portal\/2025\/09\/06\/regiao-de-franca-registra-mais-de-31-mil-atendimentos-por-saude-mental-no-1-semestre\/#primaryimage","url":"https:\/\/i0.wp.com\/verdadeon.com.br\/portal\/wp-content\/uploads\/2025\/09\/vista-lateral-jovem-conversando-com-terapeuta.jpg?fit=2560%2C1703&ssl=1","contentUrl":"https:\/\/i0.wp.com\/verdadeon.com.br\/portal\/wp-content\/uploads\/2025\/09\/vista-lateral-jovem-conversando-com-terapeuta.jpg?fit=2560%2C1703&ssl=1","width":2560,"height":1703,"caption":"Especialista indica que procurar ajuda \u00e9 um passo crucial e, assim como a sa\u00fade f\u00edsica, requer avalia\u00e7\u00e3o e cuidado qualificado para evitar que um sofrimento inicial evolua para um quadro mais grave (\u00a9Freepik)"},{"@type":"BreadcrumbList","@id":"https:\/\/verdadeon.com.br\/portal\/2025\/09\/06\/regiao-de-franca-registra-mais-de-31-mil-atendimentos-por-saude-mental-no-1-semestre\/#breadcrumb","itemListElement":[{"@type":"ListItem","position":1,"name":"In\u00edcio","item":"https:\/\/verdadeon.com.br\/portal\/"},{"@type":"ListItem","position":2,"name":"Regi\u00e3o de Franca registra mais de 31 mil atendimentos por sa\u00fade mental no 1\u00b0 semestre"}]},{"@type":"WebSite","@id":"https:\/\/verdadeon.com.br\/portal\/#website","url":"https:\/\/verdadeon.com.br\/portal\/","name":"VerdadeOn","description":"Not\u00edcias di\u00e1rias sobre Franca, Regi\u00e3o, Esporte, Cultura, Cotidiano, Colunas. Cobertura nos principais eventos da cidade \u00e9 aqui - Verdadeon Franca","potentialAction":[{"@type":"SearchAction","target":{"@type":"EntryPoint","urlTemplate":"https:\/\/verdadeon.com.br\/portal\/?s={search_term_string}"},"query-input":{"@type":"PropertyValueSpecification","valueRequired":true,"valueName":"search_term_string"}}],"inLanguage":"pt-BR"},{"@type":"Person","@id":"https:\/\/verdadeon.com.br\/portal\/#\/schema\/person\/a5060ad1e9ea3df545188fc93ce43d2f","name":"Redacao VerdadeOn","image":{"@type":"ImageObject","inLanguage":"pt-BR","@id":"https:\/\/verdadeon.com.br\/portal\/#\/schema\/person\/image\/","url":"https:\/\/secure.gravatar.com\/avatar\/459a9613caaaf07f582c3d0841eea68bdd66f533e465e6ba8b9cb45619572cf4?s=96&d=mm&r=g","contentUrl":"https:\/\/secure.gravatar.com\/avatar\/459a9613caaaf07f582c3d0841eea68bdd66f533e465e6ba8b9cb45619572cf4?s=96&d=mm&r=g","caption":"Redacao VerdadeOn"},"url":"https:\/\/verdadeon.com.br\/portal\/author\/redacao\/"}]}},"jetpack_publicize_connections":[],"jetpack_featured_media_url":"https:\/\/i0.wp.com\/verdadeon.com.br\/portal\/wp-content\/uploads\/2025\/09\/vista-lateral-jovem-conversando-com-terapeuta.jpg?fit=2560%2C1703&ssl=1","jetpack_sharing_enabled":true,"_links":{"self":[{"href":"https:\/\/verdadeon.com.br\/portal\/wp-json\/wp\/v2\/posts\/59656","targetHints":{"allow":["GET"]}}],"collection":[{"href":"https:\/\/verdadeon.com.br\/portal\/wp-json\/wp\/v2\/posts"}],"about":[{"href":"https:\/\/verdadeon.com.br\/portal\/wp-json\/wp\/v2\/types\/post"}],"author":[{"embeddable":true,"href":"https:\/\/verdadeon.com.br\/portal\/wp-json\/wp\/v2\/users\/10"}],"replies":[{"embeddable":true,"href":"https:\/\/verdadeon.com.br\/portal\/wp-json\/wp\/v2\/comments?post=59656"}],"version-history":[{"count":1,"href":"https:\/\/verdadeon.com.br\/portal\/wp-json\/wp\/v2\/posts\/59656\/revisions"}],"predecessor-version":[{"id":59662,"href":"https:\/\/verdadeon.com.br\/portal\/wp-json\/wp\/v2\/posts\/59656\/revisions\/59662"}],"wp:featuredmedia":[{"embeddable":true,"href":"https:\/\/verdadeon.com.br\/portal\/wp-json\/wp\/v2\/media\/59661"}],"wp:attachment":[{"href":"https:\/\/verdadeon.com.br\/portal\/wp-json\/wp\/v2\/media?parent=59656"}],"wp:term":[{"taxonomy":"category","embeddable":true,"href":"https:\/\/verdadeon.com.br\/portal\/wp-json\/wp\/v2\/categories?post=59656"},{"taxonomy":"post_tag","embeddable":true,"href":"https:\/\/verdadeon.com.br\/portal\/wp-json\/wp\/v2\/tags?post=59656"}],"curies":[{"name":"wp","href":"https:\/\/api.w.org\/{rel}","templated":true}]}}