{"id":58948,"date":"2025-08-14T15:05:57","date_gmt":"2025-08-14T18:05:57","guid":{"rendered":"https:\/\/verdadeon.com.br\/portal\/?p=58948"},"modified":"2025-08-16T20:00:51","modified_gmt":"2025-08-16T23:00:51","slug":"por-um-voto-elson-gomes-mdb-continua-como-prefeito-de-cristais-paulista","status":"publish","type":"post","link":"https:\/\/verdadeon.com.br\/portal\/2025\/08\/14\/por-um-voto-elson-gomes-mdb-continua-como-prefeito-de-cristais-paulista\/","title":{"rendered":"Por um voto, Elson Gomes (MDB) continua como prefeito de Cristais Paulista"},"content":{"rendered":"<h2>Eram necess\u00e1rios que dois ter\u00e7os da C\u00e2mara votassem contra a perman\u00eancia do chefe do Executivo para dep\u00f4-lo<\/h2>\n<p style=\"text-align: right;\"><em><strong>Por Pedro Maia<\/strong><\/em><br \/>\n<em><strong>Editor-chefe<\/strong><\/em><\/p>\n<p>Nesta quarta-feira, 13 de agosto, a C\u00e2mara Municipal de Cristais Paulista votou a cassa\u00e7\u00e3o do mandato do prefeito Elson Gomes (MDB), ap\u00f3s abertura de Comiss\u00e3o Processante (CP) que apurava poss\u00edveis irregularidades nas transfer\u00eancias dos recursos do FUNDEB (Fundo Nacional de Desenvolvimento da Educa\u00e7\u00e3o).<\/p>\n<p>Dos nove vereadores, cinco votaram contra Elson que, portanto, teve apenas quatro votos favor\u00e1veis. Como eram necess\u00e1rios que dois ter\u00e7os da C\u00e2mara votassem contra sua absolvi\u00e7\u00e3o, ou seja, seis votos, o chefe do Executivo continua no cargo.<\/p>\n<p><strong>O que levou \u00e0 vota\u00e7\u00e3o?<\/strong><\/p>\n<p>A nomea\u00e7\u00e3o dos vereadores que compuseram a Comiss\u00e3o Processante ocorreu no m\u00eas de maio, ap\u00f3s a ex-Secret\u00e1ria de Educa\u00e7\u00e3o do Munic\u00edpio, T\u00e2mara Raiz, juntamente com seu advogado, Dr. Den\u00edlson Carvalho, denunciarem poss\u00edveis irregularidades quanto \u00e0 transfer\u00eancias de verbas do FUNDEB para uma conta movimento da Prefeitura, entre agosto de 2023 e fevereiro de 2025. Os valores giram em torno de R$ 3,6 milh\u00f5es.<\/p>\n<p>No m\u00eas de junho, o Jornal Verdade trouxe com exclusividade a not\u00edcia sobre o arquivamento do Inqu\u00e9rito Civil pela 1\u00aa Promotoria de Justi\u00e7a de Franca, compreendendo que n\u00e3o houve pr\u00e1tica de ato de improbidade administrativa, a qual exige a demonstra\u00e7\u00e3o de determinadas circunst\u00e2ncias que dizem respeito \u00e0 autoria, \u00e0 materialidade e ao elemento subjetivo (dolo) da conduta imputada ao agente p\u00fablico.<\/p>\n<p><strong>Posicionamentos<\/strong><\/p>\n<p>Solicitamos um posicionamento do Prefeito Elson Gomes, bem como de T\u00e2mara Raiz, a respeito dos acontecimentos e da fluidez dos processos, tanto na Justi\u00e7a, quanto na C\u00e2mara Municipal.<\/p>\n<p>&#8220;Saio de cabe\u00e7a erguida, com a sensa\u00e7\u00e3o de dever cumprido, A VERDADE PREVALECEU, agrade\u00e7o aos nobres vereadores Hern\u00e2ni, Marilene, Charles, Juliano e Gabriela pela sensatez e dignidade em estarem ao lado da verdade. Fico triste em saber que infelizmente duas mil crian\u00e7as continuar\u00e3o sendo prejudicadas e sofrendo com as consequ\u00eancias de pessoas irrespons\u00e1veis que s\u00f3 pensam em si pr\u00f3prios e s\u00e3o coniventes com a corrup\u00e7\u00e3o&#8221;, declarou T\u00e2mara, em nota.<\/p>\n<p><strong><em>**Atualiza\u00e7\u00e3o<\/em><\/strong><\/p>\n<p>Recebemos um posicionamento do Prefeito Elson Gomes neste s\u00e1bado, 16 de agosto. Ele enfatizou sua gratid\u00e3o aos vereadores que votaram de forma favor\u00e1vel \u00e0 manuten\u00e7\u00e3o de seu governo e tamb\u00e9m \u00e0 popula\u00e7\u00e3o.<\/p>\n<p><em>&#8220;Quero registrar minha gratid\u00e3o aos vereadores Ana L\u00edvia, Dr. C\u00e1ssio, Cristiano e Silvinho, que tiveram umag decis\u00e3o assertiva ao votar favoravelmente \u00e0 minha perman\u00eancia no Executivo de Cristais Paulista. Essa posi\u00e7\u00e3o demonstra responsabilidade e compromisso com o futuro do nosso munic\u00edpio.<\/em><\/p>\n<p><em>Agrade\u00e7o tamb\u00e9m de cora\u00e7\u00e3o \u00e0 nossa popula\u00e7\u00e3o que esteve presente acompanhando a sess\u00e3o, torcendo pela nossa perman\u00eancia, e a todos que, pelas redes sociais, nos deram mensagens de apoio e confian\u00e7a. Esse carinho e essa for\u00e7a renovam ainda mais a minha determina\u00e7\u00e3o.<\/em><\/p>\n<p><em>Reafirmo que continuarei trabalhando incansavelmente pelo desenvolvimento da nossa cidade, buscando recursos, ampliando oportunidades e investindo em mais qualidade de vida para todos os nossos mun\u00edcipes.<\/em><\/p>\n<p><em>Seguimos firmes, unidos e com o olhar sempre voltado para o bem da nossa popula\u00e7\u00e3o cristalense&#8221;<\/em>, disse.<\/p>\n","protected":false},"excerpt":{"rendered":"<p>Eram necess\u00e1rios que dois ter\u00e7os da C\u00e2mara votassem contra a perman\u00eancia do chefe do Executivo para dep\u00f4-lo Por Pedro Maia Editor-chefe Nesta quarta-feira, 13 de agosto,<span class=\"excerpt-hellip\"> [\u2026]<\/span><\/p>\n","protected":false},"author":10,"featured_media":58949,"comment_status":"open","ping_status":"open","sticky":false,"template":"","format":"standard","meta":{"_jetpack_memberships_contains_paid_content":false,"footnotes":"","jetpack_publicize_message":"","jetpack_publicize_feature_enabled":true,"jetpack_social_post_already_shared":true,"jetpack_social_options":{"image_generator_settings":{"template":"highway","default_image_id":0,"enabled":false},"version":2}},"categories":[28,81],"tags":[],"class_list":["post-58948","post","type-post","status-publish","format-standard","has-post-thumbnail","hentry","category-cotidiano","category-manchete"],"yoast_head":"<!-- This site is optimized with the Yoast SEO plugin v25.6 - https:\/\/yoast.com\/wordpress\/plugins\/seo\/ -->\n<title>Por um voto, Elson Gomes (MDB) continua como prefeito de Cristais Paulista - VerdadeOn<\/title>\n<meta name=\"robots\" content=\"index, follow, max-snippet:-1, max-image-preview:large, max-video-preview:-1\" \/>\n<link rel=\"canonical\" href=\"https:\/\/verdadeon.com.br\/portal\/2025\/08\/14\/por-um-voto-elson-gomes-mdb-continua-como-prefeito-de-cristais-paulista\/\" \/>\n<meta property=\"og:locale\" content=\"pt_BR\" \/>\n<meta property=\"og:type\" content=\"article\" \/>\n<meta property=\"og:title\" content=\"Por um voto, Elson Gomes (MDB) continua como prefeito de Cristais Paulista - VerdadeOn\" \/>\n<meta property=\"og:description\" content=\"Eram necess\u00e1rios que dois ter\u00e7os da C\u00e2mara votassem contra a perman\u00eancia do chefe do Executivo para dep\u00f4-lo Por Pedro Maia Editor-chefe Nesta quarta-feira, 13 de agosto, [\u2026]\" \/>\n<meta property=\"og:url\" content=\"https:\/\/verdadeon.com.br\/portal\/2025\/08\/14\/por-um-voto-elson-gomes-mdb-continua-como-prefeito-de-cristais-paulista\/\" \/>\n<meta property=\"og:site_name\" content=\"VerdadeOn\" \/>\n<meta property=\"article:published_time\" content=\"2025-08-14T18:05:57+00:00\" \/>\n<meta property=\"article:modified_time\" content=\"2025-08-16T23:00:51+00:00\" \/>\n<meta property=\"og:image\" content=\"https:\/\/verdadeon.com.br\/portal\/wp-content\/uploads\/2025\/08\/WhatsApp-Image-2025-08-14-at-15.05.25.jpeg\" \/>\n\t<meta property=\"og:image:width\" content=\"1290\" \/>\n\t<meta property=\"og:image:height\" content=\"1016\" \/>\n\t<meta property=\"og:image:type\" content=\"image\/jpeg\" \/>\n<meta name=\"author\" content=\"Redacao VerdadeOn\" \/>\n<meta name=\"twitter:card\" content=\"summary_large_image\" \/>\n<meta name=\"twitter:label1\" content=\"Escrito por\" \/>\n\t<meta name=\"twitter:data1\" content=\"Redacao VerdadeOn\" \/>\n\t<meta name=\"twitter:label2\" content=\"Est. tempo de leitura\" \/>\n\t<meta name=\"twitter:data2\" content=\"3 minutos\" \/>\n<script type=\"application\/ld+json\" class=\"yoast-schema-graph\">{\"@context\":\"https:\/\/schema.org\",\"@graph\":[{\"@type\":\"WebPage\",\"@id\":\"https:\/\/verdadeon.com.br\/portal\/2025\/08\/14\/por-um-voto-elson-gomes-mdb-continua-como-prefeito-de-cristais-paulista\/\",\"url\":\"https:\/\/verdadeon.com.br\/portal\/2025\/08\/14\/por-um-voto-elson-gomes-mdb-continua-como-prefeito-de-cristais-paulista\/\",\"name\":\"Por um voto, Elson Gomes (MDB) continua como prefeito de Cristais Paulista - VerdadeOn\",\"isPartOf\":{\"@id\":\"https:\/\/verdadeon.com.br\/portal\/#website\"},\"primaryImageOfPage\":{\"@id\":\"https:\/\/verdadeon.com.br\/portal\/2025\/08\/14\/por-um-voto-elson-gomes-mdb-continua-como-prefeito-de-cristais-paulista\/#primaryimage\"},\"image\":{\"@id\":\"https:\/\/verdadeon.com.br\/portal\/2025\/08\/14\/por-um-voto-elson-gomes-mdb-continua-como-prefeito-de-cristais-paulista\/#primaryimage\"},\"thumbnailUrl\":\"https:\/\/i0.wp.com\/verdadeon.com.br\/portal\/wp-content\/uploads\/2025\/08\/WhatsApp-Image-2025-08-14-at-15.05.25.jpeg?fit=1290%2C1016&ssl=1\",\"datePublished\":\"2025-08-14T18:05:57+00:00\",\"dateModified\":\"2025-08-16T23:00:51+00:00\",\"author\":{\"@id\":\"https:\/\/verdadeon.com.br\/portal\/#\/schema\/person\/a5060ad1e9ea3df545188fc93ce43d2f\"},\"breadcrumb\":{\"@id\":\"https:\/\/verdadeon.com.br\/portal\/2025\/08\/14\/por-um-voto-elson-gomes-mdb-continua-como-prefeito-de-cristais-paulista\/#breadcrumb\"},\"inLanguage\":\"pt-BR\",\"potentialAction\":[{\"@type\":\"ReadAction\",\"target\":[\"https:\/\/verdadeon.com.br\/portal\/2025\/08\/14\/por-um-voto-elson-gomes-mdb-continua-como-prefeito-de-cristais-paulista\/\"]}]},{\"@type\":\"ImageObject\",\"inLanguage\":\"pt-BR\",\"@id\":\"https:\/\/verdadeon.com.br\/portal\/2025\/08\/14\/por-um-voto-elson-gomes-mdb-continua-como-prefeito-de-cristais-paulista\/#primaryimage\",\"url\":\"https:\/\/i0.wp.com\/verdadeon.com.br\/portal\/wp-content\/uploads\/2025\/08\/WhatsApp-Image-2025-08-14-at-15.05.25.jpeg?fit=1290%2C1016&ssl=1\",\"contentUrl\":\"https:\/\/i0.wp.com\/verdadeon.com.br\/portal\/wp-content\/uploads\/2025\/08\/WhatsApp-Image-2025-08-14-at-15.05.25.jpeg?fit=1290%2C1016&ssl=1\",\"width\":1290,\"height\":1016,\"caption\":\"O prefeito de Cristais Paulista, Elson Gomes (MDB) (\u00a9Reprodu\u00e7\u00e3o\/Redes Sociais)\"},{\"@type\":\"BreadcrumbList\",\"@id\":\"https:\/\/verdadeon.com.br\/portal\/2025\/08\/14\/por-um-voto-elson-gomes-mdb-continua-como-prefeito-de-cristais-paulista\/#breadcrumb\",\"itemListElement\":[{\"@type\":\"ListItem\",\"position\":1,\"name\":\"In\u00edcio\",\"item\":\"https:\/\/verdadeon.com.br\/portal\/\"},{\"@type\":\"ListItem\",\"position\":2,\"name\":\"Por um voto, Elson Gomes (MDB) continua como prefeito de Cristais Paulista\"}]},{\"@type\":\"WebSite\",\"@id\":\"https:\/\/verdadeon.com.br\/portal\/#website\",\"url\":\"https:\/\/verdadeon.com.br\/portal\/\",\"name\":\"VerdadeOn\",\"description\":\"Not\u00edcias di\u00e1rias sobre Franca, Regi\u00e3o, Esporte, Cultura, Cotidiano, Colunas. Cobertura nos principais eventos da cidade \u00e9 aqui - Verdadeon Franca\",\"potentialAction\":[{\"@type\":\"SearchAction\",\"target\":{\"@type\":\"EntryPoint\",\"urlTemplate\":\"https:\/\/verdadeon.com.br\/portal\/?s={search_term_string}\"},\"query-input\":{\"@type\":\"PropertyValueSpecification\",\"valueRequired\":true,\"valueName\":\"search_term_string\"}}],\"inLanguage\":\"pt-BR\"},{\"@type\":\"Person\",\"@id\":\"https:\/\/verdadeon.com.br\/portal\/#\/schema\/person\/a5060ad1e9ea3df545188fc93ce43d2f\",\"name\":\"Redacao VerdadeOn\",\"image\":{\"@type\":\"ImageObject\",\"inLanguage\":\"pt-BR\",\"@id\":\"https:\/\/verdadeon.com.br\/portal\/#\/schema\/person\/image\/\",\"url\":\"https:\/\/secure.gravatar.com\/avatar\/459a9613caaaf07f582c3d0841eea68bdd66f533e465e6ba8b9cb45619572cf4?s=96&d=mm&r=g\",\"contentUrl\":\"https:\/\/secure.gravatar.com\/avatar\/459a9613caaaf07f582c3d0841eea68bdd66f533e465e6ba8b9cb45619572cf4?s=96&d=mm&r=g\",\"caption\":\"Redacao VerdadeOn\"},\"url\":\"https:\/\/verdadeon.com.br\/portal\/author\/redacao\/\"}]}<\/script>\n<!-- \/ Yoast SEO plugin. -->","yoast_head_json":{"title":"Por um voto, Elson Gomes (MDB) continua como prefeito de Cristais Paulista - VerdadeOn","robots":{"index":"index","follow":"follow","max-snippet":"max-snippet:-1","max-image-preview":"max-image-preview:large","max-video-preview":"max-video-preview:-1"},"canonical":"https:\/\/verdadeon.com.br\/portal\/2025\/08\/14\/por-um-voto-elson-gomes-mdb-continua-como-prefeito-de-cristais-paulista\/","og_locale":"pt_BR","og_type":"article","og_title":"Por um voto, Elson Gomes (MDB) continua como prefeito de Cristais Paulista - VerdadeOn","og_description":"Eram necess\u00e1rios que dois ter\u00e7os da C\u00e2mara votassem contra a perman\u00eancia do chefe do Executivo para dep\u00f4-lo Por Pedro Maia Editor-chefe Nesta quarta-feira, 13 de agosto, [\u2026]","og_url":"https:\/\/verdadeon.com.br\/portal\/2025\/08\/14\/por-um-voto-elson-gomes-mdb-continua-como-prefeito-de-cristais-paulista\/","og_site_name":"VerdadeOn","article_published_time":"2025-08-14T18:05:57+00:00","article_modified_time":"2025-08-16T23:00:51+00:00","og_image":[{"width":1290,"height":1016,"url":"https:\/\/verdadeon.com.br\/portal\/wp-content\/uploads\/2025\/08\/WhatsApp-Image-2025-08-14-at-15.05.25.jpeg","type":"image\/jpeg"}],"author":"Redacao VerdadeOn","twitter_card":"summary_large_image","twitter_misc":{"Escrito por":"Redacao VerdadeOn","Est. tempo de leitura":"3 minutos"},"schema":{"@context":"https:\/\/schema.org","@graph":[{"@type":"WebPage","@id":"https:\/\/verdadeon.com.br\/portal\/2025\/08\/14\/por-um-voto-elson-gomes-mdb-continua-como-prefeito-de-cristais-paulista\/","url":"https:\/\/verdadeon.com.br\/portal\/2025\/08\/14\/por-um-voto-elson-gomes-mdb-continua-como-prefeito-de-cristais-paulista\/","name":"Por um voto, Elson Gomes (MDB) continua como prefeito de Cristais Paulista - VerdadeOn","isPartOf":{"@id":"https:\/\/verdadeon.com.br\/portal\/#website"},"primaryImageOfPage":{"@id":"https:\/\/verdadeon.com.br\/portal\/2025\/08\/14\/por-um-voto-elson-gomes-mdb-continua-como-prefeito-de-cristais-paulista\/#primaryimage"},"image":{"@id":"https:\/\/verdadeon.com.br\/portal\/2025\/08\/14\/por-um-voto-elson-gomes-mdb-continua-como-prefeito-de-cristais-paulista\/#primaryimage"},"thumbnailUrl":"https:\/\/i0.wp.com\/verdadeon.com.br\/portal\/wp-content\/uploads\/2025\/08\/WhatsApp-Image-2025-08-14-at-15.05.25.jpeg?fit=1290%2C1016&ssl=1","datePublished":"2025-08-14T18:05:57+00:00","dateModified":"2025-08-16T23:00:51+00:00","author":{"@id":"https:\/\/verdadeon.com.br\/portal\/#\/schema\/person\/a5060ad1e9ea3df545188fc93ce43d2f"},"breadcrumb":{"@id":"https:\/\/verdadeon.com.br\/portal\/2025\/08\/14\/por-um-voto-elson-gomes-mdb-continua-como-prefeito-de-cristais-paulista\/#breadcrumb"},"inLanguage":"pt-BR","potentialAction":[{"@type":"ReadAction","target":["https:\/\/verdadeon.com.br\/portal\/2025\/08\/14\/por-um-voto-elson-gomes-mdb-continua-como-prefeito-de-cristais-paulista\/"]}]},{"@type":"ImageObject","inLanguage":"pt-BR","@id":"https:\/\/verdadeon.com.br\/portal\/2025\/08\/14\/por-um-voto-elson-gomes-mdb-continua-como-prefeito-de-cristais-paulista\/#primaryimage","url":"https:\/\/i0.wp.com\/verdadeon.com.br\/portal\/wp-content\/uploads\/2025\/08\/WhatsApp-Image-2025-08-14-at-15.05.25.jpeg?fit=1290%2C1016&ssl=1","contentUrl":"https:\/\/i0.wp.com\/verdadeon.com.br\/portal\/wp-content\/uploads\/2025\/08\/WhatsApp-Image-2025-08-14-at-15.05.25.jpeg?fit=1290%2C1016&ssl=1","width":1290,"height":1016,"caption":"O prefeito de Cristais Paulista, Elson Gomes (MDB) (\u00a9Reprodu\u00e7\u00e3o\/Redes Sociais)"},{"@type":"BreadcrumbList","@id":"https:\/\/verdadeon.com.br\/portal\/2025\/08\/14\/por-um-voto-elson-gomes-mdb-continua-como-prefeito-de-cristais-paulista\/#breadcrumb","itemListElement":[{"@type":"ListItem","position":1,"name":"In\u00edcio","item":"https:\/\/verdadeon.com.br\/portal\/"},{"@type":"ListItem","position":2,"name":"Por um voto, Elson Gomes (MDB) continua como prefeito de Cristais Paulista"}]},{"@type":"WebSite","@id":"https:\/\/verdadeon.com.br\/portal\/#website","url":"https:\/\/verdadeon.com.br\/portal\/","name":"VerdadeOn","description":"Not\u00edcias di\u00e1rias sobre Franca, Regi\u00e3o, Esporte, Cultura, Cotidiano, Colunas. Cobertura nos principais eventos da cidade \u00e9 aqui - Verdadeon Franca","potentialAction":[{"@type":"SearchAction","target":{"@type":"EntryPoint","urlTemplate":"https:\/\/verdadeon.com.br\/portal\/?s={search_term_string}"},"query-input":{"@type":"PropertyValueSpecification","valueRequired":true,"valueName":"search_term_string"}}],"inLanguage":"pt-BR"},{"@type":"Person","@id":"https:\/\/verdadeon.com.br\/portal\/#\/schema\/person\/a5060ad1e9ea3df545188fc93ce43d2f","name":"Redacao VerdadeOn","image":{"@type":"ImageObject","inLanguage":"pt-BR","@id":"https:\/\/verdadeon.com.br\/portal\/#\/schema\/person\/image\/","url":"https:\/\/secure.gravatar.com\/avatar\/459a9613caaaf07f582c3d0841eea68bdd66f533e465e6ba8b9cb45619572cf4?s=96&d=mm&r=g","contentUrl":"https:\/\/secure.gravatar.com\/avatar\/459a9613caaaf07f582c3d0841eea68bdd66f533e465e6ba8b9cb45619572cf4?s=96&d=mm&r=g","caption":"Redacao VerdadeOn"},"url":"https:\/\/verdadeon.com.br\/portal\/author\/redacao\/"}]}},"jetpack_publicize_connections":[],"jetpack_featured_media_url":"https:\/\/i0.wp.com\/verdadeon.com.br\/portal\/wp-content\/uploads\/2025\/08\/WhatsApp-Image-2025-08-14-at-15.05.25.jpeg?fit=1290%2C1016&ssl=1","jetpack_sharing_enabled":true,"_links":{"self":[{"href":"https:\/\/verdadeon.com.br\/portal\/wp-json\/wp\/v2\/posts\/58948","targetHints":{"allow":["GET"]}}],"collection":[{"href":"https:\/\/verdadeon.com.br\/portal\/wp-json\/wp\/v2\/posts"}],"about":[{"href":"https:\/\/verdadeon.com.br\/portal\/wp-json\/wp\/v2\/types\/post"}],"author":[{"embeddable":true,"href":"https:\/\/verdadeon.com.br\/portal\/wp-json\/wp\/v2\/users\/10"}],"replies":[{"embeddable":true,"href":"https:\/\/verdadeon.com.br\/portal\/wp-json\/wp\/v2\/comments?post=58948"}],"version-history":[{"count":6,"href":"https:\/\/verdadeon.com.br\/portal\/wp-json\/wp\/v2\/posts\/58948\/revisions"}],"predecessor-version":[{"id":59041,"href":"https:\/\/verdadeon.com.br\/portal\/wp-json\/wp\/v2\/posts\/58948\/revisions\/59041"}],"wp:featuredmedia":[{"embeddable":true,"href":"https:\/\/verdadeon.com.br\/portal\/wp-json\/wp\/v2\/media\/58949"}],"wp:attachment":[{"href":"https:\/\/verdadeon.com.br\/portal\/wp-json\/wp\/v2\/media?parent=58948"}],"wp:term":[{"taxonomy":"category","embeddable":true,"href":"https:\/\/verdadeon.com.br\/portal\/wp-json\/wp\/v2\/categories?post=58948"},{"taxonomy":"post_tag","embeddable":true,"href":"https:\/\/verdadeon.com.br\/portal\/wp-json\/wp\/v2\/tags?post=58948"}],"curies":[{"name":"wp","href":"https:\/\/api.w.org\/{rel}","templated":true}]}}