{"id":58909,"date":"2025-08-13T17:47:41","date_gmt":"2025-08-13T20:47:41","guid":{"rendered":"https:\/\/verdadeon.com.br\/portal\/?p=58909"},"modified":"2025-08-13T17:47:58","modified_gmt":"2025-08-13T20:47:58","slug":"durante-abertura-de-uma-das-maiores-feiras-de-bioenergia-do-mundo-em-sertaozinho-presidente-do-ciesp-diz-que-saf-ajuda-brasil-a-ser-referencia-em-combustiveis-do-futuro","status":"publish","type":"post","link":"https:\/\/verdadeon.com.br\/portal\/2025\/08\/13\/durante-abertura-de-uma-das-maiores-feiras-de-bioenergia-do-mundo-em-sertaozinho-presidente-do-ciesp-diz-que-saf-ajuda-brasil-a-ser-referencia-em-combustiveis-do-futuro\/","title":{"rendered":"Durante abertura de uma das maiores feiras de bioenergia do mundo em Sert\u00e3ozinho, presidente do Ciesp diz que SAF ajuda Brasil a ser refer\u00eancia em &#8216;combust\u00edveis do futuro&#8217;"},"content":{"rendered":"<h2>Fenasucro &amp; Agrocana reuniu autoridades e lideran\u00e7as do Ciesp e do Senai-SP em sua cerim\u00f4nia de abertura<\/h2>\n<p>O presidente do Ciesp (Centro das Ind\u00fastrias do Estado de S\u00e3o Paulo), Rafael Cervone, participou na tarde desta ter\u00e7a (12), da abertura da 31\u00aa edi\u00e7\u00e3o da Fenasucro &amp; Agrocana, maior feira de bioenergia do pa\u00eds, que acontece em Sert\u00e3ozinho (SP) at\u00e9 o pr\u00f3ximo dia 15. O SAF (Sustainable Aviation Fuel), em portugu\u00eas \u201cCombust\u00edvel Sustent\u00e1vel da Avia\u00e7\u00e3o\u201d, \u00e9 um dos temas de destaque na feira deste ano e, na opini\u00e3o do presidente, coloca o Brasil no radar do mercado mundial como uma grande refer\u00eancia em &#8220;combust\u00edveis do futuro&#8221;.<br \/>\nO evento que visa promover neg\u00f3cios e vendas de produtos e servi\u00e7os para o setor da cana-de-a\u00e7\u00facar, este ano re\u00fane cerca de tr\u00eas mil produtos de 600 marcas expositoras de mais de 60 pa\u00edses. A expectativa, divulgada pela pr\u00f3pria feira, \u00e9 de superar os R$ 10,7 bilh\u00f5es em neg\u00f3cios alcan\u00e7ados na \u00faltima edi\u00e7\u00e3o. A feira tamb\u00e9m traz paineis sobre temas como bioenergia e inova\u00e7\u00e3o; SAF e biodiesel e pol\u00edticas p\u00fablicas.<\/p>\n<p><strong>SAF<\/strong><\/p>\n<p>O SAF \u00e9 um substituto do querosene de avia\u00e7\u00e3o f\u00f3ssil e \u00e9 produzido a partir de fontes renov\u00e1veis como o etanol. Sua principal vantagem \u00e9 a capacidade de reduzir drasticamente as emiss\u00f5es de gases de efeito estufa. O tema fez parte, do painel \u201cTecnologias em Biocombust\u00edveis\u201d, que fez parte do 1\u00ba dia da feira e foi organizado pelo Senai-SP.<br \/>\nO tema tem sido destaque no notici\u00e1rio nacional. Os chineses, por exemplo, definiram uma meta de incorporar 3% de SAF em voos nos pr\u00f3ximos cinco anos, com a ambi\u00e7\u00e3o de alcan\u00e7ar 50% at\u00e9 2030, o que equivale a 46 milh\u00f5es de toneladas.<\/p>\n<p><strong>Combust\u00edvel do futuro<\/strong><\/p>\n<p>Na avalia\u00e7\u00e3o de Cervone, o SAF faz com que o Brasil se torne refer\u00eancia e um grande nome mundial da bioeconomia e da bioenergia. \u201cHoje o SAF, nosso combust\u00edvel verde para a avia\u00e7\u00e3o, \u00e9 a grande \u2018vedete\u2019 da feira, assim como o mar\u00edtimo de navega\u00e7\u00e3o. Isso coloca o Brasil no radar como uma grande refer\u00eancia para esses combust\u00edveis de futuro, n\u00e3o s\u00f3 no transporte terrestre como a\u00e9reo e mar\u00edtimo\u201d, ressalta Cervone.<br \/>\nO empres\u00e1rio Jacyr Costa Filho, presidente de honra da Fenasucro &amp; Agrocana este ano, que tamb\u00e9m preside o Consag (Conselho Superior do Agroneg\u00f3cio da Fiesp), disse que \u201c\u00e9 bem-vindo\u201d o interesse da China no SAF brasileiro porque incentiva o pa\u00eds a produzir e exportar etanol. Ele ressalta, no entanto, que o ideal \u00e9 que o Brasil atraia os investimentos chineses para manter a produ\u00e7\u00e3o industrial do SAF em n\u00edvel local, com valor agregado.<br \/>\nJacyr tamb\u00e9m lembra que com o avan\u00e7o das discuss\u00f5es em torno de poss\u00edvel explora\u00e7\u00e3o de petr\u00f3leo na Margem Equatorial brasileira, uma possibilidade interessante seria utilizar recursos oriundos dos royalties dessa explora\u00e7\u00e3o para investir em refinarias de SAF aqui mesmo no Brasil. A Petrobr\u00e1s e o Ibama chegaram a um acordo sobre a data para a realiza\u00e7\u00e3o da Avalia\u00e7\u00e3o Pr\u00e9-Operacional (APO), considerado o \u00faltimo teste antes de um posicionamento sobre a concess\u00e3o de licen\u00e7a ambiental para a perfura\u00e7\u00e3o de po\u00e7o explorat\u00f3rio.<br \/>\n\u201cSe a gente quer valorizar a nossa ind\u00fastria, n\u00f3s temos que buscar a produ\u00e7\u00e3o de SAF aqui no Brasil e para isso a gente precisa buscar recursos porque para construir uma f\u00e1brica de SAF de 500 mil toneladas \u00e9 necess\u00e1rio US$ 1 bilh\u00e3o. \u00c9 muito dinheiro\u201d, explica Jacyr.<br \/>\nA abertura tamb\u00e9m contou com a presen\u00e7a de v\u00e1rias autoridades locais e nacionais como o ministro do Empreendedorismo, da Microempresa e da Empresa de Pequeno Porte, M\u00e1rcio Fran\u00e7a, o deputado federal Arnaldo Jardim, e o secret\u00e1rio da Agricultura e Abastecimento, Guilherme Piai, que representou o governador Tarc\u00edsio de Freitas. O 2\u00ba vice-presidente do Ciesp, Francesconi J\u00fanior, e o diretor do Senai-SP, Ricardo Terra, tamb\u00e9m estiveram no evento.<\/p>\n<p><strong>Conv\u00eanio com o Senai-SP<\/strong><\/p>\n<p>Durante a solenidade, foi assinado um protocolo de inten\u00e7\u00f5es entre a Udop (Uni\u00e3o Nacional de Bioenergia) e o Senai-SP para a execu\u00e7\u00e3o conjunta do Programa de Forma\u00e7\u00e3o Profissional e Servi\u00e7os de Tecnologia e Inova\u00e7\u00e3o, que visa qualificar a m\u00e3o de obra e acelerar a ado\u00e7\u00e3o de novas tecnologias no setor. Segundo o diretor do Senai de Sert\u00e3ozinho, Rafael Henrique de Melo Cunha, o projeto j\u00e1 envolve 47 associados, 14 grupos e 17 escolas Senai.<\/p>\n","protected":false},"excerpt":{"rendered":"<p>Fenasucro &amp; Agrocana reuniu autoridades e lideran\u00e7as do Ciesp e do Senai-SP em sua cerim\u00f4nia de abertura O presidente do Ciesp (Centro das Ind\u00fastrias do Estado<span class=\"excerpt-hellip\"> [\u2026]<\/span><\/p>\n","protected":false},"author":10,"featured_media":58910,"comment_status":"open","ping_status":"open","sticky":false,"template":"","format":"standard","meta":{"_jetpack_memberships_contains_paid_content":false,"footnotes":"","jetpack_publicize_message":"","jetpack_publicize_feature_enabled":true,"jetpack_social_post_already_shared":true,"jetpack_social_options":{"image_generator_settings":{"template":"highway","default_image_id":0,"enabled":false},"version":2}},"categories":[28,44],"tags":[],"class_list":["post-58909","post","type-post","status-publish","format-standard","has-post-thumbnail","hentry","category-cotidiano","category-noticias"],"yoast_head":"<!-- This site is optimized with the Yoast SEO plugin v25.6 - https:\/\/yoast.com\/wordpress\/plugins\/seo\/ -->\n<title>Durante abertura de uma das maiores feiras de bioenergia do mundo em Sert\u00e3ozinho, presidente do Ciesp diz que SAF ajuda Brasil a ser refer\u00eancia em &#039;combust\u00edveis do futuro&#039; - VerdadeOn<\/title>\n<meta name=\"robots\" content=\"index, follow, max-snippet:-1, max-image-preview:large, max-video-preview:-1\" \/>\n<link rel=\"canonical\" href=\"https:\/\/verdadeon.com.br\/portal\/2025\/08\/13\/durante-abertura-de-uma-das-maiores-feiras-de-bioenergia-do-mundo-em-sertaozinho-presidente-do-ciesp-diz-que-saf-ajuda-brasil-a-ser-referencia-em-combustiveis-do-futuro\/\" \/>\n<meta property=\"og:locale\" content=\"pt_BR\" \/>\n<meta property=\"og:type\" content=\"article\" \/>\n<meta property=\"og:title\" content=\"Durante abertura de uma das maiores feiras de bioenergia do mundo em Sert\u00e3ozinho, presidente do Ciesp diz que SAF ajuda Brasil a ser refer\u00eancia em &#039;combust\u00edveis do futuro&#039; - VerdadeOn\" \/>\n<meta property=\"og:description\" content=\"Fenasucro &amp; Agrocana reuniu autoridades e lideran\u00e7as do Ciesp e do Senai-SP em sua cerim\u00f4nia de abertura O presidente do Ciesp (Centro das Ind\u00fastrias do Estado [\u2026]\" \/>\n<meta property=\"og:url\" content=\"https:\/\/verdadeon.com.br\/portal\/2025\/08\/13\/durante-abertura-de-uma-das-maiores-feiras-de-bioenergia-do-mundo-em-sertaozinho-presidente-do-ciesp-diz-que-saf-ajuda-brasil-a-ser-referencia-em-combustiveis-do-futuro\/\" \/>\n<meta property=\"og:site_name\" content=\"VerdadeOn\" \/>\n<meta property=\"article:published_time\" content=\"2025-08-13T20:47:41+00:00\" \/>\n<meta property=\"article:modified_time\" content=\"2025-08-13T20:47:58+00:00\" \/>\n<meta property=\"og:image\" content=\"https:\/\/verdadeon.com.br\/portal\/wp-content\/uploads\/2025\/08\/PHOTO-2025-08-13-17-33-38.jpg\" \/>\n\t<meta property=\"og:image:width\" content=\"859\" \/>\n\t<meta property=\"og:image:height\" content=\"638\" \/>\n\t<meta property=\"og:image:type\" content=\"image\/jpeg\" \/>\n<meta name=\"author\" content=\"Redacao VerdadeOn\" \/>\n<meta name=\"twitter:card\" content=\"summary_large_image\" \/>\n<meta name=\"twitter:label1\" content=\"Escrito por\" \/>\n\t<meta name=\"twitter:data1\" content=\"Redacao VerdadeOn\" \/>\n\t<meta name=\"twitter:label2\" content=\"Est. tempo de leitura\" \/>\n\t<meta name=\"twitter:data2\" content=\"5 minutos\" \/>\n<script type=\"application\/ld+json\" class=\"yoast-schema-graph\">{\"@context\":\"https:\/\/schema.org\",\"@graph\":[{\"@type\":\"WebPage\",\"@id\":\"https:\/\/verdadeon.com.br\/portal\/2025\/08\/13\/durante-abertura-de-uma-das-maiores-feiras-de-bioenergia-do-mundo-em-sertaozinho-presidente-do-ciesp-diz-que-saf-ajuda-brasil-a-ser-referencia-em-combustiveis-do-futuro\/\",\"url\":\"https:\/\/verdadeon.com.br\/portal\/2025\/08\/13\/durante-abertura-de-uma-das-maiores-feiras-de-bioenergia-do-mundo-em-sertaozinho-presidente-do-ciesp-diz-que-saf-ajuda-brasil-a-ser-referencia-em-combustiveis-do-futuro\/\",\"name\":\"Durante abertura de uma das maiores feiras de bioenergia do mundo em Sert\u00e3ozinho, presidente do Ciesp diz que SAF ajuda Brasil a ser refer\u00eancia em 'combust\u00edveis do futuro' - VerdadeOn\",\"isPartOf\":{\"@id\":\"https:\/\/verdadeon.com.br\/portal\/#website\"},\"primaryImageOfPage\":{\"@id\":\"https:\/\/verdadeon.com.br\/portal\/2025\/08\/13\/durante-abertura-de-uma-das-maiores-feiras-de-bioenergia-do-mundo-em-sertaozinho-presidente-do-ciesp-diz-que-saf-ajuda-brasil-a-ser-referencia-em-combustiveis-do-futuro\/#primaryimage\"},\"image\":{\"@id\":\"https:\/\/verdadeon.com.br\/portal\/2025\/08\/13\/durante-abertura-de-uma-das-maiores-feiras-de-bioenergia-do-mundo-em-sertaozinho-presidente-do-ciesp-diz-que-saf-ajuda-brasil-a-ser-referencia-em-combustiveis-do-futuro\/#primaryimage\"},\"thumbnailUrl\":\"https:\/\/i0.wp.com\/verdadeon.com.br\/portal\/wp-content\/uploads\/2025\/08\/PHOTO-2025-08-13-17-33-38.jpg?fit=859%2C638&ssl=1\",\"datePublished\":\"2025-08-13T20:47:41+00:00\",\"dateModified\":\"2025-08-13T20:47:58+00:00\",\"author\":{\"@id\":\"https:\/\/verdadeon.com.br\/portal\/#\/schema\/person\/a5060ad1e9ea3df545188fc93ce43d2f\"},\"breadcrumb\":{\"@id\":\"https:\/\/verdadeon.com.br\/portal\/2025\/08\/13\/durante-abertura-de-uma-das-maiores-feiras-de-bioenergia-do-mundo-em-sertaozinho-presidente-do-ciesp-diz-que-saf-ajuda-brasil-a-ser-referencia-em-combustiveis-do-futuro\/#breadcrumb\"},\"inLanguage\":\"pt-BR\",\"potentialAction\":[{\"@type\":\"ReadAction\",\"target\":[\"https:\/\/verdadeon.com.br\/portal\/2025\/08\/13\/durante-abertura-de-uma-das-maiores-feiras-de-bioenergia-do-mundo-em-sertaozinho-presidente-do-ciesp-diz-que-saf-ajuda-brasil-a-ser-referencia-em-combustiveis-do-futuro\/\"]}]},{\"@type\":\"ImageObject\",\"inLanguage\":\"pt-BR\",\"@id\":\"https:\/\/verdadeon.com.br\/portal\/2025\/08\/13\/durante-abertura-de-uma-das-maiores-feiras-de-bioenergia-do-mundo-em-sertaozinho-presidente-do-ciesp-diz-que-saf-ajuda-brasil-a-ser-referencia-em-combustiveis-do-futuro\/#primaryimage\",\"url\":\"https:\/\/i0.wp.com\/verdadeon.com.br\/portal\/wp-content\/uploads\/2025\/08\/PHOTO-2025-08-13-17-33-38.jpg?fit=859%2C638&ssl=1\",\"contentUrl\":\"https:\/\/i0.wp.com\/verdadeon.com.br\/portal\/wp-content\/uploads\/2025\/08\/PHOTO-2025-08-13-17-33-38.jpg?fit=859%2C638&ssl=1\",\"width\":859,\"height\":638,\"caption\":\"(\u00a9Divulga\u00e7\u00e3o)\"},{\"@type\":\"BreadcrumbList\",\"@id\":\"https:\/\/verdadeon.com.br\/portal\/2025\/08\/13\/durante-abertura-de-uma-das-maiores-feiras-de-bioenergia-do-mundo-em-sertaozinho-presidente-do-ciesp-diz-que-saf-ajuda-brasil-a-ser-referencia-em-combustiveis-do-futuro\/#breadcrumb\",\"itemListElement\":[{\"@type\":\"ListItem\",\"position\":1,\"name\":\"In\u00edcio\",\"item\":\"https:\/\/verdadeon.com.br\/portal\/\"},{\"@type\":\"ListItem\",\"position\":2,\"name\":\"Durante abertura de uma das maiores feiras de bioenergia do mundo em Sert\u00e3ozinho, presidente do Ciesp diz que SAF ajuda Brasil a ser refer\u00eancia em &#8216;combust\u00edveis do futuro&#8217;\"}]},{\"@type\":\"WebSite\",\"@id\":\"https:\/\/verdadeon.com.br\/portal\/#website\",\"url\":\"https:\/\/verdadeon.com.br\/portal\/\",\"name\":\"VerdadeOn\",\"description\":\"Not\u00edcias di\u00e1rias sobre Franca, Regi\u00e3o, Esporte, Cultura, Cotidiano, Colunas. Cobertura nos principais eventos da cidade \u00e9 aqui - Verdadeon Franca\",\"potentialAction\":[{\"@type\":\"SearchAction\",\"target\":{\"@type\":\"EntryPoint\",\"urlTemplate\":\"https:\/\/verdadeon.com.br\/portal\/?s={search_term_string}\"},\"query-input\":{\"@type\":\"PropertyValueSpecification\",\"valueRequired\":true,\"valueName\":\"search_term_string\"}}],\"inLanguage\":\"pt-BR\"},{\"@type\":\"Person\",\"@id\":\"https:\/\/verdadeon.com.br\/portal\/#\/schema\/person\/a5060ad1e9ea3df545188fc93ce43d2f\",\"name\":\"Redacao VerdadeOn\",\"image\":{\"@type\":\"ImageObject\",\"inLanguage\":\"pt-BR\",\"@id\":\"https:\/\/verdadeon.com.br\/portal\/#\/schema\/person\/image\/\",\"url\":\"https:\/\/secure.gravatar.com\/avatar\/459a9613caaaf07f582c3d0841eea68bdd66f533e465e6ba8b9cb45619572cf4?s=96&d=mm&r=g\",\"contentUrl\":\"https:\/\/secure.gravatar.com\/avatar\/459a9613caaaf07f582c3d0841eea68bdd66f533e465e6ba8b9cb45619572cf4?s=96&d=mm&r=g\",\"caption\":\"Redacao VerdadeOn\"},\"url\":\"https:\/\/verdadeon.com.br\/portal\/author\/redacao\/\"}]}<\/script>\n<!-- \/ Yoast SEO plugin. -->","yoast_head_json":{"title":"Durante abertura de uma das maiores feiras de bioenergia do mundo em Sert\u00e3ozinho, presidente do Ciesp diz que SAF ajuda Brasil a ser refer\u00eancia em 'combust\u00edveis do futuro' - VerdadeOn","robots":{"index":"index","follow":"follow","max-snippet":"max-snippet:-1","max-image-preview":"max-image-preview:large","max-video-preview":"max-video-preview:-1"},"canonical":"https:\/\/verdadeon.com.br\/portal\/2025\/08\/13\/durante-abertura-de-uma-das-maiores-feiras-de-bioenergia-do-mundo-em-sertaozinho-presidente-do-ciesp-diz-que-saf-ajuda-brasil-a-ser-referencia-em-combustiveis-do-futuro\/","og_locale":"pt_BR","og_type":"article","og_title":"Durante abertura de uma das maiores feiras de bioenergia do mundo em Sert\u00e3ozinho, presidente do Ciesp diz que SAF ajuda Brasil a ser refer\u00eancia em 'combust\u00edveis do futuro' - VerdadeOn","og_description":"Fenasucro &amp; Agrocana reuniu autoridades e lideran\u00e7as do Ciesp e do Senai-SP em sua cerim\u00f4nia de abertura O presidente do Ciesp (Centro das Ind\u00fastrias do Estado [\u2026]","og_url":"https:\/\/verdadeon.com.br\/portal\/2025\/08\/13\/durante-abertura-de-uma-das-maiores-feiras-de-bioenergia-do-mundo-em-sertaozinho-presidente-do-ciesp-diz-que-saf-ajuda-brasil-a-ser-referencia-em-combustiveis-do-futuro\/","og_site_name":"VerdadeOn","article_published_time":"2025-08-13T20:47:41+00:00","article_modified_time":"2025-08-13T20:47:58+00:00","og_image":[{"width":859,"height":638,"url":"https:\/\/verdadeon.com.br\/portal\/wp-content\/uploads\/2025\/08\/PHOTO-2025-08-13-17-33-38.jpg","type":"image\/jpeg"}],"author":"Redacao VerdadeOn","twitter_card":"summary_large_image","twitter_misc":{"Escrito por":"Redacao VerdadeOn","Est. tempo de leitura":"5 minutos"},"schema":{"@context":"https:\/\/schema.org","@graph":[{"@type":"WebPage","@id":"https:\/\/verdadeon.com.br\/portal\/2025\/08\/13\/durante-abertura-de-uma-das-maiores-feiras-de-bioenergia-do-mundo-em-sertaozinho-presidente-do-ciesp-diz-que-saf-ajuda-brasil-a-ser-referencia-em-combustiveis-do-futuro\/","url":"https:\/\/verdadeon.com.br\/portal\/2025\/08\/13\/durante-abertura-de-uma-das-maiores-feiras-de-bioenergia-do-mundo-em-sertaozinho-presidente-do-ciesp-diz-que-saf-ajuda-brasil-a-ser-referencia-em-combustiveis-do-futuro\/","name":"Durante abertura de uma das maiores feiras de bioenergia do mundo em Sert\u00e3ozinho, presidente do Ciesp diz que SAF ajuda Brasil a ser refer\u00eancia em 'combust\u00edveis do futuro' - VerdadeOn","isPartOf":{"@id":"https:\/\/verdadeon.com.br\/portal\/#website"},"primaryImageOfPage":{"@id":"https:\/\/verdadeon.com.br\/portal\/2025\/08\/13\/durante-abertura-de-uma-das-maiores-feiras-de-bioenergia-do-mundo-em-sertaozinho-presidente-do-ciesp-diz-que-saf-ajuda-brasil-a-ser-referencia-em-combustiveis-do-futuro\/#primaryimage"},"image":{"@id":"https:\/\/verdadeon.com.br\/portal\/2025\/08\/13\/durante-abertura-de-uma-das-maiores-feiras-de-bioenergia-do-mundo-em-sertaozinho-presidente-do-ciesp-diz-que-saf-ajuda-brasil-a-ser-referencia-em-combustiveis-do-futuro\/#primaryimage"},"thumbnailUrl":"https:\/\/i0.wp.com\/verdadeon.com.br\/portal\/wp-content\/uploads\/2025\/08\/PHOTO-2025-08-13-17-33-38.jpg?fit=859%2C638&ssl=1","datePublished":"2025-08-13T20:47:41+00:00","dateModified":"2025-08-13T20:47:58+00:00","author":{"@id":"https:\/\/verdadeon.com.br\/portal\/#\/schema\/person\/a5060ad1e9ea3df545188fc93ce43d2f"},"breadcrumb":{"@id":"https:\/\/verdadeon.com.br\/portal\/2025\/08\/13\/durante-abertura-de-uma-das-maiores-feiras-de-bioenergia-do-mundo-em-sertaozinho-presidente-do-ciesp-diz-que-saf-ajuda-brasil-a-ser-referencia-em-combustiveis-do-futuro\/#breadcrumb"},"inLanguage":"pt-BR","potentialAction":[{"@type":"ReadAction","target":["https:\/\/verdadeon.com.br\/portal\/2025\/08\/13\/durante-abertura-de-uma-das-maiores-feiras-de-bioenergia-do-mundo-em-sertaozinho-presidente-do-ciesp-diz-que-saf-ajuda-brasil-a-ser-referencia-em-combustiveis-do-futuro\/"]}]},{"@type":"ImageObject","inLanguage":"pt-BR","@id":"https:\/\/verdadeon.com.br\/portal\/2025\/08\/13\/durante-abertura-de-uma-das-maiores-feiras-de-bioenergia-do-mundo-em-sertaozinho-presidente-do-ciesp-diz-que-saf-ajuda-brasil-a-ser-referencia-em-combustiveis-do-futuro\/#primaryimage","url":"https:\/\/i0.wp.com\/verdadeon.com.br\/portal\/wp-content\/uploads\/2025\/08\/PHOTO-2025-08-13-17-33-38.jpg?fit=859%2C638&ssl=1","contentUrl":"https:\/\/i0.wp.com\/verdadeon.com.br\/portal\/wp-content\/uploads\/2025\/08\/PHOTO-2025-08-13-17-33-38.jpg?fit=859%2C638&ssl=1","width":859,"height":638,"caption":"(\u00a9Divulga\u00e7\u00e3o)"},{"@type":"BreadcrumbList","@id":"https:\/\/verdadeon.com.br\/portal\/2025\/08\/13\/durante-abertura-de-uma-das-maiores-feiras-de-bioenergia-do-mundo-em-sertaozinho-presidente-do-ciesp-diz-que-saf-ajuda-brasil-a-ser-referencia-em-combustiveis-do-futuro\/#breadcrumb","itemListElement":[{"@type":"ListItem","position":1,"name":"In\u00edcio","item":"https:\/\/verdadeon.com.br\/portal\/"},{"@type":"ListItem","position":2,"name":"Durante abertura de uma das maiores feiras de bioenergia do mundo em Sert\u00e3ozinho, presidente do Ciesp diz que SAF ajuda Brasil a ser refer\u00eancia em &#8216;combust\u00edveis do futuro&#8217;"}]},{"@type":"WebSite","@id":"https:\/\/verdadeon.com.br\/portal\/#website","url":"https:\/\/verdadeon.com.br\/portal\/","name":"VerdadeOn","description":"Not\u00edcias di\u00e1rias sobre Franca, Regi\u00e3o, Esporte, Cultura, Cotidiano, Colunas. Cobertura nos principais eventos da cidade \u00e9 aqui - Verdadeon Franca","potentialAction":[{"@type":"SearchAction","target":{"@type":"EntryPoint","urlTemplate":"https:\/\/verdadeon.com.br\/portal\/?s={search_term_string}"},"query-input":{"@type":"PropertyValueSpecification","valueRequired":true,"valueName":"search_term_string"}}],"inLanguage":"pt-BR"},{"@type":"Person","@id":"https:\/\/verdadeon.com.br\/portal\/#\/schema\/person\/a5060ad1e9ea3df545188fc93ce43d2f","name":"Redacao VerdadeOn","image":{"@type":"ImageObject","inLanguage":"pt-BR","@id":"https:\/\/verdadeon.com.br\/portal\/#\/schema\/person\/image\/","url":"https:\/\/secure.gravatar.com\/avatar\/459a9613caaaf07f582c3d0841eea68bdd66f533e465e6ba8b9cb45619572cf4?s=96&d=mm&r=g","contentUrl":"https:\/\/secure.gravatar.com\/avatar\/459a9613caaaf07f582c3d0841eea68bdd66f533e465e6ba8b9cb45619572cf4?s=96&d=mm&r=g","caption":"Redacao VerdadeOn"},"url":"https:\/\/verdadeon.com.br\/portal\/author\/redacao\/"}]}},"jetpack_publicize_connections":[],"jetpack_featured_media_url":"https:\/\/i0.wp.com\/verdadeon.com.br\/portal\/wp-content\/uploads\/2025\/08\/PHOTO-2025-08-13-17-33-38.jpg?fit=859%2C638&ssl=1","jetpack_sharing_enabled":true,"_links":{"self":[{"href":"https:\/\/verdadeon.com.br\/portal\/wp-json\/wp\/v2\/posts\/58909","targetHints":{"allow":["GET"]}}],"collection":[{"href":"https:\/\/verdadeon.com.br\/portal\/wp-json\/wp\/v2\/posts"}],"about":[{"href":"https:\/\/verdadeon.com.br\/portal\/wp-json\/wp\/v2\/types\/post"}],"author":[{"embeddable":true,"href":"https:\/\/verdadeon.com.br\/portal\/wp-json\/wp\/v2\/users\/10"}],"replies":[{"embeddable":true,"href":"https:\/\/verdadeon.com.br\/portal\/wp-json\/wp\/v2\/comments?post=58909"}],"version-history":[{"count":1,"href":"https:\/\/verdadeon.com.br\/portal\/wp-json\/wp\/v2\/posts\/58909\/revisions"}],"predecessor-version":[{"id":58911,"href":"https:\/\/verdadeon.com.br\/portal\/wp-json\/wp\/v2\/posts\/58909\/revisions\/58911"}],"wp:featuredmedia":[{"embeddable":true,"href":"https:\/\/verdadeon.com.br\/portal\/wp-json\/wp\/v2\/media\/58910"}],"wp:attachment":[{"href":"https:\/\/verdadeon.com.br\/portal\/wp-json\/wp\/v2\/media?parent=58909"}],"wp:term":[{"taxonomy":"category","embeddable":true,"href":"https:\/\/verdadeon.com.br\/portal\/wp-json\/wp\/v2\/categories?post=58909"},{"taxonomy":"post_tag","embeddable":true,"href":"https:\/\/verdadeon.com.br\/portal\/wp-json\/wp\/v2\/tags?post=58909"}],"curies":[{"name":"wp","href":"https:\/\/api.w.org\/{rel}","templated":true}]}}