{"id":5876,"date":"2020-03-30T14:29:36","date_gmt":"2020-03-30T17:29:36","guid":{"rendered":"http:\/\/verdadeon.com.br\/portal\/?p=5876"},"modified":"2020-03-30T14:29:36","modified_gmt":"2020-03-30T17:29:36","slug":"deficit-nas-contas-publicas-pode-superar-r-350-bi-este-ano","status":"publish","type":"post","link":"https:\/\/verdadeon.com.br\/portal\/2020\/03\/30\/deficit-nas-contas-publicas-pode-superar-r-350-bi-este-ano\/","title":{"rendered":"D\u00e9ficit nas contas p\u00fablicas pode superar R$ 350 bi este ano"},"content":{"rendered":"<h2>Resultado \u00e9 pela press\u00e3o forte do lado da despesa e arrecada\u00e7\u00e3o<\/h2>\n<p>&nbsp;<\/p>\n<p>O secret\u00e1rio do Tesouro Nacional, Mansueto Almeida, informou hoje (30) que o d\u00e9ficit nas contas p\u00fablicas pode superar R$ 350 bilh\u00f5es este ano. Em entrevista para apresentar o resultado fiscal de fevereiro, Mansueto afirmou que este ano \u201cser\u00e1 bastante at\u00edpico\u201d, devido \u00e0s medidas de enfrentamento \u00e0 covid-19.<\/p>\n<p>\u201cHaver\u00e1 uma press\u00e3o muito forte do lado da despesa e na arrecada\u00e7\u00e3o, nos meses de abril, maio e junho\u201d, disse em entrevista transmitida pela internet. Mansueto citou os programas de governo para enfrentar a crise com impacto nas contas p\u00fablicas, como o seguro-desemprego extra, cr\u00e9dito para pequenas e m\u00e9dias empresas com subs\u00eddio do Tesouro Nacional, pagamento de R$ 600 para trabalhadores informais, a posterga\u00e7\u00e3o do pagamento da parte federal do Simples Nacional, adiantamento de benef\u00edcio previdenci\u00e1rio (13\u00ba sal\u00e1rio) e do abono salarial.<\/p>\n<p><strong>Trabalhadores informais<\/strong><\/p>\n<p>Mansueto afirmou que para o pagamento de informais ser\u00e3o usados dados da rede de assist\u00eancia social, de programas p\u00fablicos, do Instituto Nacional do Seguro Social (INSS), do cadastro \u00fanico, etc.<\/p>\n<p>Sobre o valor, Mansueto disse que R$ 600 por trabalhador n\u00e3o \u00e9 pouco e destacou que trata-se de um programa emergencial. \u201cEstamos em um pa\u00eds em que 50% das pessoas que t\u00eam carteira de trabalho assinada ganham menos de dois sal\u00e1rios m\u00ednimos por m\u00eas\u201d, disse.<\/p>\n<p>O secret\u00e1rio disse que tem que ser analisado com muito cuidado a possibilidade de se reduzir mais os impostos federais. \u201cQualquer medida de aumento de despesas ou redu\u00e7\u00e3o de arrecada\u00e7\u00e3o aumenta o buraco fiscal\u201d, lembrou.<\/p>\n<p><strong>Aumento das despesas<\/strong><\/p>\n<p>O secret\u00e1rio destacou que n\u00e3o deve haver um aumento permanente de despesas, passada a crise. \u201c\u00c9 fundamental que se tenha controle para que despesas tempor\u00e1rias n\u00e3o se transformem em permanentes. Se isso acontecesse, a gente colocaria toda a trajet\u00f3ria de ajuste fiscal em risco. Por isso que \u00e9 muito importante que todas as a\u00e7\u00f5es com efeitos econ\u00f4micas e socais fiquem restritas a 2020\u201d, disse.<\/p>\n<p>Mansueto disse que a atividade econ\u00f4mica estava em recupera\u00e7\u00e3o, antes de a crise atingir o Brasil, e que o governo estava fazendo ajustes na economia. \u201cAinda bem que a gente est\u00e1 passando por uma circunst\u00e2ncia t\u00e3o dif\u00edcil depois de ter aprovado a reforma da Previd\u00eancia, de ter feito v\u00e1rios ajustes estruturais da economia, inclusive com um cen\u00e1rio de infla\u00e7\u00e3o muito baixa e de juros muito baixos\u201d.<\/p>\n<p>Ele afirmou ainda que o Brasil tem um problema estrutural, que \u00e9 gastar praticamente tudo que arrecada, desde 2015, para pagar despesas obrigat\u00f3rias. \u201cPor isso que \u00e9 t\u00e3o importante a gente focar em um ajuste fiscal estrutural, controlar o crescimento das despesas obrigat\u00f3rias. O primeiro grande passo foi dado com a aprova\u00e7\u00e3o da reforma da Previd\u00eancia, mas ainda h\u00e1 muito mais coisa a fazer. Mas pelo menos, esse \u00e9 o primeiro ano depois de quatro anos que n\u00e3o temos todos os concursos programados. Houve uma parada para o governo se reorganizar e n\u00e3o tem aumento do sal\u00e1rio dos funcion\u00e1rios p\u00fablicos\u201d, disse.<\/p>\n<p><strong>Or\u00e7amento de guerra<\/strong><\/p>\n<p>Mansueto defendeu a proposta de emenda \u00e0 Constitui\u00e7\u00e3o (PEC) que cria um or\u00e7amento segregado do Or\u00e7amento fiscal do governo para o enfrentamento da pandemia do novo coronav\u00edrus. Segundo ele, a aprova\u00e7\u00e3o dessa medida \u00e9 importante para que a decis\u00e3o pol\u00edtica de enfrentar a crise n\u00e3o seja impedida por regras fiscais. \u201cPor isso que \u00e9 t\u00e3o importante esse bom di\u00e1logo com o Congresso Nacional para aprova\u00e7\u00e3o dessa PEC do esfor\u00e7o de guerra, que vai regulamentar toda essa parte das finan\u00e7as p\u00fablicas em per\u00edodos de calamidade p\u00fablica\u201d, disse Mansueto.<\/p>\n<p><strong>Resultado de fevereiro<\/strong><\/p>\n<p>Em fevereiro, o d\u00e9ficit prim\u00e1rio do governo, despesas (sem considerar gastos com juros) maiores que as receitas, chegou R$ 25,857 bilh\u00f5es. De acordo com Mansueto, o resultado foi impactado pelo aumento de transfer\u00eancias da Uni\u00e3o para estados e munic\u00edpios. \u201cHouve aumento de transfer\u00eancia a estados e munic\u00edpios devido ao aumento de arrecada\u00e7\u00e3o em janeiro\u201d, afirmou. Essas transfer\u00eancias chegaram a R$ 33,397 bilh\u00f5es, com aumento real (descontada a infla\u00e7\u00e3o) de 9,6%.<\/p>\n<p>No primeiro bimestre de 2020, houve super\u00e1vit prim\u00e1rio de R$ 18,275 bilh\u00f5es frente a super\u00e1vit de R$ 11,799 bilh\u00f5es em 2019.<\/p>\n<p>O resultado prim\u00e1rio do Governo Central (Tesouro Nacional, Previd\u00eancia Social e Banco Central) acumulado em 12 meses at\u00e9 fevereiro de 2020 foi d\u00e9ficit de R$ 90,8 bi, equivalente a 1,21% do Produto Interno Bruto (PIB), a soma de todos os bens e servi\u00e7os produzidos no pa\u00eds. A meta de resultado prim\u00e1rio do Governo Central para 2020 era de d\u00e9ficit de R$ 124,1 bilh\u00f5es, equivalente a 1,64% do PIB. Mas devido aos gastos para enfrentamento da pandemia de covid-19, o decreto de calamidade p\u00fablica dispensou o governo do cumprimento dos resultados fiscais.<\/p>\n","protected":false},"excerpt":{"rendered":"<p>Resultado \u00e9 pela press\u00e3o forte do lado da despesa e arrecada\u00e7\u00e3o &nbsp; O secret\u00e1rio do Tesouro Nacional, Mansueto Almeida, informou hoje (30) que o d\u00e9ficit nas<span class=\"excerpt-hellip\"> [\u2026]<\/span><\/p>\n","protected":false},"author":10,"featured_media":5877,"comment_status":"open","ping_status":"open","sticky":false,"template":"","format":"standard","meta":{"_jetpack_memberships_contains_paid_content":false,"footnotes":"","jetpack_publicize_message":"","jetpack_publicize_feature_enabled":true,"jetpack_social_post_already_shared":false,"jetpack_social_options":{"image_generator_settings":{"template":"highway","default_image_id":0,"enabled":false},"version":2}},"categories":[28,44],"tags":[46],"class_list":["post-5876","post","type-post","status-publish","format-standard","has-post-thumbnail","hentry","category-cotidiano","category-noticias","tag-cotidiano"],"yoast_head":"<!-- This site is optimized with the Yoast SEO plugin v25.6 - https:\/\/yoast.com\/wordpress\/plugins\/seo\/ -->\n<title>D\u00e9ficit nas contas p\u00fablicas pode superar R$ 350 bi este ano - VerdadeOn<\/title>\n<meta name=\"robots\" content=\"index, follow, max-snippet:-1, max-image-preview:large, max-video-preview:-1\" \/>\n<link rel=\"canonical\" href=\"https:\/\/verdadeon.com.br\/portal\/2020\/03\/30\/deficit-nas-contas-publicas-pode-superar-r-350-bi-este-ano\/\" \/>\n<meta property=\"og:locale\" content=\"pt_BR\" \/>\n<meta property=\"og:type\" content=\"article\" \/>\n<meta property=\"og:title\" content=\"D\u00e9ficit nas contas p\u00fablicas pode superar R$ 350 bi este ano - VerdadeOn\" \/>\n<meta property=\"og:description\" content=\"Resultado \u00e9 pela press\u00e3o forte do lado da despesa e arrecada\u00e7\u00e3o &nbsp; O secret\u00e1rio do Tesouro Nacional, Mansueto Almeida, informou hoje (30) que o d\u00e9ficit nas [\u2026]\" \/>\n<meta property=\"og:url\" content=\"https:\/\/verdadeon.com.br\/portal\/2020\/03\/30\/deficit-nas-contas-publicas-pode-superar-r-350-bi-este-ano\/\" \/>\n<meta property=\"og:site_name\" content=\"VerdadeOn\" \/>\n<meta property=\"article:published_time\" content=\"2020-03-30T17:29:36+00:00\" \/>\n<meta property=\"og:image\" content=\"https:\/\/verdadeon.com.br\/portal\/wp-content\/uploads\/2020\/03\/WhatsApp-Image-2020-03-30-at-14.17.12-scaled.jpeg\" \/>\n\t<meta property=\"og:image:width\" content=\"1000\" \/>\n\t<meta property=\"og:image:height\" content=\"598\" \/>\n\t<meta property=\"og:image:type\" content=\"image\/jpeg\" \/>\n<meta name=\"author\" content=\"Redacao VerdadeOn\" \/>\n<meta name=\"twitter:card\" content=\"summary_large_image\" \/>\n<meta name=\"twitter:label1\" content=\"Escrito por\" \/>\n\t<meta name=\"twitter:data1\" content=\"Redacao VerdadeOn\" \/>\n\t<meta name=\"twitter:label2\" content=\"Est. tempo de leitura\" \/>\n\t<meta name=\"twitter:data2\" content=\"4 minutos\" \/>\n<script type=\"application\/ld+json\" class=\"yoast-schema-graph\">{\"@context\":\"https:\/\/schema.org\",\"@graph\":[{\"@type\":\"WebPage\",\"@id\":\"https:\/\/verdadeon.com.br\/portal\/2020\/03\/30\/deficit-nas-contas-publicas-pode-superar-r-350-bi-este-ano\/\",\"url\":\"https:\/\/verdadeon.com.br\/portal\/2020\/03\/30\/deficit-nas-contas-publicas-pode-superar-r-350-bi-este-ano\/\",\"name\":\"D\u00e9ficit nas contas p\u00fablicas pode superar R$ 350 bi este ano - VerdadeOn\",\"isPartOf\":{\"@id\":\"https:\/\/verdadeon.com.br\/portal\/#website\"},\"primaryImageOfPage\":{\"@id\":\"https:\/\/verdadeon.com.br\/portal\/2020\/03\/30\/deficit-nas-contas-publicas-pode-superar-r-350-bi-este-ano\/#primaryimage\"},\"image\":{\"@id\":\"https:\/\/verdadeon.com.br\/portal\/2020\/03\/30\/deficit-nas-contas-publicas-pode-superar-r-350-bi-este-ano\/#primaryimage\"},\"thumbnailUrl\":\"https:\/\/i0.wp.com\/verdadeon.com.br\/portal\/wp-content\/uploads\/2020\/03\/WhatsApp-Image-2020-03-30-at-14.17.12-scaled.jpeg?fit=1000%2C598&ssl=1\",\"datePublished\":\"2020-03-30T17:29:36+00:00\",\"author\":{\"@id\":\"https:\/\/verdadeon.com.br\/portal\/#\/schema\/person\/a5060ad1e9ea3df545188fc93ce43d2f\"},\"breadcrumb\":{\"@id\":\"https:\/\/verdadeon.com.br\/portal\/2020\/03\/30\/deficit-nas-contas-publicas-pode-superar-r-350-bi-este-ano\/#breadcrumb\"},\"inLanguage\":\"pt-BR\",\"potentialAction\":[{\"@type\":\"ReadAction\",\"target\":[\"https:\/\/verdadeon.com.br\/portal\/2020\/03\/30\/deficit-nas-contas-publicas-pode-superar-r-350-bi-este-ano\/\"]}]},{\"@type\":\"ImageObject\",\"inLanguage\":\"pt-BR\",\"@id\":\"https:\/\/verdadeon.com.br\/portal\/2020\/03\/30\/deficit-nas-contas-publicas-pode-superar-r-350-bi-este-ano\/#primaryimage\",\"url\":\"https:\/\/i0.wp.com\/verdadeon.com.br\/portal\/wp-content\/uploads\/2020\/03\/WhatsApp-Image-2020-03-30-at-14.17.12-scaled.jpeg?fit=1000%2C598&ssl=1\",\"contentUrl\":\"https:\/\/i0.wp.com\/verdadeon.com.br\/portal\/wp-content\/uploads\/2020\/03\/WhatsApp-Image-2020-03-30-at-14.17.12-scaled.jpeg?fit=1000%2C598&ssl=1\",\"width\":1000,\"height\":598,\"caption\":\"Secret\u00e1rio do Tesouro Nacional, Mansueto Almeida, informou hoje (30) que o d\u00e9ficit nas contas p\u00fablicas pode superar R$ 350 bilh\u00f5es em 2020 | Foto: Marcelo Camargo\/Ag\u00eancia Brasil\"},{\"@type\":\"BreadcrumbList\",\"@id\":\"https:\/\/verdadeon.com.br\/portal\/2020\/03\/30\/deficit-nas-contas-publicas-pode-superar-r-350-bi-este-ano\/#breadcrumb\",\"itemListElement\":[{\"@type\":\"ListItem\",\"position\":1,\"name\":\"In\u00edcio\",\"item\":\"https:\/\/verdadeon.com.br\/portal\/\"},{\"@type\":\"ListItem\",\"position\":2,\"name\":\"D\u00e9ficit nas contas p\u00fablicas pode superar R$ 350 bi este ano\"}]},{\"@type\":\"WebSite\",\"@id\":\"https:\/\/verdadeon.com.br\/portal\/#website\",\"url\":\"https:\/\/verdadeon.com.br\/portal\/\",\"name\":\"VerdadeOn\",\"description\":\"Not\u00edcias di\u00e1rias sobre Franca, Regi\u00e3o, Esporte, Cultura, Cotidiano, Colunas. Cobertura nos principais eventos da cidade \u00e9 aqui - Verdadeon Franca\",\"potentialAction\":[{\"@type\":\"SearchAction\",\"target\":{\"@type\":\"EntryPoint\",\"urlTemplate\":\"https:\/\/verdadeon.com.br\/portal\/?s={search_term_string}\"},\"query-input\":{\"@type\":\"PropertyValueSpecification\",\"valueRequired\":true,\"valueName\":\"search_term_string\"}}],\"inLanguage\":\"pt-BR\"},{\"@type\":\"Person\",\"@id\":\"https:\/\/verdadeon.com.br\/portal\/#\/schema\/person\/a5060ad1e9ea3df545188fc93ce43d2f\",\"name\":\"Redacao VerdadeOn\",\"image\":{\"@type\":\"ImageObject\",\"inLanguage\":\"pt-BR\",\"@id\":\"https:\/\/verdadeon.com.br\/portal\/#\/schema\/person\/image\/\",\"url\":\"https:\/\/secure.gravatar.com\/avatar\/459a9613caaaf07f582c3d0841eea68bdd66f533e465e6ba8b9cb45619572cf4?s=96&d=mm&r=g\",\"contentUrl\":\"https:\/\/secure.gravatar.com\/avatar\/459a9613caaaf07f582c3d0841eea68bdd66f533e465e6ba8b9cb45619572cf4?s=96&d=mm&r=g\",\"caption\":\"Redacao VerdadeOn\"},\"url\":\"https:\/\/verdadeon.com.br\/portal\/author\/redacao\/\"}]}<\/script>\n<!-- \/ Yoast SEO plugin. -->","yoast_head_json":{"title":"D\u00e9ficit nas contas p\u00fablicas pode superar R$ 350 bi este ano - VerdadeOn","robots":{"index":"index","follow":"follow","max-snippet":"max-snippet:-1","max-image-preview":"max-image-preview:large","max-video-preview":"max-video-preview:-1"},"canonical":"https:\/\/verdadeon.com.br\/portal\/2020\/03\/30\/deficit-nas-contas-publicas-pode-superar-r-350-bi-este-ano\/","og_locale":"pt_BR","og_type":"article","og_title":"D\u00e9ficit nas contas p\u00fablicas pode superar R$ 350 bi este ano - VerdadeOn","og_description":"Resultado \u00e9 pela press\u00e3o forte do lado da despesa e arrecada\u00e7\u00e3o &nbsp; O secret\u00e1rio do Tesouro Nacional, Mansueto Almeida, informou hoje (30) que o d\u00e9ficit nas [\u2026]","og_url":"https:\/\/verdadeon.com.br\/portal\/2020\/03\/30\/deficit-nas-contas-publicas-pode-superar-r-350-bi-este-ano\/","og_site_name":"VerdadeOn","article_published_time":"2020-03-30T17:29:36+00:00","og_image":[{"width":1000,"height":598,"url":"https:\/\/verdadeon.com.br\/portal\/wp-content\/uploads\/2020\/03\/WhatsApp-Image-2020-03-30-at-14.17.12-scaled.jpeg","type":"image\/jpeg"}],"author":"Redacao VerdadeOn","twitter_card":"summary_large_image","twitter_misc":{"Escrito por":"Redacao VerdadeOn","Est. tempo de leitura":"4 minutos"},"schema":{"@context":"https:\/\/schema.org","@graph":[{"@type":"WebPage","@id":"https:\/\/verdadeon.com.br\/portal\/2020\/03\/30\/deficit-nas-contas-publicas-pode-superar-r-350-bi-este-ano\/","url":"https:\/\/verdadeon.com.br\/portal\/2020\/03\/30\/deficit-nas-contas-publicas-pode-superar-r-350-bi-este-ano\/","name":"D\u00e9ficit nas contas p\u00fablicas pode superar R$ 350 bi este ano - VerdadeOn","isPartOf":{"@id":"https:\/\/verdadeon.com.br\/portal\/#website"},"primaryImageOfPage":{"@id":"https:\/\/verdadeon.com.br\/portal\/2020\/03\/30\/deficit-nas-contas-publicas-pode-superar-r-350-bi-este-ano\/#primaryimage"},"image":{"@id":"https:\/\/verdadeon.com.br\/portal\/2020\/03\/30\/deficit-nas-contas-publicas-pode-superar-r-350-bi-este-ano\/#primaryimage"},"thumbnailUrl":"https:\/\/i0.wp.com\/verdadeon.com.br\/portal\/wp-content\/uploads\/2020\/03\/WhatsApp-Image-2020-03-30-at-14.17.12-scaled.jpeg?fit=1000%2C598&ssl=1","datePublished":"2020-03-30T17:29:36+00:00","author":{"@id":"https:\/\/verdadeon.com.br\/portal\/#\/schema\/person\/a5060ad1e9ea3df545188fc93ce43d2f"},"breadcrumb":{"@id":"https:\/\/verdadeon.com.br\/portal\/2020\/03\/30\/deficit-nas-contas-publicas-pode-superar-r-350-bi-este-ano\/#breadcrumb"},"inLanguage":"pt-BR","potentialAction":[{"@type":"ReadAction","target":["https:\/\/verdadeon.com.br\/portal\/2020\/03\/30\/deficit-nas-contas-publicas-pode-superar-r-350-bi-este-ano\/"]}]},{"@type":"ImageObject","inLanguage":"pt-BR","@id":"https:\/\/verdadeon.com.br\/portal\/2020\/03\/30\/deficit-nas-contas-publicas-pode-superar-r-350-bi-este-ano\/#primaryimage","url":"https:\/\/i0.wp.com\/verdadeon.com.br\/portal\/wp-content\/uploads\/2020\/03\/WhatsApp-Image-2020-03-30-at-14.17.12-scaled.jpeg?fit=1000%2C598&ssl=1","contentUrl":"https:\/\/i0.wp.com\/verdadeon.com.br\/portal\/wp-content\/uploads\/2020\/03\/WhatsApp-Image-2020-03-30-at-14.17.12-scaled.jpeg?fit=1000%2C598&ssl=1","width":1000,"height":598,"caption":"Secret\u00e1rio do Tesouro Nacional, Mansueto Almeida, informou hoje (30) que o d\u00e9ficit nas contas p\u00fablicas pode superar R$ 350 bilh\u00f5es em 2020 | Foto: Marcelo Camargo\/Ag\u00eancia Brasil"},{"@type":"BreadcrumbList","@id":"https:\/\/verdadeon.com.br\/portal\/2020\/03\/30\/deficit-nas-contas-publicas-pode-superar-r-350-bi-este-ano\/#breadcrumb","itemListElement":[{"@type":"ListItem","position":1,"name":"In\u00edcio","item":"https:\/\/verdadeon.com.br\/portal\/"},{"@type":"ListItem","position":2,"name":"D\u00e9ficit nas contas p\u00fablicas pode superar R$ 350 bi este ano"}]},{"@type":"WebSite","@id":"https:\/\/verdadeon.com.br\/portal\/#website","url":"https:\/\/verdadeon.com.br\/portal\/","name":"VerdadeOn","description":"Not\u00edcias di\u00e1rias sobre Franca, Regi\u00e3o, Esporte, Cultura, Cotidiano, Colunas. Cobertura nos principais eventos da cidade \u00e9 aqui - Verdadeon Franca","potentialAction":[{"@type":"SearchAction","target":{"@type":"EntryPoint","urlTemplate":"https:\/\/verdadeon.com.br\/portal\/?s={search_term_string}"},"query-input":{"@type":"PropertyValueSpecification","valueRequired":true,"valueName":"search_term_string"}}],"inLanguage":"pt-BR"},{"@type":"Person","@id":"https:\/\/verdadeon.com.br\/portal\/#\/schema\/person\/a5060ad1e9ea3df545188fc93ce43d2f","name":"Redacao VerdadeOn","image":{"@type":"ImageObject","inLanguage":"pt-BR","@id":"https:\/\/verdadeon.com.br\/portal\/#\/schema\/person\/image\/","url":"https:\/\/secure.gravatar.com\/avatar\/459a9613caaaf07f582c3d0841eea68bdd66f533e465e6ba8b9cb45619572cf4?s=96&d=mm&r=g","contentUrl":"https:\/\/secure.gravatar.com\/avatar\/459a9613caaaf07f582c3d0841eea68bdd66f533e465e6ba8b9cb45619572cf4?s=96&d=mm&r=g","caption":"Redacao VerdadeOn"},"url":"https:\/\/verdadeon.com.br\/portal\/author\/redacao\/"}]}},"jetpack_publicize_connections":[],"jetpack_featured_media_url":"https:\/\/i0.wp.com\/verdadeon.com.br\/portal\/wp-content\/uploads\/2020\/03\/WhatsApp-Image-2020-03-30-at-14.17.12-scaled.jpeg?fit=1000%2C598&ssl=1","jetpack_sharing_enabled":true,"_links":{"self":[{"href":"https:\/\/verdadeon.com.br\/portal\/wp-json\/wp\/v2\/posts\/5876","targetHints":{"allow":["GET"]}}],"collection":[{"href":"https:\/\/verdadeon.com.br\/portal\/wp-json\/wp\/v2\/posts"}],"about":[{"href":"https:\/\/verdadeon.com.br\/portal\/wp-json\/wp\/v2\/types\/post"}],"author":[{"embeddable":true,"href":"https:\/\/verdadeon.com.br\/portal\/wp-json\/wp\/v2\/users\/10"}],"replies":[{"embeddable":true,"href":"https:\/\/verdadeon.com.br\/portal\/wp-json\/wp\/v2\/comments?post=5876"}],"version-history":[{"count":0,"href":"https:\/\/verdadeon.com.br\/portal\/wp-json\/wp\/v2\/posts\/5876\/revisions"}],"wp:featuredmedia":[{"embeddable":true,"href":"https:\/\/verdadeon.com.br\/portal\/wp-json\/wp\/v2\/media\/5877"}],"wp:attachment":[{"href":"https:\/\/verdadeon.com.br\/portal\/wp-json\/wp\/v2\/media?parent=5876"}],"wp:term":[{"taxonomy":"category","embeddable":true,"href":"https:\/\/verdadeon.com.br\/portal\/wp-json\/wp\/v2\/categories?post=5876"},{"taxonomy":"post_tag","embeddable":true,"href":"https:\/\/verdadeon.com.br\/portal\/wp-json\/wp\/v2\/tags?post=5876"}],"curies":[{"name":"wp","href":"https:\/\/api.w.org\/{rel}","templated":true}]}}