{"id":5869,"date":"2020-03-30T11:49:15","date_gmt":"2020-03-30T14:49:15","guid":{"rendered":"http:\/\/verdadeon.com.br\/portal\/?p=5869"},"modified":"2020-03-30T11:49:15","modified_gmt":"2020-03-30T14:49:15","slug":"o-bem-comum-e-muito-maior-do-que-uma-possivel-vantagem-diz-lula-ferreira-sobre-temporada-do-nbb","status":"publish","type":"post","link":"https:\/\/verdadeon.com.br\/portal\/2020\/03\/30\/o-bem-comum-e-muito-maior-do-que-uma-possivel-vantagem-diz-lula-ferreira-sobre-temporada-do-nbb\/","title":{"rendered":"\u201cO bem comum \u00e9 muito maior do que uma poss\u00edvel vantagem\u201d, diz Lula Ferreira sobre temporada do NBB"},"content":{"rendered":"<h2>Competi\u00e7\u00e3o teve a tabela congelada e voltar\u00e1 a ser disputada j\u00e1 nos playoffs<\/h2>\n<p>&nbsp;<\/p>\n<p>Foi definida no final da semana passada a sequ\u00eancia da temporada 2019\/2020 do NBB (Novo Basquete Brasil). Pelos riscos gerados pelo novo coronav\u00edrus, existe a preocupa\u00e7\u00e3o com a sa\u00fade dos jogadores, comiss\u00f5es t\u00e9cnicas e todos que participam da competi\u00e7\u00e3o. Por conta disso, uma reuni\u00e3o entre clubes, atletas e treinadores foi realizada por meio de videoconfer\u00eancia na quinta-feira (24), e ficou decidido que o torneio voltar\u00e1 a ser disputado diretamente da fase playoff.<\/p>\n<p>Dessa forma, a tabela da competi\u00e7\u00e3o nacional foi congelada com base na \u00faltima rodada disputada no dia 15 de mar\u00e7o, com base no aproveitamento de cada equipe. Com a decis\u00e3o, o Sesi Franca Basquete terminou a classificat\u00f3ria na segunda posi\u00e7\u00e3o, atr\u00e1s apenas do Flamengo. Mesmo sem a possibilidade de disputar a lideran\u00e7a, a medida foi considerada necess\u00e1ria pela comiss\u00e3o t\u00e9cnica, j\u00e1 que existem prioridades mais importantes do que os jogos neste momento.<\/p>\n<p>\u201cTodos respeitando o momento delicado que o mundo est\u00e1 passando por causa do coronav\u00edrus e todas as determina\u00e7\u00f5es das organiza\u00e7\u00f5es de sa\u00fade, a decis\u00e3o para viabilizar uma poss\u00edvel finaliza\u00e7\u00e3o do NBB implicava na medida de terminar a fase de classifica\u00e7\u00e3o. Neste momento, eventuais vantagens t\u00e9cnicas ficam irris\u00f3rias perto do tamanho do problema. Ningu\u00e9m est\u00e1 pensando pequeno, todos est\u00e3o pensando grande. O bem comum \u00e9 bem maior do que uma poss\u00edvel vantagem\u201d, afirmou o supervisor do Sesi Lula Ferreira.<\/p>\n<p>Vale ressaltar que a decis\u00e3o foi fechada em comum acordo, sendo aprovada de forma un\u00e2nime pelos representantes de todas as equipes. \u201cO mais importante desta reuni\u00e3o foi ver que o desejo de todos \u00e9 de ir at\u00e9 o fim da competi\u00e7\u00e3o e cumprir com os compromissos estabelecidos com os parceiros e patrocinadores. Todos os clubes, atletas e t\u00e9cnicos est\u00e3o cientes do momento que o mundo est\u00e1 passando e est\u00e3o dispostos a fazer o que for necess\u00e1rio para que consigamos chegar ao fim desta temporada do NBB da melhor maneira\u201d, afirmou o presidente interino da LNB, Nilo Guimar\u00e3es.<\/p>\n<p>Al\u00e9m de Flamengo e Franca, S\u00e3o Paulo e Minas tamb\u00e9m est\u00e3o classificados diretamente para a fase quartas de final. A primeira rodada dos playoffs ser\u00e1 disputada com jogos entre Mogi x Bauru, Pinheiros x Paulistano, Corinthians x Unifacisa e Botafogo x Rio Claro. O pr\u00f3ximo passo ser\u00e1 a defini\u00e7\u00e3o das datas para as partidas. Essa situa\u00e7\u00e3o ainda est\u00e1 indefinida. Tudo depender\u00e1 das condi\u00e7\u00f5es que o Pa\u00eds apresentar nos pr\u00f3ximos meses em rela\u00e7\u00e3o \u00e0s contamina\u00e7\u00f5es do v\u00edrus.<\/p>\n","protected":false},"excerpt":{"rendered":"<p>Competi\u00e7\u00e3o teve a tabela congelada e voltar\u00e1 a ser disputada j\u00e1 nos playoffs &nbsp; Foi definida no final da semana passada a sequ\u00eancia da temporada 2019\/2020<span class=\"excerpt-hellip\"> [\u2026]<\/span><\/p>\n","protected":false},"author":10,"featured_media":5870,"comment_status":"open","ping_status":"open","sticky":false,"template":"","format":"standard","meta":{"_jetpack_memberships_contains_paid_content":false,"footnotes":"","jetpack_publicize_message":"","jetpack_publicize_feature_enabled":true,"jetpack_social_post_already_shared":false,"jetpack_social_options":{"image_generator_settings":{"template":"highway","default_image_id":0,"enabled":false},"version":2}},"categories":[29],"tags":[31],"class_list":["post-5869","post","type-post","status-publish","format-standard","has-post-thumbnail","hentry","category-esportes","tag-esportes"],"yoast_head":"<!-- This site is optimized with the Yoast SEO plugin v25.6 - https:\/\/yoast.com\/wordpress\/plugins\/seo\/ -->\n<title>\u201cO bem comum \u00e9 muito maior do que uma poss\u00edvel vantagem\u201d, diz Lula Ferreira sobre temporada do NBB - VerdadeOn<\/title>\n<meta name=\"robots\" content=\"index, follow, max-snippet:-1, max-image-preview:large, max-video-preview:-1\" \/>\n<link rel=\"canonical\" href=\"https:\/\/verdadeon.com.br\/portal\/2020\/03\/30\/o-bem-comum-e-muito-maior-do-que-uma-possivel-vantagem-diz-lula-ferreira-sobre-temporada-do-nbb\/\" \/>\n<meta property=\"og:locale\" content=\"pt_BR\" \/>\n<meta property=\"og:type\" content=\"article\" \/>\n<meta property=\"og:title\" content=\"\u201cO bem comum \u00e9 muito maior do que uma poss\u00edvel vantagem\u201d, diz Lula Ferreira sobre temporada do NBB - VerdadeOn\" \/>\n<meta property=\"og:description\" content=\"Competi\u00e7\u00e3o teve a tabela congelada e voltar\u00e1 a ser disputada j\u00e1 nos playoffs &nbsp; Foi definida no final da semana passada a sequ\u00eancia da temporada 2019\/2020 [\u2026]\" \/>\n<meta property=\"og:url\" content=\"https:\/\/verdadeon.com.br\/portal\/2020\/03\/30\/o-bem-comum-e-muito-maior-do-que-uma-possivel-vantagem-diz-lula-ferreira-sobre-temporada-do-nbb\/\" \/>\n<meta property=\"og:site_name\" content=\"VerdadeOn\" \/>\n<meta property=\"article:published_time\" content=\"2020-03-30T14:49:15+00:00\" \/>\n<meta property=\"og:image\" content=\"https:\/\/verdadeon.com.br\/portal\/wp-content\/uploads\/2020\/03\/WhatsApp-Image-2020-03-30-at-11.45.00.jpeg\" \/>\n\t<meta property=\"og:image:width\" content=\"750\" \/>\n\t<meta property=\"og:image:height\" content=\"563\" \/>\n\t<meta property=\"og:image:type\" content=\"image\/jpeg\" \/>\n<meta name=\"author\" content=\"Redacao VerdadeOn\" \/>\n<meta name=\"twitter:card\" content=\"summary_large_image\" \/>\n<meta name=\"twitter:label1\" content=\"Escrito por\" \/>\n\t<meta name=\"twitter:data1\" content=\"Redacao VerdadeOn\" \/>\n\t<meta name=\"twitter:label2\" content=\"Est. tempo de leitura\" \/>\n\t<meta name=\"twitter:data2\" content=\"2 minutos\" \/>\n<script type=\"application\/ld+json\" class=\"yoast-schema-graph\">{\"@context\":\"https:\/\/schema.org\",\"@graph\":[{\"@type\":\"WebPage\",\"@id\":\"https:\/\/verdadeon.com.br\/portal\/2020\/03\/30\/o-bem-comum-e-muito-maior-do-que-uma-possivel-vantagem-diz-lula-ferreira-sobre-temporada-do-nbb\/\",\"url\":\"https:\/\/verdadeon.com.br\/portal\/2020\/03\/30\/o-bem-comum-e-muito-maior-do-que-uma-possivel-vantagem-diz-lula-ferreira-sobre-temporada-do-nbb\/\",\"name\":\"\u201cO bem comum \u00e9 muito maior do que uma poss\u00edvel vantagem\u201d, diz Lula Ferreira sobre temporada do NBB - VerdadeOn\",\"isPartOf\":{\"@id\":\"https:\/\/verdadeon.com.br\/portal\/#website\"},\"primaryImageOfPage\":{\"@id\":\"https:\/\/verdadeon.com.br\/portal\/2020\/03\/30\/o-bem-comum-e-muito-maior-do-que-uma-possivel-vantagem-diz-lula-ferreira-sobre-temporada-do-nbb\/#primaryimage\"},\"image\":{\"@id\":\"https:\/\/verdadeon.com.br\/portal\/2020\/03\/30\/o-bem-comum-e-muito-maior-do-que-uma-possivel-vantagem-diz-lula-ferreira-sobre-temporada-do-nbb\/#primaryimage\"},\"thumbnailUrl\":\"https:\/\/i0.wp.com\/verdadeon.com.br\/portal\/wp-content\/uploads\/2020\/03\/WhatsApp-Image-2020-03-30-at-11.45.00.jpeg?fit=750%2C563&ssl=1\",\"datePublished\":\"2020-03-30T14:49:15+00:00\",\"author\":{\"@id\":\"https:\/\/verdadeon.com.br\/portal\/#\/schema\/person\/a5060ad1e9ea3df545188fc93ce43d2f\"},\"breadcrumb\":{\"@id\":\"https:\/\/verdadeon.com.br\/portal\/2020\/03\/30\/o-bem-comum-e-muito-maior-do-que-uma-possivel-vantagem-diz-lula-ferreira-sobre-temporada-do-nbb\/#breadcrumb\"},\"inLanguage\":\"pt-BR\",\"potentialAction\":[{\"@type\":\"ReadAction\",\"target\":[\"https:\/\/verdadeon.com.br\/portal\/2020\/03\/30\/o-bem-comum-e-muito-maior-do-que-uma-possivel-vantagem-diz-lula-ferreira-sobre-temporada-do-nbb\/\"]}]},{\"@type\":\"ImageObject\",\"inLanguage\":\"pt-BR\",\"@id\":\"https:\/\/verdadeon.com.br\/portal\/2020\/03\/30\/o-bem-comum-e-muito-maior-do-que-uma-possivel-vantagem-diz-lula-ferreira-sobre-temporada-do-nbb\/#primaryimage\",\"url\":\"https:\/\/i0.wp.com\/verdadeon.com.br\/portal\/wp-content\/uploads\/2020\/03\/WhatsApp-Image-2020-03-30-at-11.45.00.jpeg?fit=750%2C563&ssl=1\",\"contentUrl\":\"https:\/\/i0.wp.com\/verdadeon.com.br\/portal\/wp-content\/uploads\/2020\/03\/WhatsApp-Image-2020-03-30-at-11.45.00.jpeg?fit=750%2C563&ssl=1\",\"width\":750,\"height\":563,\"caption\":\"Lula Ferreira, supervisor do Sesi Franca Basquete, apoia a decis\u00e3o de voltar o torneio j\u00e1 na fase playoff | Foto: Sesi Franca\/Divulga\u00e7\u00e3o\"},{\"@type\":\"BreadcrumbList\",\"@id\":\"https:\/\/verdadeon.com.br\/portal\/2020\/03\/30\/o-bem-comum-e-muito-maior-do-que-uma-possivel-vantagem-diz-lula-ferreira-sobre-temporada-do-nbb\/#breadcrumb\",\"itemListElement\":[{\"@type\":\"ListItem\",\"position\":1,\"name\":\"In\u00edcio\",\"item\":\"https:\/\/verdadeon.com.br\/portal\/\"},{\"@type\":\"ListItem\",\"position\":2,\"name\":\"\u201cO bem comum \u00e9 muito maior do que uma poss\u00edvel vantagem\u201d, diz Lula Ferreira sobre temporada do NBB\"}]},{\"@type\":\"WebSite\",\"@id\":\"https:\/\/verdadeon.com.br\/portal\/#website\",\"url\":\"https:\/\/verdadeon.com.br\/portal\/\",\"name\":\"VerdadeOn\",\"description\":\"Not\u00edcias di\u00e1rias sobre Franca, Regi\u00e3o, Esporte, Cultura, Cotidiano, Colunas. Cobertura nos principais eventos da cidade \u00e9 aqui - Verdadeon Franca\",\"potentialAction\":[{\"@type\":\"SearchAction\",\"target\":{\"@type\":\"EntryPoint\",\"urlTemplate\":\"https:\/\/verdadeon.com.br\/portal\/?s={search_term_string}\"},\"query-input\":{\"@type\":\"PropertyValueSpecification\",\"valueRequired\":true,\"valueName\":\"search_term_string\"}}],\"inLanguage\":\"pt-BR\"},{\"@type\":\"Person\",\"@id\":\"https:\/\/verdadeon.com.br\/portal\/#\/schema\/person\/a5060ad1e9ea3df545188fc93ce43d2f\",\"name\":\"Redacao VerdadeOn\",\"image\":{\"@type\":\"ImageObject\",\"inLanguage\":\"pt-BR\",\"@id\":\"https:\/\/verdadeon.com.br\/portal\/#\/schema\/person\/image\/\",\"url\":\"https:\/\/secure.gravatar.com\/avatar\/459a9613caaaf07f582c3d0841eea68bdd66f533e465e6ba8b9cb45619572cf4?s=96&d=mm&r=g\",\"contentUrl\":\"https:\/\/secure.gravatar.com\/avatar\/459a9613caaaf07f582c3d0841eea68bdd66f533e465e6ba8b9cb45619572cf4?s=96&d=mm&r=g\",\"caption\":\"Redacao VerdadeOn\"},\"url\":\"https:\/\/verdadeon.com.br\/portal\/author\/redacao\/\"}]}<\/script>\n<!-- \/ Yoast SEO plugin. -->","yoast_head_json":{"title":"\u201cO bem comum \u00e9 muito maior do que uma poss\u00edvel vantagem\u201d, diz Lula Ferreira sobre temporada do NBB - VerdadeOn","robots":{"index":"index","follow":"follow","max-snippet":"max-snippet:-1","max-image-preview":"max-image-preview:large","max-video-preview":"max-video-preview:-1"},"canonical":"https:\/\/verdadeon.com.br\/portal\/2020\/03\/30\/o-bem-comum-e-muito-maior-do-que-uma-possivel-vantagem-diz-lula-ferreira-sobre-temporada-do-nbb\/","og_locale":"pt_BR","og_type":"article","og_title":"\u201cO bem comum \u00e9 muito maior do que uma poss\u00edvel vantagem\u201d, diz Lula Ferreira sobre temporada do NBB - VerdadeOn","og_description":"Competi\u00e7\u00e3o teve a tabela congelada e voltar\u00e1 a ser disputada j\u00e1 nos playoffs &nbsp; Foi definida no final da semana passada a sequ\u00eancia da temporada 2019\/2020 [\u2026]","og_url":"https:\/\/verdadeon.com.br\/portal\/2020\/03\/30\/o-bem-comum-e-muito-maior-do-que-uma-possivel-vantagem-diz-lula-ferreira-sobre-temporada-do-nbb\/","og_site_name":"VerdadeOn","article_published_time":"2020-03-30T14:49:15+00:00","og_image":[{"width":750,"height":563,"url":"https:\/\/verdadeon.com.br\/portal\/wp-content\/uploads\/2020\/03\/WhatsApp-Image-2020-03-30-at-11.45.00.jpeg","type":"image\/jpeg"}],"author":"Redacao VerdadeOn","twitter_card":"summary_large_image","twitter_misc":{"Escrito por":"Redacao VerdadeOn","Est. tempo de leitura":"2 minutos"},"schema":{"@context":"https:\/\/schema.org","@graph":[{"@type":"WebPage","@id":"https:\/\/verdadeon.com.br\/portal\/2020\/03\/30\/o-bem-comum-e-muito-maior-do-que-uma-possivel-vantagem-diz-lula-ferreira-sobre-temporada-do-nbb\/","url":"https:\/\/verdadeon.com.br\/portal\/2020\/03\/30\/o-bem-comum-e-muito-maior-do-que-uma-possivel-vantagem-diz-lula-ferreira-sobre-temporada-do-nbb\/","name":"\u201cO bem comum \u00e9 muito maior do que uma poss\u00edvel vantagem\u201d, diz Lula Ferreira sobre temporada do NBB - VerdadeOn","isPartOf":{"@id":"https:\/\/verdadeon.com.br\/portal\/#website"},"primaryImageOfPage":{"@id":"https:\/\/verdadeon.com.br\/portal\/2020\/03\/30\/o-bem-comum-e-muito-maior-do-que-uma-possivel-vantagem-diz-lula-ferreira-sobre-temporada-do-nbb\/#primaryimage"},"image":{"@id":"https:\/\/verdadeon.com.br\/portal\/2020\/03\/30\/o-bem-comum-e-muito-maior-do-que-uma-possivel-vantagem-diz-lula-ferreira-sobre-temporada-do-nbb\/#primaryimage"},"thumbnailUrl":"https:\/\/i0.wp.com\/verdadeon.com.br\/portal\/wp-content\/uploads\/2020\/03\/WhatsApp-Image-2020-03-30-at-11.45.00.jpeg?fit=750%2C563&ssl=1","datePublished":"2020-03-30T14:49:15+00:00","author":{"@id":"https:\/\/verdadeon.com.br\/portal\/#\/schema\/person\/a5060ad1e9ea3df545188fc93ce43d2f"},"breadcrumb":{"@id":"https:\/\/verdadeon.com.br\/portal\/2020\/03\/30\/o-bem-comum-e-muito-maior-do-que-uma-possivel-vantagem-diz-lula-ferreira-sobre-temporada-do-nbb\/#breadcrumb"},"inLanguage":"pt-BR","potentialAction":[{"@type":"ReadAction","target":["https:\/\/verdadeon.com.br\/portal\/2020\/03\/30\/o-bem-comum-e-muito-maior-do-que-uma-possivel-vantagem-diz-lula-ferreira-sobre-temporada-do-nbb\/"]}]},{"@type":"ImageObject","inLanguage":"pt-BR","@id":"https:\/\/verdadeon.com.br\/portal\/2020\/03\/30\/o-bem-comum-e-muito-maior-do-que-uma-possivel-vantagem-diz-lula-ferreira-sobre-temporada-do-nbb\/#primaryimage","url":"https:\/\/i0.wp.com\/verdadeon.com.br\/portal\/wp-content\/uploads\/2020\/03\/WhatsApp-Image-2020-03-30-at-11.45.00.jpeg?fit=750%2C563&ssl=1","contentUrl":"https:\/\/i0.wp.com\/verdadeon.com.br\/portal\/wp-content\/uploads\/2020\/03\/WhatsApp-Image-2020-03-30-at-11.45.00.jpeg?fit=750%2C563&ssl=1","width":750,"height":563,"caption":"Lula Ferreira, supervisor do Sesi Franca Basquete, apoia a decis\u00e3o de voltar o torneio j\u00e1 na fase playoff | Foto: Sesi Franca\/Divulga\u00e7\u00e3o"},{"@type":"BreadcrumbList","@id":"https:\/\/verdadeon.com.br\/portal\/2020\/03\/30\/o-bem-comum-e-muito-maior-do-que-uma-possivel-vantagem-diz-lula-ferreira-sobre-temporada-do-nbb\/#breadcrumb","itemListElement":[{"@type":"ListItem","position":1,"name":"In\u00edcio","item":"https:\/\/verdadeon.com.br\/portal\/"},{"@type":"ListItem","position":2,"name":"\u201cO bem comum \u00e9 muito maior do que uma poss\u00edvel vantagem\u201d, diz Lula Ferreira sobre temporada do NBB"}]},{"@type":"WebSite","@id":"https:\/\/verdadeon.com.br\/portal\/#website","url":"https:\/\/verdadeon.com.br\/portal\/","name":"VerdadeOn","description":"Not\u00edcias di\u00e1rias sobre Franca, Regi\u00e3o, Esporte, Cultura, Cotidiano, Colunas. Cobertura nos principais eventos da cidade \u00e9 aqui - Verdadeon Franca","potentialAction":[{"@type":"SearchAction","target":{"@type":"EntryPoint","urlTemplate":"https:\/\/verdadeon.com.br\/portal\/?s={search_term_string}"},"query-input":{"@type":"PropertyValueSpecification","valueRequired":true,"valueName":"search_term_string"}}],"inLanguage":"pt-BR"},{"@type":"Person","@id":"https:\/\/verdadeon.com.br\/portal\/#\/schema\/person\/a5060ad1e9ea3df545188fc93ce43d2f","name":"Redacao VerdadeOn","image":{"@type":"ImageObject","inLanguage":"pt-BR","@id":"https:\/\/verdadeon.com.br\/portal\/#\/schema\/person\/image\/","url":"https:\/\/secure.gravatar.com\/avatar\/459a9613caaaf07f582c3d0841eea68bdd66f533e465e6ba8b9cb45619572cf4?s=96&d=mm&r=g","contentUrl":"https:\/\/secure.gravatar.com\/avatar\/459a9613caaaf07f582c3d0841eea68bdd66f533e465e6ba8b9cb45619572cf4?s=96&d=mm&r=g","caption":"Redacao VerdadeOn"},"url":"https:\/\/verdadeon.com.br\/portal\/author\/redacao\/"}]}},"jetpack_publicize_connections":[],"jetpack_featured_media_url":"https:\/\/i0.wp.com\/verdadeon.com.br\/portal\/wp-content\/uploads\/2020\/03\/WhatsApp-Image-2020-03-30-at-11.45.00.jpeg?fit=750%2C563&ssl=1","jetpack_sharing_enabled":true,"_links":{"self":[{"href":"https:\/\/verdadeon.com.br\/portal\/wp-json\/wp\/v2\/posts\/5869","targetHints":{"allow":["GET"]}}],"collection":[{"href":"https:\/\/verdadeon.com.br\/portal\/wp-json\/wp\/v2\/posts"}],"about":[{"href":"https:\/\/verdadeon.com.br\/portal\/wp-json\/wp\/v2\/types\/post"}],"author":[{"embeddable":true,"href":"https:\/\/verdadeon.com.br\/portal\/wp-json\/wp\/v2\/users\/10"}],"replies":[{"embeddable":true,"href":"https:\/\/verdadeon.com.br\/portal\/wp-json\/wp\/v2\/comments?post=5869"}],"version-history":[{"count":0,"href":"https:\/\/verdadeon.com.br\/portal\/wp-json\/wp\/v2\/posts\/5869\/revisions"}],"wp:featuredmedia":[{"embeddable":true,"href":"https:\/\/verdadeon.com.br\/portal\/wp-json\/wp\/v2\/media\/5870"}],"wp:attachment":[{"href":"https:\/\/verdadeon.com.br\/portal\/wp-json\/wp\/v2\/media?parent=5869"}],"wp:term":[{"taxonomy":"category","embeddable":true,"href":"https:\/\/verdadeon.com.br\/portal\/wp-json\/wp\/v2\/categories?post=5869"},{"taxonomy":"post_tag","embeddable":true,"href":"https:\/\/verdadeon.com.br\/portal\/wp-json\/wp\/v2\/tags?post=5869"}],"curies":[{"name":"wp","href":"https:\/\/api.w.org\/{rel}","templated":true}]}}