{"id":5866,"date":"2020-03-30T11:43:36","date_gmt":"2020-03-30T14:43:36","guid":{"rendered":"http:\/\/verdadeon.com.br\/portal\/?p=5866"},"modified":"2020-03-30T11:43:36","modified_gmt":"2020-03-30T14:43:36","slug":"senado-vota-hoje-auxilio-de-r-600-para-autonomos-e-informais","status":"publish","type":"post","link":"https:\/\/verdadeon.com.br\/portal\/2020\/03\/30\/senado-vota-hoje-auxilio-de-r-600-para-autonomos-e-informais\/","title":{"rendered":"Senado vota hoje aux\u00edlio de R$ 600 para aut\u00f4nomos e informais"},"content":{"rendered":"<h2>Sess\u00e3o remota est\u00e1 prevista para esta segunda-feira (30) a partir das 16 horas<\/h2>\n<p>&nbsp;<\/p>\n<p>O Senado vota hoje (30) o pagamento de um aux\u00edlio emergencial por tr\u00eas meses, no valor de R$ 600, destinado aos trabalhadores aut\u00f4nomos, informais e sem renda fixa. O presidente da Casa, Davi Alcolumbre (DEM-AP), havia confirmado a data da vota\u00e7\u00e3o em postagem no Twitter, na \u00faltima sexta-feira (27).<\/p>\n<p>Alcolumbre continua se recuperando ap\u00f3s ser diagnosticado com o novo coronav\u00edrus. Quem tem comandado as sess\u00f5es remotas \u00e9 o vice-presidente, senador Antonio Anastasia (PSD-MG). A sess\u00e3o est\u00e1 prevista para ocorrer \u00e0s 16h. Antes, \u00e0s 10h, os l\u00edderes se reunir\u00e3o, tamb\u00e9m remotamente, para discutir outras vota\u00e7\u00f5es priorit\u00e1rias da semana.<\/p>\n<p>Pelas manifesta\u00e7\u00f5es de senadores nas redes sociais, a expectativa \u00e9 que a medida seja aprovada sem obje\u00e7\u00f5es. Inicialmente, na primeira vers\u00e3o do relat\u00f3rio, o valor proposto era de R$ 500. Ap\u00f3s negocia\u00e7\u00f5es com o l\u00edder do governo, deputado Vitor Hugo (PSL-GO), o Executivo decidiu aumentar para R$ 600 e a proposta foi aprovada na C\u00e2mara dos Deputados na \u00faltima quinta-feira (26).<\/p>\n<p>O aux\u00edlio \u00e9 voltado aos trabalhadores informais (sem carteira assinada), \u00e0s pessoas sem assist\u00eancia social e \u00e0 popula\u00e7\u00e3o que desistiu de procurar emprego. A medida \u00e9 uma forma de amparar as camadas mais vulner\u00e1veis \u00e0 crise econ\u00f4mica causada pela dissemina\u00e7\u00e3o da covid-19 no Brasil, e o aux\u00edlio ser\u00e1 distribu\u00eddo por meio de vouchers (cupons).<\/p>\n<p>Por Marcela Brand\u00e3o \u2013 Ag\u00eancia Brasil<\/p>\n","protected":false},"excerpt":{"rendered":"<p>Sess\u00e3o remota est\u00e1 prevista para esta segunda-feira (30) a partir das 16 horas &nbsp; O Senado vota hoje (30) o pagamento de um aux\u00edlio emergencial por<span class=\"excerpt-hellip\"> [\u2026]<\/span><\/p>\n","protected":false},"author":10,"featured_media":5867,"comment_status":"open","ping_status":"open","sticky":false,"template":"","format":"standard","meta":{"_jetpack_memberships_contains_paid_content":false,"footnotes":"","jetpack_publicize_message":"","jetpack_publicize_feature_enabled":true,"jetpack_social_post_already_shared":false,"jetpack_social_options":{"image_generator_settings":{"template":"highway","default_image_id":0,"enabled":false},"version":2}},"categories":[44,49],"tags":[46],"class_list":["post-5866","post","type-post","status-publish","format-standard","has-post-thumbnail","hentry","category-noticias","category-politica","tag-cotidiano"],"yoast_head":"<!-- This site is optimized with the Yoast SEO plugin v25.6 - https:\/\/yoast.com\/wordpress\/plugins\/seo\/ -->\n<title>Senado vota hoje aux\u00edlio de R$ 600 para aut\u00f4nomos e informais - VerdadeOn<\/title>\n<meta name=\"robots\" content=\"index, follow, max-snippet:-1, max-image-preview:large, max-video-preview:-1\" \/>\n<link rel=\"canonical\" href=\"https:\/\/verdadeon.com.br\/portal\/2020\/03\/30\/senado-vota-hoje-auxilio-de-r-600-para-autonomos-e-informais\/\" \/>\n<meta property=\"og:locale\" content=\"pt_BR\" \/>\n<meta property=\"og:type\" content=\"article\" \/>\n<meta property=\"og:title\" content=\"Senado vota hoje aux\u00edlio de R$ 600 para aut\u00f4nomos e informais - VerdadeOn\" \/>\n<meta property=\"og:description\" content=\"Sess\u00e3o remota est\u00e1 prevista para esta segunda-feira (30) a partir das 16 horas &nbsp; O Senado vota hoje (30) o pagamento de um aux\u00edlio emergencial por [\u2026]\" \/>\n<meta property=\"og:url\" content=\"https:\/\/verdadeon.com.br\/portal\/2020\/03\/30\/senado-vota-hoje-auxilio-de-r-600-para-autonomos-e-informais\/\" \/>\n<meta property=\"og:site_name\" content=\"VerdadeOn\" \/>\n<meta property=\"article:published_time\" content=\"2020-03-30T14:43:36+00:00\" \/>\n<meta property=\"og:image\" content=\"https:\/\/verdadeon.com.br\/portal\/wp-content\/uploads\/2020\/03\/WhatsApp-Image-2020-03-30-at-10.14.20-scaled.jpeg\" \/>\n\t<meta property=\"og:image:width\" content=\"1000\" \/>\n\t<meta property=\"og:image:height\" content=\"598\" \/>\n\t<meta property=\"og:image:type\" content=\"image\/jpeg\" \/>\n<meta name=\"author\" content=\"Redacao VerdadeOn\" \/>\n<meta name=\"twitter:card\" content=\"summary_large_image\" \/>\n<meta name=\"twitter:label1\" content=\"Escrito por\" \/>\n\t<meta name=\"twitter:data1\" content=\"Redacao VerdadeOn\" \/>\n\t<meta name=\"twitter:label2\" content=\"Est. tempo de leitura\" \/>\n\t<meta name=\"twitter:data2\" content=\"1 minuto\" \/>\n<script type=\"application\/ld+json\" class=\"yoast-schema-graph\">{\"@context\":\"https:\/\/schema.org\",\"@graph\":[{\"@type\":\"WebPage\",\"@id\":\"https:\/\/verdadeon.com.br\/portal\/2020\/03\/30\/senado-vota-hoje-auxilio-de-r-600-para-autonomos-e-informais\/\",\"url\":\"https:\/\/verdadeon.com.br\/portal\/2020\/03\/30\/senado-vota-hoje-auxilio-de-r-600-para-autonomos-e-informais\/\",\"name\":\"Senado vota hoje aux\u00edlio de R$ 600 para aut\u00f4nomos e informais - VerdadeOn\",\"isPartOf\":{\"@id\":\"https:\/\/verdadeon.com.br\/portal\/#website\"},\"primaryImageOfPage\":{\"@id\":\"https:\/\/verdadeon.com.br\/portal\/2020\/03\/30\/senado-vota-hoje-auxilio-de-r-600-para-autonomos-e-informais\/#primaryimage\"},\"image\":{\"@id\":\"https:\/\/verdadeon.com.br\/portal\/2020\/03\/30\/senado-vota-hoje-auxilio-de-r-600-para-autonomos-e-informais\/#primaryimage\"},\"thumbnailUrl\":\"https:\/\/i0.wp.com\/verdadeon.com.br\/portal\/wp-content\/uploads\/2020\/03\/WhatsApp-Image-2020-03-30-at-10.14.20-scaled.jpeg?fit=1000%2C598&ssl=1\",\"datePublished\":\"2020-03-30T14:43:36+00:00\",\"author\":{\"@id\":\"https:\/\/verdadeon.com.br\/portal\/#\/schema\/person\/a5060ad1e9ea3df545188fc93ce43d2f\"},\"breadcrumb\":{\"@id\":\"https:\/\/verdadeon.com.br\/portal\/2020\/03\/30\/senado-vota-hoje-auxilio-de-r-600-para-autonomos-e-informais\/#breadcrumb\"},\"inLanguage\":\"pt-BR\",\"potentialAction\":[{\"@type\":\"ReadAction\",\"target\":[\"https:\/\/verdadeon.com.br\/portal\/2020\/03\/30\/senado-vota-hoje-auxilio-de-r-600-para-autonomos-e-informais\/\"]}]},{\"@type\":\"ImageObject\",\"inLanguage\":\"pt-BR\",\"@id\":\"https:\/\/verdadeon.com.br\/portal\/2020\/03\/30\/senado-vota-hoje-auxilio-de-r-600-para-autonomos-e-informais\/#primaryimage\",\"url\":\"https:\/\/i0.wp.com\/verdadeon.com.br\/portal\/wp-content\/uploads\/2020\/03\/WhatsApp-Image-2020-03-30-at-10.14.20-scaled.jpeg?fit=1000%2C598&ssl=1\",\"contentUrl\":\"https:\/\/i0.wp.com\/verdadeon.com.br\/portal\/wp-content\/uploads\/2020\/03\/WhatsApp-Image-2020-03-30-at-10.14.20-scaled.jpeg?fit=1000%2C598&ssl=1\",\"width\":1000,\"height\":598,\"caption\":\"Vota\u00e7\u00e3o do Senado, marcada para \u00e0s 16 horas de hoje, ser\u00e1 realizada por meio de v\u00eddeo. Expectativa \u00e9 de aprova\u00e7\u00e3o | Foto: Jane de Ara\u00fajo\/Ag\u00eancia Senado\"},{\"@type\":\"BreadcrumbList\",\"@id\":\"https:\/\/verdadeon.com.br\/portal\/2020\/03\/30\/senado-vota-hoje-auxilio-de-r-600-para-autonomos-e-informais\/#breadcrumb\",\"itemListElement\":[{\"@type\":\"ListItem\",\"position\":1,\"name\":\"In\u00edcio\",\"item\":\"https:\/\/verdadeon.com.br\/portal\/\"},{\"@type\":\"ListItem\",\"position\":2,\"name\":\"Senado vota hoje aux\u00edlio de R$ 600 para aut\u00f4nomos e informais\"}]},{\"@type\":\"WebSite\",\"@id\":\"https:\/\/verdadeon.com.br\/portal\/#website\",\"url\":\"https:\/\/verdadeon.com.br\/portal\/\",\"name\":\"VerdadeOn\",\"description\":\"Not\u00edcias di\u00e1rias sobre Franca, Regi\u00e3o, Esporte, Cultura, Cotidiano, Colunas. Cobertura nos principais eventos da cidade \u00e9 aqui - Verdadeon Franca\",\"potentialAction\":[{\"@type\":\"SearchAction\",\"target\":{\"@type\":\"EntryPoint\",\"urlTemplate\":\"https:\/\/verdadeon.com.br\/portal\/?s={search_term_string}\"},\"query-input\":{\"@type\":\"PropertyValueSpecification\",\"valueRequired\":true,\"valueName\":\"search_term_string\"}}],\"inLanguage\":\"pt-BR\"},{\"@type\":\"Person\",\"@id\":\"https:\/\/verdadeon.com.br\/portal\/#\/schema\/person\/a5060ad1e9ea3df545188fc93ce43d2f\",\"name\":\"Redacao VerdadeOn\",\"image\":{\"@type\":\"ImageObject\",\"inLanguage\":\"pt-BR\",\"@id\":\"https:\/\/verdadeon.com.br\/portal\/#\/schema\/person\/image\/\",\"url\":\"https:\/\/secure.gravatar.com\/avatar\/459a9613caaaf07f582c3d0841eea68bdd66f533e465e6ba8b9cb45619572cf4?s=96&d=mm&r=g\",\"contentUrl\":\"https:\/\/secure.gravatar.com\/avatar\/459a9613caaaf07f582c3d0841eea68bdd66f533e465e6ba8b9cb45619572cf4?s=96&d=mm&r=g\",\"caption\":\"Redacao VerdadeOn\"},\"url\":\"https:\/\/verdadeon.com.br\/portal\/author\/redacao\/\"}]}<\/script>\n<!-- \/ Yoast SEO plugin. -->","yoast_head_json":{"title":"Senado vota hoje aux\u00edlio de R$ 600 para aut\u00f4nomos e informais - VerdadeOn","robots":{"index":"index","follow":"follow","max-snippet":"max-snippet:-1","max-image-preview":"max-image-preview:large","max-video-preview":"max-video-preview:-1"},"canonical":"https:\/\/verdadeon.com.br\/portal\/2020\/03\/30\/senado-vota-hoje-auxilio-de-r-600-para-autonomos-e-informais\/","og_locale":"pt_BR","og_type":"article","og_title":"Senado vota hoje aux\u00edlio de R$ 600 para aut\u00f4nomos e informais - VerdadeOn","og_description":"Sess\u00e3o remota est\u00e1 prevista para esta segunda-feira (30) a partir das 16 horas &nbsp; O Senado vota hoje (30) o pagamento de um aux\u00edlio emergencial por [\u2026]","og_url":"https:\/\/verdadeon.com.br\/portal\/2020\/03\/30\/senado-vota-hoje-auxilio-de-r-600-para-autonomos-e-informais\/","og_site_name":"VerdadeOn","article_published_time":"2020-03-30T14:43:36+00:00","og_image":[{"width":1000,"height":598,"url":"https:\/\/verdadeon.com.br\/portal\/wp-content\/uploads\/2020\/03\/WhatsApp-Image-2020-03-30-at-10.14.20-scaled.jpeg","type":"image\/jpeg"}],"author":"Redacao VerdadeOn","twitter_card":"summary_large_image","twitter_misc":{"Escrito por":"Redacao VerdadeOn","Est. tempo de leitura":"1 minuto"},"schema":{"@context":"https:\/\/schema.org","@graph":[{"@type":"WebPage","@id":"https:\/\/verdadeon.com.br\/portal\/2020\/03\/30\/senado-vota-hoje-auxilio-de-r-600-para-autonomos-e-informais\/","url":"https:\/\/verdadeon.com.br\/portal\/2020\/03\/30\/senado-vota-hoje-auxilio-de-r-600-para-autonomos-e-informais\/","name":"Senado vota hoje aux\u00edlio de R$ 600 para aut\u00f4nomos e informais - VerdadeOn","isPartOf":{"@id":"https:\/\/verdadeon.com.br\/portal\/#website"},"primaryImageOfPage":{"@id":"https:\/\/verdadeon.com.br\/portal\/2020\/03\/30\/senado-vota-hoje-auxilio-de-r-600-para-autonomos-e-informais\/#primaryimage"},"image":{"@id":"https:\/\/verdadeon.com.br\/portal\/2020\/03\/30\/senado-vota-hoje-auxilio-de-r-600-para-autonomos-e-informais\/#primaryimage"},"thumbnailUrl":"https:\/\/i0.wp.com\/verdadeon.com.br\/portal\/wp-content\/uploads\/2020\/03\/WhatsApp-Image-2020-03-30-at-10.14.20-scaled.jpeg?fit=1000%2C598&ssl=1","datePublished":"2020-03-30T14:43:36+00:00","author":{"@id":"https:\/\/verdadeon.com.br\/portal\/#\/schema\/person\/a5060ad1e9ea3df545188fc93ce43d2f"},"breadcrumb":{"@id":"https:\/\/verdadeon.com.br\/portal\/2020\/03\/30\/senado-vota-hoje-auxilio-de-r-600-para-autonomos-e-informais\/#breadcrumb"},"inLanguage":"pt-BR","potentialAction":[{"@type":"ReadAction","target":["https:\/\/verdadeon.com.br\/portal\/2020\/03\/30\/senado-vota-hoje-auxilio-de-r-600-para-autonomos-e-informais\/"]}]},{"@type":"ImageObject","inLanguage":"pt-BR","@id":"https:\/\/verdadeon.com.br\/portal\/2020\/03\/30\/senado-vota-hoje-auxilio-de-r-600-para-autonomos-e-informais\/#primaryimage","url":"https:\/\/i0.wp.com\/verdadeon.com.br\/portal\/wp-content\/uploads\/2020\/03\/WhatsApp-Image-2020-03-30-at-10.14.20-scaled.jpeg?fit=1000%2C598&ssl=1","contentUrl":"https:\/\/i0.wp.com\/verdadeon.com.br\/portal\/wp-content\/uploads\/2020\/03\/WhatsApp-Image-2020-03-30-at-10.14.20-scaled.jpeg?fit=1000%2C598&ssl=1","width":1000,"height":598,"caption":"Vota\u00e7\u00e3o do Senado, marcada para \u00e0s 16 horas de hoje, ser\u00e1 realizada por meio de v\u00eddeo. Expectativa \u00e9 de aprova\u00e7\u00e3o | Foto: Jane de Ara\u00fajo\/Ag\u00eancia Senado"},{"@type":"BreadcrumbList","@id":"https:\/\/verdadeon.com.br\/portal\/2020\/03\/30\/senado-vota-hoje-auxilio-de-r-600-para-autonomos-e-informais\/#breadcrumb","itemListElement":[{"@type":"ListItem","position":1,"name":"In\u00edcio","item":"https:\/\/verdadeon.com.br\/portal\/"},{"@type":"ListItem","position":2,"name":"Senado vota hoje aux\u00edlio de R$ 600 para aut\u00f4nomos e informais"}]},{"@type":"WebSite","@id":"https:\/\/verdadeon.com.br\/portal\/#website","url":"https:\/\/verdadeon.com.br\/portal\/","name":"VerdadeOn","description":"Not\u00edcias di\u00e1rias sobre Franca, Regi\u00e3o, Esporte, Cultura, Cotidiano, Colunas. Cobertura nos principais eventos da cidade \u00e9 aqui - Verdadeon Franca","potentialAction":[{"@type":"SearchAction","target":{"@type":"EntryPoint","urlTemplate":"https:\/\/verdadeon.com.br\/portal\/?s={search_term_string}"},"query-input":{"@type":"PropertyValueSpecification","valueRequired":true,"valueName":"search_term_string"}}],"inLanguage":"pt-BR"},{"@type":"Person","@id":"https:\/\/verdadeon.com.br\/portal\/#\/schema\/person\/a5060ad1e9ea3df545188fc93ce43d2f","name":"Redacao VerdadeOn","image":{"@type":"ImageObject","inLanguage":"pt-BR","@id":"https:\/\/verdadeon.com.br\/portal\/#\/schema\/person\/image\/","url":"https:\/\/secure.gravatar.com\/avatar\/459a9613caaaf07f582c3d0841eea68bdd66f533e465e6ba8b9cb45619572cf4?s=96&d=mm&r=g","contentUrl":"https:\/\/secure.gravatar.com\/avatar\/459a9613caaaf07f582c3d0841eea68bdd66f533e465e6ba8b9cb45619572cf4?s=96&d=mm&r=g","caption":"Redacao VerdadeOn"},"url":"https:\/\/verdadeon.com.br\/portal\/author\/redacao\/"}]}},"jetpack_publicize_connections":[],"jetpack_featured_media_url":"https:\/\/i0.wp.com\/verdadeon.com.br\/portal\/wp-content\/uploads\/2020\/03\/WhatsApp-Image-2020-03-30-at-10.14.20-scaled.jpeg?fit=1000%2C598&ssl=1","jetpack_sharing_enabled":true,"_links":{"self":[{"href":"https:\/\/verdadeon.com.br\/portal\/wp-json\/wp\/v2\/posts\/5866","targetHints":{"allow":["GET"]}}],"collection":[{"href":"https:\/\/verdadeon.com.br\/portal\/wp-json\/wp\/v2\/posts"}],"about":[{"href":"https:\/\/verdadeon.com.br\/portal\/wp-json\/wp\/v2\/types\/post"}],"author":[{"embeddable":true,"href":"https:\/\/verdadeon.com.br\/portal\/wp-json\/wp\/v2\/users\/10"}],"replies":[{"embeddable":true,"href":"https:\/\/verdadeon.com.br\/portal\/wp-json\/wp\/v2\/comments?post=5866"}],"version-history":[{"count":0,"href":"https:\/\/verdadeon.com.br\/portal\/wp-json\/wp\/v2\/posts\/5866\/revisions"}],"wp:featuredmedia":[{"embeddable":true,"href":"https:\/\/verdadeon.com.br\/portal\/wp-json\/wp\/v2\/media\/5867"}],"wp:attachment":[{"href":"https:\/\/verdadeon.com.br\/portal\/wp-json\/wp\/v2\/media?parent=5866"}],"wp:term":[{"taxonomy":"category","embeddable":true,"href":"https:\/\/verdadeon.com.br\/portal\/wp-json\/wp\/v2\/categories?post=5866"},{"taxonomy":"post_tag","embeddable":true,"href":"https:\/\/verdadeon.com.br\/portal\/wp-json\/wp\/v2\/tags?post=5866"}],"curies":[{"name":"wp","href":"https:\/\/api.w.org\/{rel}","templated":true}]}}