{"id":5862,"date":"2020-03-30T11:01:05","date_gmt":"2020-03-30T14:01:05","guid":{"rendered":"http:\/\/verdadeon.com.br\/portal\/?p=5862"},"modified":"2020-03-30T11:01:05","modified_gmt":"2020-03-30T14:01:05","slug":"franca-inicia-segunda-semana-de-vacinacao-contra-a-gripe-com-estoque-de-doses-reduzido","status":"publish","type":"post","link":"https:\/\/verdadeon.com.br\/portal\/2020\/03\/30\/franca-inicia-segunda-semana-de-vacinacao-contra-a-gripe-com-estoque-de-doses-reduzido\/","title":{"rendered":"Franca inicia segunda semana de vacina\u00e7\u00e3o contra a gripe com estoque de doses reduzido"},"content":{"rendered":"<h2>Secretaria de Sa\u00fade acredita que n\u00famero da procura deve diminuir a partir de hoje<\/h2>\n<p>&nbsp;<\/p>\n<p>Movimenta\u00e7\u00e3o inferior aos primeiros dias das a\u00e7\u00f5es, melhor organiza\u00e7\u00e3o nos atendimentos e menor tempo de espera: essas s\u00e3o algumas das expectativas da Secretaria de Sa\u00fade de Franca para a segunda semana da Campanha Nacional de Vacina\u00e7\u00e3o contra Gripe Influenza, iniciada nesta segunda-feira (30).<\/p>\n<p>O terceiro lote para a cidade foi disponibilizado ainda no domingo (29). A diferen\u00e7a \u00e9 que, desta vez, foram entregues pelo governo do estado de S\u00e3o Paulo um total de 8 mil doses, n\u00famero menor do que os da semana inicial, j\u00e1 que chegaram 14 mil de cada vez. De acordo com o secret\u00e1rio de Sa\u00fade Luiz Carlos Vergara, a tend\u00eancia \u00e9 que os dados de atendimentos sejam menores, por\u00e9m, n\u00e3o \u00e9 garantia que a quantidade ser\u00e1 suficiente.<\/p>\n<p>\u201cCom 14 mil n\u00f3s temos certeza que d\u00e1 para trabalhar dois dias, j\u00e1 que a m\u00e9dia gira em torno de 7 mil diariamente. Com 8 mil doses n\u00e3o sabemos se ser\u00e1 poss\u00edvel, mas como o terceiro lote foi adiantado, existe a possibilidade de mais vacinas chegarem antes desse acabar. Um ponto positivo \u00e9 que o estado nos garantiu que todo o estoque que eles t\u00eam ser\u00e1 suficiente para todos os munic\u00edpios paulista at\u00e9 o final da campanha, ent\u00e3o n\u00e3o temos que nos preocupar\u201d, afirmou Vergara.<\/p>\n<p>Nos primeiros dias da campanha, Franca vacinou mais de 22 mil pessoas. Trezes escolas municipais e estaduais s\u00e3o os pontos onde idosos com idades acima de 60 anos podem procurar a imuniza\u00e7\u00e3o. Outro local destinado aos atendimentos \u00e9 o drive-thru, instalado no poliesportivo de Franca. Considerado um sucesso pelo secret\u00e1rio, j\u00e1 que foi bem aceito pela popula\u00e7\u00e3o, as vacina\u00e7\u00f5es nos carros atendeu mais de 2 mil pessoas nos tr\u00eas dias de trabalhos.<\/p>\n<p>Vergara afirmou que houve uma falha na comunica\u00e7\u00e3o entre as pessoas e, por isso, foram gerados problemas na abertura da campanha na semana passada. \u201cApenas a segunda-feira estava marcada para iniciar \u00e0s 9 e os outros dias a partir das 8 horas. As pessoas confundiram e chegaram mais cedo. Assim tivemos dificuldades por conta das filas, mas logo tudo isso foi resolvido e os servi\u00e7os seguem de forma tranquila\u201d, destacou.<\/p>\n<p>O secret\u00e1ria ainda pede para que a popula\u00e7\u00e3o tenha paci\u00eancia, porque as vacinas estar\u00e3o \u00e0 disposi\u00e7\u00e3o por um per\u00edodo considerado longo e suficiente para imunizar a todos. \u201cExiste um desespero para ser vacinado o mais r\u00e1pido poss\u00edvel, mas n\u00e3o tem necessidade para isso. Ser\u00e3o 60 dias de vacina\u00e7\u00e3o. A gente alerta que todos tenham mais tranquilidade. A orienta\u00e7\u00e3o tamb\u00e9m \u00e9 que as pessoas sigam nas resid\u00eancias cuidando dos idosos, n\u00e3o apenas por conta da gripe, mas atendendo tamb\u00e9m a preven\u00e7\u00e3o contra a Covid-19\u201d, completou Vergara.<\/p>\n<p>Confira os pontos de vacina\u00e7\u00e3o em Franca:<\/p>\n<p>Escola Municipal &#8220;Jos\u00e9 Mario Faleiros&#8221;<br \/>\nEscola Estadual &#8220;Professora Carmem Nogueira Nic\u00e1cio&#8221;<br \/>\nEscola Municipal &#8220;Frei Germano de Annecy&#8221;<br \/>\nEscola Estadual &#8220;Suzana Ribeiro Sandoval&#8221;<br \/>\nEscola Estadual &#8220;Professor Michel Haber&#8221;<br \/>\nEscola Estadual &#8220;Evaristo Fabricio&#8221;<br \/>\nEscola Estadual &#8220;\u00c2ngelo Scarabucci&#8221;<br \/>\nEscola Estadual &#8220;Professora Suely Machado da Silva&#8221;<br \/>\nEscola Estadual &#8220;Bar\u00e3o da Franca&#8221;<br \/>\nEscola Estadual &#8220;Sud\u00e1rio Ferreira&#8221;<br \/>\nEscola Municipal &#8220;Ana Rosa de Lima&#8221;<br \/>\nEscola Estadual &#8220;Professor H\u00e9lio Palermo&#8221;<br \/>\nEscola Estadual &#8220;Professor Odette Bueno Ribeiro&#8221;<\/p>\n","protected":false},"excerpt":{"rendered":"<p>Secretaria de Sa\u00fade acredita que n\u00famero da procura deve diminuir a partir de hoje &nbsp; Movimenta\u00e7\u00e3o inferior aos primeiros dias das a\u00e7\u00f5es, melhor organiza\u00e7\u00e3o nos atendimentos<span class=\"excerpt-hellip\"> [\u2026]<\/span><\/p>\n","protected":false},"author":10,"featured_media":5864,"comment_status":"open","ping_status":"open","sticky":false,"template":"","format":"standard","meta":{"_jetpack_memberships_contains_paid_content":false,"footnotes":"","jetpack_publicize_message":"","jetpack_publicize_feature_enabled":true,"jetpack_social_post_already_shared":false,"jetpack_social_options":{"image_generator_settings":{"template":"highway","default_image_id":0,"enabled":false},"version":2}},"categories":[28,44],"tags":[46],"class_list":["post-5862","post","type-post","status-publish","format-standard","has-post-thumbnail","hentry","category-cotidiano","category-noticias","tag-cotidiano"],"yoast_head":"<!-- This site is optimized with the Yoast SEO plugin v25.6 - https:\/\/yoast.com\/wordpress\/plugins\/seo\/ -->\n<title>Franca inicia segunda semana de vacina\u00e7\u00e3o contra a gripe com estoque de doses reduzido - VerdadeOn<\/title>\n<meta name=\"robots\" content=\"index, follow, max-snippet:-1, max-image-preview:large, max-video-preview:-1\" \/>\n<link rel=\"canonical\" href=\"https:\/\/verdadeon.com.br\/portal\/2020\/03\/30\/franca-inicia-segunda-semana-de-vacinacao-contra-a-gripe-com-estoque-de-doses-reduzido\/\" \/>\n<meta property=\"og:locale\" content=\"pt_BR\" \/>\n<meta property=\"og:type\" content=\"article\" \/>\n<meta property=\"og:title\" content=\"Franca inicia segunda semana de vacina\u00e7\u00e3o contra a gripe com estoque de doses reduzido - VerdadeOn\" \/>\n<meta property=\"og:description\" content=\"Secretaria de Sa\u00fade acredita que n\u00famero da procura deve diminuir a partir de hoje &nbsp; Movimenta\u00e7\u00e3o inferior aos primeiros dias das a\u00e7\u00f5es, melhor organiza\u00e7\u00e3o nos atendimentos [\u2026]\" \/>\n<meta property=\"og:url\" content=\"https:\/\/verdadeon.com.br\/portal\/2020\/03\/30\/franca-inicia-segunda-semana-de-vacinacao-contra-a-gripe-com-estoque-de-doses-reduzido\/\" \/>\n<meta property=\"og:site_name\" content=\"VerdadeOn\" \/>\n<meta property=\"article:published_time\" content=\"2020-03-30T14:01:05+00:00\" \/>\n<meta property=\"og:image\" content=\"https:\/\/verdadeon.com.br\/portal\/wp-content\/uploads\/2020\/03\/WhatsApp-Image-2020-03-30-at-10.01.25-scaled.jpg\" \/>\n\t<meta property=\"og:image:width\" content=\"1000\" \/>\n\t<meta property=\"og:image:height\" content=\"563\" \/>\n\t<meta property=\"og:image:type\" content=\"image\/jpeg\" \/>\n<meta name=\"author\" content=\"Redacao VerdadeOn\" \/>\n<meta name=\"twitter:card\" content=\"summary_large_image\" \/>\n<meta name=\"twitter:label1\" content=\"Escrito por\" \/>\n\t<meta name=\"twitter:data1\" content=\"Redacao VerdadeOn\" \/>\n\t<meta name=\"twitter:label2\" content=\"Est. tempo de leitura\" \/>\n\t<meta name=\"twitter:data2\" content=\"3 minutos\" \/>\n<script type=\"application\/ld+json\" class=\"yoast-schema-graph\">{\"@context\":\"https:\/\/schema.org\",\"@graph\":[{\"@type\":\"WebPage\",\"@id\":\"https:\/\/verdadeon.com.br\/portal\/2020\/03\/30\/franca-inicia-segunda-semana-de-vacinacao-contra-a-gripe-com-estoque-de-doses-reduzido\/\",\"url\":\"https:\/\/verdadeon.com.br\/portal\/2020\/03\/30\/franca-inicia-segunda-semana-de-vacinacao-contra-a-gripe-com-estoque-de-doses-reduzido\/\",\"name\":\"Franca inicia segunda semana de vacina\u00e7\u00e3o contra a gripe com estoque de doses reduzido - VerdadeOn\",\"isPartOf\":{\"@id\":\"https:\/\/verdadeon.com.br\/portal\/#website\"},\"primaryImageOfPage\":{\"@id\":\"https:\/\/verdadeon.com.br\/portal\/2020\/03\/30\/franca-inicia-segunda-semana-de-vacinacao-contra-a-gripe-com-estoque-de-doses-reduzido\/#primaryimage\"},\"image\":{\"@id\":\"https:\/\/verdadeon.com.br\/portal\/2020\/03\/30\/franca-inicia-segunda-semana-de-vacinacao-contra-a-gripe-com-estoque-de-doses-reduzido\/#primaryimage\"},\"thumbnailUrl\":\"https:\/\/i0.wp.com\/verdadeon.com.br\/portal\/wp-content\/uploads\/2020\/03\/WhatsApp-Image-2020-03-30-at-10.01.25-scaled.jpg?fit=1000%2C563&ssl=1\",\"datePublished\":\"2020-03-30T14:01:05+00:00\",\"author\":{\"@id\":\"https:\/\/verdadeon.com.br\/portal\/#\/schema\/person\/a5060ad1e9ea3df545188fc93ce43d2f\"},\"breadcrumb\":{\"@id\":\"https:\/\/verdadeon.com.br\/portal\/2020\/03\/30\/franca-inicia-segunda-semana-de-vacinacao-contra-a-gripe-com-estoque-de-doses-reduzido\/#breadcrumb\"},\"inLanguage\":\"pt-BR\",\"potentialAction\":[{\"@type\":\"ReadAction\",\"target\":[\"https:\/\/verdadeon.com.br\/portal\/2020\/03\/30\/franca-inicia-segunda-semana-de-vacinacao-contra-a-gripe-com-estoque-de-doses-reduzido\/\"]}]},{\"@type\":\"ImageObject\",\"inLanguage\":\"pt-BR\",\"@id\":\"https:\/\/verdadeon.com.br\/portal\/2020\/03\/30\/franca-inicia-segunda-semana-de-vacinacao-contra-a-gripe-com-estoque-de-doses-reduzido\/#primaryimage\",\"url\":\"https:\/\/i0.wp.com\/verdadeon.com.br\/portal\/wp-content\/uploads\/2020\/03\/WhatsApp-Image-2020-03-30-at-10.01.25-scaled.jpg?fit=1000%2C563&ssl=1\",\"contentUrl\":\"https:\/\/i0.wp.com\/verdadeon.com.br\/portal\/wp-content\/uploads\/2020\/03\/WhatsApp-Image-2020-03-30-at-10.01.25-scaled.jpg?fit=1000%2C563&ssl=1\",\"width\":1000,\"height\":563,\"caption\":\"Considerado sucesso pelo setor de Sa\u00fade, o drive-thru segue como ponto de vacina\u00e7\u00e3o no poliesportivo | Foto: Prefeitura\/Divulga\u00e7\u00e3o\"},{\"@type\":\"BreadcrumbList\",\"@id\":\"https:\/\/verdadeon.com.br\/portal\/2020\/03\/30\/franca-inicia-segunda-semana-de-vacinacao-contra-a-gripe-com-estoque-de-doses-reduzido\/#breadcrumb\",\"itemListElement\":[{\"@type\":\"ListItem\",\"position\":1,\"name\":\"In\u00edcio\",\"item\":\"https:\/\/verdadeon.com.br\/portal\/\"},{\"@type\":\"ListItem\",\"position\":2,\"name\":\"Franca inicia segunda semana de vacina\u00e7\u00e3o contra a gripe com estoque de doses reduzido\"}]},{\"@type\":\"WebSite\",\"@id\":\"https:\/\/verdadeon.com.br\/portal\/#website\",\"url\":\"https:\/\/verdadeon.com.br\/portal\/\",\"name\":\"VerdadeOn\",\"description\":\"Not\u00edcias di\u00e1rias sobre Franca, Regi\u00e3o, Esporte, Cultura, Cotidiano, Colunas. Cobertura nos principais eventos da cidade \u00e9 aqui - Verdadeon Franca\",\"potentialAction\":[{\"@type\":\"SearchAction\",\"target\":{\"@type\":\"EntryPoint\",\"urlTemplate\":\"https:\/\/verdadeon.com.br\/portal\/?s={search_term_string}\"},\"query-input\":{\"@type\":\"PropertyValueSpecification\",\"valueRequired\":true,\"valueName\":\"search_term_string\"}}],\"inLanguage\":\"pt-BR\"},{\"@type\":\"Person\",\"@id\":\"https:\/\/verdadeon.com.br\/portal\/#\/schema\/person\/a5060ad1e9ea3df545188fc93ce43d2f\",\"name\":\"Redacao VerdadeOn\",\"image\":{\"@type\":\"ImageObject\",\"inLanguage\":\"pt-BR\",\"@id\":\"https:\/\/verdadeon.com.br\/portal\/#\/schema\/person\/image\/\",\"url\":\"https:\/\/secure.gravatar.com\/avatar\/459a9613caaaf07f582c3d0841eea68bdd66f533e465e6ba8b9cb45619572cf4?s=96&d=mm&r=g\",\"contentUrl\":\"https:\/\/secure.gravatar.com\/avatar\/459a9613caaaf07f582c3d0841eea68bdd66f533e465e6ba8b9cb45619572cf4?s=96&d=mm&r=g\",\"caption\":\"Redacao VerdadeOn\"},\"url\":\"https:\/\/verdadeon.com.br\/portal\/author\/redacao\/\"}]}<\/script>\n<!-- \/ Yoast SEO plugin. -->","yoast_head_json":{"title":"Franca inicia segunda semana de vacina\u00e7\u00e3o contra a gripe com estoque de doses reduzido - VerdadeOn","robots":{"index":"index","follow":"follow","max-snippet":"max-snippet:-1","max-image-preview":"max-image-preview:large","max-video-preview":"max-video-preview:-1"},"canonical":"https:\/\/verdadeon.com.br\/portal\/2020\/03\/30\/franca-inicia-segunda-semana-de-vacinacao-contra-a-gripe-com-estoque-de-doses-reduzido\/","og_locale":"pt_BR","og_type":"article","og_title":"Franca inicia segunda semana de vacina\u00e7\u00e3o contra a gripe com estoque de doses reduzido - VerdadeOn","og_description":"Secretaria de Sa\u00fade acredita que n\u00famero da procura deve diminuir a partir de hoje &nbsp; Movimenta\u00e7\u00e3o inferior aos primeiros dias das a\u00e7\u00f5es, melhor organiza\u00e7\u00e3o nos atendimentos [\u2026]","og_url":"https:\/\/verdadeon.com.br\/portal\/2020\/03\/30\/franca-inicia-segunda-semana-de-vacinacao-contra-a-gripe-com-estoque-de-doses-reduzido\/","og_site_name":"VerdadeOn","article_published_time":"2020-03-30T14:01:05+00:00","og_image":[{"width":1000,"height":563,"url":"https:\/\/verdadeon.com.br\/portal\/wp-content\/uploads\/2020\/03\/WhatsApp-Image-2020-03-30-at-10.01.25-scaled.jpg","type":"image\/jpeg"}],"author":"Redacao VerdadeOn","twitter_card":"summary_large_image","twitter_misc":{"Escrito por":"Redacao VerdadeOn","Est. tempo de leitura":"3 minutos"},"schema":{"@context":"https:\/\/schema.org","@graph":[{"@type":"WebPage","@id":"https:\/\/verdadeon.com.br\/portal\/2020\/03\/30\/franca-inicia-segunda-semana-de-vacinacao-contra-a-gripe-com-estoque-de-doses-reduzido\/","url":"https:\/\/verdadeon.com.br\/portal\/2020\/03\/30\/franca-inicia-segunda-semana-de-vacinacao-contra-a-gripe-com-estoque-de-doses-reduzido\/","name":"Franca inicia segunda semana de vacina\u00e7\u00e3o contra a gripe com estoque de doses reduzido - VerdadeOn","isPartOf":{"@id":"https:\/\/verdadeon.com.br\/portal\/#website"},"primaryImageOfPage":{"@id":"https:\/\/verdadeon.com.br\/portal\/2020\/03\/30\/franca-inicia-segunda-semana-de-vacinacao-contra-a-gripe-com-estoque-de-doses-reduzido\/#primaryimage"},"image":{"@id":"https:\/\/verdadeon.com.br\/portal\/2020\/03\/30\/franca-inicia-segunda-semana-de-vacinacao-contra-a-gripe-com-estoque-de-doses-reduzido\/#primaryimage"},"thumbnailUrl":"https:\/\/i0.wp.com\/verdadeon.com.br\/portal\/wp-content\/uploads\/2020\/03\/WhatsApp-Image-2020-03-30-at-10.01.25-scaled.jpg?fit=1000%2C563&ssl=1","datePublished":"2020-03-30T14:01:05+00:00","author":{"@id":"https:\/\/verdadeon.com.br\/portal\/#\/schema\/person\/a5060ad1e9ea3df545188fc93ce43d2f"},"breadcrumb":{"@id":"https:\/\/verdadeon.com.br\/portal\/2020\/03\/30\/franca-inicia-segunda-semana-de-vacinacao-contra-a-gripe-com-estoque-de-doses-reduzido\/#breadcrumb"},"inLanguage":"pt-BR","potentialAction":[{"@type":"ReadAction","target":["https:\/\/verdadeon.com.br\/portal\/2020\/03\/30\/franca-inicia-segunda-semana-de-vacinacao-contra-a-gripe-com-estoque-de-doses-reduzido\/"]}]},{"@type":"ImageObject","inLanguage":"pt-BR","@id":"https:\/\/verdadeon.com.br\/portal\/2020\/03\/30\/franca-inicia-segunda-semana-de-vacinacao-contra-a-gripe-com-estoque-de-doses-reduzido\/#primaryimage","url":"https:\/\/i0.wp.com\/verdadeon.com.br\/portal\/wp-content\/uploads\/2020\/03\/WhatsApp-Image-2020-03-30-at-10.01.25-scaled.jpg?fit=1000%2C563&ssl=1","contentUrl":"https:\/\/i0.wp.com\/verdadeon.com.br\/portal\/wp-content\/uploads\/2020\/03\/WhatsApp-Image-2020-03-30-at-10.01.25-scaled.jpg?fit=1000%2C563&ssl=1","width":1000,"height":563,"caption":"Considerado sucesso pelo setor de Sa\u00fade, o drive-thru segue como ponto de vacina\u00e7\u00e3o no poliesportivo | Foto: Prefeitura\/Divulga\u00e7\u00e3o"},{"@type":"BreadcrumbList","@id":"https:\/\/verdadeon.com.br\/portal\/2020\/03\/30\/franca-inicia-segunda-semana-de-vacinacao-contra-a-gripe-com-estoque-de-doses-reduzido\/#breadcrumb","itemListElement":[{"@type":"ListItem","position":1,"name":"In\u00edcio","item":"https:\/\/verdadeon.com.br\/portal\/"},{"@type":"ListItem","position":2,"name":"Franca inicia segunda semana de vacina\u00e7\u00e3o contra a gripe com estoque de doses reduzido"}]},{"@type":"WebSite","@id":"https:\/\/verdadeon.com.br\/portal\/#website","url":"https:\/\/verdadeon.com.br\/portal\/","name":"VerdadeOn","description":"Not\u00edcias di\u00e1rias sobre Franca, Regi\u00e3o, Esporte, Cultura, Cotidiano, Colunas. Cobertura nos principais eventos da cidade \u00e9 aqui - Verdadeon Franca","potentialAction":[{"@type":"SearchAction","target":{"@type":"EntryPoint","urlTemplate":"https:\/\/verdadeon.com.br\/portal\/?s={search_term_string}"},"query-input":{"@type":"PropertyValueSpecification","valueRequired":true,"valueName":"search_term_string"}}],"inLanguage":"pt-BR"},{"@type":"Person","@id":"https:\/\/verdadeon.com.br\/portal\/#\/schema\/person\/a5060ad1e9ea3df545188fc93ce43d2f","name":"Redacao VerdadeOn","image":{"@type":"ImageObject","inLanguage":"pt-BR","@id":"https:\/\/verdadeon.com.br\/portal\/#\/schema\/person\/image\/","url":"https:\/\/secure.gravatar.com\/avatar\/459a9613caaaf07f582c3d0841eea68bdd66f533e465e6ba8b9cb45619572cf4?s=96&d=mm&r=g","contentUrl":"https:\/\/secure.gravatar.com\/avatar\/459a9613caaaf07f582c3d0841eea68bdd66f533e465e6ba8b9cb45619572cf4?s=96&d=mm&r=g","caption":"Redacao VerdadeOn"},"url":"https:\/\/verdadeon.com.br\/portal\/author\/redacao\/"}]}},"jetpack_publicize_connections":[],"jetpack_featured_media_url":"https:\/\/i0.wp.com\/verdadeon.com.br\/portal\/wp-content\/uploads\/2020\/03\/WhatsApp-Image-2020-03-30-at-10.01.25-scaled.jpg?fit=1000%2C563&ssl=1","jetpack_sharing_enabled":true,"_links":{"self":[{"href":"https:\/\/verdadeon.com.br\/portal\/wp-json\/wp\/v2\/posts\/5862","targetHints":{"allow":["GET"]}}],"collection":[{"href":"https:\/\/verdadeon.com.br\/portal\/wp-json\/wp\/v2\/posts"}],"about":[{"href":"https:\/\/verdadeon.com.br\/portal\/wp-json\/wp\/v2\/types\/post"}],"author":[{"embeddable":true,"href":"https:\/\/verdadeon.com.br\/portal\/wp-json\/wp\/v2\/users\/10"}],"replies":[{"embeddable":true,"href":"https:\/\/verdadeon.com.br\/portal\/wp-json\/wp\/v2\/comments?post=5862"}],"version-history":[{"count":0,"href":"https:\/\/verdadeon.com.br\/portal\/wp-json\/wp\/v2\/posts\/5862\/revisions"}],"wp:featuredmedia":[{"embeddable":true,"href":"https:\/\/verdadeon.com.br\/portal\/wp-json\/wp\/v2\/media\/5864"}],"wp:attachment":[{"href":"https:\/\/verdadeon.com.br\/portal\/wp-json\/wp\/v2\/media?parent=5862"}],"wp:term":[{"taxonomy":"category","embeddable":true,"href":"https:\/\/verdadeon.com.br\/portal\/wp-json\/wp\/v2\/categories?post=5862"},{"taxonomy":"post_tag","embeddable":true,"href":"https:\/\/verdadeon.com.br\/portal\/wp-json\/wp\/v2\/tags?post=5862"}],"curies":[{"name":"wp","href":"https:\/\/api.w.org\/{rel}","templated":true}]}}