{"id":58579,"date":"2025-08-02T18:41:16","date_gmt":"2025-08-02T21:41:16","guid":{"rendered":"https:\/\/verdadeon.com.br\/portal\/?p=58579"},"modified":"2025-08-02T18:41:16","modified_gmt":"2025-08-02T21:41:16","slug":"verdadepets-presidente-sanciona-lei-15-183-2025-que-proibe-testes-cosmeticos-em-animais-uma-conquista-historica-para-a-causa-animal","status":"publish","type":"post","link":"https:\/\/verdadeon.com.br\/portal\/2025\/08\/02\/verdadepets-presidente-sanciona-lei-15-183-2025-que-proibe-testes-cosmeticos-em-animais-uma-conquista-historica-para-a-causa-animal\/","title":{"rendered":"(VerdadePets) Presidente sanciona Lei 15.183\/2025 que pro\u00edbe testes cosm\u00e9ticos em animais: uma conquista hist\u00f3rica para a causa animal"},"content":{"rendered":"<p style=\"text-align: right;\"><em><strong>Por Maysa Kaluf<\/strong><\/em><\/p>\n<p>Em 30 de julho de 2025, o Presidente da Rep\u00fablica, Luiz In\u00e1cio Lula da Silva, sancionou a Lei n\u00ba\u202f15.183\/2025, que pro\u00edbe o uso de animais vivos em testes laboratoriais para o desenvolvimento de cosm\u00e9ticos, produtos de higiene pessoal e perfumes. A san\u00e7\u00e3o ocorreu em cerim\u00f4nia no Pal\u00e1cio do Planalto, com a presen\u00e7a da ministra do Meio Ambiente, Marina Silva, e outras autoridades governamentais.<\/p>\n<p>A nova norma altera a Lei 11.794\/2008 (Lei Arouca) e a Lei 6.360\/1976, e estabelece que:<\/p>\n<ul>\n<li>\u00c9 proibido realizar novos testes em animais vertebrados vivos para cosm\u00e9ticos, perfumes ou produtos de higiene a partir da entrada em vigor da lei;<\/li>\n<li>Dados derivados de testes em animais realizados ap\u00f3s a vig\u00eancia da lei n\u00e3o poder\u00e3o ser usados para registro ou comercializa\u00e7\u00e3o.<\/li>\n<\/ul>\n<p>A lei entrou em vigor imediatamente com a publica\u00e7\u00e3o, abrindo um prazo de dois anos \u2014 at\u00e9 31 de julho de 2027 \u2014 para que as autoridades sanit\u00e1rias implementem medidas que reconhe\u00e7am os m\u00e9todos alternativos e garantam a dissemina\u00e7\u00e3o dessas t\u00e9cnicas em todo o pa\u00eds\u00a0 .<\/p>\n<p>De acordo com o texto legal:<\/p>\n<ul>\n<li>Produtos e ingredientes testados antes da vig\u00eancia da lei poder\u00e3o ser comercializados normalmente;<\/li>\n<li>Testes em animais requeridos por normas sanit\u00e1rias n\u00e3o cosm\u00e9ticas (como para medicamentos) podem ser aproveitados, desde que devidamente comprovados, mas n\u00e3o permitem uso de selos \u201ccruelty\u2011free\u201d.<\/li>\n<\/ul>\n<p>Durante a cerim\u00f4nia, o presidente Lula afirmou:<\/p>\n<p>\u201cAs criaturas que t\u00eam como habitat natural o planeta Terra n\u00e3o v\u00e3o ser mais cobaias de experi\u00eancias nesse pa\u00eds\u201d\u00a0 .<\/p>\n<p>A ministra Marina Silva destacou que a legisla\u00e7\u00e3o refor\u00e7a uma conviv\u00eancia mais justa e equilibrada entre humanos, animais e meio ambiente. Segundo ela, a medida representa um \u201cinvestimento em vida, civilidade e respeito\u201d e uma eleva\u00e7\u00e3o da humanidade coletiva\u00a0 .<\/p>\n<p>Para o Conselho Nacional de Controle de Experimenta\u00e7\u00e3o Animal (Concea), a nova lei complementa a Resolu\u00e7\u00e3o 58\/2023, que j\u00e1 restringia testes com animais para ingredientes com seguran\u00e7a comprovada, exigindo m\u00e9todos alternativos sempre que poss\u00edvel\u00a0 .<\/p>\n<p><strong>Aspectos jur\u00eddicos e implica\u00e7\u00f5es<\/strong><\/p>\n<p>A Lei 15.183\/2025 consolida um movimento iniciado em n\u00edvel local \u2014 estados como S\u00e3o Paulo, Rio de Janeiro, Amazonas, entre outros, j\u00e1 proibiam testes cosm\u00e9ticos em animais desde 2014\u20132017 \u2014 mas sem uniformidade nacional\u00a0 .<\/p>\n<p>Com a veda\u00e7\u00e3o federal, o Brasil se alinha \u00e0s diretrizes internacionais de prote\u00e7\u00e3o animal, avan\u00e7ando em conson\u00e2ncia com mais de 40 pa\u00edses que j\u00e1 adotaram proibi\u00e7\u00f5es similares, incluindo a Uni\u00e3o Europeia, \u00cdndia, Israel, Nova Zel\u00e2ndia e Coreia do Sul\u00a0 .<\/p>\n<p><strong>Caminhos para implementa\u00e7\u00e3o e fiscaliza\u00e7\u00e3o<\/strong><\/p>\n<p>A lei exige que as autoridades sanit\u00e1rias:<\/p>\n<ul>\n<li>Desenvolvam normas para o uso de express\u00f5es como \u201cn\u00e3o testado em animais\u201d nas embalagens;<\/li>\n<li>Realizem relat\u00f3rios bienais sobre a exig\u00eancia de comprova\u00e7\u00e3o documental \u00e0s empresas e sobre uso de dados de testes em animais;<\/li>\n<li>Implementem um plano estrat\u00e9gico nacional para promover os m\u00e9todos alternativos \u2014 como testes in vitro, modelos computacionais e pele artificial \u2013 e refor\u00e7ar a ci\u00eancia livre de crueldade.<\/li>\n<\/ul>\n<p>Empresas que descumprirem as novas regras ap\u00f3s o per\u00edodo de transi\u00e7\u00e3o poder\u00e3o ser enquadradas em infra\u00e7\u00f5es sanit\u00e1rias, conforme as penalidades previstas na Lei 6.360\/1976, agora atualizada por meio da nova lei\u00a0 .<\/p>\n<p><strong>Considera\u00e7\u00f5es finais<\/strong><\/p>\n<p>A Lei 15.183\/2025 representa n\u00e3o apenas um avan\u00e7o normativo, mas tamb\u00e9m uma vit\u00f3ria \u00e9tica e cient\u00edfica: a ci\u00eancia moderna oferece alternativas confi\u00e1veis e humanit\u00e1rias. Essa medida assegura que o Brasil caminhe para uma ind\u00fastria de beleza respons\u00e1vel, livre de sofrimento animal \u2014 um claro tombamento civilizacional.<\/p>\n","protected":false},"excerpt":{"rendered":"<p>Por Maysa Kaluf Em 30 de julho de 2025, o Presidente da Rep\u00fablica, Luiz In\u00e1cio Lula da Silva, sancionou a Lei n\u00ba\u202f15.183\/2025, que pro\u00edbe o uso<span class=\"excerpt-hellip\"> [\u2026]<\/span><\/p>\n","protected":false},"author":10,"featured_media":58580,"comment_status":"open","ping_status":"open","sticky":false,"template":"","format":"standard","meta":{"_jetpack_memberships_contains_paid_content":false,"footnotes":"","jetpack_publicize_message":"","jetpack_publicize_feature_enabled":true,"jetpack_social_post_already_shared":true,"jetpack_social_options":{"image_generator_settings":{"template":"highway","default_image_id":0,"enabled":false},"version":2}},"categories":[28,44],"tags":[],"class_list":["post-58579","post","type-post","status-publish","format-standard","has-post-thumbnail","hentry","category-cotidiano","category-noticias"],"yoast_head":"<!-- This site is optimized with the Yoast SEO plugin v25.6 - https:\/\/yoast.com\/wordpress\/plugins\/seo\/ -->\n<title>(VerdadePets) Presidente sanciona Lei 15.183\/2025 que pro\u00edbe testes cosm\u00e9ticos em animais: uma conquista hist\u00f3rica para a causa animal - VerdadeOn<\/title>\n<meta name=\"robots\" content=\"index, follow, max-snippet:-1, max-image-preview:large, max-video-preview:-1\" \/>\n<link rel=\"canonical\" href=\"https:\/\/verdadeon.com.br\/portal\/2025\/08\/02\/verdadepets-presidente-sanciona-lei-15-183-2025-que-proibe-testes-cosmeticos-em-animais-uma-conquista-historica-para-a-causa-animal\/\" \/>\n<meta property=\"og:locale\" content=\"pt_BR\" \/>\n<meta property=\"og:type\" content=\"article\" \/>\n<meta property=\"og:title\" content=\"(VerdadePets) Presidente sanciona Lei 15.183\/2025 que pro\u00edbe testes cosm\u00e9ticos em animais: uma conquista hist\u00f3rica para a causa animal - VerdadeOn\" \/>\n<meta property=\"og:description\" content=\"Por Maysa Kaluf Em 30 de julho de 2025, o Presidente da Rep\u00fablica, Luiz In\u00e1cio Lula da Silva, sancionou a Lei n\u00ba\u202f15.183\/2025, que pro\u00edbe o uso [\u2026]\" \/>\n<meta property=\"og:url\" content=\"https:\/\/verdadeon.com.br\/portal\/2025\/08\/02\/verdadepets-presidente-sanciona-lei-15-183-2025-que-proibe-testes-cosmeticos-em-animais-uma-conquista-historica-para-a-causa-animal\/\" \/>\n<meta property=\"og:site_name\" content=\"VerdadeOn\" \/>\n<meta property=\"article:published_time\" content=\"2025-08-02T21:41:16+00:00\" \/>\n<meta property=\"og:image\" content=\"https:\/\/verdadeon.com.br\/portal\/wp-content\/uploads\/2025\/08\/WhatsApp-Image-2025-08-02-at-12.12.17-e1754170860605.jpeg\" \/>\n\t<meta property=\"og:image:width\" content=\"1050\" \/>\n\t<meta property=\"og:image:height\" content=\"699\" \/>\n\t<meta property=\"og:image:type\" content=\"image\/jpeg\" \/>\n<meta name=\"author\" content=\"Redacao VerdadeOn\" \/>\n<meta name=\"twitter:card\" content=\"summary_large_image\" \/>\n<meta name=\"twitter:label1\" content=\"Escrito por\" \/>\n\t<meta name=\"twitter:data1\" content=\"Redacao VerdadeOn\" \/>\n\t<meta name=\"twitter:label2\" content=\"Est. tempo de leitura\" \/>\n\t<meta name=\"twitter:data2\" content=\"4 minutos\" \/>\n<script type=\"application\/ld+json\" class=\"yoast-schema-graph\">{\"@context\":\"https:\/\/schema.org\",\"@graph\":[{\"@type\":\"WebPage\",\"@id\":\"https:\/\/verdadeon.com.br\/portal\/2025\/08\/02\/verdadepets-presidente-sanciona-lei-15-183-2025-que-proibe-testes-cosmeticos-em-animais-uma-conquista-historica-para-a-causa-animal\/\",\"url\":\"https:\/\/verdadeon.com.br\/portal\/2025\/08\/02\/verdadepets-presidente-sanciona-lei-15-183-2025-que-proibe-testes-cosmeticos-em-animais-uma-conquista-historica-para-a-causa-animal\/\",\"name\":\"(VerdadePets) Presidente sanciona Lei 15.183\/2025 que pro\u00edbe testes cosm\u00e9ticos em animais: uma conquista hist\u00f3rica para a causa animal - VerdadeOn\",\"isPartOf\":{\"@id\":\"https:\/\/verdadeon.com.br\/portal\/#website\"},\"primaryImageOfPage\":{\"@id\":\"https:\/\/verdadeon.com.br\/portal\/2025\/08\/02\/verdadepets-presidente-sanciona-lei-15-183-2025-que-proibe-testes-cosmeticos-em-animais-uma-conquista-historica-para-a-causa-animal\/#primaryimage\"},\"image\":{\"@id\":\"https:\/\/verdadeon.com.br\/portal\/2025\/08\/02\/verdadepets-presidente-sanciona-lei-15-183-2025-que-proibe-testes-cosmeticos-em-animais-uma-conquista-historica-para-a-causa-animal\/#primaryimage\"},\"thumbnailUrl\":\"https:\/\/i0.wp.com\/verdadeon.com.br\/portal\/wp-content\/uploads\/2025\/08\/WhatsApp-Image-2025-08-02-at-12.12.17-e1754170860605.jpeg?fit=1050%2C699&ssl=1\",\"datePublished\":\"2025-08-02T21:41:16+00:00\",\"author\":{\"@id\":\"https:\/\/verdadeon.com.br\/portal\/#\/schema\/person\/a5060ad1e9ea3df545188fc93ce43d2f\"},\"breadcrumb\":{\"@id\":\"https:\/\/verdadeon.com.br\/portal\/2025\/08\/02\/verdadepets-presidente-sanciona-lei-15-183-2025-que-proibe-testes-cosmeticos-em-animais-uma-conquista-historica-para-a-causa-animal\/#breadcrumb\"},\"inLanguage\":\"pt-BR\",\"potentialAction\":[{\"@type\":\"ReadAction\",\"target\":[\"https:\/\/verdadeon.com.br\/portal\/2025\/08\/02\/verdadepets-presidente-sanciona-lei-15-183-2025-que-proibe-testes-cosmeticos-em-animais-uma-conquista-historica-para-a-causa-animal\/\"]}]},{\"@type\":\"ImageObject\",\"inLanguage\":\"pt-BR\",\"@id\":\"https:\/\/verdadeon.com.br\/portal\/2025\/08\/02\/verdadepets-presidente-sanciona-lei-15-183-2025-que-proibe-testes-cosmeticos-em-animais-uma-conquista-historica-para-a-causa-animal\/#primaryimage\",\"url\":\"https:\/\/i0.wp.com\/verdadeon.com.br\/portal\/wp-content\/uploads\/2025\/08\/WhatsApp-Image-2025-08-02-at-12.12.17-e1754170860605.jpeg?fit=1050%2C699&ssl=1\",\"contentUrl\":\"https:\/\/i0.wp.com\/verdadeon.com.br\/portal\/wp-content\/uploads\/2025\/08\/WhatsApp-Image-2025-08-02-at-12.12.17-e1754170860605.jpeg?fit=1050%2C699&ssl=1\",\"width\":1050,\"height\":699,\"caption\":\"(Divulga\u00e7\u00e3o)\"},{\"@type\":\"BreadcrumbList\",\"@id\":\"https:\/\/verdadeon.com.br\/portal\/2025\/08\/02\/verdadepets-presidente-sanciona-lei-15-183-2025-que-proibe-testes-cosmeticos-em-animais-uma-conquista-historica-para-a-causa-animal\/#breadcrumb\",\"itemListElement\":[{\"@type\":\"ListItem\",\"position\":1,\"name\":\"In\u00edcio\",\"item\":\"https:\/\/verdadeon.com.br\/portal\/\"},{\"@type\":\"ListItem\",\"position\":2,\"name\":\"(VerdadePets) Presidente sanciona Lei 15.183\/2025 que pro\u00edbe testes cosm\u00e9ticos em animais: uma conquista hist\u00f3rica para a causa animal\"}]},{\"@type\":\"WebSite\",\"@id\":\"https:\/\/verdadeon.com.br\/portal\/#website\",\"url\":\"https:\/\/verdadeon.com.br\/portal\/\",\"name\":\"VerdadeOn\",\"description\":\"Not\u00edcias di\u00e1rias sobre Franca, Regi\u00e3o, Esporte, Cultura, Cotidiano, Colunas. Cobertura nos principais eventos da cidade \u00e9 aqui - Verdadeon Franca\",\"potentialAction\":[{\"@type\":\"SearchAction\",\"target\":{\"@type\":\"EntryPoint\",\"urlTemplate\":\"https:\/\/verdadeon.com.br\/portal\/?s={search_term_string}\"},\"query-input\":{\"@type\":\"PropertyValueSpecification\",\"valueRequired\":true,\"valueName\":\"search_term_string\"}}],\"inLanguage\":\"pt-BR\"},{\"@type\":\"Person\",\"@id\":\"https:\/\/verdadeon.com.br\/portal\/#\/schema\/person\/a5060ad1e9ea3df545188fc93ce43d2f\",\"name\":\"Redacao VerdadeOn\",\"image\":{\"@type\":\"ImageObject\",\"inLanguage\":\"pt-BR\",\"@id\":\"https:\/\/verdadeon.com.br\/portal\/#\/schema\/person\/image\/\",\"url\":\"https:\/\/secure.gravatar.com\/avatar\/459a9613caaaf07f582c3d0841eea68bdd66f533e465e6ba8b9cb45619572cf4?s=96&d=mm&r=g\",\"contentUrl\":\"https:\/\/secure.gravatar.com\/avatar\/459a9613caaaf07f582c3d0841eea68bdd66f533e465e6ba8b9cb45619572cf4?s=96&d=mm&r=g\",\"caption\":\"Redacao VerdadeOn\"},\"url\":\"https:\/\/verdadeon.com.br\/portal\/author\/redacao\/\"}]}<\/script>\n<!-- \/ Yoast SEO plugin. -->","yoast_head_json":{"title":"(VerdadePets) Presidente sanciona Lei 15.183\/2025 que pro\u00edbe testes cosm\u00e9ticos em animais: uma conquista hist\u00f3rica para a causa animal - VerdadeOn","robots":{"index":"index","follow":"follow","max-snippet":"max-snippet:-1","max-image-preview":"max-image-preview:large","max-video-preview":"max-video-preview:-1"},"canonical":"https:\/\/verdadeon.com.br\/portal\/2025\/08\/02\/verdadepets-presidente-sanciona-lei-15-183-2025-que-proibe-testes-cosmeticos-em-animais-uma-conquista-historica-para-a-causa-animal\/","og_locale":"pt_BR","og_type":"article","og_title":"(VerdadePets) Presidente sanciona Lei 15.183\/2025 que pro\u00edbe testes cosm\u00e9ticos em animais: uma conquista hist\u00f3rica para a causa animal - VerdadeOn","og_description":"Por Maysa Kaluf Em 30 de julho de 2025, o Presidente da Rep\u00fablica, Luiz In\u00e1cio Lula da Silva, sancionou a Lei n\u00ba\u202f15.183\/2025, que pro\u00edbe o uso [\u2026]","og_url":"https:\/\/verdadeon.com.br\/portal\/2025\/08\/02\/verdadepets-presidente-sanciona-lei-15-183-2025-que-proibe-testes-cosmeticos-em-animais-uma-conquista-historica-para-a-causa-animal\/","og_site_name":"VerdadeOn","article_published_time":"2025-08-02T21:41:16+00:00","og_image":[{"width":1050,"height":699,"url":"https:\/\/verdadeon.com.br\/portal\/wp-content\/uploads\/2025\/08\/WhatsApp-Image-2025-08-02-at-12.12.17-e1754170860605.jpeg","type":"image\/jpeg"}],"author":"Redacao VerdadeOn","twitter_card":"summary_large_image","twitter_misc":{"Escrito por":"Redacao VerdadeOn","Est. tempo de leitura":"4 minutos"},"schema":{"@context":"https:\/\/schema.org","@graph":[{"@type":"WebPage","@id":"https:\/\/verdadeon.com.br\/portal\/2025\/08\/02\/verdadepets-presidente-sanciona-lei-15-183-2025-que-proibe-testes-cosmeticos-em-animais-uma-conquista-historica-para-a-causa-animal\/","url":"https:\/\/verdadeon.com.br\/portal\/2025\/08\/02\/verdadepets-presidente-sanciona-lei-15-183-2025-que-proibe-testes-cosmeticos-em-animais-uma-conquista-historica-para-a-causa-animal\/","name":"(VerdadePets) Presidente sanciona Lei 15.183\/2025 que pro\u00edbe testes cosm\u00e9ticos em animais: uma conquista hist\u00f3rica para a causa animal - VerdadeOn","isPartOf":{"@id":"https:\/\/verdadeon.com.br\/portal\/#website"},"primaryImageOfPage":{"@id":"https:\/\/verdadeon.com.br\/portal\/2025\/08\/02\/verdadepets-presidente-sanciona-lei-15-183-2025-que-proibe-testes-cosmeticos-em-animais-uma-conquista-historica-para-a-causa-animal\/#primaryimage"},"image":{"@id":"https:\/\/verdadeon.com.br\/portal\/2025\/08\/02\/verdadepets-presidente-sanciona-lei-15-183-2025-que-proibe-testes-cosmeticos-em-animais-uma-conquista-historica-para-a-causa-animal\/#primaryimage"},"thumbnailUrl":"https:\/\/i0.wp.com\/verdadeon.com.br\/portal\/wp-content\/uploads\/2025\/08\/WhatsApp-Image-2025-08-02-at-12.12.17-e1754170860605.jpeg?fit=1050%2C699&ssl=1","datePublished":"2025-08-02T21:41:16+00:00","author":{"@id":"https:\/\/verdadeon.com.br\/portal\/#\/schema\/person\/a5060ad1e9ea3df545188fc93ce43d2f"},"breadcrumb":{"@id":"https:\/\/verdadeon.com.br\/portal\/2025\/08\/02\/verdadepets-presidente-sanciona-lei-15-183-2025-que-proibe-testes-cosmeticos-em-animais-uma-conquista-historica-para-a-causa-animal\/#breadcrumb"},"inLanguage":"pt-BR","potentialAction":[{"@type":"ReadAction","target":["https:\/\/verdadeon.com.br\/portal\/2025\/08\/02\/verdadepets-presidente-sanciona-lei-15-183-2025-que-proibe-testes-cosmeticos-em-animais-uma-conquista-historica-para-a-causa-animal\/"]}]},{"@type":"ImageObject","inLanguage":"pt-BR","@id":"https:\/\/verdadeon.com.br\/portal\/2025\/08\/02\/verdadepets-presidente-sanciona-lei-15-183-2025-que-proibe-testes-cosmeticos-em-animais-uma-conquista-historica-para-a-causa-animal\/#primaryimage","url":"https:\/\/i0.wp.com\/verdadeon.com.br\/portal\/wp-content\/uploads\/2025\/08\/WhatsApp-Image-2025-08-02-at-12.12.17-e1754170860605.jpeg?fit=1050%2C699&ssl=1","contentUrl":"https:\/\/i0.wp.com\/verdadeon.com.br\/portal\/wp-content\/uploads\/2025\/08\/WhatsApp-Image-2025-08-02-at-12.12.17-e1754170860605.jpeg?fit=1050%2C699&ssl=1","width":1050,"height":699,"caption":"(Divulga\u00e7\u00e3o)"},{"@type":"BreadcrumbList","@id":"https:\/\/verdadeon.com.br\/portal\/2025\/08\/02\/verdadepets-presidente-sanciona-lei-15-183-2025-que-proibe-testes-cosmeticos-em-animais-uma-conquista-historica-para-a-causa-animal\/#breadcrumb","itemListElement":[{"@type":"ListItem","position":1,"name":"In\u00edcio","item":"https:\/\/verdadeon.com.br\/portal\/"},{"@type":"ListItem","position":2,"name":"(VerdadePets) Presidente sanciona Lei 15.183\/2025 que pro\u00edbe testes cosm\u00e9ticos em animais: uma conquista hist\u00f3rica para a causa animal"}]},{"@type":"WebSite","@id":"https:\/\/verdadeon.com.br\/portal\/#website","url":"https:\/\/verdadeon.com.br\/portal\/","name":"VerdadeOn","description":"Not\u00edcias di\u00e1rias sobre Franca, Regi\u00e3o, Esporte, Cultura, Cotidiano, Colunas. Cobertura nos principais eventos da cidade \u00e9 aqui - Verdadeon Franca","potentialAction":[{"@type":"SearchAction","target":{"@type":"EntryPoint","urlTemplate":"https:\/\/verdadeon.com.br\/portal\/?s={search_term_string}"},"query-input":{"@type":"PropertyValueSpecification","valueRequired":true,"valueName":"search_term_string"}}],"inLanguage":"pt-BR"},{"@type":"Person","@id":"https:\/\/verdadeon.com.br\/portal\/#\/schema\/person\/a5060ad1e9ea3df545188fc93ce43d2f","name":"Redacao VerdadeOn","image":{"@type":"ImageObject","inLanguage":"pt-BR","@id":"https:\/\/verdadeon.com.br\/portal\/#\/schema\/person\/image\/","url":"https:\/\/secure.gravatar.com\/avatar\/459a9613caaaf07f582c3d0841eea68bdd66f533e465e6ba8b9cb45619572cf4?s=96&d=mm&r=g","contentUrl":"https:\/\/secure.gravatar.com\/avatar\/459a9613caaaf07f582c3d0841eea68bdd66f533e465e6ba8b9cb45619572cf4?s=96&d=mm&r=g","caption":"Redacao VerdadeOn"},"url":"https:\/\/verdadeon.com.br\/portal\/author\/redacao\/"}]}},"jetpack_publicize_connections":[],"jetpack_featured_media_url":"https:\/\/i0.wp.com\/verdadeon.com.br\/portal\/wp-content\/uploads\/2025\/08\/WhatsApp-Image-2025-08-02-at-12.12.17-e1754170860605.jpeg?fit=1050%2C699&ssl=1","jetpack_sharing_enabled":true,"_links":{"self":[{"href":"https:\/\/verdadeon.com.br\/portal\/wp-json\/wp\/v2\/posts\/58579","targetHints":{"allow":["GET"]}}],"collection":[{"href":"https:\/\/verdadeon.com.br\/portal\/wp-json\/wp\/v2\/posts"}],"about":[{"href":"https:\/\/verdadeon.com.br\/portal\/wp-json\/wp\/v2\/types\/post"}],"author":[{"embeddable":true,"href":"https:\/\/verdadeon.com.br\/portal\/wp-json\/wp\/v2\/users\/10"}],"replies":[{"embeddable":true,"href":"https:\/\/verdadeon.com.br\/portal\/wp-json\/wp\/v2\/comments?post=58579"}],"version-history":[{"count":1,"href":"https:\/\/verdadeon.com.br\/portal\/wp-json\/wp\/v2\/posts\/58579\/revisions"}],"predecessor-version":[{"id":58581,"href":"https:\/\/verdadeon.com.br\/portal\/wp-json\/wp\/v2\/posts\/58579\/revisions\/58581"}],"wp:featuredmedia":[{"embeddable":true,"href":"https:\/\/verdadeon.com.br\/portal\/wp-json\/wp\/v2\/media\/58580"}],"wp:attachment":[{"href":"https:\/\/verdadeon.com.br\/portal\/wp-json\/wp\/v2\/media?parent=58579"}],"wp:term":[{"taxonomy":"category","embeddable":true,"href":"https:\/\/verdadeon.com.br\/portal\/wp-json\/wp\/v2\/categories?post=58579"},{"taxonomy":"post_tag","embeddable":true,"href":"https:\/\/verdadeon.com.br\/portal\/wp-json\/wp\/v2\/tags?post=58579"}],"curies":[{"name":"wp","href":"https:\/\/api.w.org\/{rel}","templated":true}]}}