{"id":58521,"date":"2025-08-01T12:13:56","date_gmt":"2025-08-01T15:13:56","guid":{"rendered":"https:\/\/verdadeon.com.br\/portal\/?p=58521"},"modified":"2025-08-01T12:14:35","modified_gmt":"2025-08-01T15:14:35","slug":"motorista-fica-preso-as-ferragens-apos-tombamento-de-carreta-em-ituverava","status":"publish","type":"post","link":"https:\/\/verdadeon.com.br\/portal\/2025\/08\/01\/motorista-fica-preso-as-ferragens-apos-tombamento-de-carreta-em-ituverava\/","title":{"rendered":"Motorista fica preso \u00e0s ferragens ap\u00f3s tombamento de carreta em Ituverava"},"content":{"rendered":"<h2>Acidente aconteceu na Rodovia Anhanguera (SP-330)<\/h2>\n<p style=\"text-align: right;\"><em><strong>Por Pedro Maia<\/strong><\/em><br \/>\n<em><strong>Editor-chefe<\/strong><\/em><\/p>\n<p>Nesta quinta-feira, 31 de julho, uma carreta tombou no km 415 da Rodovia Anhanguera (SP-330), em Ituverava, a cerca de 70 quil\u00f4metros de Franca. O motorista ficou preso \u00e0s ferragens ap\u00f3s o acidente.<\/p>\n<p>Segundo informa\u00e7\u00f5es colhidas no local pela Entrevias, concession\u00e1ria que administra o trecho, a carreta Stralis 600 trafegava no sentido norte da Rodovia quando, no km citado, por motivos a serem esclarecidos, atingiu o retrovisor de um caminh\u00e3o Scania P 320 parado no acostamento. Em ato continuo, colidiu contra a lateral traseira da Scania G400, vindo tombar sobre as faixas 1, 2 e acostamento, permanecendo imobilizada no local.<\/p>\n<p><img data-recalc-dims=\"1\" loading=\"lazy\" decoding=\"async\" class=\"alignnone size-full wp-image-58522\" src=\"https:\/\/i0.wp.com\/verdadeon.com.br\/portal\/wp-content\/uploads\/2025\/08\/AnyConv.com__download-1.jpeg?resize=1220%2C817&#038;ssl=1\" alt=\"\" width=\"1220\" height=\"817\" srcset=\"https:\/\/i0.wp.com\/verdadeon.com.br\/portal\/wp-content\/uploads\/2025\/08\/AnyConv.com__download-1.jpeg?w=1600&amp;ssl=1 1600w, https:\/\/i0.wp.com\/verdadeon.com.br\/portal\/wp-content\/uploads\/2025\/08\/AnyConv.com__download-1.jpeg?resize=300%2C201&amp;ssl=1 300w, https:\/\/i0.wp.com\/verdadeon.com.br\/portal\/wp-content\/uploads\/2025\/08\/AnyConv.com__download-1.jpeg?resize=1024%2C686&amp;ssl=1 1024w, https:\/\/i0.wp.com\/verdadeon.com.br\/portal\/wp-content\/uploads\/2025\/08\/AnyConv.com__download-1.jpeg?resize=768%2C515&amp;ssl=1 768w, https:\/\/i0.wp.com\/verdadeon.com.br\/portal\/wp-content\/uploads\/2025\/08\/AnyConv.com__download-1.jpeg?resize=1536%2C1029&amp;ssl=1 1536w, https:\/\/i0.wp.com\/verdadeon.com.br\/portal\/wp-content\/uploads\/2025\/08\/AnyConv.com__download-1.jpeg?resize=218%2C146&amp;ssl=1 218w, https:\/\/i0.wp.com\/verdadeon.com.br\/portal\/wp-content\/uploads\/2025\/08\/AnyConv.com__download-1.jpeg?resize=50%2C34&amp;ssl=1 50w, https:\/\/i0.wp.com\/verdadeon.com.br\/portal\/wp-content\/uploads\/2025\/08\/AnyConv.com__download-1.jpeg?resize=112%2C75&amp;ssl=1 112w, https:\/\/i0.wp.com\/verdadeon.com.br\/portal\/wp-content\/uploads\/2025\/08\/AnyConv.com__download-1.jpeg?resize=1000%2C670&amp;ssl=1 1000w\" sizes=\"auto, (max-width: 1220px) 100vw, 1220px\" \/><\/p>\n<p>Cerca de 45 minutos depois, o Corpo de Bombeiros conseguiu retirar o condutor das ferragens. O SAMU (Servi\u00e7o de Atendimento M\u00f3vel de Urg\u00eancia) levou o motorista, levemente ferido, para o hospital . Foi tamb\u00e9m realizado o deslocamento do ve\u00edculo e da carga para o acostamento e \u00e1rea de dom\u00ednio. O sentido norte da via ficou congestionado ao longo de 5 km por cerca de duas horas.<\/p>\n<p>A Stralis 600, que atingiu os demais ve\u00edculos, transportava 30 mil litros de desinfetante &#8211; cuja carga derramou totalmente pelo local. J\u00e1 a Scania G400, que recebeu o choque, carregava 27 toneladas de fibras de vidro. O caminh\u00e3o, que estava parado no acostamento, levava 14,5 toneladas de madeira MDF. Os dois \u00faltimos ve\u00edculos n\u00e3o perderam sua carga e seus condutores sa\u00edram ilesos.<\/p>\n<p>As causas da perda de dire\u00e7\u00e3o ainda ser\u00e3o investigadas. At\u00e9 o in\u00edcio da tarde desta sexta-feira, 1\u00b0 de agosto, o veiculo continuava pelo local aguardando o destombamento por parte da seguradora.<\/p>\n","protected":false},"excerpt":{"rendered":"<p>Acidente aconteceu na Rodovia Anhanguera (SP-330) Por Pedro Maia Editor-chefe Nesta quinta-feira, 31 de julho, uma carreta tombou no km 415 da Rodovia Anhanguera (SP-330), em<span class=\"excerpt-hellip\"> [\u2026]<\/span><\/p>\n","protected":false},"author":10,"featured_media":58523,"comment_status":"open","ping_status":"open","sticky":false,"template":"","format":"standard","meta":{"_jetpack_memberships_contains_paid_content":false,"footnotes":"","jetpack_publicize_message":"","jetpack_publicize_feature_enabled":true,"jetpack_social_post_already_shared":true,"jetpack_social_options":{"image_generator_settings":{"template":"highway","default_image_id":0,"enabled":false},"version":2}},"categories":[28,81],"tags":[],"class_list":["post-58521","post","type-post","status-publish","format-standard","has-post-thumbnail","hentry","category-cotidiano","category-manchete"],"yoast_head":"<!-- This site is optimized with the Yoast SEO plugin v25.6 - https:\/\/yoast.com\/wordpress\/plugins\/seo\/ -->\n<title>Motorista fica preso \u00e0s ferragens ap\u00f3s tombamento de carreta em Ituverava - VerdadeOn<\/title>\n<meta name=\"robots\" content=\"index, follow, max-snippet:-1, max-image-preview:large, max-video-preview:-1\" \/>\n<link rel=\"canonical\" href=\"https:\/\/verdadeon.com.br\/portal\/2025\/08\/01\/motorista-fica-preso-as-ferragens-apos-tombamento-de-carreta-em-ituverava\/\" \/>\n<meta property=\"og:locale\" content=\"pt_BR\" \/>\n<meta property=\"og:type\" content=\"article\" \/>\n<meta property=\"og:title\" content=\"Motorista fica preso \u00e0s ferragens ap\u00f3s tombamento de carreta em Ituverava - VerdadeOn\" \/>\n<meta property=\"og:description\" content=\"Acidente aconteceu na Rodovia Anhanguera (SP-330) Por Pedro Maia Editor-chefe Nesta quinta-feira, 31 de julho, uma carreta tombou no km 415 da Rodovia Anhanguera (SP-330), em [\u2026]\" \/>\n<meta property=\"og:url\" content=\"https:\/\/verdadeon.com.br\/portal\/2025\/08\/01\/motorista-fica-preso-as-ferragens-apos-tombamento-de-carreta-em-ituverava\/\" \/>\n<meta property=\"og:site_name\" content=\"VerdadeOn\" \/>\n<meta property=\"article:published_time\" content=\"2025-08-01T15:13:56+00:00\" \/>\n<meta property=\"article:modified_time\" content=\"2025-08-01T15:14:35+00:00\" \/>\n<meta property=\"og:image\" content=\"https:\/\/verdadeon.com.br\/portal\/wp-content\/uploads\/2025\/08\/AnyConv.com__download.jpeg\" \/>\n\t<meta property=\"og:image:width\" content=\"1075\" \/>\n\t<meta property=\"og:image:height\" content=\"720\" \/>\n\t<meta property=\"og:image:type\" content=\"image\/jpeg\" \/>\n<meta name=\"author\" content=\"Redacao VerdadeOn\" \/>\n<meta name=\"twitter:card\" content=\"summary_large_image\" \/>\n<meta name=\"twitter:label1\" content=\"Escrito por\" \/>\n\t<meta name=\"twitter:data1\" content=\"Redacao VerdadeOn\" \/>\n\t<meta name=\"twitter:label2\" content=\"Est. tempo de leitura\" \/>\n\t<meta name=\"twitter:data2\" content=\"2 minutos\" \/>\n<script type=\"application\/ld+json\" class=\"yoast-schema-graph\">{\"@context\":\"https:\/\/schema.org\",\"@graph\":[{\"@type\":\"WebPage\",\"@id\":\"https:\/\/verdadeon.com.br\/portal\/2025\/08\/01\/motorista-fica-preso-as-ferragens-apos-tombamento-de-carreta-em-ituverava\/\",\"url\":\"https:\/\/verdadeon.com.br\/portal\/2025\/08\/01\/motorista-fica-preso-as-ferragens-apos-tombamento-de-carreta-em-ituverava\/\",\"name\":\"Motorista fica preso \u00e0s ferragens ap\u00f3s tombamento de carreta em Ituverava - VerdadeOn\",\"isPartOf\":{\"@id\":\"https:\/\/verdadeon.com.br\/portal\/#website\"},\"primaryImageOfPage\":{\"@id\":\"https:\/\/verdadeon.com.br\/portal\/2025\/08\/01\/motorista-fica-preso-as-ferragens-apos-tombamento-de-carreta-em-ituverava\/#primaryimage\"},\"image\":{\"@id\":\"https:\/\/verdadeon.com.br\/portal\/2025\/08\/01\/motorista-fica-preso-as-ferragens-apos-tombamento-de-carreta-em-ituverava\/#primaryimage\"},\"thumbnailUrl\":\"https:\/\/i0.wp.com\/verdadeon.com.br\/portal\/wp-content\/uploads\/2025\/08\/AnyConv.com__download.jpeg?fit=1075%2C720&ssl=1\",\"datePublished\":\"2025-08-01T15:13:56+00:00\",\"dateModified\":\"2025-08-01T15:14:35+00:00\",\"author\":{\"@id\":\"https:\/\/verdadeon.com.br\/portal\/#\/schema\/person\/a5060ad1e9ea3df545188fc93ce43d2f\"},\"breadcrumb\":{\"@id\":\"https:\/\/verdadeon.com.br\/portal\/2025\/08\/01\/motorista-fica-preso-as-ferragens-apos-tombamento-de-carreta-em-ituverava\/#breadcrumb\"},\"inLanguage\":\"pt-BR\",\"potentialAction\":[{\"@type\":\"ReadAction\",\"target\":[\"https:\/\/verdadeon.com.br\/portal\/2025\/08\/01\/motorista-fica-preso-as-ferragens-apos-tombamento-de-carreta-em-ituverava\/\"]}]},{\"@type\":\"ImageObject\",\"inLanguage\":\"pt-BR\",\"@id\":\"https:\/\/verdadeon.com.br\/portal\/2025\/08\/01\/motorista-fica-preso-as-ferragens-apos-tombamento-de-carreta-em-ituverava\/#primaryimage\",\"url\":\"https:\/\/i0.wp.com\/verdadeon.com.br\/portal\/wp-content\/uploads\/2025\/08\/AnyConv.com__download.jpeg?fit=1075%2C720&ssl=1\",\"contentUrl\":\"https:\/\/i0.wp.com\/verdadeon.com.br\/portal\/wp-content\/uploads\/2025\/08\/AnyConv.com__download.jpeg?fit=1075%2C720&ssl=1\",\"width\":1075,\"height\":720,\"caption\":\"(Imagens fornecidas pela CCi-Artesp)\"},{\"@type\":\"BreadcrumbList\",\"@id\":\"https:\/\/verdadeon.com.br\/portal\/2025\/08\/01\/motorista-fica-preso-as-ferragens-apos-tombamento-de-carreta-em-ituverava\/#breadcrumb\",\"itemListElement\":[{\"@type\":\"ListItem\",\"position\":1,\"name\":\"In\u00edcio\",\"item\":\"https:\/\/verdadeon.com.br\/portal\/\"},{\"@type\":\"ListItem\",\"position\":2,\"name\":\"Motorista fica preso \u00e0s ferragens ap\u00f3s tombamento de carreta em Ituverava\"}]},{\"@type\":\"WebSite\",\"@id\":\"https:\/\/verdadeon.com.br\/portal\/#website\",\"url\":\"https:\/\/verdadeon.com.br\/portal\/\",\"name\":\"VerdadeOn\",\"description\":\"Not\u00edcias di\u00e1rias sobre Franca, Regi\u00e3o, Esporte, Cultura, Cotidiano, Colunas. Cobertura nos principais eventos da cidade \u00e9 aqui - Verdadeon Franca\",\"potentialAction\":[{\"@type\":\"SearchAction\",\"target\":{\"@type\":\"EntryPoint\",\"urlTemplate\":\"https:\/\/verdadeon.com.br\/portal\/?s={search_term_string}\"},\"query-input\":{\"@type\":\"PropertyValueSpecification\",\"valueRequired\":true,\"valueName\":\"search_term_string\"}}],\"inLanguage\":\"pt-BR\"},{\"@type\":\"Person\",\"@id\":\"https:\/\/verdadeon.com.br\/portal\/#\/schema\/person\/a5060ad1e9ea3df545188fc93ce43d2f\",\"name\":\"Redacao VerdadeOn\",\"image\":{\"@type\":\"ImageObject\",\"inLanguage\":\"pt-BR\",\"@id\":\"https:\/\/verdadeon.com.br\/portal\/#\/schema\/person\/image\/\",\"url\":\"https:\/\/secure.gravatar.com\/avatar\/459a9613caaaf07f582c3d0841eea68bdd66f533e465e6ba8b9cb45619572cf4?s=96&d=mm&r=g\",\"contentUrl\":\"https:\/\/secure.gravatar.com\/avatar\/459a9613caaaf07f582c3d0841eea68bdd66f533e465e6ba8b9cb45619572cf4?s=96&d=mm&r=g\",\"caption\":\"Redacao VerdadeOn\"},\"url\":\"https:\/\/verdadeon.com.br\/portal\/author\/redacao\/\"}]}<\/script>\n<!-- \/ Yoast SEO plugin. -->","yoast_head_json":{"title":"Motorista fica preso \u00e0s ferragens ap\u00f3s tombamento de carreta em Ituverava - VerdadeOn","robots":{"index":"index","follow":"follow","max-snippet":"max-snippet:-1","max-image-preview":"max-image-preview:large","max-video-preview":"max-video-preview:-1"},"canonical":"https:\/\/verdadeon.com.br\/portal\/2025\/08\/01\/motorista-fica-preso-as-ferragens-apos-tombamento-de-carreta-em-ituverava\/","og_locale":"pt_BR","og_type":"article","og_title":"Motorista fica preso \u00e0s ferragens ap\u00f3s tombamento de carreta em Ituverava - VerdadeOn","og_description":"Acidente aconteceu na Rodovia Anhanguera (SP-330) Por Pedro Maia Editor-chefe Nesta quinta-feira, 31 de julho, uma carreta tombou no km 415 da Rodovia Anhanguera (SP-330), em [\u2026]","og_url":"https:\/\/verdadeon.com.br\/portal\/2025\/08\/01\/motorista-fica-preso-as-ferragens-apos-tombamento-de-carreta-em-ituverava\/","og_site_name":"VerdadeOn","article_published_time":"2025-08-01T15:13:56+00:00","article_modified_time":"2025-08-01T15:14:35+00:00","og_image":[{"width":1075,"height":720,"url":"https:\/\/verdadeon.com.br\/portal\/wp-content\/uploads\/2025\/08\/AnyConv.com__download.jpeg","type":"image\/jpeg"}],"author":"Redacao VerdadeOn","twitter_card":"summary_large_image","twitter_misc":{"Escrito por":"Redacao VerdadeOn","Est. tempo de leitura":"2 minutos"},"schema":{"@context":"https:\/\/schema.org","@graph":[{"@type":"WebPage","@id":"https:\/\/verdadeon.com.br\/portal\/2025\/08\/01\/motorista-fica-preso-as-ferragens-apos-tombamento-de-carreta-em-ituverava\/","url":"https:\/\/verdadeon.com.br\/portal\/2025\/08\/01\/motorista-fica-preso-as-ferragens-apos-tombamento-de-carreta-em-ituverava\/","name":"Motorista fica preso \u00e0s ferragens ap\u00f3s tombamento de carreta em Ituverava - VerdadeOn","isPartOf":{"@id":"https:\/\/verdadeon.com.br\/portal\/#website"},"primaryImageOfPage":{"@id":"https:\/\/verdadeon.com.br\/portal\/2025\/08\/01\/motorista-fica-preso-as-ferragens-apos-tombamento-de-carreta-em-ituverava\/#primaryimage"},"image":{"@id":"https:\/\/verdadeon.com.br\/portal\/2025\/08\/01\/motorista-fica-preso-as-ferragens-apos-tombamento-de-carreta-em-ituverava\/#primaryimage"},"thumbnailUrl":"https:\/\/i0.wp.com\/verdadeon.com.br\/portal\/wp-content\/uploads\/2025\/08\/AnyConv.com__download.jpeg?fit=1075%2C720&ssl=1","datePublished":"2025-08-01T15:13:56+00:00","dateModified":"2025-08-01T15:14:35+00:00","author":{"@id":"https:\/\/verdadeon.com.br\/portal\/#\/schema\/person\/a5060ad1e9ea3df545188fc93ce43d2f"},"breadcrumb":{"@id":"https:\/\/verdadeon.com.br\/portal\/2025\/08\/01\/motorista-fica-preso-as-ferragens-apos-tombamento-de-carreta-em-ituverava\/#breadcrumb"},"inLanguage":"pt-BR","potentialAction":[{"@type":"ReadAction","target":["https:\/\/verdadeon.com.br\/portal\/2025\/08\/01\/motorista-fica-preso-as-ferragens-apos-tombamento-de-carreta-em-ituverava\/"]}]},{"@type":"ImageObject","inLanguage":"pt-BR","@id":"https:\/\/verdadeon.com.br\/portal\/2025\/08\/01\/motorista-fica-preso-as-ferragens-apos-tombamento-de-carreta-em-ituverava\/#primaryimage","url":"https:\/\/i0.wp.com\/verdadeon.com.br\/portal\/wp-content\/uploads\/2025\/08\/AnyConv.com__download.jpeg?fit=1075%2C720&ssl=1","contentUrl":"https:\/\/i0.wp.com\/verdadeon.com.br\/portal\/wp-content\/uploads\/2025\/08\/AnyConv.com__download.jpeg?fit=1075%2C720&ssl=1","width":1075,"height":720,"caption":"(Imagens fornecidas pela CCi-Artesp)"},{"@type":"BreadcrumbList","@id":"https:\/\/verdadeon.com.br\/portal\/2025\/08\/01\/motorista-fica-preso-as-ferragens-apos-tombamento-de-carreta-em-ituverava\/#breadcrumb","itemListElement":[{"@type":"ListItem","position":1,"name":"In\u00edcio","item":"https:\/\/verdadeon.com.br\/portal\/"},{"@type":"ListItem","position":2,"name":"Motorista fica preso \u00e0s ferragens ap\u00f3s tombamento de carreta em Ituverava"}]},{"@type":"WebSite","@id":"https:\/\/verdadeon.com.br\/portal\/#website","url":"https:\/\/verdadeon.com.br\/portal\/","name":"VerdadeOn","description":"Not\u00edcias di\u00e1rias sobre Franca, Regi\u00e3o, Esporte, Cultura, Cotidiano, Colunas. Cobertura nos principais eventos da cidade \u00e9 aqui - Verdadeon Franca","potentialAction":[{"@type":"SearchAction","target":{"@type":"EntryPoint","urlTemplate":"https:\/\/verdadeon.com.br\/portal\/?s={search_term_string}"},"query-input":{"@type":"PropertyValueSpecification","valueRequired":true,"valueName":"search_term_string"}}],"inLanguage":"pt-BR"},{"@type":"Person","@id":"https:\/\/verdadeon.com.br\/portal\/#\/schema\/person\/a5060ad1e9ea3df545188fc93ce43d2f","name":"Redacao VerdadeOn","image":{"@type":"ImageObject","inLanguage":"pt-BR","@id":"https:\/\/verdadeon.com.br\/portal\/#\/schema\/person\/image\/","url":"https:\/\/secure.gravatar.com\/avatar\/459a9613caaaf07f582c3d0841eea68bdd66f533e465e6ba8b9cb45619572cf4?s=96&d=mm&r=g","contentUrl":"https:\/\/secure.gravatar.com\/avatar\/459a9613caaaf07f582c3d0841eea68bdd66f533e465e6ba8b9cb45619572cf4?s=96&d=mm&r=g","caption":"Redacao VerdadeOn"},"url":"https:\/\/verdadeon.com.br\/portal\/author\/redacao\/"}]}},"jetpack_publicize_connections":[],"jetpack_featured_media_url":"https:\/\/i0.wp.com\/verdadeon.com.br\/portal\/wp-content\/uploads\/2025\/08\/AnyConv.com__download.jpeg?fit=1075%2C720&ssl=1","jetpack_sharing_enabled":true,"_links":{"self":[{"href":"https:\/\/verdadeon.com.br\/portal\/wp-json\/wp\/v2\/posts\/58521","targetHints":{"allow":["GET"]}}],"collection":[{"href":"https:\/\/verdadeon.com.br\/portal\/wp-json\/wp\/v2\/posts"}],"about":[{"href":"https:\/\/verdadeon.com.br\/portal\/wp-json\/wp\/v2\/types\/post"}],"author":[{"embeddable":true,"href":"https:\/\/verdadeon.com.br\/portal\/wp-json\/wp\/v2\/users\/10"}],"replies":[{"embeddable":true,"href":"https:\/\/verdadeon.com.br\/portal\/wp-json\/wp\/v2\/comments?post=58521"}],"version-history":[{"count":2,"href":"https:\/\/verdadeon.com.br\/portal\/wp-json\/wp\/v2\/posts\/58521\/revisions"}],"predecessor-version":[{"id":58525,"href":"https:\/\/verdadeon.com.br\/portal\/wp-json\/wp\/v2\/posts\/58521\/revisions\/58525"}],"wp:featuredmedia":[{"embeddable":true,"href":"https:\/\/verdadeon.com.br\/portal\/wp-json\/wp\/v2\/media\/58523"}],"wp:attachment":[{"href":"https:\/\/verdadeon.com.br\/portal\/wp-json\/wp\/v2\/media?parent=58521"}],"wp:term":[{"taxonomy":"category","embeddable":true,"href":"https:\/\/verdadeon.com.br\/portal\/wp-json\/wp\/v2\/categories?post=58521"},{"taxonomy":"post_tag","embeddable":true,"href":"https:\/\/verdadeon.com.br\/portal\/wp-json\/wp\/v2\/tags?post=58521"}],"curies":[{"name":"wp","href":"https:\/\/api.w.org\/{rel}","templated":true}]}}