{"id":58010,"date":"2025-07-17T15:44:55","date_gmt":"2025-07-17T18:44:55","guid":{"rendered":"https:\/\/verdadeon.com.br\/portal\/?p=58010"},"modified":"2025-07-17T15:44:55","modified_gmt":"2025-07-17T18:44:55","slug":"defesa-civil-franca-em-estado-de-alerta-para-riscos-de-incendios-derivados-do-tempo-seco","status":"publish","type":"post","link":"https:\/\/verdadeon.com.br\/portal\/2025\/07\/17\/defesa-civil-franca-em-estado-de-alerta-para-riscos-de-incendios-derivados-do-tempo-seco\/","title":{"rendered":"Defesa Civil: Franca em estado de alerta para riscos de inc\u00eandios derivados do tempo seco"},"content":{"rendered":"<div class=\"elementor-element elementor-element-4784657 elementor-widget__width-initial elementor-widget elementor-widget-theme-post-excerpt\" data-id=\"4784657\" data-element_type=\"widget\" data-widget_type=\"theme-post-excerpt.default\">\n<h2 class=\"elementor-widget-container\">Em algumas \u00e1reas, umidade do ar pode chegar a n\u00edveis cr\u00edticos e at\u00e9 abaixo dos 30%<\/h2>\n<\/div>\n<div class=\"elementor-element elementor-element-2133f16 compartilhe e-con-full e-flex e-con e-child\" data-id=\"2133f16\" data-element_type=\"container\" data-settings=\"{&quot;_ha_eqh_enable&quot;:false}\">\n<div class=\"elementor-element elementor-element-a8be681 e-con-full e-flex e-con e-child\" data-id=\"a8be681\" data-element_type=\"container\" data-settings=\"{&quot;_ha_eqh_enable&quot;:false}\">\n<div class=\"elementor-element elementor-element-4b063fb elementor-widget elementor-widget-image\" data-id=\"4b063fb\" data-element_type=\"widget\" data-widget_type=\"image.default\">\n<p>Nos pr\u00f3ximos dias, quase todo o estado de S\u00e3o Paulo estar\u00e1 em estado de aten\u00e7\u00e3o para inc\u00eandios. O risco \u00e9 elevado principalmente na quinta (17) e na sexta-feira (18), quando a baixa umidade relativa do ar, as temperaturas elevadas e o predom\u00ednio do Sol intensificam as chances de queimadas em todas as regi\u00f5es paulistas.<\/p>\n<p><a role=\"link\" href=\"https:\/\/www.defesacivil.sp.gov.br\/nge\/incendio.html\" target=\"_blank\" rel=\"noopener\">De acordo com a previs\u00e3o da Defesa Civil de S\u00e3o Paulo<\/a>, em quase todo o estado, a umidade relativa do ar atingir\u00e1 n\u00edveis cr\u00edticos e at\u00e9 abaixo dos 30%.<\/p>\n<figure class=\"wp-block-gallery has-nested-images columns-default is-cropped wp-block-gallery-1 is-layout-flex wp-block-gallery-is-layout-flex\">\n<figure class=\"wp-block-image size-large\"><img data-recalc-dims=\"1\" loading=\"lazy\" decoding=\"async\" class=\"wp-image-69943\" src=\"https:\/\/i0.wp.com\/www.agenciasp.sp.gov.br\/wp-content\/uploads\/2025\/07\/mapa_incendio_dia3.png?resize=1024%2C686&#038;ssl=1\" sizes=\"auto, (max-width: 1024px) 100vw, 1024px\" srcset=\"https:\/\/www.agenciasp.sp.gov.br\/wp-content\/uploads\/2025\/07\/mapa_incendio_dia3.png 1024w, https:\/\/www.agenciasp.sp.gov.br\/wp-content\/uploads\/2025\/07\/mapa_incendio_dia3-300x201.png 300w, https:\/\/www.agenciasp.sp.gov.br\/wp-content\/uploads\/2025\/07\/mapa_incendio_dia3-768x515.png 768w\" alt=\"\" width=\"1024\" height=\"686\" data-id=\"69943\" \/><\/figure>\n<\/figure>\n<p>\u201cA umidade abaixo de 30% aumenta muito o risco de inc\u00eandios, principalmente os florestais. Por isso, pedimos muito o aux\u00edlio da popula\u00e7\u00e3o para n\u00e3o jogar bituca de cigarro na beira da estrada, para que n\u00e3o limpem o quintal colocando fogo no lixo, para que o produtor rural n\u00e3o fa\u00e7a ro\u00e7ada utilizando fogo, e que a popula\u00e7\u00e3o n\u00e3o solte bal\u00f5es, que \u00e9 um crime ambiental e contribui muito para inc\u00eandios florestais e em \u00e1reas residenciais tamb\u00e9m\u201d, alerta o coordenador estadual de prote\u00e7\u00e3o e Defesa Civil de S\u00e3o Paulo, Tenente Coronel Ara\u00fajo Monteiro.<\/p>\n<figure class=\"wp-block-gallery has-nested-images columns-default is-cropped wp-block-gallery-2 is-layout-flex wp-block-gallery-is-layout-flex\">\n<figure class=\"wp-block-image size-large\"><img data-recalc-dims=\"1\" loading=\"lazy\" decoding=\"async\" class=\"wp-image-69942\" src=\"https:\/\/i0.wp.com\/www.agenciasp.sp.gov.br\/wp-content\/uploads\/2025\/07\/mapa_incendio_dia4.png?resize=1024%2C686&#038;ssl=1\" sizes=\"auto, (max-width: 1024px) 100vw, 1024px\" srcset=\"https:\/\/www.agenciasp.sp.gov.br\/wp-content\/uploads\/2025\/07\/mapa_incendio_dia4.png 1024w, https:\/\/www.agenciasp.sp.gov.br\/wp-content\/uploads\/2025\/07\/mapa_incendio_dia4-300x201.png 300w, https:\/\/www.agenciasp.sp.gov.br\/wp-content\/uploads\/2025\/07\/mapa_incendio_dia4-768x515.png 768w\" alt=\"\" width=\"1024\" height=\"686\" data-id=\"69942\" \/><\/figure>\n<figure class=\"wp-block-image size-large\"><img data-recalc-dims=\"1\" loading=\"lazy\" decoding=\"async\" class=\"wp-image-69941\" src=\"https:\/\/i0.wp.com\/www.agenciasp.sp.gov.br\/wp-content\/uploads\/2025\/07\/mapa_incendio_dia5.png?resize=1024%2C686&#038;ssl=1\" sizes=\"auto, (max-width: 1024px) 100vw, 1024px\" srcset=\"https:\/\/www.agenciasp.sp.gov.br\/wp-content\/uploads\/2025\/07\/mapa_incendio_dia5.png 1024w, https:\/\/www.agenciasp.sp.gov.br\/wp-content\/uploads\/2025\/07\/mapa_incendio_dia5-300x201.png 300w, https:\/\/www.agenciasp.sp.gov.br\/wp-content\/uploads\/2025\/07\/mapa_incendio_dia5-768x515.png 768w\" alt=\"\" width=\"1024\" height=\"686\" data-id=\"69941\" \/><\/figure>\n<\/figure>\n<p>A partir de s\u00e1bado (19), h\u00e1 previs\u00e3o de uma frente fria que pode trazer umidade para a faixa leste, diminuindo o risco de queimadas. No entanto, no interior, n\u00e3o haver\u00e1 influ\u00eancia desse fen\u00f4meno e o risco para inc\u00eandios permanece elevado em todos os dias.<\/p>\n<p>Na segunda-feira (21), o alerta retorna para todo o estado, em especial para o extremo norte, que pode entrar em estado de emerg\u00eancia para inc\u00eandios.<\/p>\n<figure class=\"wp-block-image size-full\"><img data-recalc-dims=\"1\" loading=\"lazy\" decoding=\"async\" class=\"wp-image-69940\" src=\"https:\/\/i0.wp.com\/www.agenciasp.sp.gov.br\/wp-content\/uploads\/2025\/07\/mapa_incendio_dia6.png?resize=1024%2C686&#038;ssl=1\" sizes=\"auto, (max-width: 1024px) 100vw, 1024px\" srcset=\"https:\/\/www.agenciasp.sp.gov.br\/wp-content\/uploads\/2025\/07\/mapa_incendio_dia6.png 1024w, https:\/\/www.agenciasp.sp.gov.br\/wp-content\/uploads\/2025\/07\/mapa_incendio_dia6-300x201.png 300w, https:\/\/www.agenciasp.sp.gov.br\/wp-content\/uploads\/2025\/07\/mapa_incendio_dia6-768x515.png 768w\" alt=\"\" width=\"1024\" height=\"686\" \/><figcaption class=\"wp-element-caption\">Na pr\u00f3xima segunda-feira (21), algumas cidades do extremo norte podem entrar em estado de emerg\u00eancia para inc\u00eandios. Foto: Reprodu\u00e7\u00e3o\/Defesa Civil do Estado de SP<\/figcaption><\/figure>\n<p>O\u00a0<a role=\"link\" href=\"https:\/\/www.agenciasp.sp.gov.br\/governo-de-sp-inicia-operacao-sp-sem-fogo-com-uso-de-tecnologia-e-foco-em-prevencao\/\">Governo de S\u00e3o Paulo iniciou no dia 1\u00ba de junho a fase vermelha da Opera\u00e7\u00e3o SP Sem Fogo<\/a>, com importantes inova\u00e7\u00f5es tecnol\u00f3gicas voltadas ao monitoramento e resposta \u00e0s queimadas. Uma delas \u00e9 a\u00a0<a role=\"link\" href=\"https:\/\/www.agenciasp.sp.gov.br\/sala-sp-sem-fogo-permite-antecipar-em-um-dia-condicoes-climaticas-para-incendios\/\">Sala SP Sem Fogo, uma plataforma destinada ao monitoramento dos focos de inc\u00eandio em tempo real<\/a>, com emiss\u00e3o di\u00e1ria de boletins preditivos para o planejamento e coordena\u00e7\u00e3o das a\u00e7\u00f5es de resposta r\u00e1pida.<\/p>\n<p>\u201cA Opera\u00e7\u00e3o SP Sem Fogo \u00e9 uma a\u00e7\u00e3o integrada da Defesa Civil, Corpo de Bombeiros e \u00f3rg\u00e3os ambientais para cuidar e minimizar os focos de inc\u00eandio e agir emergencialmente no caso da necessidade de interven\u00e7\u00e3o\u201d, ressalta o diretor da Defesa Civil de S\u00e3o Paulo, tenente-coronel Ara\u00fajo Monteiro.<\/p>\n<p>Outra novidade para este ano \u00e9 que a Defesa Civil do Estado de S\u00e3o Paulo vai utilizar a tecnologia cell broadcast para alertar a popula\u00e7\u00e3o sempre que a umidade do ar ficar abaixo de 12% e quando houver focos de inc\u00eandios pr\u00f3ximos a \u00e1reas urbanas. A ferramenta foi incorporada \u00e0 Opera\u00e7\u00e3o SP Sem Fogo e poder\u00e1 ser utilizada para alertas severos ou extremos, com orienta\u00e7\u00f5es voltadas \u00e0 preven\u00e7\u00e3o e sa\u00fade das pessoas.<\/p>\n<p>Tamb\u00e9m foi implementado neste ano o alerta de inc\u00eandio georreferenciado, gerado pelo sistema SMAC, desenvolvido pela Defesa Civil para identificar focos de queimada pr\u00f3ximos \u00e0s reservas florestais do estado. Sempre que os sat\u00e9lites apontarem um novo foco de inc\u00eandio pr\u00f3ximo a qualquer unidade de conserva\u00e7\u00e3o, um alerta autom\u00e1tico ser\u00e1 emitido ao CGE da Defesa Civil e tamb\u00e9m aos gestores do parque florestal que estiver em risco.<\/p>\n<p>Para este ano, a Semil implementou mudan\u00e7as na legisla\u00e7\u00e3o ambiental visando coibir queimadas ilegais. As altera\u00e7\u00f5es na Resolu\u00e7\u00e3o SIMA 05\/2021, publicadas em abril, estabelecem puni\u00e7\u00f5es mais severas para a utiliza\u00e7\u00e3o irregular do fogo em \u00e1reas rurais.<\/p>\n<p>A principal mudan\u00e7a \u00e9 a cria\u00e7\u00e3o de uma multa espec\u00edfica para propriet\u00e1rios rurais que n\u00e3o adotarem medidas preventivas contra inc\u00eandios florestais, com valores que variam entre R$ 5 mil e R$ 10 milh\u00f5es. A norma tamb\u00e9m aumenta as penalidades para quem provocar inc\u00eandios em \u00e1reas produtivas ou vegeta\u00e7\u00e3o sem autoriza\u00e7\u00e3o, com multas de R$ 3 mil por hectare atingido, podendo dobrar em casos mais graves, como inc\u00eandios em terras ind\u00edgenas. A legisla\u00e7\u00e3o anterior previa multa de at\u00e9 R$ 1,5 mil por hectare.<\/p>\n<p>A Funda\u00e7\u00e3o Florestal destinou R$ 11 milh\u00f5es iniciais \u00e0 opera\u00e7\u00e3o, com contrata\u00e7\u00e3o de bombeiros civis, aeronaves, aquisi\u00e7\u00e3o de equipamentos e retirada de vegeta\u00e7\u00e3o seca em \u00e1reas estrat\u00e9gicas. O DER, por sua vez, destinou mais de R$ 300 milh\u00f5es \u00e0 conserva\u00e7\u00e3o de rodovias, incluindo a\u00e7\u00f5es contra inc\u00eandios.<\/p>\n<p>O Corpo de Bombeiros capacitou 1,9 mil agentes e outros 900 est\u00e3o em treinamento. A Pol\u00edcia Ambiental refor\u00e7ou a\u00e7\u00f5es de educa\u00e7\u00e3o e fiscaliza\u00e7\u00e3o. At\u00e9 o momento, 3 mil agentes de 600 munic\u00edpios foram capacitados pela Defesa Civil para integrar a opera\u00e7\u00e3o.<\/p>\n<p class=\"wp-block-heading\"><strong>Opera\u00e7\u00e3o SP Sem Fogo<\/strong><\/p>\n<p>Criada em 2023, a Opera\u00e7\u00e3o SP Sem Fogo j\u00e1 entregou 348 ve\u00edculos a munic\u00edpios priorit\u00e1rios, al\u00e9m de kits de combate a inc\u00eandios. Em 2025, ser\u00e3o contratadas aeronaves tamb\u00e9m para monitoramento e adquiridos, pela primeira vez, 20\u00a0caminh\u00f5es-pipa.<\/p>\n<p>A Opera\u00e7\u00e3o SP Sem Fogo \u00e9 uma parceria entre as Secretarias de Meio Ambiente, Infraestrutura e Log\u00edstica (Semil), Seguran\u00e7a P\u00fablica e Defesa Civil do Estado. Al\u00e9m disso, conta com iniciativas e investimentos do Corpo de Bombeiros, da Pol\u00edcia Militar Ambiental, da Secretaria de Agricultura e Abastecimento (SAA), al\u00e9m da pr\u00f3pria Semil e de suas vinculadas: Companhia Ambiental do Estado de S\u00e3o Paulo (Cetesb), Departamento de Estradas de Rodagem (DER) e Funda\u00e7\u00e3o Florestal (FF).<\/p>\n<p>Para cumprir seus objetivos, a Opera\u00e7\u00e3o S\u00e3o Paulo Sem Fogo desenvolve uma s\u00e9rie de atividades de forma permanente ao longo do ano, divididas em fases (verde, amarela e vermelha), conforme as necessidades e prioriza\u00e7\u00f5es de cada per\u00edodo.<\/p>\n<p>Fonte: Ag\u00eancia SP<\/p>\n<\/div>\n<\/div>\n<\/div>\n","protected":false},"excerpt":{"rendered":"<p>Em algumas \u00e1reas, umidade do ar pode chegar a n\u00edveis cr\u00edticos e at\u00e9 abaixo dos 30% Nos pr\u00f3ximos dias, quase todo o estado de S\u00e3o Paulo<span class=\"excerpt-hellip\"> [\u2026]<\/span><\/p>\n","protected":false},"author":10,"featured_media":58011,"comment_status":"open","ping_status":"open","sticky":false,"template":"","format":"standard","meta":{"_jetpack_memberships_contains_paid_content":false,"footnotes":"","jetpack_publicize_message":"","jetpack_publicize_feature_enabled":true,"jetpack_social_post_already_shared":true,"jetpack_social_options":{"image_generator_settings":{"template":"highway","default_image_id":0,"enabled":false},"version":2}},"categories":[28,44],"tags":[],"class_list":["post-58010","post","type-post","status-publish","format-standard","has-post-thumbnail","hentry","category-cotidiano","category-noticias"],"yoast_head":"<!-- This site is optimized with the Yoast SEO plugin v25.6 - https:\/\/yoast.com\/wordpress\/plugins\/seo\/ -->\n<title>Defesa Civil: Franca em estado de alerta para riscos de inc\u00eandios derivados do tempo seco - VerdadeOn<\/title>\n<meta name=\"robots\" content=\"index, follow, max-snippet:-1, max-image-preview:large, max-video-preview:-1\" \/>\n<link rel=\"canonical\" href=\"https:\/\/verdadeon.com.br\/portal\/2025\/07\/17\/defesa-civil-franca-em-estado-de-alerta-para-riscos-de-incendios-derivados-do-tempo-seco\/\" \/>\n<meta property=\"og:locale\" content=\"pt_BR\" \/>\n<meta property=\"og:type\" content=\"article\" \/>\n<meta property=\"og:title\" content=\"Defesa Civil: Franca em estado de alerta para riscos de inc\u00eandios derivados do tempo seco - VerdadeOn\" \/>\n<meta property=\"og:description\" content=\"Em algumas \u00e1reas, umidade do ar pode chegar a n\u00edveis cr\u00edticos e at\u00e9 abaixo dos 30% Nos pr\u00f3ximos dias, quase todo o estado de S\u00e3o Paulo [\u2026]\" \/>\n<meta property=\"og:url\" content=\"https:\/\/verdadeon.com.br\/portal\/2025\/07\/17\/defesa-civil-franca-em-estado-de-alerta-para-riscos-de-incendios-derivados-do-tempo-seco\/\" \/>\n<meta property=\"og:site_name\" content=\"VerdadeOn\" \/>\n<meta property=\"article:published_time\" content=\"2025-07-17T18:44:55+00:00\" \/>\n<meta property=\"og:image\" content=\"https:\/\/verdadeon.com.br\/portal\/wp-content\/uploads\/2025\/07\/mapa_incendio_dia3.jpg\" \/>\n\t<meta property=\"og:image:width\" content=\"1024\" \/>\n\t<meta property=\"og:image:height\" content=\"686\" \/>\n\t<meta property=\"og:image:type\" content=\"image\/jpeg\" \/>\n<meta name=\"author\" content=\"Redacao VerdadeOn\" \/>\n<meta name=\"twitter:card\" content=\"summary_large_image\" \/>\n<meta name=\"twitter:label1\" content=\"Escrito por\" \/>\n\t<meta name=\"twitter:data1\" content=\"Redacao VerdadeOn\" \/>\n\t<meta name=\"twitter:label2\" content=\"Est. tempo de leitura\" \/>\n\t<meta name=\"twitter:data2\" content=\"6 minutos\" \/>\n<script type=\"application\/ld+json\" class=\"yoast-schema-graph\">{\"@context\":\"https:\/\/schema.org\",\"@graph\":[{\"@type\":\"WebPage\",\"@id\":\"https:\/\/verdadeon.com.br\/portal\/2025\/07\/17\/defesa-civil-franca-em-estado-de-alerta-para-riscos-de-incendios-derivados-do-tempo-seco\/\",\"url\":\"https:\/\/verdadeon.com.br\/portal\/2025\/07\/17\/defesa-civil-franca-em-estado-de-alerta-para-riscos-de-incendios-derivados-do-tempo-seco\/\",\"name\":\"Defesa Civil: Franca em estado de alerta para riscos de inc\u00eandios derivados do tempo seco - VerdadeOn\",\"isPartOf\":{\"@id\":\"https:\/\/verdadeon.com.br\/portal\/#website\"},\"primaryImageOfPage\":{\"@id\":\"https:\/\/verdadeon.com.br\/portal\/2025\/07\/17\/defesa-civil-franca-em-estado-de-alerta-para-riscos-de-incendios-derivados-do-tempo-seco\/#primaryimage\"},\"image\":{\"@id\":\"https:\/\/verdadeon.com.br\/portal\/2025\/07\/17\/defesa-civil-franca-em-estado-de-alerta-para-riscos-de-incendios-derivados-do-tempo-seco\/#primaryimage\"},\"thumbnailUrl\":\"https:\/\/i0.wp.com\/verdadeon.com.br\/portal\/wp-content\/uploads\/2025\/07\/mapa_incendio_dia3.jpg?fit=1024%2C686&ssl=1\",\"datePublished\":\"2025-07-17T18:44:55+00:00\",\"author\":{\"@id\":\"https:\/\/verdadeon.com.br\/portal\/#\/schema\/person\/a5060ad1e9ea3df545188fc93ce43d2f\"},\"breadcrumb\":{\"@id\":\"https:\/\/verdadeon.com.br\/portal\/2025\/07\/17\/defesa-civil-franca-em-estado-de-alerta-para-riscos-de-incendios-derivados-do-tempo-seco\/#breadcrumb\"},\"inLanguage\":\"pt-BR\",\"potentialAction\":[{\"@type\":\"ReadAction\",\"target\":[\"https:\/\/verdadeon.com.br\/portal\/2025\/07\/17\/defesa-civil-franca-em-estado-de-alerta-para-riscos-de-incendios-derivados-do-tempo-seco\/\"]}]},{\"@type\":\"ImageObject\",\"inLanguage\":\"pt-BR\",\"@id\":\"https:\/\/verdadeon.com.br\/portal\/2025\/07\/17\/defesa-civil-franca-em-estado-de-alerta-para-riscos-de-incendios-derivados-do-tempo-seco\/#primaryimage\",\"url\":\"https:\/\/i0.wp.com\/verdadeon.com.br\/portal\/wp-content\/uploads\/2025\/07\/mapa_incendio_dia3.jpg?fit=1024%2C686&ssl=1\",\"contentUrl\":\"https:\/\/i0.wp.com\/verdadeon.com.br\/portal\/wp-content\/uploads\/2025\/07\/mapa_incendio_dia3.jpg?fit=1024%2C686&ssl=1\",\"width\":1024,\"height\":686,\"caption\":\"Com informa\u00e7\u00f5es do Instituto Climatempo (\u00a9Reprodu\u00e7\u00e3o\/Defesa Civil do Estado de SP)\"},{\"@type\":\"BreadcrumbList\",\"@id\":\"https:\/\/verdadeon.com.br\/portal\/2025\/07\/17\/defesa-civil-franca-em-estado-de-alerta-para-riscos-de-incendios-derivados-do-tempo-seco\/#breadcrumb\",\"itemListElement\":[{\"@type\":\"ListItem\",\"position\":1,\"name\":\"In\u00edcio\",\"item\":\"https:\/\/verdadeon.com.br\/portal\/\"},{\"@type\":\"ListItem\",\"position\":2,\"name\":\"Defesa Civil: Franca em estado de alerta para riscos de inc\u00eandios derivados do tempo seco\"}]},{\"@type\":\"WebSite\",\"@id\":\"https:\/\/verdadeon.com.br\/portal\/#website\",\"url\":\"https:\/\/verdadeon.com.br\/portal\/\",\"name\":\"VerdadeOn\",\"description\":\"Not\u00edcias di\u00e1rias sobre Franca, Regi\u00e3o, Esporte, Cultura, Cotidiano, Colunas. Cobertura nos principais eventos da cidade \u00e9 aqui - Verdadeon Franca\",\"potentialAction\":[{\"@type\":\"SearchAction\",\"target\":{\"@type\":\"EntryPoint\",\"urlTemplate\":\"https:\/\/verdadeon.com.br\/portal\/?s={search_term_string}\"},\"query-input\":{\"@type\":\"PropertyValueSpecification\",\"valueRequired\":true,\"valueName\":\"search_term_string\"}}],\"inLanguage\":\"pt-BR\"},{\"@type\":\"Person\",\"@id\":\"https:\/\/verdadeon.com.br\/portal\/#\/schema\/person\/a5060ad1e9ea3df545188fc93ce43d2f\",\"name\":\"Redacao VerdadeOn\",\"image\":{\"@type\":\"ImageObject\",\"inLanguage\":\"pt-BR\",\"@id\":\"https:\/\/verdadeon.com.br\/portal\/#\/schema\/person\/image\/\",\"url\":\"https:\/\/secure.gravatar.com\/avatar\/459a9613caaaf07f582c3d0841eea68bdd66f533e465e6ba8b9cb45619572cf4?s=96&d=mm&r=g\",\"contentUrl\":\"https:\/\/secure.gravatar.com\/avatar\/459a9613caaaf07f582c3d0841eea68bdd66f533e465e6ba8b9cb45619572cf4?s=96&d=mm&r=g\",\"caption\":\"Redacao VerdadeOn\"},\"url\":\"https:\/\/verdadeon.com.br\/portal\/author\/redacao\/\"}]}<\/script>\n<!-- \/ Yoast SEO plugin. -->","yoast_head_json":{"title":"Defesa Civil: Franca em estado de alerta para riscos de inc\u00eandios derivados do tempo seco - VerdadeOn","robots":{"index":"index","follow":"follow","max-snippet":"max-snippet:-1","max-image-preview":"max-image-preview:large","max-video-preview":"max-video-preview:-1"},"canonical":"https:\/\/verdadeon.com.br\/portal\/2025\/07\/17\/defesa-civil-franca-em-estado-de-alerta-para-riscos-de-incendios-derivados-do-tempo-seco\/","og_locale":"pt_BR","og_type":"article","og_title":"Defesa Civil: Franca em estado de alerta para riscos de inc\u00eandios derivados do tempo seco - VerdadeOn","og_description":"Em algumas \u00e1reas, umidade do ar pode chegar a n\u00edveis cr\u00edticos e at\u00e9 abaixo dos 30% Nos pr\u00f3ximos dias, quase todo o estado de S\u00e3o Paulo [\u2026]","og_url":"https:\/\/verdadeon.com.br\/portal\/2025\/07\/17\/defesa-civil-franca-em-estado-de-alerta-para-riscos-de-incendios-derivados-do-tempo-seco\/","og_site_name":"VerdadeOn","article_published_time":"2025-07-17T18:44:55+00:00","og_image":[{"width":1024,"height":686,"url":"https:\/\/verdadeon.com.br\/portal\/wp-content\/uploads\/2025\/07\/mapa_incendio_dia3.jpg","type":"image\/jpeg"}],"author":"Redacao VerdadeOn","twitter_card":"summary_large_image","twitter_misc":{"Escrito por":"Redacao VerdadeOn","Est. tempo de leitura":"6 minutos"},"schema":{"@context":"https:\/\/schema.org","@graph":[{"@type":"WebPage","@id":"https:\/\/verdadeon.com.br\/portal\/2025\/07\/17\/defesa-civil-franca-em-estado-de-alerta-para-riscos-de-incendios-derivados-do-tempo-seco\/","url":"https:\/\/verdadeon.com.br\/portal\/2025\/07\/17\/defesa-civil-franca-em-estado-de-alerta-para-riscos-de-incendios-derivados-do-tempo-seco\/","name":"Defesa Civil: Franca em estado de alerta para riscos de inc\u00eandios derivados do tempo seco - VerdadeOn","isPartOf":{"@id":"https:\/\/verdadeon.com.br\/portal\/#website"},"primaryImageOfPage":{"@id":"https:\/\/verdadeon.com.br\/portal\/2025\/07\/17\/defesa-civil-franca-em-estado-de-alerta-para-riscos-de-incendios-derivados-do-tempo-seco\/#primaryimage"},"image":{"@id":"https:\/\/verdadeon.com.br\/portal\/2025\/07\/17\/defesa-civil-franca-em-estado-de-alerta-para-riscos-de-incendios-derivados-do-tempo-seco\/#primaryimage"},"thumbnailUrl":"https:\/\/i0.wp.com\/verdadeon.com.br\/portal\/wp-content\/uploads\/2025\/07\/mapa_incendio_dia3.jpg?fit=1024%2C686&ssl=1","datePublished":"2025-07-17T18:44:55+00:00","author":{"@id":"https:\/\/verdadeon.com.br\/portal\/#\/schema\/person\/a5060ad1e9ea3df545188fc93ce43d2f"},"breadcrumb":{"@id":"https:\/\/verdadeon.com.br\/portal\/2025\/07\/17\/defesa-civil-franca-em-estado-de-alerta-para-riscos-de-incendios-derivados-do-tempo-seco\/#breadcrumb"},"inLanguage":"pt-BR","potentialAction":[{"@type":"ReadAction","target":["https:\/\/verdadeon.com.br\/portal\/2025\/07\/17\/defesa-civil-franca-em-estado-de-alerta-para-riscos-de-incendios-derivados-do-tempo-seco\/"]}]},{"@type":"ImageObject","inLanguage":"pt-BR","@id":"https:\/\/verdadeon.com.br\/portal\/2025\/07\/17\/defesa-civil-franca-em-estado-de-alerta-para-riscos-de-incendios-derivados-do-tempo-seco\/#primaryimage","url":"https:\/\/i0.wp.com\/verdadeon.com.br\/portal\/wp-content\/uploads\/2025\/07\/mapa_incendio_dia3.jpg?fit=1024%2C686&ssl=1","contentUrl":"https:\/\/i0.wp.com\/verdadeon.com.br\/portal\/wp-content\/uploads\/2025\/07\/mapa_incendio_dia3.jpg?fit=1024%2C686&ssl=1","width":1024,"height":686,"caption":"Com informa\u00e7\u00f5es do Instituto Climatempo (\u00a9Reprodu\u00e7\u00e3o\/Defesa Civil do Estado de SP)"},{"@type":"BreadcrumbList","@id":"https:\/\/verdadeon.com.br\/portal\/2025\/07\/17\/defesa-civil-franca-em-estado-de-alerta-para-riscos-de-incendios-derivados-do-tempo-seco\/#breadcrumb","itemListElement":[{"@type":"ListItem","position":1,"name":"In\u00edcio","item":"https:\/\/verdadeon.com.br\/portal\/"},{"@type":"ListItem","position":2,"name":"Defesa Civil: Franca em estado de alerta para riscos de inc\u00eandios derivados do tempo seco"}]},{"@type":"WebSite","@id":"https:\/\/verdadeon.com.br\/portal\/#website","url":"https:\/\/verdadeon.com.br\/portal\/","name":"VerdadeOn","description":"Not\u00edcias di\u00e1rias sobre Franca, Regi\u00e3o, Esporte, Cultura, Cotidiano, Colunas. Cobertura nos principais eventos da cidade \u00e9 aqui - Verdadeon Franca","potentialAction":[{"@type":"SearchAction","target":{"@type":"EntryPoint","urlTemplate":"https:\/\/verdadeon.com.br\/portal\/?s={search_term_string}"},"query-input":{"@type":"PropertyValueSpecification","valueRequired":true,"valueName":"search_term_string"}}],"inLanguage":"pt-BR"},{"@type":"Person","@id":"https:\/\/verdadeon.com.br\/portal\/#\/schema\/person\/a5060ad1e9ea3df545188fc93ce43d2f","name":"Redacao VerdadeOn","image":{"@type":"ImageObject","inLanguage":"pt-BR","@id":"https:\/\/verdadeon.com.br\/portal\/#\/schema\/person\/image\/","url":"https:\/\/secure.gravatar.com\/avatar\/459a9613caaaf07f582c3d0841eea68bdd66f533e465e6ba8b9cb45619572cf4?s=96&d=mm&r=g","contentUrl":"https:\/\/secure.gravatar.com\/avatar\/459a9613caaaf07f582c3d0841eea68bdd66f533e465e6ba8b9cb45619572cf4?s=96&d=mm&r=g","caption":"Redacao VerdadeOn"},"url":"https:\/\/verdadeon.com.br\/portal\/author\/redacao\/"}]}},"jetpack_publicize_connections":[],"jetpack_featured_media_url":"https:\/\/i0.wp.com\/verdadeon.com.br\/portal\/wp-content\/uploads\/2025\/07\/mapa_incendio_dia3.jpg?fit=1024%2C686&ssl=1","jetpack_sharing_enabled":true,"_links":{"self":[{"href":"https:\/\/verdadeon.com.br\/portal\/wp-json\/wp\/v2\/posts\/58010","targetHints":{"allow":["GET"]}}],"collection":[{"href":"https:\/\/verdadeon.com.br\/portal\/wp-json\/wp\/v2\/posts"}],"about":[{"href":"https:\/\/verdadeon.com.br\/portal\/wp-json\/wp\/v2\/types\/post"}],"author":[{"embeddable":true,"href":"https:\/\/verdadeon.com.br\/portal\/wp-json\/wp\/v2\/users\/10"}],"replies":[{"embeddable":true,"href":"https:\/\/verdadeon.com.br\/portal\/wp-json\/wp\/v2\/comments?post=58010"}],"version-history":[{"count":1,"href":"https:\/\/verdadeon.com.br\/portal\/wp-json\/wp\/v2\/posts\/58010\/revisions"}],"predecessor-version":[{"id":58012,"href":"https:\/\/verdadeon.com.br\/portal\/wp-json\/wp\/v2\/posts\/58010\/revisions\/58012"}],"wp:featuredmedia":[{"embeddable":true,"href":"https:\/\/verdadeon.com.br\/portal\/wp-json\/wp\/v2\/media\/58011"}],"wp:attachment":[{"href":"https:\/\/verdadeon.com.br\/portal\/wp-json\/wp\/v2\/media?parent=58010"}],"wp:term":[{"taxonomy":"category","embeddable":true,"href":"https:\/\/verdadeon.com.br\/portal\/wp-json\/wp\/v2\/categories?post=58010"},{"taxonomy":"post_tag","embeddable":true,"href":"https:\/\/verdadeon.com.br\/portal\/wp-json\/wp\/v2\/tags?post=58010"}],"curies":[{"name":"wp","href":"https:\/\/api.w.org\/{rel}","templated":true}]}}