{"id":57892,"date":"2025-07-14T14:37:15","date_gmt":"2025-07-14T17:37:15","guid":{"rendered":"https:\/\/verdadeon.com.br\/portal\/?p=57892"},"modified":"2025-07-14T14:37:15","modified_gmt":"2025-07-14T17:37:15","slug":"brasil-inicia-copa-america-com-vitoria-de-2-a-0-sobre-a-venezuela","status":"publish","type":"post","link":"https:\/\/verdadeon.com.br\/portal\/2025\/07\/14\/brasil-inicia-copa-america-com-vitoria-de-2-a-0-sobre-a-venezuela\/","title":{"rendered":"Brasil inicia Copa Am\u00e9rica com vit\u00f3ria de 2 a 0 sobre a Venezuela"},"content":{"rendered":"<div class=\"header-noticia full-width\">\n<h2 class=\"linha-fina-noticia\">Com show de Claudia Mart\u00ednez, Paraguai goleia Bol\u00edvia por 4 a 0<\/h2>\n<\/div>\n<div class=\"subheader\">\n<div class=\"container-autoria\">\n<p>O\u00a0Brasil derrotou a Venezuela por 2 a 0, na noite deste domingo (13) no Est\u00e1dio Gonzalo Pozo Ripalda, em Quito (Equador), em sua estreia na Copa Am\u00e9rica de futebol feminino, que\u00a0contou com a transmiss\u00e3o da\u00a0<strong>TV Brasil<\/strong>.\u00a0Ap\u00f3s este resultado a sele\u00e7\u00e3o brasileira ocupa a 2\u00aa coloca\u00e7\u00e3o do Grupo B da competi\u00e7\u00e3o com tr\u00eas pontos conquistados.<img data-recalc-dims=\"1\" decoding=\"async\" src=\"https:\/\/i0.wp.com\/agenciabrasil.ebc.com.br\/ebc.png?w=1220&#038;ssl=1\" \/><img data-recalc-dims=\"1\" decoding=\"async\" src=\"https:\/\/i0.wp.com\/agenciabrasil.ebc.com.br\/ebc.gif?w=1220&#038;ssl=1\" \/><\/p>\n<p>Claramente afetadas pelos efeitos dos 2.850 metros de altitude, as jogadoras do Brasil n\u00e3o conseguiram dominar as a\u00e7\u00f5es no primeiro tempo, e permitiram que as venezuelanas chegassem com perigo em algumas oportunidades, como aos 23 minutos, quando a volante Dayana Rodr\u00edguez acertou chute que passou muito perto da meta defendida pela goleira Lorena.<\/p>\n<p>Por\u00e9m, a sele\u00e7\u00e3o brasileira mostrou efici\u00eancia quando a chance de abrir o placar se apresentou. Aos 31 minutos a zagueira Isa Haas lan\u00e7ou Gio na ponta direita. A atacante partiu em velocidade e cruzou para o meio da \u00e1rea, onde a artilheira Amanda Gutierres s\u00f3 teve o trabalho de escorar para o fundo do gol.<\/p>\n<p>Na etapa final o t\u00e9cnico Arthur Elias realizou v\u00e1rias mudan\u00e7as na equipe brasileira, e o Brasil conseguiu ampliar o placar aos 43 minutos, com a volante Duda Sampaio. Agora, a sele\u00e7\u00e3o brasileira volta a entrar em a\u00e7\u00e3o na pr\u00f3xima quarta-feira (16), quando enfrenta a Bol\u00edvia a partir das 18h (hor\u00e1rio de Bras\u00edlia).<\/p>\n<h2>Goleada do Paraguai<\/h2>\n<p>O l\u00edder da chave do Brasil \u00e9 o Paraguai, que, tamb\u00e9m neste domingo, goleou a Bol\u00edvia pelo placar de 4 a 0. As paraguaias foram superiores na partida e, logo aos 23 minutos do primeiro tempo, abriram\u00a0o placar com a jovem atacante Claudia Mart\u00ednez, de apenas 17 anos. A atacante do Olimpia (Paraguai) voltou a deixar a sua marca aos 40 minutos, com um chute de direita ap\u00f3s cruzamento de Bareiro.<\/p>\n<p>O terceiro gol do Paraguai saiu j\u00e1 na etapa final. Aos 15 minutos a defesa da Bol\u00edvia falhou e Mart\u00ednez ganhou na velocidade para marcar seu terceiro gol no confronto. J\u00e1 aos 45, Lice Chamorro marcou para dar n\u00fameros finais ao marcador.<\/p>\n<p>Fonte: Ag\u00eancia Brasil<\/p>\n<\/div>\n<\/div>\n","protected":false},"excerpt":{"rendered":"<p>Com show de Claudia Mart\u00ednez, Paraguai goleia Bol\u00edvia por 4 a 0 O\u00a0Brasil derrotou a Venezuela por 2 a 0, na noite deste domingo (13) no<span class=\"excerpt-hellip\"> [\u2026]<\/span><\/p>\n","protected":false},"author":10,"featured_media":57896,"comment_status":"open","ping_status":"open","sticky":false,"template":"","format":"standard","meta":{"_jetpack_memberships_contains_paid_content":false,"footnotes":"","jetpack_publicize_message":"","jetpack_publicize_feature_enabled":true,"jetpack_social_post_already_shared":true,"jetpack_social_options":{"image_generator_settings":{"template":"highway","default_image_id":0,"enabled":false},"version":2}},"categories":[28,44],"tags":[],"class_list":["post-57892","post","type-post","status-publish","format-standard","has-post-thumbnail","hentry","category-cotidiano","category-noticias"],"yoast_head":"<!-- This site is optimized with the Yoast SEO plugin v25.6 - https:\/\/yoast.com\/wordpress\/plugins\/seo\/ -->\n<title>Brasil inicia Copa Am\u00e9rica com vit\u00f3ria de 2 a 0 sobre a Venezuela - VerdadeOn<\/title>\n<meta name=\"robots\" content=\"index, follow, max-snippet:-1, max-image-preview:large, max-video-preview:-1\" \/>\n<link rel=\"canonical\" href=\"https:\/\/verdadeon.com.br\/portal\/2025\/07\/14\/brasil-inicia-copa-america-com-vitoria-de-2-a-0-sobre-a-venezuela\/\" \/>\n<meta property=\"og:locale\" content=\"pt_BR\" \/>\n<meta property=\"og:type\" content=\"article\" \/>\n<meta property=\"og:title\" content=\"Brasil inicia Copa Am\u00e9rica com vit\u00f3ria de 2 a 0 sobre a Venezuela - VerdadeOn\" \/>\n<meta property=\"og:description\" content=\"Com show de Claudia Mart\u00ednez, Paraguai goleia Bol\u00edvia por 4 a 0 O\u00a0Brasil derrotou a Venezuela por 2 a 0, na noite deste domingo (13) no [\u2026]\" \/>\n<meta property=\"og:url\" content=\"https:\/\/verdadeon.com.br\/portal\/2025\/07\/14\/brasil-inicia-copa-america-com-vitoria-de-2-a-0-sobre-a-venezuela\/\" \/>\n<meta property=\"og:site_name\" content=\"VerdadeOn\" \/>\n<meta property=\"article:published_time\" content=\"2025-07-14T17:37:15+00:00\" \/>\n<meta property=\"og:image\" content=\"https:\/\/i0.wp.com\/verdadeon.com.br\/portal\/wp-content\/uploads\/2025\/07\/54652203172_dd2f4324d3_o.webp?fit=1170%2C700&ssl=1\" \/>\n\t<meta property=\"og:image:width\" content=\"1170\" \/>\n\t<meta property=\"og:image:height\" content=\"700\" \/>\n\t<meta property=\"og:image:type\" content=\"image\/webp\" \/>\n<meta name=\"author\" content=\"Redacao VerdadeOn\" \/>\n<meta name=\"twitter:card\" content=\"summary_large_image\" \/>\n<meta name=\"twitter:label1\" content=\"Escrito por\" \/>\n\t<meta name=\"twitter:data1\" content=\"Redacao VerdadeOn\" \/>\n\t<meta name=\"twitter:label2\" content=\"Est. tempo de leitura\" \/>\n\t<meta name=\"twitter:data2\" content=\"3 minutos\" \/>\n<script type=\"application\/ld+json\" class=\"yoast-schema-graph\">{\"@context\":\"https:\/\/schema.org\",\"@graph\":[{\"@type\":\"WebPage\",\"@id\":\"https:\/\/verdadeon.com.br\/portal\/2025\/07\/14\/brasil-inicia-copa-america-com-vitoria-de-2-a-0-sobre-a-venezuela\/\",\"url\":\"https:\/\/verdadeon.com.br\/portal\/2025\/07\/14\/brasil-inicia-copa-america-com-vitoria-de-2-a-0-sobre-a-venezuela\/\",\"name\":\"Brasil inicia Copa Am\u00e9rica com vit\u00f3ria de 2 a 0 sobre a Venezuela - VerdadeOn\",\"isPartOf\":{\"@id\":\"https:\/\/verdadeon.com.br\/portal\/#website\"},\"primaryImageOfPage\":{\"@id\":\"https:\/\/verdadeon.com.br\/portal\/2025\/07\/14\/brasil-inicia-copa-america-com-vitoria-de-2-a-0-sobre-a-venezuela\/#primaryimage\"},\"image\":{\"@id\":\"https:\/\/verdadeon.com.br\/portal\/2025\/07\/14\/brasil-inicia-copa-america-com-vitoria-de-2-a-0-sobre-a-venezuela\/#primaryimage\"},\"thumbnailUrl\":\"https:\/\/i0.wp.com\/verdadeon.com.br\/portal\/wp-content\/uploads\/2025\/07\/54652203172_dd2f4324d3_o.webp?fit=1170%2C700&ssl=1\",\"datePublished\":\"2025-07-14T17:37:15+00:00\",\"author\":{\"@id\":\"https:\/\/verdadeon.com.br\/portal\/#\/schema\/person\/a5060ad1e9ea3df545188fc93ce43d2f\"},\"breadcrumb\":{\"@id\":\"https:\/\/verdadeon.com.br\/portal\/2025\/07\/14\/brasil-inicia-copa-america-com-vitoria-de-2-a-0-sobre-a-venezuela\/#breadcrumb\"},\"inLanguage\":\"pt-BR\",\"potentialAction\":[{\"@type\":\"ReadAction\",\"target\":[\"https:\/\/verdadeon.com.br\/portal\/2025\/07\/14\/brasil-inicia-copa-america-com-vitoria-de-2-a-0-sobre-a-venezuela\/\"]}]},{\"@type\":\"ImageObject\",\"inLanguage\":\"pt-BR\",\"@id\":\"https:\/\/verdadeon.com.br\/portal\/2025\/07\/14\/brasil-inicia-copa-america-com-vitoria-de-2-a-0-sobre-a-venezuela\/#primaryimage\",\"url\":\"https:\/\/i0.wp.com\/verdadeon.com.br\/portal\/wp-content\/uploads\/2025\/07\/54652203172_dd2f4324d3_o.webp?fit=1170%2C700&ssl=1\",\"contentUrl\":\"https:\/\/i0.wp.com\/verdadeon.com.br\/portal\/wp-content\/uploads\/2025\/07\/54652203172_dd2f4324d3_o.webp?fit=1170%2C700&ssl=1\",\"width\":1170,\"height\":700,\"caption\":\"(\u00a9L\u00edvia Villas Boas\/CBF\/Direitos Reservados)\"},{\"@type\":\"BreadcrumbList\",\"@id\":\"https:\/\/verdadeon.com.br\/portal\/2025\/07\/14\/brasil-inicia-copa-america-com-vitoria-de-2-a-0-sobre-a-venezuela\/#breadcrumb\",\"itemListElement\":[{\"@type\":\"ListItem\",\"position\":1,\"name\":\"In\u00edcio\",\"item\":\"https:\/\/verdadeon.com.br\/portal\/\"},{\"@type\":\"ListItem\",\"position\":2,\"name\":\"Brasil inicia Copa Am\u00e9rica com vit\u00f3ria de 2 a 0 sobre a Venezuela\"}]},{\"@type\":\"WebSite\",\"@id\":\"https:\/\/verdadeon.com.br\/portal\/#website\",\"url\":\"https:\/\/verdadeon.com.br\/portal\/\",\"name\":\"VerdadeOn\",\"description\":\"Not\u00edcias di\u00e1rias sobre Franca, Regi\u00e3o, Esporte, Cultura, Cotidiano, Colunas. Cobertura nos principais eventos da cidade \u00e9 aqui - Verdadeon Franca\",\"potentialAction\":[{\"@type\":\"SearchAction\",\"target\":{\"@type\":\"EntryPoint\",\"urlTemplate\":\"https:\/\/verdadeon.com.br\/portal\/?s={search_term_string}\"},\"query-input\":{\"@type\":\"PropertyValueSpecification\",\"valueRequired\":true,\"valueName\":\"search_term_string\"}}],\"inLanguage\":\"pt-BR\"},{\"@type\":\"Person\",\"@id\":\"https:\/\/verdadeon.com.br\/portal\/#\/schema\/person\/a5060ad1e9ea3df545188fc93ce43d2f\",\"name\":\"Redacao VerdadeOn\",\"image\":{\"@type\":\"ImageObject\",\"inLanguage\":\"pt-BR\",\"@id\":\"https:\/\/verdadeon.com.br\/portal\/#\/schema\/person\/image\/\",\"url\":\"https:\/\/secure.gravatar.com\/avatar\/459a9613caaaf07f582c3d0841eea68bdd66f533e465e6ba8b9cb45619572cf4?s=96&d=mm&r=g\",\"contentUrl\":\"https:\/\/secure.gravatar.com\/avatar\/459a9613caaaf07f582c3d0841eea68bdd66f533e465e6ba8b9cb45619572cf4?s=96&d=mm&r=g\",\"caption\":\"Redacao VerdadeOn\"},\"url\":\"https:\/\/verdadeon.com.br\/portal\/author\/redacao\/\"}]}<\/script>\n<!-- \/ Yoast SEO plugin. -->","yoast_head_json":{"title":"Brasil inicia Copa Am\u00e9rica com vit\u00f3ria de 2 a 0 sobre a Venezuela - VerdadeOn","robots":{"index":"index","follow":"follow","max-snippet":"max-snippet:-1","max-image-preview":"max-image-preview:large","max-video-preview":"max-video-preview:-1"},"canonical":"https:\/\/verdadeon.com.br\/portal\/2025\/07\/14\/brasil-inicia-copa-america-com-vitoria-de-2-a-0-sobre-a-venezuela\/","og_locale":"pt_BR","og_type":"article","og_title":"Brasil inicia Copa Am\u00e9rica com vit\u00f3ria de 2 a 0 sobre a Venezuela - VerdadeOn","og_description":"Com show de Claudia Mart\u00ednez, Paraguai goleia Bol\u00edvia por 4 a 0 O\u00a0Brasil derrotou a Venezuela por 2 a 0, na noite deste domingo (13) no [\u2026]","og_url":"https:\/\/verdadeon.com.br\/portal\/2025\/07\/14\/brasil-inicia-copa-america-com-vitoria-de-2-a-0-sobre-a-venezuela\/","og_site_name":"VerdadeOn","article_published_time":"2025-07-14T17:37:15+00:00","og_image":[{"width":1170,"height":700,"url":"https:\/\/i0.wp.com\/verdadeon.com.br\/portal\/wp-content\/uploads\/2025\/07\/54652203172_dd2f4324d3_o.webp?fit=1170%2C700&ssl=1","type":"image\/webp"}],"author":"Redacao VerdadeOn","twitter_card":"summary_large_image","twitter_misc":{"Escrito por":"Redacao VerdadeOn","Est. tempo de leitura":"3 minutos"},"schema":{"@context":"https:\/\/schema.org","@graph":[{"@type":"WebPage","@id":"https:\/\/verdadeon.com.br\/portal\/2025\/07\/14\/brasil-inicia-copa-america-com-vitoria-de-2-a-0-sobre-a-venezuela\/","url":"https:\/\/verdadeon.com.br\/portal\/2025\/07\/14\/brasil-inicia-copa-america-com-vitoria-de-2-a-0-sobre-a-venezuela\/","name":"Brasil inicia Copa Am\u00e9rica com vit\u00f3ria de 2 a 0 sobre a Venezuela - VerdadeOn","isPartOf":{"@id":"https:\/\/verdadeon.com.br\/portal\/#website"},"primaryImageOfPage":{"@id":"https:\/\/verdadeon.com.br\/portal\/2025\/07\/14\/brasil-inicia-copa-america-com-vitoria-de-2-a-0-sobre-a-venezuela\/#primaryimage"},"image":{"@id":"https:\/\/verdadeon.com.br\/portal\/2025\/07\/14\/brasil-inicia-copa-america-com-vitoria-de-2-a-0-sobre-a-venezuela\/#primaryimage"},"thumbnailUrl":"https:\/\/i0.wp.com\/verdadeon.com.br\/portal\/wp-content\/uploads\/2025\/07\/54652203172_dd2f4324d3_o.webp?fit=1170%2C700&ssl=1","datePublished":"2025-07-14T17:37:15+00:00","author":{"@id":"https:\/\/verdadeon.com.br\/portal\/#\/schema\/person\/a5060ad1e9ea3df545188fc93ce43d2f"},"breadcrumb":{"@id":"https:\/\/verdadeon.com.br\/portal\/2025\/07\/14\/brasil-inicia-copa-america-com-vitoria-de-2-a-0-sobre-a-venezuela\/#breadcrumb"},"inLanguage":"pt-BR","potentialAction":[{"@type":"ReadAction","target":["https:\/\/verdadeon.com.br\/portal\/2025\/07\/14\/brasil-inicia-copa-america-com-vitoria-de-2-a-0-sobre-a-venezuela\/"]}]},{"@type":"ImageObject","inLanguage":"pt-BR","@id":"https:\/\/verdadeon.com.br\/portal\/2025\/07\/14\/brasil-inicia-copa-america-com-vitoria-de-2-a-0-sobre-a-venezuela\/#primaryimage","url":"https:\/\/i0.wp.com\/verdadeon.com.br\/portal\/wp-content\/uploads\/2025\/07\/54652203172_dd2f4324d3_o.webp?fit=1170%2C700&ssl=1","contentUrl":"https:\/\/i0.wp.com\/verdadeon.com.br\/portal\/wp-content\/uploads\/2025\/07\/54652203172_dd2f4324d3_o.webp?fit=1170%2C700&ssl=1","width":1170,"height":700,"caption":"(\u00a9L\u00edvia Villas Boas\/CBF\/Direitos Reservados)"},{"@type":"BreadcrumbList","@id":"https:\/\/verdadeon.com.br\/portal\/2025\/07\/14\/brasil-inicia-copa-america-com-vitoria-de-2-a-0-sobre-a-venezuela\/#breadcrumb","itemListElement":[{"@type":"ListItem","position":1,"name":"In\u00edcio","item":"https:\/\/verdadeon.com.br\/portal\/"},{"@type":"ListItem","position":2,"name":"Brasil inicia Copa Am\u00e9rica com vit\u00f3ria de 2 a 0 sobre a Venezuela"}]},{"@type":"WebSite","@id":"https:\/\/verdadeon.com.br\/portal\/#website","url":"https:\/\/verdadeon.com.br\/portal\/","name":"VerdadeOn","description":"Not\u00edcias di\u00e1rias sobre Franca, Regi\u00e3o, Esporte, Cultura, Cotidiano, Colunas. Cobertura nos principais eventos da cidade \u00e9 aqui - Verdadeon Franca","potentialAction":[{"@type":"SearchAction","target":{"@type":"EntryPoint","urlTemplate":"https:\/\/verdadeon.com.br\/portal\/?s={search_term_string}"},"query-input":{"@type":"PropertyValueSpecification","valueRequired":true,"valueName":"search_term_string"}}],"inLanguage":"pt-BR"},{"@type":"Person","@id":"https:\/\/verdadeon.com.br\/portal\/#\/schema\/person\/a5060ad1e9ea3df545188fc93ce43d2f","name":"Redacao VerdadeOn","image":{"@type":"ImageObject","inLanguage":"pt-BR","@id":"https:\/\/verdadeon.com.br\/portal\/#\/schema\/person\/image\/","url":"https:\/\/secure.gravatar.com\/avatar\/459a9613caaaf07f582c3d0841eea68bdd66f533e465e6ba8b9cb45619572cf4?s=96&d=mm&r=g","contentUrl":"https:\/\/secure.gravatar.com\/avatar\/459a9613caaaf07f582c3d0841eea68bdd66f533e465e6ba8b9cb45619572cf4?s=96&d=mm&r=g","caption":"Redacao VerdadeOn"},"url":"https:\/\/verdadeon.com.br\/portal\/author\/redacao\/"}]}},"jetpack_publicize_connections":[],"jetpack_featured_media_url":"https:\/\/i0.wp.com\/verdadeon.com.br\/portal\/wp-content\/uploads\/2025\/07\/54652203172_dd2f4324d3_o.webp?fit=1170%2C700&ssl=1","jetpack_sharing_enabled":true,"_links":{"self":[{"href":"https:\/\/verdadeon.com.br\/portal\/wp-json\/wp\/v2\/posts\/57892","targetHints":{"allow":["GET"]}}],"collection":[{"href":"https:\/\/verdadeon.com.br\/portal\/wp-json\/wp\/v2\/posts"}],"about":[{"href":"https:\/\/verdadeon.com.br\/portal\/wp-json\/wp\/v2\/types\/post"}],"author":[{"embeddable":true,"href":"https:\/\/verdadeon.com.br\/portal\/wp-json\/wp\/v2\/users\/10"}],"replies":[{"embeddable":true,"href":"https:\/\/verdadeon.com.br\/portal\/wp-json\/wp\/v2\/comments?post=57892"}],"version-history":[{"count":1,"href":"https:\/\/verdadeon.com.br\/portal\/wp-json\/wp\/v2\/posts\/57892\/revisions"}],"predecessor-version":[{"id":57897,"href":"https:\/\/verdadeon.com.br\/portal\/wp-json\/wp\/v2\/posts\/57892\/revisions\/57897"}],"wp:featuredmedia":[{"embeddable":true,"href":"https:\/\/verdadeon.com.br\/portal\/wp-json\/wp\/v2\/media\/57896"}],"wp:attachment":[{"href":"https:\/\/verdadeon.com.br\/portal\/wp-json\/wp\/v2\/media?parent=57892"}],"wp:term":[{"taxonomy":"category","embeddable":true,"href":"https:\/\/verdadeon.com.br\/portal\/wp-json\/wp\/v2\/categories?post=57892"},{"taxonomy":"post_tag","embeddable":true,"href":"https:\/\/verdadeon.com.br\/portal\/wp-json\/wp\/v2\/tags?post=57892"}],"curies":[{"name":"wp","href":"https:\/\/api.w.org\/{rel}","templated":true}]}}