{"id":57265,"date":"2025-06-25T13:21:10","date_gmt":"2025-06-25T16:21:10","guid":{"rendered":"https:\/\/verdadeon.com.br\/portal\/?p=57265"},"modified":"2025-06-25T13:21:10","modified_gmt":"2025-06-25T16:21:10","slug":"sera-um-marco-para-o-futebol-feminino-diz-marta-sobre-copa-no-brasil","status":"publish","type":"post","link":"https:\/\/verdadeon.com.br\/portal\/2025\/06\/25\/sera-um-marco-para-o-futebol-feminino-diz-marta-sobre-copa-no-brasil\/","title":{"rendered":"Ser\u00e1 um marco para o futebol feminino, diz Marta sobre Copa no Brasil"},"content":{"rendered":"<div class=\"header-noticia full-width\">\n<h2 class=\"linha-fina-noticia\">Evento daqui a dois anos ser\u00e1 o primeiro do tipo na Am\u00e9rica do Sul<\/h2>\n<\/div>\n<div class=\"subheader\">\n<div class=\"container-autoria\">\n<p>Faltam dois anos para a abertura da Copa do Mundo de futebol feminino no Brasil,\u00a0<a href=\"https:\/\/agenciabrasil.ebc.com.br\/esportes\/noticia\/2025-05\/conheca-as-oito-cidades-da-copa-do-mundo-feminina-de-2027-no-Brasil\"><strong>com jogos em oito capitais<\/strong><\/a>:\u00a0Belo Horizonte, Bras\u00edlia, Fortaleza, Porto Alegre, Recife, Rio de Janeiro, S\u00e3o Paulo e Salvador. \u00a0E quem n\u00e3o v\u00ea a hora de o evento come\u00e7ar \u00e9 Marta, a maior artilheira do pa\u00eds na hist\u00f3ria dos Mundiais e seis vezes eleita a melhor jogadora do mundo. A atacante, que vestiu a amarelinha em cinco edi\u00e7\u00f5es da Copa (2003, 2007, 2011, 2015 e 2019), n\u00e3o segura a emo\u00e7\u00e3o ao falar da expectativa de poder jogar e acompanhar a competi\u00e7\u00e3o dentro do pa\u00eds.<img data-recalc-dims=\"1\" decoding=\"async\" src=\"https:\/\/i0.wp.com\/agenciabrasil.ebc.com.br\/ebc.png?w=1220&#038;ssl=1\" \/><img data-recalc-dims=\"1\" decoding=\"async\" src=\"https:\/\/i0.wp.com\/agenciabrasil.ebc.com.br\/ebc.gif?w=1220&#038;ssl=1\" \/><\/p>\n<p>\u201cA Copa do Mundo de 2027 da Fifa no Brasil representa um sonho: \u00e9 a primeira Copa feminina da categoria adulta na Am\u00e9rica do Sul. A gente est\u00e1 super orgulhosa de poder sediar um evento t\u00e3o grande como esse\u201d, disse Marta, que saiu de Dois Riachos, no sert\u00e3o alagoano, para ganhar o mundo como atacante.<\/p>\n<div class=\"dnd-widget-wrapper context-cheio_8colunas type-image\">\n<div class=\"dnd-atom-rendered\"><img data-recalc-dims=\"1\" decoding=\"async\" class=\"aligncenter\" title=\"Thais Magalh\u00e3es\/CBF\/Direitos Reservados\" src=\"https:\/\/i0.wp.com\/imagens.ebc.com.br\/1aq9Vz8iR6ZQeq6cA7icHRv5gyg%3D\/754x0\/smart\/https%3A\/\/agenciabrasil.ebc.com.br\/sites\/default\/files\/thumbnails\/image\/52779701775_8a213a3c95_o.jpg?w=1220&#038;ssl=1\" alt=\"trof\u00e9u, copa do mundo de futebol feminino, Rio de Janeiro, ta\u00e7a\" \/><\/div>\n<div class=\"dnd-caption-wrapper\">\n<div class=\"meta\" style=\"text-align: center;\">Al\u00e9m da cidade do\u00a0Rio de Janeiro, o Mundial de 2027 ter\u00e1 partidas em outras sete capitais: Belo Horizonte, Bras\u00edlia, Fortaleza, Porto Alegre, Recife,\u00a0S\u00e3o Paulo e Salvador\u00a0<strong>Thais Magalh\u00e3es\/CBF\/Direitos Reservados<\/strong><\/div>\n<\/div>\n<\/div>\n<p>O Mundial feminino no Brasil reunir\u00e1 32 sele\u00e7\u00f5es de 24 de junho a 25 de julho de 2027.\u00a0<a href=\"https:\/\/agenciabrasil.ebc.com.br\/esportes\/noticia\/2024-08\/brasil-e-prata-no-futebol-feminino-apos-reves-contra-eua-na-final\"><strong>Vice-campe\u00e3 ol\u00edmpica nos Jogos de Paris<\/strong><\/a><b>\u00a0<\/b>no ano passado, a sele\u00e7\u00e3o comandada pelo t\u00e9cnico Arthur Elias ser\u00e1 o centro das aten\u00e7\u00f5es. E o treinador ressalta a grande responsabilidade de o escrete fazer jus como representante do pa\u00eds.<\/p>\n<p>&#8220;Estamos trabalhando muito para fazer uma grande Copa do Mundo em casa com o nosso torcedor. Isso \u00e9 motivo de orgulho e muita responsabilidade. Queremos deixar um marco hist\u00f3rico que impulsione a equidade necess\u00e1ria para desenvolvimento do futebol feminino brasileiro\u201d, afirmou Elias, em depoimento ao site da Confedera\u00e7\u00e3o Brasileira de Futebol (CBF).<\/p>\n<p>Marta compartilha da opini\u00e3o do treinador e acredita que o sucesso do evento favore\u00e7a as pr\u00f3ximas gera\u00e7\u00f5es de atletas.<\/p>\n<p>\u201cO mais importante para a gente \u00e9 que realmente a gente possa deixar um legado muito especial, para que o futebol feminino s\u00f3 venha a crescer mais e mais\u201d, disse a camisa 10, autora de 122 gols com a amarelinha. \u201cVamos trabalhar duro para que tudo seja perfeito, e esse evento seja um marco na hist\u00f3ria do futebol feminino\u201d, projetou Marta, estrela do futebol mundial.<\/p>\n<p>Fonte: Ag\u00eancia Brasil<\/p>\n<\/div>\n<\/div>\n","protected":false},"excerpt":{"rendered":"<p>Evento daqui a dois anos ser\u00e1 o primeiro do tipo na Am\u00e9rica do Sul Faltam dois anos para a abertura da Copa do Mundo de futebol<span class=\"excerpt-hellip\"> [\u2026]<\/span><\/p>\n","protected":false},"author":10,"featured_media":48069,"comment_status":"open","ping_status":"open","sticky":false,"template":"","format":"standard","meta":{"_jetpack_memberships_contains_paid_content":false,"footnotes":"","jetpack_publicize_message":"","jetpack_publicize_feature_enabled":true,"jetpack_social_post_already_shared":true,"jetpack_social_options":{"image_generator_settings":{"template":"highway","default_image_id":0,"enabled":false},"version":2}},"categories":[28,44],"tags":[],"class_list":["post-57265","post","type-post","status-publish","format-standard","has-post-thumbnail","hentry","category-cotidiano","category-noticias"],"yoast_head":"<!-- This site is optimized with the Yoast SEO plugin v25.6 - https:\/\/yoast.com\/wordpress\/plugins\/seo\/ -->\n<title>Ser\u00e1 um marco para o futebol feminino, diz Marta sobre Copa no Brasil - VerdadeOn<\/title>\n<meta name=\"robots\" content=\"index, follow, max-snippet:-1, max-image-preview:large, max-video-preview:-1\" \/>\n<link rel=\"canonical\" href=\"https:\/\/verdadeon.com.br\/portal\/2025\/06\/25\/sera-um-marco-para-o-futebol-feminino-diz-marta-sobre-copa-no-brasil\/\" \/>\n<meta property=\"og:locale\" content=\"pt_BR\" \/>\n<meta property=\"og:type\" content=\"article\" \/>\n<meta property=\"og:title\" content=\"Ser\u00e1 um marco para o futebol feminino, diz Marta sobre Copa no Brasil - VerdadeOn\" \/>\n<meta property=\"og:description\" content=\"Evento daqui a dois anos ser\u00e1 o primeiro do tipo na Am\u00e9rica do Sul Faltam dois anos para a abertura da Copa do Mundo de futebol [\u2026]\" \/>\n<meta property=\"og:url\" content=\"https:\/\/verdadeon.com.br\/portal\/2025\/06\/25\/sera-um-marco-para-o-futebol-feminino-diz-marta-sobre-copa-no-brasil\/\" \/>\n<meta property=\"og:site_name\" content=\"VerdadeOn\" \/>\n<meta property=\"article:published_time\" content=\"2025-06-25T16:21:10+00:00\" \/>\n<meta property=\"og:image\" content=\"https:\/\/verdadeon.com.br\/portal\/wp-content\/uploads\/2024\/08\/53881307509_3c2f8dd4cb_o-scaled.jpg\" \/>\n\t<meta property=\"og:image:width\" content=\"2560\" \/>\n\t<meta property=\"og:image:height\" content=\"1715\" \/>\n\t<meta property=\"og:image:type\" content=\"image\/jpeg\" \/>\n<meta name=\"author\" content=\"Redacao VerdadeOn\" \/>\n<meta name=\"twitter:card\" content=\"summary_large_image\" \/>\n<meta name=\"twitter:label1\" content=\"Escrito por\" \/>\n\t<meta name=\"twitter:data1\" content=\"Redacao VerdadeOn\" \/>\n\t<meta name=\"twitter:label2\" content=\"Est. tempo de leitura\" \/>\n\t<meta name=\"twitter:data2\" content=\"2 minutos\" \/>\n<script type=\"application\/ld+json\" class=\"yoast-schema-graph\">{\"@context\":\"https:\/\/schema.org\",\"@graph\":[{\"@type\":\"WebPage\",\"@id\":\"https:\/\/verdadeon.com.br\/portal\/2025\/06\/25\/sera-um-marco-para-o-futebol-feminino-diz-marta-sobre-copa-no-brasil\/\",\"url\":\"https:\/\/verdadeon.com.br\/portal\/2025\/06\/25\/sera-um-marco-para-o-futebol-feminino-diz-marta-sobre-copa-no-brasil\/\",\"name\":\"Ser\u00e1 um marco para o futebol feminino, diz Marta sobre Copa no Brasil - VerdadeOn\",\"isPartOf\":{\"@id\":\"https:\/\/verdadeon.com.br\/portal\/#website\"},\"primaryImageOfPage\":{\"@id\":\"https:\/\/verdadeon.com.br\/portal\/2025\/06\/25\/sera-um-marco-para-o-futebol-feminino-diz-marta-sobre-copa-no-brasil\/#primaryimage\"},\"image\":{\"@id\":\"https:\/\/verdadeon.com.br\/portal\/2025\/06\/25\/sera-um-marco-para-o-futebol-feminino-diz-marta-sobre-copa-no-brasil\/#primaryimage\"},\"thumbnailUrl\":\"https:\/\/i0.wp.com\/verdadeon.com.br\/portal\/wp-content\/uploads\/2024\/08\/53881307509_3c2f8dd4cb_o-scaled.jpg?fit=2560%2C1715&ssl=1\",\"datePublished\":\"2025-06-25T16:21:10+00:00\",\"author\":{\"@id\":\"https:\/\/verdadeon.com.br\/portal\/#\/schema\/person\/a5060ad1e9ea3df545188fc93ce43d2f\"},\"breadcrumb\":{\"@id\":\"https:\/\/verdadeon.com.br\/portal\/2025\/06\/25\/sera-um-marco-para-o-futebol-feminino-diz-marta-sobre-copa-no-brasil\/#breadcrumb\"},\"inLanguage\":\"pt-BR\",\"potentialAction\":[{\"@type\":\"ReadAction\",\"target\":[\"https:\/\/verdadeon.com.br\/portal\/2025\/06\/25\/sera-um-marco-para-o-futebol-feminino-diz-marta-sobre-copa-no-brasil\/\"]}]},{\"@type\":\"ImageObject\",\"inLanguage\":\"pt-BR\",\"@id\":\"https:\/\/verdadeon.com.br\/portal\/2025\/06\/25\/sera-um-marco-para-o-futebol-feminino-diz-marta-sobre-copa-no-brasil\/#primaryimage\",\"url\":\"https:\/\/i0.wp.com\/verdadeon.com.br\/portal\/wp-content\/uploads\/2024\/08\/53881307509_3c2f8dd4cb_o-scaled.jpg?fit=2560%2C1715&ssl=1\",\"contentUrl\":\"https:\/\/i0.wp.com\/verdadeon.com.br\/portal\/wp-content\/uploads\/2024\/08\/53881307509_3c2f8dd4cb_o-scaled.jpg?fit=2560%2C1715&ssl=1\",\"width\":2560,\"height\":1715,\"caption\":\"Marta, considerada a melhor jogadora de todos os tempos (\u00a9Rafael Ribeiro\/CBF)\"},{\"@type\":\"BreadcrumbList\",\"@id\":\"https:\/\/verdadeon.com.br\/portal\/2025\/06\/25\/sera-um-marco-para-o-futebol-feminino-diz-marta-sobre-copa-no-brasil\/#breadcrumb\",\"itemListElement\":[{\"@type\":\"ListItem\",\"position\":1,\"name\":\"In\u00edcio\",\"item\":\"https:\/\/verdadeon.com.br\/portal\/\"},{\"@type\":\"ListItem\",\"position\":2,\"name\":\"Ser\u00e1 um marco para o futebol feminino, diz Marta sobre Copa no Brasil\"}]},{\"@type\":\"WebSite\",\"@id\":\"https:\/\/verdadeon.com.br\/portal\/#website\",\"url\":\"https:\/\/verdadeon.com.br\/portal\/\",\"name\":\"VerdadeOn\",\"description\":\"Not\u00edcias di\u00e1rias sobre Franca, Regi\u00e3o, Esporte, Cultura, Cotidiano, Colunas. Cobertura nos principais eventos da cidade \u00e9 aqui - Verdadeon Franca\",\"potentialAction\":[{\"@type\":\"SearchAction\",\"target\":{\"@type\":\"EntryPoint\",\"urlTemplate\":\"https:\/\/verdadeon.com.br\/portal\/?s={search_term_string}\"},\"query-input\":{\"@type\":\"PropertyValueSpecification\",\"valueRequired\":true,\"valueName\":\"search_term_string\"}}],\"inLanguage\":\"pt-BR\"},{\"@type\":\"Person\",\"@id\":\"https:\/\/verdadeon.com.br\/portal\/#\/schema\/person\/a5060ad1e9ea3df545188fc93ce43d2f\",\"name\":\"Redacao VerdadeOn\",\"image\":{\"@type\":\"ImageObject\",\"inLanguage\":\"pt-BR\",\"@id\":\"https:\/\/verdadeon.com.br\/portal\/#\/schema\/person\/image\/\",\"url\":\"https:\/\/secure.gravatar.com\/avatar\/459a9613caaaf07f582c3d0841eea68bdd66f533e465e6ba8b9cb45619572cf4?s=96&d=mm&r=g\",\"contentUrl\":\"https:\/\/secure.gravatar.com\/avatar\/459a9613caaaf07f582c3d0841eea68bdd66f533e465e6ba8b9cb45619572cf4?s=96&d=mm&r=g\",\"caption\":\"Redacao VerdadeOn\"},\"url\":\"https:\/\/verdadeon.com.br\/portal\/author\/redacao\/\"}]}<\/script>\n<!-- \/ Yoast SEO plugin. -->","yoast_head_json":{"title":"Ser\u00e1 um marco para o futebol feminino, diz Marta sobre Copa no Brasil - VerdadeOn","robots":{"index":"index","follow":"follow","max-snippet":"max-snippet:-1","max-image-preview":"max-image-preview:large","max-video-preview":"max-video-preview:-1"},"canonical":"https:\/\/verdadeon.com.br\/portal\/2025\/06\/25\/sera-um-marco-para-o-futebol-feminino-diz-marta-sobre-copa-no-brasil\/","og_locale":"pt_BR","og_type":"article","og_title":"Ser\u00e1 um marco para o futebol feminino, diz Marta sobre Copa no Brasil - VerdadeOn","og_description":"Evento daqui a dois anos ser\u00e1 o primeiro do tipo na Am\u00e9rica do Sul Faltam dois anos para a abertura da Copa do Mundo de futebol [\u2026]","og_url":"https:\/\/verdadeon.com.br\/portal\/2025\/06\/25\/sera-um-marco-para-o-futebol-feminino-diz-marta-sobre-copa-no-brasil\/","og_site_name":"VerdadeOn","article_published_time":"2025-06-25T16:21:10+00:00","og_image":[{"width":2560,"height":1715,"url":"https:\/\/verdadeon.com.br\/portal\/wp-content\/uploads\/2024\/08\/53881307509_3c2f8dd4cb_o-scaled.jpg","type":"image\/jpeg"}],"author":"Redacao VerdadeOn","twitter_card":"summary_large_image","twitter_misc":{"Escrito por":"Redacao VerdadeOn","Est. tempo de leitura":"2 minutos"},"schema":{"@context":"https:\/\/schema.org","@graph":[{"@type":"WebPage","@id":"https:\/\/verdadeon.com.br\/portal\/2025\/06\/25\/sera-um-marco-para-o-futebol-feminino-diz-marta-sobre-copa-no-brasil\/","url":"https:\/\/verdadeon.com.br\/portal\/2025\/06\/25\/sera-um-marco-para-o-futebol-feminino-diz-marta-sobre-copa-no-brasil\/","name":"Ser\u00e1 um marco para o futebol feminino, diz Marta sobre Copa no Brasil - VerdadeOn","isPartOf":{"@id":"https:\/\/verdadeon.com.br\/portal\/#website"},"primaryImageOfPage":{"@id":"https:\/\/verdadeon.com.br\/portal\/2025\/06\/25\/sera-um-marco-para-o-futebol-feminino-diz-marta-sobre-copa-no-brasil\/#primaryimage"},"image":{"@id":"https:\/\/verdadeon.com.br\/portal\/2025\/06\/25\/sera-um-marco-para-o-futebol-feminino-diz-marta-sobre-copa-no-brasil\/#primaryimage"},"thumbnailUrl":"https:\/\/i0.wp.com\/verdadeon.com.br\/portal\/wp-content\/uploads\/2024\/08\/53881307509_3c2f8dd4cb_o-scaled.jpg?fit=2560%2C1715&ssl=1","datePublished":"2025-06-25T16:21:10+00:00","author":{"@id":"https:\/\/verdadeon.com.br\/portal\/#\/schema\/person\/a5060ad1e9ea3df545188fc93ce43d2f"},"breadcrumb":{"@id":"https:\/\/verdadeon.com.br\/portal\/2025\/06\/25\/sera-um-marco-para-o-futebol-feminino-diz-marta-sobre-copa-no-brasil\/#breadcrumb"},"inLanguage":"pt-BR","potentialAction":[{"@type":"ReadAction","target":["https:\/\/verdadeon.com.br\/portal\/2025\/06\/25\/sera-um-marco-para-o-futebol-feminino-diz-marta-sobre-copa-no-brasil\/"]}]},{"@type":"ImageObject","inLanguage":"pt-BR","@id":"https:\/\/verdadeon.com.br\/portal\/2025\/06\/25\/sera-um-marco-para-o-futebol-feminino-diz-marta-sobre-copa-no-brasil\/#primaryimage","url":"https:\/\/i0.wp.com\/verdadeon.com.br\/portal\/wp-content\/uploads\/2024\/08\/53881307509_3c2f8dd4cb_o-scaled.jpg?fit=2560%2C1715&ssl=1","contentUrl":"https:\/\/i0.wp.com\/verdadeon.com.br\/portal\/wp-content\/uploads\/2024\/08\/53881307509_3c2f8dd4cb_o-scaled.jpg?fit=2560%2C1715&ssl=1","width":2560,"height":1715,"caption":"Marta, considerada a melhor jogadora de todos os tempos (\u00a9Rafael Ribeiro\/CBF)"},{"@type":"BreadcrumbList","@id":"https:\/\/verdadeon.com.br\/portal\/2025\/06\/25\/sera-um-marco-para-o-futebol-feminino-diz-marta-sobre-copa-no-brasil\/#breadcrumb","itemListElement":[{"@type":"ListItem","position":1,"name":"In\u00edcio","item":"https:\/\/verdadeon.com.br\/portal\/"},{"@type":"ListItem","position":2,"name":"Ser\u00e1 um marco para o futebol feminino, diz Marta sobre Copa no Brasil"}]},{"@type":"WebSite","@id":"https:\/\/verdadeon.com.br\/portal\/#website","url":"https:\/\/verdadeon.com.br\/portal\/","name":"VerdadeOn","description":"Not\u00edcias di\u00e1rias sobre Franca, Regi\u00e3o, Esporte, Cultura, Cotidiano, Colunas. Cobertura nos principais eventos da cidade \u00e9 aqui - Verdadeon Franca","potentialAction":[{"@type":"SearchAction","target":{"@type":"EntryPoint","urlTemplate":"https:\/\/verdadeon.com.br\/portal\/?s={search_term_string}"},"query-input":{"@type":"PropertyValueSpecification","valueRequired":true,"valueName":"search_term_string"}}],"inLanguage":"pt-BR"},{"@type":"Person","@id":"https:\/\/verdadeon.com.br\/portal\/#\/schema\/person\/a5060ad1e9ea3df545188fc93ce43d2f","name":"Redacao VerdadeOn","image":{"@type":"ImageObject","inLanguage":"pt-BR","@id":"https:\/\/verdadeon.com.br\/portal\/#\/schema\/person\/image\/","url":"https:\/\/secure.gravatar.com\/avatar\/459a9613caaaf07f582c3d0841eea68bdd66f533e465e6ba8b9cb45619572cf4?s=96&d=mm&r=g","contentUrl":"https:\/\/secure.gravatar.com\/avatar\/459a9613caaaf07f582c3d0841eea68bdd66f533e465e6ba8b9cb45619572cf4?s=96&d=mm&r=g","caption":"Redacao VerdadeOn"},"url":"https:\/\/verdadeon.com.br\/portal\/author\/redacao\/"}]}},"jetpack_publicize_connections":[],"jetpack_featured_media_url":"https:\/\/i0.wp.com\/verdadeon.com.br\/portal\/wp-content\/uploads\/2024\/08\/53881307509_3c2f8dd4cb_o-scaled.jpg?fit=2560%2C1715&ssl=1","jetpack_sharing_enabled":true,"_links":{"self":[{"href":"https:\/\/verdadeon.com.br\/portal\/wp-json\/wp\/v2\/posts\/57265","targetHints":{"allow":["GET"]}}],"collection":[{"href":"https:\/\/verdadeon.com.br\/portal\/wp-json\/wp\/v2\/posts"}],"about":[{"href":"https:\/\/verdadeon.com.br\/portal\/wp-json\/wp\/v2\/types\/post"}],"author":[{"embeddable":true,"href":"https:\/\/verdadeon.com.br\/portal\/wp-json\/wp\/v2\/users\/10"}],"replies":[{"embeddable":true,"href":"https:\/\/verdadeon.com.br\/portal\/wp-json\/wp\/v2\/comments?post=57265"}],"version-history":[{"count":1,"href":"https:\/\/verdadeon.com.br\/portal\/wp-json\/wp\/v2\/posts\/57265\/revisions"}],"predecessor-version":[{"id":57266,"href":"https:\/\/verdadeon.com.br\/portal\/wp-json\/wp\/v2\/posts\/57265\/revisions\/57266"}],"wp:featuredmedia":[{"embeddable":true,"href":"https:\/\/verdadeon.com.br\/portal\/wp-json\/wp\/v2\/media\/48069"}],"wp:attachment":[{"href":"https:\/\/verdadeon.com.br\/portal\/wp-json\/wp\/v2\/media?parent=57265"}],"wp:term":[{"taxonomy":"category","embeddable":true,"href":"https:\/\/verdadeon.com.br\/portal\/wp-json\/wp\/v2\/categories?post=57265"},{"taxonomy":"post_tag","embeddable":true,"href":"https:\/\/verdadeon.com.br\/portal\/wp-json\/wp\/v2\/tags?post=57265"}],"curies":[{"name":"wp","href":"https:\/\/api.w.org\/{rel}","templated":true}]}}