{"id":57262,"date":"2025-06-25T12:29:04","date_gmt":"2025-06-25T15:29:04","guid":{"rendered":"https:\/\/verdadeon.com.br\/portal\/?p=57262"},"modified":"2025-06-25T12:29:04","modified_gmt":"2025-06-25T15:29:04","slug":"com-materia-do-jornal-verdade-pelizaro-alerta-sobre-baixa-vacinacao-em-franca","status":"publish","type":"post","link":"https:\/\/verdadeon.com.br\/portal\/2025\/06\/25\/com-materia-do-jornal-verdade-pelizaro-alerta-sobre-baixa-vacinacao-em-franca\/","title":{"rendered":"Com mat\u00e9ria do Jornal Verdade, Pelizaro alerta sobre baixa vacina\u00e7\u00e3o em Franca"},"content":{"rendered":"<h2>Vereador sinalizou como preocupante e pediu aumento nas equipes de sa\u00fade da fam\u00edlia<\/h2>\n<p style=\"text-align: right;\"><em><strong>Por Pedro Maia<\/strong><\/em><br \/>\n<em><strong>Editor-chefe<\/strong><\/em><\/p>\n<p>Durante a 25\u00aa Sess\u00e3o Ordin\u00e1ria da C\u00e2mara Municipal de Franca, realizada na \u00faltima ter\u00e7a-feira, 24 de junho, o vereador Gilson Pelizaro (PT) alertou sobre a baixa vacina\u00e7\u00e3o da popula\u00e7\u00e3o francana e as consequ\u00eancias que isso causa com a sobrecarga no atendimento das unidades de sa\u00fade e prontos socorros.<\/p>\n<p>&#8220;\u00c9 preocupante a quest\u00e3o da vacina\u00e7\u00e3o na nossa cidade. Saiu uma mat\u00e9ria no Jornal Verdade que somente 18% do p\u00fablico-alvo foi vacinado contra a gripe na cidade&#8221;, ressaltou o parlamentar. Embora os 18% mencionados na mat\u00e9ria publicada no dia 17 de junho referem-se \u00e0 popula\u00e7\u00e3o geral, a lembran\u00e7a \u00e9 v\u00e1lida, j\u00e1 que a falta do imunizante pode desencadear doen\u00e7as derivadas do v\u00edrus Influenza.<\/p>\n<p>\u00c0 \u00e9poca, mais de 64.347 doses haviam sido distribu\u00eddas. Destas, 35.118 serviram para cobrir 38,7% da popula\u00e7\u00e3o-alvo, sendo Idosos (41,7%), Crian\u00e7as (32,4%) e Gestantes (27,2%). Os n\u00fameros pertencem ao boletim do dia 16 de junho. A reportagem foi publicada no dia seguinte.<\/p>\n<p><strong>A\u00e7\u00f5es preventivas<\/strong><\/p>\n<p>O legislador mencionou que um dos motivos pela sobrecarga nas unidades de sa\u00fade \u00e9 dado em decorr\u00eancia da n\u00e3o-vacina\u00e7\u00e3o da popula\u00e7\u00e3o, mas voltou a cobrar da Prefeitura investimentos e amplia\u00e7\u00e3o na aten\u00e7\u00e3o b\u00e1sica e em especial na sa\u00fade preventiva.<\/p>\n<p>&#8220;Pela mil\u00e9sima vez, precisa aumentar as equipes de sa\u00fade da fam\u00edlia. As vezes o cidad\u00e3o nem precisa sair de casa para ser vacinado, n\u00e3o precisa pegar \u00f4nibus para ir ao terminal ou ao shopping para tomar vacina&#8221;, enfatizou.<\/p>\n<p>Em seguida, o vereador orientou a popula\u00e7\u00e3o que o atendimento nas unidades b\u00e1sicas \u00e9 das 8h \u00e0s 19h e refor\u00e7ou a import\u00e2ncia da vacina\u00e7\u00e3o. &#8220;A vacina contra a gripe \u00e9 extremamente importante, principalmente para os idosos. Precisa fazer uma for\u00e7a tarefa para vacinar as pessoas&#8221;, disse.<\/p>\n","protected":false},"excerpt":{"rendered":"<p>Vereador sinalizou como preocupante e pediu aumento nas equipes de sa\u00fade da fam\u00edlia Por Pedro Maia Editor-chefe Durante a 25\u00aa Sess\u00e3o Ordin\u00e1ria da C\u00e2mara Municipal de<span class=\"excerpt-hellip\"> [\u2026]<\/span><\/p>\n","protected":false},"author":10,"featured_media":57263,"comment_status":"open","ping_status":"open","sticky":false,"template":"","format":"standard","meta":{"_jetpack_memberships_contains_paid_content":false,"footnotes":"","jetpack_publicize_message":"","jetpack_publicize_feature_enabled":true,"jetpack_social_post_already_shared":true,"jetpack_social_options":{"image_generator_settings":{"template":"highway","default_image_id":0,"enabled":false},"version":2}},"categories":[28,81],"tags":[],"class_list":["post-57262","post","type-post","status-publish","format-standard","has-post-thumbnail","hentry","category-cotidiano","category-manchete"],"yoast_head":"<!-- This site is optimized with the Yoast SEO plugin v25.6 - https:\/\/yoast.com\/wordpress\/plugins\/seo\/ -->\n<title>Com mat\u00e9ria do Jornal Verdade, Pelizaro alerta sobre baixa vacina\u00e7\u00e3o em Franca - VerdadeOn<\/title>\n<meta name=\"robots\" content=\"index, follow, max-snippet:-1, max-image-preview:large, max-video-preview:-1\" \/>\n<link rel=\"canonical\" href=\"https:\/\/verdadeon.com.br\/portal\/2025\/06\/25\/com-materia-do-jornal-verdade-pelizaro-alerta-sobre-baixa-vacinacao-em-franca\/\" \/>\n<meta property=\"og:locale\" content=\"pt_BR\" \/>\n<meta property=\"og:type\" content=\"article\" \/>\n<meta property=\"og:title\" content=\"Com mat\u00e9ria do Jornal Verdade, Pelizaro alerta sobre baixa vacina\u00e7\u00e3o em Franca - VerdadeOn\" \/>\n<meta property=\"og:description\" content=\"Vereador sinalizou como preocupante e pediu aumento nas equipes de sa\u00fade da fam\u00edlia Por Pedro Maia Editor-chefe Durante a 25\u00aa Sess\u00e3o Ordin\u00e1ria da C\u00e2mara Municipal de [\u2026]\" \/>\n<meta property=\"og:url\" content=\"https:\/\/verdadeon.com.br\/portal\/2025\/06\/25\/com-materia-do-jornal-verdade-pelizaro-alerta-sobre-baixa-vacinacao-em-franca\/\" \/>\n<meta property=\"og:site_name\" content=\"VerdadeOn\" \/>\n<meta property=\"article:published_time\" content=\"2025-06-25T15:29:04+00:00\" \/>\n<meta property=\"og:image\" content=\"https:\/\/verdadeon.com.br\/portal\/wp-content\/uploads\/2025\/06\/unnamed-2.jpg\" \/>\n\t<meta property=\"og:image:width\" content=\"930\" \/>\n\t<meta property=\"og:image:height\" content=\"558\" \/>\n\t<meta property=\"og:image:type\" content=\"image\/jpeg\" \/>\n<meta name=\"author\" content=\"Redacao VerdadeOn\" \/>\n<meta name=\"twitter:card\" content=\"summary_large_image\" \/>\n<meta name=\"twitter:label1\" content=\"Escrito por\" \/>\n\t<meta name=\"twitter:data1\" content=\"Redacao VerdadeOn\" \/>\n\t<meta name=\"twitter:label2\" content=\"Est. tempo de leitura\" \/>\n\t<meta name=\"twitter:data2\" content=\"2 minutos\" \/>\n<script type=\"application\/ld+json\" class=\"yoast-schema-graph\">{\"@context\":\"https:\/\/schema.org\",\"@graph\":[{\"@type\":\"WebPage\",\"@id\":\"https:\/\/verdadeon.com.br\/portal\/2025\/06\/25\/com-materia-do-jornal-verdade-pelizaro-alerta-sobre-baixa-vacinacao-em-franca\/\",\"url\":\"https:\/\/verdadeon.com.br\/portal\/2025\/06\/25\/com-materia-do-jornal-verdade-pelizaro-alerta-sobre-baixa-vacinacao-em-franca\/\",\"name\":\"Com mat\u00e9ria do Jornal Verdade, Pelizaro alerta sobre baixa vacina\u00e7\u00e3o em Franca - VerdadeOn\",\"isPartOf\":{\"@id\":\"https:\/\/verdadeon.com.br\/portal\/#website\"},\"primaryImageOfPage\":{\"@id\":\"https:\/\/verdadeon.com.br\/portal\/2025\/06\/25\/com-materia-do-jornal-verdade-pelizaro-alerta-sobre-baixa-vacinacao-em-franca\/#primaryimage\"},\"image\":{\"@id\":\"https:\/\/verdadeon.com.br\/portal\/2025\/06\/25\/com-materia-do-jornal-verdade-pelizaro-alerta-sobre-baixa-vacinacao-em-franca\/#primaryimage\"},\"thumbnailUrl\":\"https:\/\/i0.wp.com\/verdadeon.com.br\/portal\/wp-content\/uploads\/2025\/06\/unnamed-2.jpg?fit=930%2C558&ssl=1\",\"datePublished\":\"2025-06-25T15:29:04+00:00\",\"author\":{\"@id\":\"https:\/\/verdadeon.com.br\/portal\/#\/schema\/person\/a5060ad1e9ea3df545188fc93ce43d2f\"},\"breadcrumb\":{\"@id\":\"https:\/\/verdadeon.com.br\/portal\/2025\/06\/25\/com-materia-do-jornal-verdade-pelizaro-alerta-sobre-baixa-vacinacao-em-franca\/#breadcrumb\"},\"inLanguage\":\"pt-BR\",\"potentialAction\":[{\"@type\":\"ReadAction\",\"target\":[\"https:\/\/verdadeon.com.br\/portal\/2025\/06\/25\/com-materia-do-jornal-verdade-pelizaro-alerta-sobre-baixa-vacinacao-em-franca\/\"]}]},{\"@type\":\"ImageObject\",\"inLanguage\":\"pt-BR\",\"@id\":\"https:\/\/verdadeon.com.br\/portal\/2025\/06\/25\/com-materia-do-jornal-verdade-pelizaro-alerta-sobre-baixa-vacinacao-em-franca\/#primaryimage\",\"url\":\"https:\/\/i0.wp.com\/verdadeon.com.br\/portal\/wp-content\/uploads\/2025\/06\/unnamed-2.jpg?fit=930%2C558&ssl=1\",\"contentUrl\":\"https:\/\/i0.wp.com\/verdadeon.com.br\/portal\/wp-content\/uploads\/2025\/06\/unnamed-2.jpg?fit=930%2C558&ssl=1\",\"width\":930,\"height\":558,\"caption\":\"O vereador Gilson Pelizaro (PT) (\u00a9Divulga\u00e7\u00e3o)\"},{\"@type\":\"BreadcrumbList\",\"@id\":\"https:\/\/verdadeon.com.br\/portal\/2025\/06\/25\/com-materia-do-jornal-verdade-pelizaro-alerta-sobre-baixa-vacinacao-em-franca\/#breadcrumb\",\"itemListElement\":[{\"@type\":\"ListItem\",\"position\":1,\"name\":\"In\u00edcio\",\"item\":\"https:\/\/verdadeon.com.br\/portal\/\"},{\"@type\":\"ListItem\",\"position\":2,\"name\":\"Com mat\u00e9ria do Jornal Verdade, Pelizaro alerta sobre baixa vacina\u00e7\u00e3o em Franca\"}]},{\"@type\":\"WebSite\",\"@id\":\"https:\/\/verdadeon.com.br\/portal\/#website\",\"url\":\"https:\/\/verdadeon.com.br\/portal\/\",\"name\":\"VerdadeOn\",\"description\":\"Not\u00edcias di\u00e1rias sobre Franca, Regi\u00e3o, Esporte, Cultura, Cotidiano, Colunas. Cobertura nos principais eventos da cidade \u00e9 aqui - Verdadeon Franca\",\"potentialAction\":[{\"@type\":\"SearchAction\",\"target\":{\"@type\":\"EntryPoint\",\"urlTemplate\":\"https:\/\/verdadeon.com.br\/portal\/?s={search_term_string}\"},\"query-input\":{\"@type\":\"PropertyValueSpecification\",\"valueRequired\":true,\"valueName\":\"search_term_string\"}}],\"inLanguage\":\"pt-BR\"},{\"@type\":\"Person\",\"@id\":\"https:\/\/verdadeon.com.br\/portal\/#\/schema\/person\/a5060ad1e9ea3df545188fc93ce43d2f\",\"name\":\"Redacao VerdadeOn\",\"image\":{\"@type\":\"ImageObject\",\"inLanguage\":\"pt-BR\",\"@id\":\"https:\/\/verdadeon.com.br\/portal\/#\/schema\/person\/image\/\",\"url\":\"https:\/\/secure.gravatar.com\/avatar\/459a9613caaaf07f582c3d0841eea68bdd66f533e465e6ba8b9cb45619572cf4?s=96&d=mm&r=g\",\"contentUrl\":\"https:\/\/secure.gravatar.com\/avatar\/459a9613caaaf07f582c3d0841eea68bdd66f533e465e6ba8b9cb45619572cf4?s=96&d=mm&r=g\",\"caption\":\"Redacao VerdadeOn\"},\"url\":\"https:\/\/verdadeon.com.br\/portal\/author\/redacao\/\"}]}<\/script>\n<!-- \/ Yoast SEO plugin. -->","yoast_head_json":{"title":"Com mat\u00e9ria do Jornal Verdade, Pelizaro alerta sobre baixa vacina\u00e7\u00e3o em Franca - VerdadeOn","robots":{"index":"index","follow":"follow","max-snippet":"max-snippet:-1","max-image-preview":"max-image-preview:large","max-video-preview":"max-video-preview:-1"},"canonical":"https:\/\/verdadeon.com.br\/portal\/2025\/06\/25\/com-materia-do-jornal-verdade-pelizaro-alerta-sobre-baixa-vacinacao-em-franca\/","og_locale":"pt_BR","og_type":"article","og_title":"Com mat\u00e9ria do Jornal Verdade, Pelizaro alerta sobre baixa vacina\u00e7\u00e3o em Franca - VerdadeOn","og_description":"Vereador sinalizou como preocupante e pediu aumento nas equipes de sa\u00fade da fam\u00edlia Por Pedro Maia Editor-chefe Durante a 25\u00aa Sess\u00e3o Ordin\u00e1ria da C\u00e2mara Municipal de [\u2026]","og_url":"https:\/\/verdadeon.com.br\/portal\/2025\/06\/25\/com-materia-do-jornal-verdade-pelizaro-alerta-sobre-baixa-vacinacao-em-franca\/","og_site_name":"VerdadeOn","article_published_time":"2025-06-25T15:29:04+00:00","og_image":[{"width":930,"height":558,"url":"https:\/\/verdadeon.com.br\/portal\/wp-content\/uploads\/2025\/06\/unnamed-2.jpg","type":"image\/jpeg"}],"author":"Redacao VerdadeOn","twitter_card":"summary_large_image","twitter_misc":{"Escrito por":"Redacao VerdadeOn","Est. tempo de leitura":"2 minutos"},"schema":{"@context":"https:\/\/schema.org","@graph":[{"@type":"WebPage","@id":"https:\/\/verdadeon.com.br\/portal\/2025\/06\/25\/com-materia-do-jornal-verdade-pelizaro-alerta-sobre-baixa-vacinacao-em-franca\/","url":"https:\/\/verdadeon.com.br\/portal\/2025\/06\/25\/com-materia-do-jornal-verdade-pelizaro-alerta-sobre-baixa-vacinacao-em-franca\/","name":"Com mat\u00e9ria do Jornal Verdade, Pelizaro alerta sobre baixa vacina\u00e7\u00e3o em Franca - VerdadeOn","isPartOf":{"@id":"https:\/\/verdadeon.com.br\/portal\/#website"},"primaryImageOfPage":{"@id":"https:\/\/verdadeon.com.br\/portal\/2025\/06\/25\/com-materia-do-jornal-verdade-pelizaro-alerta-sobre-baixa-vacinacao-em-franca\/#primaryimage"},"image":{"@id":"https:\/\/verdadeon.com.br\/portal\/2025\/06\/25\/com-materia-do-jornal-verdade-pelizaro-alerta-sobre-baixa-vacinacao-em-franca\/#primaryimage"},"thumbnailUrl":"https:\/\/i0.wp.com\/verdadeon.com.br\/portal\/wp-content\/uploads\/2025\/06\/unnamed-2.jpg?fit=930%2C558&ssl=1","datePublished":"2025-06-25T15:29:04+00:00","author":{"@id":"https:\/\/verdadeon.com.br\/portal\/#\/schema\/person\/a5060ad1e9ea3df545188fc93ce43d2f"},"breadcrumb":{"@id":"https:\/\/verdadeon.com.br\/portal\/2025\/06\/25\/com-materia-do-jornal-verdade-pelizaro-alerta-sobre-baixa-vacinacao-em-franca\/#breadcrumb"},"inLanguage":"pt-BR","potentialAction":[{"@type":"ReadAction","target":["https:\/\/verdadeon.com.br\/portal\/2025\/06\/25\/com-materia-do-jornal-verdade-pelizaro-alerta-sobre-baixa-vacinacao-em-franca\/"]}]},{"@type":"ImageObject","inLanguage":"pt-BR","@id":"https:\/\/verdadeon.com.br\/portal\/2025\/06\/25\/com-materia-do-jornal-verdade-pelizaro-alerta-sobre-baixa-vacinacao-em-franca\/#primaryimage","url":"https:\/\/i0.wp.com\/verdadeon.com.br\/portal\/wp-content\/uploads\/2025\/06\/unnamed-2.jpg?fit=930%2C558&ssl=1","contentUrl":"https:\/\/i0.wp.com\/verdadeon.com.br\/portal\/wp-content\/uploads\/2025\/06\/unnamed-2.jpg?fit=930%2C558&ssl=1","width":930,"height":558,"caption":"O vereador Gilson Pelizaro (PT) (\u00a9Divulga\u00e7\u00e3o)"},{"@type":"BreadcrumbList","@id":"https:\/\/verdadeon.com.br\/portal\/2025\/06\/25\/com-materia-do-jornal-verdade-pelizaro-alerta-sobre-baixa-vacinacao-em-franca\/#breadcrumb","itemListElement":[{"@type":"ListItem","position":1,"name":"In\u00edcio","item":"https:\/\/verdadeon.com.br\/portal\/"},{"@type":"ListItem","position":2,"name":"Com mat\u00e9ria do Jornal Verdade, Pelizaro alerta sobre baixa vacina\u00e7\u00e3o em Franca"}]},{"@type":"WebSite","@id":"https:\/\/verdadeon.com.br\/portal\/#website","url":"https:\/\/verdadeon.com.br\/portal\/","name":"VerdadeOn","description":"Not\u00edcias di\u00e1rias sobre Franca, Regi\u00e3o, Esporte, Cultura, Cotidiano, Colunas. Cobertura nos principais eventos da cidade \u00e9 aqui - Verdadeon Franca","potentialAction":[{"@type":"SearchAction","target":{"@type":"EntryPoint","urlTemplate":"https:\/\/verdadeon.com.br\/portal\/?s={search_term_string}"},"query-input":{"@type":"PropertyValueSpecification","valueRequired":true,"valueName":"search_term_string"}}],"inLanguage":"pt-BR"},{"@type":"Person","@id":"https:\/\/verdadeon.com.br\/portal\/#\/schema\/person\/a5060ad1e9ea3df545188fc93ce43d2f","name":"Redacao VerdadeOn","image":{"@type":"ImageObject","inLanguage":"pt-BR","@id":"https:\/\/verdadeon.com.br\/portal\/#\/schema\/person\/image\/","url":"https:\/\/secure.gravatar.com\/avatar\/459a9613caaaf07f582c3d0841eea68bdd66f533e465e6ba8b9cb45619572cf4?s=96&d=mm&r=g","contentUrl":"https:\/\/secure.gravatar.com\/avatar\/459a9613caaaf07f582c3d0841eea68bdd66f533e465e6ba8b9cb45619572cf4?s=96&d=mm&r=g","caption":"Redacao VerdadeOn"},"url":"https:\/\/verdadeon.com.br\/portal\/author\/redacao\/"}]}},"jetpack_publicize_connections":[],"jetpack_featured_media_url":"https:\/\/i0.wp.com\/verdadeon.com.br\/portal\/wp-content\/uploads\/2025\/06\/unnamed-2.jpg?fit=930%2C558&ssl=1","jetpack_sharing_enabled":true,"_links":{"self":[{"href":"https:\/\/verdadeon.com.br\/portal\/wp-json\/wp\/v2\/posts\/57262","targetHints":{"allow":["GET"]}}],"collection":[{"href":"https:\/\/verdadeon.com.br\/portal\/wp-json\/wp\/v2\/posts"}],"about":[{"href":"https:\/\/verdadeon.com.br\/portal\/wp-json\/wp\/v2\/types\/post"}],"author":[{"embeddable":true,"href":"https:\/\/verdadeon.com.br\/portal\/wp-json\/wp\/v2\/users\/10"}],"replies":[{"embeddable":true,"href":"https:\/\/verdadeon.com.br\/portal\/wp-json\/wp\/v2\/comments?post=57262"}],"version-history":[{"count":1,"href":"https:\/\/verdadeon.com.br\/portal\/wp-json\/wp\/v2\/posts\/57262\/revisions"}],"predecessor-version":[{"id":57264,"href":"https:\/\/verdadeon.com.br\/portal\/wp-json\/wp\/v2\/posts\/57262\/revisions\/57264"}],"wp:featuredmedia":[{"embeddable":true,"href":"https:\/\/verdadeon.com.br\/portal\/wp-json\/wp\/v2\/media\/57263"}],"wp:attachment":[{"href":"https:\/\/verdadeon.com.br\/portal\/wp-json\/wp\/v2\/media?parent=57262"}],"wp:term":[{"taxonomy":"category","embeddable":true,"href":"https:\/\/verdadeon.com.br\/portal\/wp-json\/wp\/v2\/categories?post=57262"},{"taxonomy":"post_tag","embeddable":true,"href":"https:\/\/verdadeon.com.br\/portal\/wp-json\/wp\/v2\/tags?post=57262"}],"curies":[{"name":"wp","href":"https:\/\/api.w.org\/{rel}","templated":true}]}}