{"id":57259,"date":"2025-06-25T11:58:17","date_gmt":"2025-06-25T14:58:17","guid":{"rendered":"https:\/\/verdadeon.com.br\/portal\/?p=57259"},"modified":"2025-06-25T11:58:17","modified_gmt":"2025-06-25T14:58:17","slug":"regiao-de-franca-inicia-acoes-contra-incendios-florestais-apos-registrar-mais-de-mil-casos-em-2024","status":"publish","type":"post","link":"https:\/\/verdadeon.com.br\/portal\/2025\/06\/25\/regiao-de-franca-inicia-acoes-contra-incendios-florestais-apos-registrar-mais-de-mil-casos-em-2024\/","title":{"rendered":"Regi\u00e3o de Franca inicia a\u00e7\u00f5es contra inc\u00eandios florestais ap\u00f3s registrar mais de mil casos em 2024"},"content":{"rendered":"<h2>Defesa Civil trabalha a\u00e7\u00f5es preventivas para reduzir impacto neste ano<\/h2>\n<p>A equipe da Defesa Civil participou nesta ter\u00e7a-feira, 24, de uma reuni\u00e3o t\u00e9cnica sobre as a\u00e7\u00f5es preventivas de combate aos inc\u00eandios florestais na regi\u00e3o, no audit\u00f3rio do Centro Universit\u00e1rio Municipal de Franca (Uni-Facef). O encontro contou com a participa\u00e7\u00e3o dos Minist\u00e9rios P\u00fablicos Federal e Estadual, Defesas Civis de v\u00e1rios munic\u00edpios da regi\u00e3o de Franca, sindicatos rurais e cooperativas de caf\u00e9, al\u00e9m de \u00f3rg\u00e3os como o Corpo de Bombeiros, Pol\u00edcia Ambiental e sociedade civil organizada.<\/p>\n<p>O objetivo da reuni\u00e3o foi discutir estrat\u00e9gias integradas e refor\u00e7ar a import\u00e2ncia da preven\u00e7\u00e3o, especialmente, diante do cen\u00e1rio at\u00edpico de 2024, quando Franca foi o sexto munic\u00edpio do Estado de S\u00e3o Paulo com maior n\u00famero de ocorr\u00eancias deste tipo.<\/p>\n<p>A capit\u00e3o Sandra Camargo, comandante do Corpo de Bombeiros de Franca, destacou a import\u00e2ncia do trabalho preventivo. \u201cN\u00f3s estamos promovendo esta reuni\u00e3o com o intuito de discutir a\u00e7\u00f5es relacionadas aos inc\u00eandios florestais. S\u00f3 em 2024, foram 1.053 ocorr\u00eancias atendidas na nossa cidade. A inten\u00e7\u00e3o, junto com o Minist\u00e9rio P\u00fablico e demais entidades, \u00e9 apresentar bons exemplos de a\u00e7\u00f5es preventivas e unir for\u00e7as para reduzir os impactos no per\u00edodo de estiagem, quando os inc\u00eandios s\u00e3o mais frequentes. \u00c0s vezes, uma limpeza de terreno com fogo e uma bituca de cigarro jogada na beira da estrada podem sair do controle e atingir \u00e1reas de preserva\u00e7\u00e3o ou planta\u00e7\u00f5es, al\u00e9m de causar acidentes e at\u00e9 mortes\u201d, alertou.<\/p>\n<p>O secret\u00e1rio de Seguran\u00e7a em substitui\u00e7\u00e3o, Osvaldo J\u00fanior, representou a Defesa Civil de Franca no evento e disse que \u00e9 fundamental a integra\u00e7\u00e3o entre os \u00f3rg\u00e3os. \u201cA Defesa Civil \u00e9 a jun\u00e7\u00e3o de for\u00e7as. Esta reuni\u00e3o mostra a import\u00e2ncia de trabalhar em rede: temos aqui desde o Minist\u00e9rio P\u00fablico, Corpo de Bombeiros, pol\u00edcias, at\u00e9 sindicatos e agricultores. Essa uni\u00e3o \u00e9 essencial para coibir pr\u00e1ticas criminosas e mudar culturas erradas, como o uso do fogo em terrenos baldios\u201d, afirmou.<\/p>\n<p>Segundo ele, o evento \u00e9 um marco no fortalecimento das pol\u00edticas p\u00fablicas de preven\u00e7\u00e3o e deve gerar resultados pr\u00e1ticos e positivos para toda a regi\u00e3o. \u201cO combate aos inc\u00eandios florestais come\u00e7a com a conscientiza\u00e7\u00e3o. A Defesa Civil de Franca reafirma seu compromisso com a preserva\u00e7\u00e3o da vida, do meio ambiente e da sa\u00fade p\u00fablica\u201d, concluiu.<\/p>\n<p>A reuni\u00e3o t\u00e9cnica refor\u00e7a o comprometimento dos \u00f3rg\u00e3os envolvidos em minimizar os impactos causados pelos inc\u00eandios, principalmente, no per\u00edodo de seca, por meio da coopera\u00e7\u00e3o, fiscaliza\u00e7\u00e3o e educa\u00e7\u00e3o ambiental.<\/p>\n","protected":false},"excerpt":{"rendered":"<p>Defesa Civil trabalha a\u00e7\u00f5es preventivas para reduzir impacto neste ano A equipe da Defesa Civil participou nesta ter\u00e7a-feira, 24, de uma reuni\u00e3o t\u00e9cnica sobre as a\u00e7\u00f5es<span class=\"excerpt-hellip\"> [\u2026]<\/span><\/p>\n","protected":false},"author":10,"featured_media":57260,"comment_status":"open","ping_status":"open","sticky":false,"template":"","format":"standard","meta":{"_jetpack_memberships_contains_paid_content":false,"footnotes":"","jetpack_publicize_message":"","jetpack_publicize_feature_enabled":true,"jetpack_social_post_already_shared":true,"jetpack_social_options":{"image_generator_settings":{"template":"highway","default_image_id":0,"enabled":false},"version":2}},"categories":[28,81],"tags":[],"class_list":["post-57259","post","type-post","status-publish","format-standard","has-post-thumbnail","hentry","category-cotidiano","category-manchete"],"yoast_head":"<!-- This site is optimized with the Yoast SEO plugin v25.6 - https:\/\/yoast.com\/wordpress\/plugins\/seo\/ -->\n<title>Regi\u00e3o de Franca inicia a\u00e7\u00f5es contra inc\u00eandios florestais ap\u00f3s registrar mais de mil casos em 2024 - VerdadeOn<\/title>\n<meta name=\"robots\" content=\"index, follow, max-snippet:-1, max-image-preview:large, max-video-preview:-1\" \/>\n<link rel=\"canonical\" href=\"https:\/\/verdadeon.com.br\/portal\/2025\/06\/25\/regiao-de-franca-inicia-acoes-contra-incendios-florestais-apos-registrar-mais-de-mil-casos-em-2024\/\" \/>\n<meta property=\"og:locale\" content=\"pt_BR\" \/>\n<meta property=\"og:type\" content=\"article\" \/>\n<meta property=\"og:title\" content=\"Regi\u00e3o de Franca inicia a\u00e7\u00f5es contra inc\u00eandios florestais ap\u00f3s registrar mais de mil casos em 2024 - VerdadeOn\" \/>\n<meta property=\"og:description\" content=\"Defesa Civil trabalha a\u00e7\u00f5es preventivas para reduzir impacto neste ano A equipe da Defesa Civil participou nesta ter\u00e7a-feira, 24, de uma reuni\u00e3o t\u00e9cnica sobre as a\u00e7\u00f5es [\u2026]\" \/>\n<meta property=\"og:url\" content=\"https:\/\/verdadeon.com.br\/portal\/2025\/06\/25\/regiao-de-franca-inicia-acoes-contra-incendios-florestais-apos-registrar-mais-de-mil-casos-em-2024\/\" \/>\n<meta property=\"og:site_name\" content=\"VerdadeOn\" \/>\n<meta property=\"article:published_time\" content=\"2025-06-25T14:58:17+00:00\" \/>\n<meta property=\"og:image\" content=\"https:\/\/verdadeon.com.br\/portal\/wp-content\/uploads\/2025\/06\/reuniao-Defesa-Civil.jpeg\" \/>\n\t<meta property=\"og:image:width\" content=\"1600\" \/>\n\t<meta property=\"og:image:height\" content=\"1059\" \/>\n\t<meta property=\"og:image:type\" content=\"image\/jpeg\" \/>\n<meta name=\"author\" content=\"Redacao VerdadeOn\" \/>\n<meta name=\"twitter:card\" content=\"summary_large_image\" \/>\n<meta name=\"twitter:label1\" content=\"Escrito por\" \/>\n\t<meta name=\"twitter:data1\" content=\"Redacao VerdadeOn\" \/>\n\t<meta name=\"twitter:label2\" content=\"Est. tempo de leitura\" \/>\n\t<meta name=\"twitter:data2\" content=\"3 minutos\" \/>\n<script type=\"application\/ld+json\" class=\"yoast-schema-graph\">{\"@context\":\"https:\/\/schema.org\",\"@graph\":[{\"@type\":\"WebPage\",\"@id\":\"https:\/\/verdadeon.com.br\/portal\/2025\/06\/25\/regiao-de-franca-inicia-acoes-contra-incendios-florestais-apos-registrar-mais-de-mil-casos-em-2024\/\",\"url\":\"https:\/\/verdadeon.com.br\/portal\/2025\/06\/25\/regiao-de-franca-inicia-acoes-contra-incendios-florestais-apos-registrar-mais-de-mil-casos-em-2024\/\",\"name\":\"Regi\u00e3o de Franca inicia a\u00e7\u00f5es contra inc\u00eandios florestais ap\u00f3s registrar mais de mil casos em 2024 - VerdadeOn\",\"isPartOf\":{\"@id\":\"https:\/\/verdadeon.com.br\/portal\/#website\"},\"primaryImageOfPage\":{\"@id\":\"https:\/\/verdadeon.com.br\/portal\/2025\/06\/25\/regiao-de-franca-inicia-acoes-contra-incendios-florestais-apos-registrar-mais-de-mil-casos-em-2024\/#primaryimage\"},\"image\":{\"@id\":\"https:\/\/verdadeon.com.br\/portal\/2025\/06\/25\/regiao-de-franca-inicia-acoes-contra-incendios-florestais-apos-registrar-mais-de-mil-casos-em-2024\/#primaryimage\"},\"thumbnailUrl\":\"https:\/\/i0.wp.com\/verdadeon.com.br\/portal\/wp-content\/uploads\/2025\/06\/reuniao-Defesa-Civil.jpeg?fit=1600%2C1059&ssl=1\",\"datePublished\":\"2025-06-25T14:58:17+00:00\",\"author\":{\"@id\":\"https:\/\/verdadeon.com.br\/portal\/#\/schema\/person\/a5060ad1e9ea3df545188fc93ce43d2f\"},\"breadcrumb\":{\"@id\":\"https:\/\/verdadeon.com.br\/portal\/2025\/06\/25\/regiao-de-franca-inicia-acoes-contra-incendios-florestais-apos-registrar-mais-de-mil-casos-em-2024\/#breadcrumb\"},\"inLanguage\":\"pt-BR\",\"potentialAction\":[{\"@type\":\"ReadAction\",\"target\":[\"https:\/\/verdadeon.com.br\/portal\/2025\/06\/25\/regiao-de-franca-inicia-acoes-contra-incendios-florestais-apos-registrar-mais-de-mil-casos-em-2024\/\"]}]},{\"@type\":\"ImageObject\",\"inLanguage\":\"pt-BR\",\"@id\":\"https:\/\/verdadeon.com.br\/portal\/2025\/06\/25\/regiao-de-franca-inicia-acoes-contra-incendios-florestais-apos-registrar-mais-de-mil-casos-em-2024\/#primaryimage\",\"url\":\"https:\/\/i0.wp.com\/verdadeon.com.br\/portal\/wp-content\/uploads\/2025\/06\/reuniao-Defesa-Civil.jpeg?fit=1600%2C1059&ssl=1\",\"contentUrl\":\"https:\/\/i0.wp.com\/verdadeon.com.br\/portal\/wp-content\/uploads\/2025\/06\/reuniao-Defesa-Civil.jpeg?fit=1600%2C1059&ssl=1\",\"width\":1600,\"height\":1059,\"caption\":\"Reuni\u00e3o de v\u00e1rias unidades de Defesa Civil do Estado no audit\u00f3rio do Uni-Facef (\u00a9Divulga\u00e7\u00e3o)\"},{\"@type\":\"BreadcrumbList\",\"@id\":\"https:\/\/verdadeon.com.br\/portal\/2025\/06\/25\/regiao-de-franca-inicia-acoes-contra-incendios-florestais-apos-registrar-mais-de-mil-casos-em-2024\/#breadcrumb\",\"itemListElement\":[{\"@type\":\"ListItem\",\"position\":1,\"name\":\"In\u00edcio\",\"item\":\"https:\/\/verdadeon.com.br\/portal\/\"},{\"@type\":\"ListItem\",\"position\":2,\"name\":\"Regi\u00e3o de Franca inicia a\u00e7\u00f5es contra inc\u00eandios florestais ap\u00f3s registrar mais de mil casos em 2024\"}]},{\"@type\":\"WebSite\",\"@id\":\"https:\/\/verdadeon.com.br\/portal\/#website\",\"url\":\"https:\/\/verdadeon.com.br\/portal\/\",\"name\":\"VerdadeOn\",\"description\":\"Not\u00edcias di\u00e1rias sobre Franca, Regi\u00e3o, Esporte, Cultura, Cotidiano, Colunas. Cobertura nos principais eventos da cidade \u00e9 aqui - Verdadeon Franca\",\"potentialAction\":[{\"@type\":\"SearchAction\",\"target\":{\"@type\":\"EntryPoint\",\"urlTemplate\":\"https:\/\/verdadeon.com.br\/portal\/?s={search_term_string}\"},\"query-input\":{\"@type\":\"PropertyValueSpecification\",\"valueRequired\":true,\"valueName\":\"search_term_string\"}}],\"inLanguage\":\"pt-BR\"},{\"@type\":\"Person\",\"@id\":\"https:\/\/verdadeon.com.br\/portal\/#\/schema\/person\/a5060ad1e9ea3df545188fc93ce43d2f\",\"name\":\"Redacao VerdadeOn\",\"image\":{\"@type\":\"ImageObject\",\"inLanguage\":\"pt-BR\",\"@id\":\"https:\/\/verdadeon.com.br\/portal\/#\/schema\/person\/image\/\",\"url\":\"https:\/\/secure.gravatar.com\/avatar\/459a9613caaaf07f582c3d0841eea68bdd66f533e465e6ba8b9cb45619572cf4?s=96&d=mm&r=g\",\"contentUrl\":\"https:\/\/secure.gravatar.com\/avatar\/459a9613caaaf07f582c3d0841eea68bdd66f533e465e6ba8b9cb45619572cf4?s=96&d=mm&r=g\",\"caption\":\"Redacao VerdadeOn\"},\"url\":\"https:\/\/verdadeon.com.br\/portal\/author\/redacao\/\"}]}<\/script>\n<!-- \/ Yoast SEO plugin. -->","yoast_head_json":{"title":"Regi\u00e3o de Franca inicia a\u00e7\u00f5es contra inc\u00eandios florestais ap\u00f3s registrar mais de mil casos em 2024 - VerdadeOn","robots":{"index":"index","follow":"follow","max-snippet":"max-snippet:-1","max-image-preview":"max-image-preview:large","max-video-preview":"max-video-preview:-1"},"canonical":"https:\/\/verdadeon.com.br\/portal\/2025\/06\/25\/regiao-de-franca-inicia-acoes-contra-incendios-florestais-apos-registrar-mais-de-mil-casos-em-2024\/","og_locale":"pt_BR","og_type":"article","og_title":"Regi\u00e3o de Franca inicia a\u00e7\u00f5es contra inc\u00eandios florestais ap\u00f3s registrar mais de mil casos em 2024 - VerdadeOn","og_description":"Defesa Civil trabalha a\u00e7\u00f5es preventivas para reduzir impacto neste ano A equipe da Defesa Civil participou nesta ter\u00e7a-feira, 24, de uma reuni\u00e3o t\u00e9cnica sobre as a\u00e7\u00f5es [\u2026]","og_url":"https:\/\/verdadeon.com.br\/portal\/2025\/06\/25\/regiao-de-franca-inicia-acoes-contra-incendios-florestais-apos-registrar-mais-de-mil-casos-em-2024\/","og_site_name":"VerdadeOn","article_published_time":"2025-06-25T14:58:17+00:00","og_image":[{"width":1600,"height":1059,"url":"https:\/\/verdadeon.com.br\/portal\/wp-content\/uploads\/2025\/06\/reuniao-Defesa-Civil.jpeg","type":"image\/jpeg"}],"author":"Redacao VerdadeOn","twitter_card":"summary_large_image","twitter_misc":{"Escrito por":"Redacao VerdadeOn","Est. tempo de leitura":"3 minutos"},"schema":{"@context":"https:\/\/schema.org","@graph":[{"@type":"WebPage","@id":"https:\/\/verdadeon.com.br\/portal\/2025\/06\/25\/regiao-de-franca-inicia-acoes-contra-incendios-florestais-apos-registrar-mais-de-mil-casos-em-2024\/","url":"https:\/\/verdadeon.com.br\/portal\/2025\/06\/25\/regiao-de-franca-inicia-acoes-contra-incendios-florestais-apos-registrar-mais-de-mil-casos-em-2024\/","name":"Regi\u00e3o de Franca inicia a\u00e7\u00f5es contra inc\u00eandios florestais ap\u00f3s registrar mais de mil casos em 2024 - VerdadeOn","isPartOf":{"@id":"https:\/\/verdadeon.com.br\/portal\/#website"},"primaryImageOfPage":{"@id":"https:\/\/verdadeon.com.br\/portal\/2025\/06\/25\/regiao-de-franca-inicia-acoes-contra-incendios-florestais-apos-registrar-mais-de-mil-casos-em-2024\/#primaryimage"},"image":{"@id":"https:\/\/verdadeon.com.br\/portal\/2025\/06\/25\/regiao-de-franca-inicia-acoes-contra-incendios-florestais-apos-registrar-mais-de-mil-casos-em-2024\/#primaryimage"},"thumbnailUrl":"https:\/\/i0.wp.com\/verdadeon.com.br\/portal\/wp-content\/uploads\/2025\/06\/reuniao-Defesa-Civil.jpeg?fit=1600%2C1059&ssl=1","datePublished":"2025-06-25T14:58:17+00:00","author":{"@id":"https:\/\/verdadeon.com.br\/portal\/#\/schema\/person\/a5060ad1e9ea3df545188fc93ce43d2f"},"breadcrumb":{"@id":"https:\/\/verdadeon.com.br\/portal\/2025\/06\/25\/regiao-de-franca-inicia-acoes-contra-incendios-florestais-apos-registrar-mais-de-mil-casos-em-2024\/#breadcrumb"},"inLanguage":"pt-BR","potentialAction":[{"@type":"ReadAction","target":["https:\/\/verdadeon.com.br\/portal\/2025\/06\/25\/regiao-de-franca-inicia-acoes-contra-incendios-florestais-apos-registrar-mais-de-mil-casos-em-2024\/"]}]},{"@type":"ImageObject","inLanguage":"pt-BR","@id":"https:\/\/verdadeon.com.br\/portal\/2025\/06\/25\/regiao-de-franca-inicia-acoes-contra-incendios-florestais-apos-registrar-mais-de-mil-casos-em-2024\/#primaryimage","url":"https:\/\/i0.wp.com\/verdadeon.com.br\/portal\/wp-content\/uploads\/2025\/06\/reuniao-Defesa-Civil.jpeg?fit=1600%2C1059&ssl=1","contentUrl":"https:\/\/i0.wp.com\/verdadeon.com.br\/portal\/wp-content\/uploads\/2025\/06\/reuniao-Defesa-Civil.jpeg?fit=1600%2C1059&ssl=1","width":1600,"height":1059,"caption":"Reuni\u00e3o de v\u00e1rias unidades de Defesa Civil do Estado no audit\u00f3rio do Uni-Facef (\u00a9Divulga\u00e7\u00e3o)"},{"@type":"BreadcrumbList","@id":"https:\/\/verdadeon.com.br\/portal\/2025\/06\/25\/regiao-de-franca-inicia-acoes-contra-incendios-florestais-apos-registrar-mais-de-mil-casos-em-2024\/#breadcrumb","itemListElement":[{"@type":"ListItem","position":1,"name":"In\u00edcio","item":"https:\/\/verdadeon.com.br\/portal\/"},{"@type":"ListItem","position":2,"name":"Regi\u00e3o de Franca inicia a\u00e7\u00f5es contra inc\u00eandios florestais ap\u00f3s registrar mais de mil casos em 2024"}]},{"@type":"WebSite","@id":"https:\/\/verdadeon.com.br\/portal\/#website","url":"https:\/\/verdadeon.com.br\/portal\/","name":"VerdadeOn","description":"Not\u00edcias di\u00e1rias sobre Franca, Regi\u00e3o, Esporte, Cultura, Cotidiano, Colunas. Cobertura nos principais eventos da cidade \u00e9 aqui - Verdadeon Franca","potentialAction":[{"@type":"SearchAction","target":{"@type":"EntryPoint","urlTemplate":"https:\/\/verdadeon.com.br\/portal\/?s={search_term_string}"},"query-input":{"@type":"PropertyValueSpecification","valueRequired":true,"valueName":"search_term_string"}}],"inLanguage":"pt-BR"},{"@type":"Person","@id":"https:\/\/verdadeon.com.br\/portal\/#\/schema\/person\/a5060ad1e9ea3df545188fc93ce43d2f","name":"Redacao VerdadeOn","image":{"@type":"ImageObject","inLanguage":"pt-BR","@id":"https:\/\/verdadeon.com.br\/portal\/#\/schema\/person\/image\/","url":"https:\/\/secure.gravatar.com\/avatar\/459a9613caaaf07f582c3d0841eea68bdd66f533e465e6ba8b9cb45619572cf4?s=96&d=mm&r=g","contentUrl":"https:\/\/secure.gravatar.com\/avatar\/459a9613caaaf07f582c3d0841eea68bdd66f533e465e6ba8b9cb45619572cf4?s=96&d=mm&r=g","caption":"Redacao VerdadeOn"},"url":"https:\/\/verdadeon.com.br\/portal\/author\/redacao\/"}]}},"jetpack_publicize_connections":[],"jetpack_featured_media_url":"https:\/\/i0.wp.com\/verdadeon.com.br\/portal\/wp-content\/uploads\/2025\/06\/reuniao-Defesa-Civil.jpeg?fit=1600%2C1059&ssl=1","jetpack_sharing_enabled":true,"_links":{"self":[{"href":"https:\/\/verdadeon.com.br\/portal\/wp-json\/wp\/v2\/posts\/57259","targetHints":{"allow":["GET"]}}],"collection":[{"href":"https:\/\/verdadeon.com.br\/portal\/wp-json\/wp\/v2\/posts"}],"about":[{"href":"https:\/\/verdadeon.com.br\/portal\/wp-json\/wp\/v2\/types\/post"}],"author":[{"embeddable":true,"href":"https:\/\/verdadeon.com.br\/portal\/wp-json\/wp\/v2\/users\/10"}],"replies":[{"embeddable":true,"href":"https:\/\/verdadeon.com.br\/portal\/wp-json\/wp\/v2\/comments?post=57259"}],"version-history":[{"count":1,"href":"https:\/\/verdadeon.com.br\/portal\/wp-json\/wp\/v2\/posts\/57259\/revisions"}],"predecessor-version":[{"id":57261,"href":"https:\/\/verdadeon.com.br\/portal\/wp-json\/wp\/v2\/posts\/57259\/revisions\/57261"}],"wp:featuredmedia":[{"embeddable":true,"href":"https:\/\/verdadeon.com.br\/portal\/wp-json\/wp\/v2\/media\/57260"}],"wp:attachment":[{"href":"https:\/\/verdadeon.com.br\/portal\/wp-json\/wp\/v2\/media?parent=57259"}],"wp:term":[{"taxonomy":"category","embeddable":true,"href":"https:\/\/verdadeon.com.br\/portal\/wp-json\/wp\/v2\/categories?post=57259"},{"taxonomy":"post_tag","embeddable":true,"href":"https:\/\/verdadeon.com.br\/portal\/wp-json\/wp\/v2\/tags?post=57259"}],"curies":[{"name":"wp","href":"https:\/\/api.w.org\/{rel}","templated":true}]}}