{"id":57254,"date":"2025-06-25T11:21:33","date_gmt":"2025-06-25T14:21:33","guid":{"rendered":"https:\/\/verdadeon.com.br\/portal\/?p=57254"},"modified":"2025-06-25T11:21:33","modified_gmt":"2025-06-25T14:21:33","slug":"especialista-do-grupo-santa-casa-de-franca-alerta-para-avanco-do-diabetes-e-reforca-importancia-da-prevencao","status":"publish","type":"post","link":"https:\/\/verdadeon.com.br\/portal\/2025\/06\/25\/especialista-do-grupo-santa-casa-de-franca-alerta-para-avanco-do-diabetes-e-reforca-importancia-da-prevencao\/","title":{"rendered":"Especialista do Grupo Santa Casa de Franca alerta para avan\u00e7o do diabetes e refor\u00e7a import\u00e2ncia da preven\u00e7\u00e3o"},"content":{"rendered":"<h2>No primeiro trimestre de 2025, atendimentos ambulatoriais por diabetes no Brasil somaram 20,5 milh\u00f5es, pr\u00f3ximo ao total registrado em todo o ano de 2023, que foi de 20,6 milh\u00f5es<\/h2>\n<p>De acordo com dados do Minist\u00e9rio da Sa\u00fade, os atendimentos ambulatoriais relacionados ao diabetes aumentaram de forma expressiva. Em 2023, foram registrados 20.634.205 atendimentos no pa\u00eds. J\u00e1 em 2024, esse n\u00famero mais que dobrou, alcan\u00e7ando 42.618.769 registros. Em 2025, dados parciais indicam nova eleva\u00e7\u00e3o: apenas nos tr\u00eas primeiros meses do ano, foram contabilizados 20.535.555 atendimentos, quase igualando o total de 2023.<\/p>\n<p>O diabetes \u00e9 uma s\u00edndrome metab\u00f3lica de origem m\u00faltipla, decorrente da falta ou da incapacidade de a insulina exercer adequadamente seus efeitos. \u201cA insulina \u00e9 um horm\u00f4nio produzido pelo p\u00e2ncreas que controla o n\u00edvel de a\u00e7\u00facar no sangue. Quando o corpo n\u00e3o produz insulina ou n\u00e3o a utiliza corretamente, a glicose se acumula no sangue, levando ao diabetes, caracterizado por taxas elevadas de a\u00e7\u00facar de forma cont\u00ednua\u201d, explica a endocrinologista do Grupo Santa Casa de Franca, Dra. Aniette Renom Espineira.<\/p>\n<p>A data de 26 de junho marca o Dia Nacional do Diabetes, institu\u00eddo para conscientizar a popula\u00e7\u00e3o sobre a import\u00e2ncia da preven\u00e7\u00e3o, diagn\u00f3stico precoce e controle da doen\u00e7a. A campanha surgiu em parceria entre o Minist\u00e9rio da Sa\u00fade e a Organiza\u00e7\u00e3o Mundial da Sa\u00fade (OMS) para alertar os brasileiros sobre os impactos do diabetes.<\/p>\n<p>Existem diferentes tipos de diabetes, sendo os principais o tipo 1 e o tipo 2. O tipo 1 \u00e9 uma condi\u00e7\u00e3o autoimune em que o sistema imunol\u00f3gico ataca as c\u00e9lulas do p\u00e2ncreas respons\u00e1veis pela produ\u00e7\u00e3o de insulina. J\u00e1 o tipo 2, mais comum, est\u00e1 geralmente relacionado a fatores como excesso de peso, sedentarismo, alimenta\u00e7\u00e3o inadequada e predisposi\u00e7\u00e3o gen\u00e9tica, resultando na resist\u00eancia \u00e0 insulina ou na produ\u00e7\u00e3o insuficiente do horm\u00f4nio. H\u00e1, ainda, o diabetes gestacional, que pode surgir durante a gravidez e exige cuidados espec\u00edficos para a sa\u00fade da m\u00e3e e do beb\u00ea.<\/p>\n<p>A m\u00e9dica destaca que, embora o diabetes tipo 1 n\u00e3o possa ser evitado, o tipo 2 \u00e9 amplamente preven\u00edvel. \u201cAdotar um estilo de vida saud\u00e1vel, com alimenta\u00e7\u00e3o equilibrada, pr\u00e1tica regular de atividade f\u00edsica e controle do peso corporal \u00e9 essencial para reduzir o risco de desenvolver a doen\u00e7a\u201d, afirma. O acompanhamento m\u00e9dico peri\u00f3dico tamb\u00e9m \u00e9 fundamental, especialmente para pessoas com hist\u00f3rico familiar de diabetes ou outros fatores de risco.<\/p>\n<p>O controle do diabetes envolve mudan\u00e7as no estilo de vida, uso de medicamentos ou aplica\u00e7\u00e3o de insulina conforme orienta\u00e7\u00e3o m\u00e9dica. Monitorar os n\u00edveis de glicemia e manter os exames em dia s\u00e3o passos importantes para evitar complica\u00e7\u00f5es, como problemas renais, cardiovasculares, na vis\u00e3o e nos nervos perif\u00e9ricos. Informa\u00e7\u00e3o, diagn\u00f3stico precoce e tratamento adequado fazem diferen\u00e7a na qualidade de vida das pessoas com diabetes.<\/p>\n<p><strong>Complica\u00e7\u00f5es do diabetes<\/strong><\/p>\n<p>Sem controle adequado, o diabetes pode comprometer diversos \u00f3rg\u00e3os e sistemas do corpo. Entre os principais riscos est\u00e3o as doen\u00e7as cardiovasculares, como infarto e AVC, mais comuns devido \u00e0 associa\u00e7\u00e3o com hipertens\u00e3o e n\u00edveis elevados de colesterol.<\/p>\n<p>A doen\u00e7a \u00e9 atualmente a principal causa de ingresso em programas de di\u00e1lise e terapia renal substitutiva, superando a hipertens\u00e3o \u2014 cen\u00e1rio impulsionado pelo aumento global de sobrepeso e obesidade. Por isso, estrat\u00e9gias de sa\u00fade p\u00fablica e a\u00e7\u00f5es multidisciplinares t\u00eam priorizado a promo\u00e7\u00e3o de h\u00e1bitos saud\u00e1veis como forma de conter o avan\u00e7o das doen\u00e7as cardiometab\u00f3licas.<\/p>\n<p>O diabetes tamb\u00e9m pode causar doen\u00e7a renal cr\u00f4nica, al\u00e9m de retinopatia diab\u00e9tica, condi\u00e7\u00e3o que pode levar \u00e0 perda parcial ou total da vis\u00e3o e que \u00e9, segundo a OMS, a principal causa de cegueira evit\u00e1vel no mundo. Outra complica\u00e7\u00e3o frequente \u00e9 o comprometimento dos nervos perif\u00e9ricos, com sintomas como dores, formigamentos e perda de sensibilidade, especialmente nos p\u00e9s \u2014 o que eleva o risco de feridas e infec\u00e7\u00f5es. O diabetes \u00e9, inclusive, a principal causa de amputa\u00e7\u00f5es n\u00e3o traum\u00e1ticas de membros inferiores no mundo.<\/p>\n<p>\u201cA preven\u00e7\u00e3o dessas complica\u00e7\u00f5es depende diretamente do controle glic\u00eamico, da ades\u00e3o ao tratamento e do acompanhamento m\u00e9dico regular\u201d, refor\u00e7a a endocrinologista. \u201cIdentificar altera\u00e7\u00f5es precocemente permite a ado\u00e7\u00e3o de medidas para evitar a progress\u00e3o da doen\u00e7a\u201d, conclui.<\/p>\n<p><strong>Sobre o Grupo Santa Casa de Franca<\/strong><\/p>\n<p>O Grupo Santa Casa de Franca, refer\u00eancia regional de urg\u00eancia e emerg\u00eancia em m\u00e9dia e alta complexidade, envolve tr\u00eas unidades hospitalares: Hospital Geral, Hospital do C\u00e2ncer (Unidade Oncol\u00f3gica), Hospital do Cora\u00e7\u00e3o (Unidade Coronariana), al\u00e9m de um Centro de Reabilita\u00e7\u00e3o com atendimento multidisciplinar.<\/p>\n<p>A entidade tamb\u00e9m atua como OSS (Organiza\u00e7\u00e3o Social de Sa\u00fade) e administra os AMEs (Ambulat\u00f3rios M\u00e9dicos de Especialidades) das cidades de Franca, Taquaritinga, Casa Branca, Campinas, Vale do Jurumirim, S\u00e3o Carlos e Ribeir\u00e3o Preto.<\/p>\n<p>Sendo a \u00fanica institui\u00e7\u00e3o de refer\u00eancia terci\u00e1ria do SUS em toda a regi\u00e3o, atende a 22 munic\u00edpios do DRS-VIII (Departamento Regional de Sa\u00fade), incluindo Franca &#8211; o que abrange uma popula\u00e7\u00e3o estimada em mais de 700 mil habitantes.<\/p>\n","protected":false},"excerpt":{"rendered":"<p>No primeiro trimestre de 2025, atendimentos ambulatoriais por diabetes no Brasil somaram 20,5 milh\u00f5es, pr\u00f3ximo ao total registrado em todo o ano de 2023, que foi<span class=\"excerpt-hellip\"> [\u2026]<\/span><\/p>\n","protected":false},"author":10,"featured_media":57255,"comment_status":"open","ping_status":"open","sticky":false,"template":"","format":"standard","meta":{"_jetpack_memberships_contains_paid_content":false,"footnotes":"","jetpack_publicize_message":"","jetpack_publicize_feature_enabled":true,"jetpack_social_post_already_shared":true,"jetpack_social_options":{"image_generator_settings":{"template":"highway","default_image_id":0,"enabled":false},"version":2}},"categories":[28,81],"tags":[],"class_list":["post-57254","post","type-post","status-publish","format-standard","has-post-thumbnail","hentry","category-cotidiano","category-manchete"],"yoast_head":"<!-- This site is optimized with the Yoast SEO plugin v25.6 - https:\/\/yoast.com\/wordpress\/plugins\/seo\/ -->\n<title>Especialista do Grupo Santa Casa de Franca alerta para avan\u00e7o do diabetes e refor\u00e7a import\u00e2ncia da preven\u00e7\u00e3o - VerdadeOn<\/title>\n<meta name=\"robots\" content=\"index, follow, max-snippet:-1, max-image-preview:large, max-video-preview:-1\" \/>\n<link rel=\"canonical\" href=\"https:\/\/verdadeon.com.br\/portal\/2025\/06\/25\/especialista-do-grupo-santa-casa-de-franca-alerta-para-avanco-do-diabetes-e-reforca-importancia-da-prevencao\/\" \/>\n<meta property=\"og:locale\" content=\"pt_BR\" \/>\n<meta property=\"og:type\" content=\"article\" \/>\n<meta property=\"og:title\" content=\"Especialista do Grupo Santa Casa de Franca alerta para avan\u00e7o do diabetes e refor\u00e7a import\u00e2ncia da preven\u00e7\u00e3o - VerdadeOn\" \/>\n<meta property=\"og:description\" content=\"No primeiro trimestre de 2025, atendimentos ambulatoriais por diabetes no Brasil somaram 20,5 milh\u00f5es, pr\u00f3ximo ao total registrado em todo o ano de 2023, que foi [\u2026]\" \/>\n<meta property=\"og:url\" content=\"https:\/\/verdadeon.com.br\/portal\/2025\/06\/25\/especialista-do-grupo-santa-casa-de-franca-alerta-para-avanco-do-diabetes-e-reforca-importancia-da-prevencao\/\" \/>\n<meta property=\"og:site_name\" content=\"VerdadeOn\" \/>\n<meta property=\"article:published_time\" content=\"2025-06-25T14:21:33+00:00\" \/>\n<meta property=\"og:image\" content=\"https:\/\/verdadeon.com.br\/portal\/wp-content\/uploads\/2025\/06\/unnamed.jpg\" \/>\n\t<meta property=\"og:image:width\" content=\"800\" \/>\n\t<meta property=\"og:image:height\" content=\"532\" \/>\n\t<meta property=\"og:image:type\" content=\"image\/jpeg\" \/>\n<meta name=\"author\" content=\"Redacao VerdadeOn\" \/>\n<meta name=\"twitter:card\" content=\"summary_large_image\" \/>\n<meta name=\"twitter:label1\" content=\"Escrito por\" \/>\n\t<meta name=\"twitter:data1\" content=\"Redacao VerdadeOn\" \/>\n\t<meta name=\"twitter:label2\" content=\"Est. tempo de leitura\" \/>\n\t<meta name=\"twitter:data2\" content=\"4 minutos\" \/>\n<script type=\"application\/ld+json\" class=\"yoast-schema-graph\">{\"@context\":\"https:\/\/schema.org\",\"@graph\":[{\"@type\":\"WebPage\",\"@id\":\"https:\/\/verdadeon.com.br\/portal\/2025\/06\/25\/especialista-do-grupo-santa-casa-de-franca-alerta-para-avanco-do-diabetes-e-reforca-importancia-da-prevencao\/\",\"url\":\"https:\/\/verdadeon.com.br\/portal\/2025\/06\/25\/especialista-do-grupo-santa-casa-de-franca-alerta-para-avanco-do-diabetes-e-reforca-importancia-da-prevencao\/\",\"name\":\"Especialista do Grupo Santa Casa de Franca alerta para avan\u00e7o do diabetes e refor\u00e7a import\u00e2ncia da preven\u00e7\u00e3o - VerdadeOn\",\"isPartOf\":{\"@id\":\"https:\/\/verdadeon.com.br\/portal\/#website\"},\"primaryImageOfPage\":{\"@id\":\"https:\/\/verdadeon.com.br\/portal\/2025\/06\/25\/especialista-do-grupo-santa-casa-de-franca-alerta-para-avanco-do-diabetes-e-reforca-importancia-da-prevencao\/#primaryimage\"},\"image\":{\"@id\":\"https:\/\/verdadeon.com.br\/portal\/2025\/06\/25\/especialista-do-grupo-santa-casa-de-franca-alerta-para-avanco-do-diabetes-e-reforca-importancia-da-prevencao\/#primaryimage\"},\"thumbnailUrl\":\"https:\/\/i0.wp.com\/verdadeon.com.br\/portal\/wp-content\/uploads\/2025\/06\/unnamed.jpg?fit=800%2C532&ssl=1\",\"datePublished\":\"2025-06-25T14:21:33+00:00\",\"author\":{\"@id\":\"https:\/\/verdadeon.com.br\/portal\/#\/schema\/person\/a5060ad1e9ea3df545188fc93ce43d2f\"},\"breadcrumb\":{\"@id\":\"https:\/\/verdadeon.com.br\/portal\/2025\/06\/25\/especialista-do-grupo-santa-casa-de-franca-alerta-para-avanco-do-diabetes-e-reforca-importancia-da-prevencao\/#breadcrumb\"},\"inLanguage\":\"pt-BR\",\"potentialAction\":[{\"@type\":\"ReadAction\",\"target\":[\"https:\/\/verdadeon.com.br\/portal\/2025\/06\/25\/especialista-do-grupo-santa-casa-de-franca-alerta-para-avanco-do-diabetes-e-reforca-importancia-da-prevencao\/\"]}]},{\"@type\":\"ImageObject\",\"inLanguage\":\"pt-BR\",\"@id\":\"https:\/\/verdadeon.com.br\/portal\/2025\/06\/25\/especialista-do-grupo-santa-casa-de-franca-alerta-para-avanco-do-diabetes-e-reforca-importancia-da-prevencao\/#primaryimage\",\"url\":\"https:\/\/i0.wp.com\/verdadeon.com.br\/portal\/wp-content\/uploads\/2025\/06\/unnamed.jpg?fit=800%2C532&ssl=1\",\"contentUrl\":\"https:\/\/i0.wp.com\/verdadeon.com.br\/portal\/wp-content\/uploads\/2025\/06\/unnamed.jpg?fit=800%2C532&ssl=1\",\"width\":800,\"height\":532,\"caption\":\"(\u00a9Divulga\u00e7\u00e3p\/Freepik)\"},{\"@type\":\"BreadcrumbList\",\"@id\":\"https:\/\/verdadeon.com.br\/portal\/2025\/06\/25\/especialista-do-grupo-santa-casa-de-franca-alerta-para-avanco-do-diabetes-e-reforca-importancia-da-prevencao\/#breadcrumb\",\"itemListElement\":[{\"@type\":\"ListItem\",\"position\":1,\"name\":\"In\u00edcio\",\"item\":\"https:\/\/verdadeon.com.br\/portal\/\"},{\"@type\":\"ListItem\",\"position\":2,\"name\":\"Especialista do Grupo Santa Casa de Franca alerta para avan\u00e7o do diabetes e refor\u00e7a import\u00e2ncia da preven\u00e7\u00e3o\"}]},{\"@type\":\"WebSite\",\"@id\":\"https:\/\/verdadeon.com.br\/portal\/#website\",\"url\":\"https:\/\/verdadeon.com.br\/portal\/\",\"name\":\"VerdadeOn\",\"description\":\"Not\u00edcias di\u00e1rias sobre Franca, Regi\u00e3o, Esporte, Cultura, Cotidiano, Colunas. Cobertura nos principais eventos da cidade \u00e9 aqui - Verdadeon Franca\",\"potentialAction\":[{\"@type\":\"SearchAction\",\"target\":{\"@type\":\"EntryPoint\",\"urlTemplate\":\"https:\/\/verdadeon.com.br\/portal\/?s={search_term_string}\"},\"query-input\":{\"@type\":\"PropertyValueSpecification\",\"valueRequired\":true,\"valueName\":\"search_term_string\"}}],\"inLanguage\":\"pt-BR\"},{\"@type\":\"Person\",\"@id\":\"https:\/\/verdadeon.com.br\/portal\/#\/schema\/person\/a5060ad1e9ea3df545188fc93ce43d2f\",\"name\":\"Redacao VerdadeOn\",\"image\":{\"@type\":\"ImageObject\",\"inLanguage\":\"pt-BR\",\"@id\":\"https:\/\/verdadeon.com.br\/portal\/#\/schema\/person\/image\/\",\"url\":\"https:\/\/secure.gravatar.com\/avatar\/459a9613caaaf07f582c3d0841eea68bdd66f533e465e6ba8b9cb45619572cf4?s=96&d=mm&r=g\",\"contentUrl\":\"https:\/\/secure.gravatar.com\/avatar\/459a9613caaaf07f582c3d0841eea68bdd66f533e465e6ba8b9cb45619572cf4?s=96&d=mm&r=g\",\"caption\":\"Redacao VerdadeOn\"},\"url\":\"https:\/\/verdadeon.com.br\/portal\/author\/redacao\/\"}]}<\/script>\n<!-- \/ Yoast SEO plugin. -->","yoast_head_json":{"title":"Especialista do Grupo Santa Casa de Franca alerta para avan\u00e7o do diabetes e refor\u00e7a import\u00e2ncia da preven\u00e7\u00e3o - VerdadeOn","robots":{"index":"index","follow":"follow","max-snippet":"max-snippet:-1","max-image-preview":"max-image-preview:large","max-video-preview":"max-video-preview:-1"},"canonical":"https:\/\/verdadeon.com.br\/portal\/2025\/06\/25\/especialista-do-grupo-santa-casa-de-franca-alerta-para-avanco-do-diabetes-e-reforca-importancia-da-prevencao\/","og_locale":"pt_BR","og_type":"article","og_title":"Especialista do Grupo Santa Casa de Franca alerta para avan\u00e7o do diabetes e refor\u00e7a import\u00e2ncia da preven\u00e7\u00e3o - VerdadeOn","og_description":"No primeiro trimestre de 2025, atendimentos ambulatoriais por diabetes no Brasil somaram 20,5 milh\u00f5es, pr\u00f3ximo ao total registrado em todo o ano de 2023, que foi [\u2026]","og_url":"https:\/\/verdadeon.com.br\/portal\/2025\/06\/25\/especialista-do-grupo-santa-casa-de-franca-alerta-para-avanco-do-diabetes-e-reforca-importancia-da-prevencao\/","og_site_name":"VerdadeOn","article_published_time":"2025-06-25T14:21:33+00:00","og_image":[{"width":800,"height":532,"url":"https:\/\/verdadeon.com.br\/portal\/wp-content\/uploads\/2025\/06\/unnamed.jpg","type":"image\/jpeg"}],"author":"Redacao VerdadeOn","twitter_card":"summary_large_image","twitter_misc":{"Escrito por":"Redacao VerdadeOn","Est. tempo de leitura":"4 minutos"},"schema":{"@context":"https:\/\/schema.org","@graph":[{"@type":"WebPage","@id":"https:\/\/verdadeon.com.br\/portal\/2025\/06\/25\/especialista-do-grupo-santa-casa-de-franca-alerta-para-avanco-do-diabetes-e-reforca-importancia-da-prevencao\/","url":"https:\/\/verdadeon.com.br\/portal\/2025\/06\/25\/especialista-do-grupo-santa-casa-de-franca-alerta-para-avanco-do-diabetes-e-reforca-importancia-da-prevencao\/","name":"Especialista do Grupo Santa Casa de Franca alerta para avan\u00e7o do diabetes e refor\u00e7a import\u00e2ncia da preven\u00e7\u00e3o - VerdadeOn","isPartOf":{"@id":"https:\/\/verdadeon.com.br\/portal\/#website"},"primaryImageOfPage":{"@id":"https:\/\/verdadeon.com.br\/portal\/2025\/06\/25\/especialista-do-grupo-santa-casa-de-franca-alerta-para-avanco-do-diabetes-e-reforca-importancia-da-prevencao\/#primaryimage"},"image":{"@id":"https:\/\/verdadeon.com.br\/portal\/2025\/06\/25\/especialista-do-grupo-santa-casa-de-franca-alerta-para-avanco-do-diabetes-e-reforca-importancia-da-prevencao\/#primaryimage"},"thumbnailUrl":"https:\/\/i0.wp.com\/verdadeon.com.br\/portal\/wp-content\/uploads\/2025\/06\/unnamed.jpg?fit=800%2C532&ssl=1","datePublished":"2025-06-25T14:21:33+00:00","author":{"@id":"https:\/\/verdadeon.com.br\/portal\/#\/schema\/person\/a5060ad1e9ea3df545188fc93ce43d2f"},"breadcrumb":{"@id":"https:\/\/verdadeon.com.br\/portal\/2025\/06\/25\/especialista-do-grupo-santa-casa-de-franca-alerta-para-avanco-do-diabetes-e-reforca-importancia-da-prevencao\/#breadcrumb"},"inLanguage":"pt-BR","potentialAction":[{"@type":"ReadAction","target":["https:\/\/verdadeon.com.br\/portal\/2025\/06\/25\/especialista-do-grupo-santa-casa-de-franca-alerta-para-avanco-do-diabetes-e-reforca-importancia-da-prevencao\/"]}]},{"@type":"ImageObject","inLanguage":"pt-BR","@id":"https:\/\/verdadeon.com.br\/portal\/2025\/06\/25\/especialista-do-grupo-santa-casa-de-franca-alerta-para-avanco-do-diabetes-e-reforca-importancia-da-prevencao\/#primaryimage","url":"https:\/\/i0.wp.com\/verdadeon.com.br\/portal\/wp-content\/uploads\/2025\/06\/unnamed.jpg?fit=800%2C532&ssl=1","contentUrl":"https:\/\/i0.wp.com\/verdadeon.com.br\/portal\/wp-content\/uploads\/2025\/06\/unnamed.jpg?fit=800%2C532&ssl=1","width":800,"height":532,"caption":"(\u00a9Divulga\u00e7\u00e3p\/Freepik)"},{"@type":"BreadcrumbList","@id":"https:\/\/verdadeon.com.br\/portal\/2025\/06\/25\/especialista-do-grupo-santa-casa-de-franca-alerta-para-avanco-do-diabetes-e-reforca-importancia-da-prevencao\/#breadcrumb","itemListElement":[{"@type":"ListItem","position":1,"name":"In\u00edcio","item":"https:\/\/verdadeon.com.br\/portal\/"},{"@type":"ListItem","position":2,"name":"Especialista do Grupo Santa Casa de Franca alerta para avan\u00e7o do diabetes e refor\u00e7a import\u00e2ncia da preven\u00e7\u00e3o"}]},{"@type":"WebSite","@id":"https:\/\/verdadeon.com.br\/portal\/#website","url":"https:\/\/verdadeon.com.br\/portal\/","name":"VerdadeOn","description":"Not\u00edcias di\u00e1rias sobre Franca, Regi\u00e3o, Esporte, Cultura, Cotidiano, Colunas. Cobertura nos principais eventos da cidade \u00e9 aqui - Verdadeon Franca","potentialAction":[{"@type":"SearchAction","target":{"@type":"EntryPoint","urlTemplate":"https:\/\/verdadeon.com.br\/portal\/?s={search_term_string}"},"query-input":{"@type":"PropertyValueSpecification","valueRequired":true,"valueName":"search_term_string"}}],"inLanguage":"pt-BR"},{"@type":"Person","@id":"https:\/\/verdadeon.com.br\/portal\/#\/schema\/person\/a5060ad1e9ea3df545188fc93ce43d2f","name":"Redacao VerdadeOn","image":{"@type":"ImageObject","inLanguage":"pt-BR","@id":"https:\/\/verdadeon.com.br\/portal\/#\/schema\/person\/image\/","url":"https:\/\/secure.gravatar.com\/avatar\/459a9613caaaf07f582c3d0841eea68bdd66f533e465e6ba8b9cb45619572cf4?s=96&d=mm&r=g","contentUrl":"https:\/\/secure.gravatar.com\/avatar\/459a9613caaaf07f582c3d0841eea68bdd66f533e465e6ba8b9cb45619572cf4?s=96&d=mm&r=g","caption":"Redacao VerdadeOn"},"url":"https:\/\/verdadeon.com.br\/portal\/author\/redacao\/"}]}},"jetpack_publicize_connections":[],"jetpack_featured_media_url":"https:\/\/i0.wp.com\/verdadeon.com.br\/portal\/wp-content\/uploads\/2025\/06\/unnamed.jpg?fit=800%2C532&ssl=1","jetpack_sharing_enabled":true,"_links":{"self":[{"href":"https:\/\/verdadeon.com.br\/portal\/wp-json\/wp\/v2\/posts\/57254","targetHints":{"allow":["GET"]}}],"collection":[{"href":"https:\/\/verdadeon.com.br\/portal\/wp-json\/wp\/v2\/posts"}],"about":[{"href":"https:\/\/verdadeon.com.br\/portal\/wp-json\/wp\/v2\/types\/post"}],"author":[{"embeddable":true,"href":"https:\/\/verdadeon.com.br\/portal\/wp-json\/wp\/v2\/users\/10"}],"replies":[{"embeddable":true,"href":"https:\/\/verdadeon.com.br\/portal\/wp-json\/wp\/v2\/comments?post=57254"}],"version-history":[{"count":1,"href":"https:\/\/verdadeon.com.br\/portal\/wp-json\/wp\/v2\/posts\/57254\/revisions"}],"predecessor-version":[{"id":57256,"href":"https:\/\/verdadeon.com.br\/portal\/wp-json\/wp\/v2\/posts\/57254\/revisions\/57256"}],"wp:featuredmedia":[{"embeddable":true,"href":"https:\/\/verdadeon.com.br\/portal\/wp-json\/wp\/v2\/media\/57255"}],"wp:attachment":[{"href":"https:\/\/verdadeon.com.br\/portal\/wp-json\/wp\/v2\/media?parent=57254"}],"wp:term":[{"taxonomy":"category","embeddable":true,"href":"https:\/\/verdadeon.com.br\/portal\/wp-json\/wp\/v2\/categories?post=57254"},{"taxonomy":"post_tag","embeddable":true,"href":"https:\/\/verdadeon.com.br\/portal\/wp-json\/wp\/v2\/tags?post=57254"}],"curies":[{"name":"wp","href":"https:\/\/api.w.org\/{rel}","templated":true}]}}