{"id":57251,"date":"2025-06-25T11:16:11","date_gmt":"2025-06-25T14:16:11","guid":{"rendered":"https:\/\/verdadeon.com.br\/portal\/?p=57251"},"modified":"2025-06-25T11:16:11","modified_gmt":"2025-06-25T14:16:11","slug":"trilhas-de-minas-erlindo-morato-lanca-novo-trabalho-unindo-musica-e-desenhos-autorais","status":"publish","type":"post","link":"https:\/\/verdadeon.com.br\/portal\/2025\/06\/25\/trilhas-de-minas-erlindo-morato-lanca-novo-trabalho-unindo-musica-e-desenhos-autorais\/","title":{"rendered":"&#8216;Trilhas de Minas&#8217;: Erlindo Morato lan\u00e7a novo trabalho unindo m\u00fasica e desenhos autorais"},"content":{"rendered":"<h2 class=\"ql-align-center\">\u00c1lbum resgata suas mem\u00f3rias afetivas entre Franca e Minas Gerais<\/h2>\n<p class=\"ql-align-justify\">O m\u00fasico, arquiteto e artista visual\u00a0<strong>Erlindo Morato lan\u00e7a em todas as plataformas digitais seu terceiro \u00e1lbum autoral, \u201cTrilhas de Minas\u201d, nesta sexta-feira (27\/06)<\/strong>. O trabalho sens\u00edvel e po\u00e9tico costura as suas mem\u00f3rias afetivas entre Franca (SP) e Minas Gerais com can\u00e7\u00f5es, m\u00fasicas instrumentais e desenhos do pr\u00f3prio artista, feitos com l\u00e1pis de cor e tinta nanquim.\u00a0<strong>O show de lan\u00e7amento ser\u00e1 no mesmo dia, \u00e0s 20h, no Teatro An\u00e1lia Franco da Escola Pestalozzi, em Franca, com entrada gratuita e recursos de acessibilidade.<\/strong><\/p>\n<p class=\"ql-align-justify\">Na fronteira entre S\u00e3o Paulo e Minas Gerais, Franca \u00e9 uma cidade conhecida por ser meio paulista e meio mineira, ponto de encontro entre a cultura e a economia dos dois estados. Neste novo projeto, Erlindo Morato resgata suas lembran\u00e7as da inf\u00e2ncia entre os territ\u00f3rios que moldaram sua trajet\u00f3ria de vida e arte.<\/p>\n<p class=\"ql-align-justify\">\u201cNa letra da can\u00e7\u00e3o que d\u00e1 nome ao disco eu falo sobre o visual deslumbrante das serras e montes de Minas, que eu tinha (e ainda tenho), quando ia (e ainda vou) l\u00e1 pelos lados do Jardim do \u00c9den, Palma e Panorama. \u00c9 a minha percep\u00e7\u00e3o quando olho para a bela paisagem de Minas, a partir desses bairros de Franca, uma cidade \u2018mineira\u2019\u201d, diz Erlindo Morato.<\/p>\n<p><strong>Can\u00e7\u00f5es<\/strong><\/p>\n<p class=\"ql-align-justify\">Com 14 faixas in\u00e9ditas, entre can\u00e7\u00f5es e m\u00fasicas instrumentais, \u201cTrilhas de Minas\u201d \u00e9 uma evoca\u00e7\u00e3o a Minas Gerais, com uma vis\u00e3o subjetiva da regi\u00e3o que circunda Franca. Cada m\u00fasica\u00a0nasce de viv\u00eancias reais e lugares simb\u00f3licos: as montanhas de Claraval, onde se inicia a Serra da Canastra; os vales de Sacramento e a cidade de Conquista.<\/p>\n<p class=\"ql-align-justify\">\u201cH\u00e1 cita\u00e7\u00f5es musicais destas cidades que me s\u00e3o afetivas, pois frequento desde crian\u00e7a e me remetem a meu saudoso pai e aos meus filhos. Tamb\u00e9m me recordo de alguns locais aqui de Franca que ia com eles, j\u00e1 h\u00e1 algum tempo. O \u00e1lbum \u00e9 uma viagem interior para o exterior, resgates, buscas alhures ou perto, nos mares de Minas\u201d, relembra o m\u00fasico.<\/p>\n<p class=\"ql-align-justify\">Com versatilidade, o artista viaja ainda pelo seu \u201cmundo mineiro encantado\u201d:\u00a0as m\u00fasicas v\u00eam acompanhadas por um encarte digital com desenhos pr\u00f3prios, feitos com l\u00e1pis de cor e tinta nanquim, remetendo \u00e0s paisagens e recorda\u00e7\u00f5es da inf\u00e2ncia.<\/p>\n<p class=\"ql-align-justify\">\u201cOs desenhos com l\u00e1pis de cor, t\u00e9cnica um tanto esquecida, mas nem por isso t\u00e3o f\u00e1cil, s\u00e3o o\u00a0 meio de express\u00e3o que tenho hoje espontaneamente e vislumbram uma \u00e9poca de viv\u00eancia com familiares, principalmente com meus filhos, e diversas outras situa\u00e7\u00f5es da minha vida. Herdei esse dom do meu pai, que tamb\u00e9m desenhava um pouco\u201d, diz Erlindo, que o homenageia no disco.<\/p>\n<p><strong>Refer\u00eancias<\/strong><\/p>\n<p class=\"ql-align-justify\">A\u00a0m\u00fasica \u201cVi\u00e7os, Rios e Verg\u00e9is\u201d faz refer\u00eancia ao livro \u201cVerg\u00e9is do Rio Grande\u201d, de Agnelo Morato (lan\u00e7ado em 1986), uma ode a Minas e que tamb\u00e9m inspirou o desenho da capa de \u201cTrilhas de Minas\u201d, assinada por Erlindo.<\/p>\n<p class=\"ql-align-justify\">O \u00e1lbum transita entre o jazz, a m\u00fasica erudita e a sonoridade regional brasileira, com forte inspira\u00e7\u00e3o no movimento Clube da Esquina. A grava\u00e7\u00e3o contou com a parceria especial de Marcos Prado, nos arranjos e na produ\u00e7\u00e3o musical.<\/p>\n<p class=\"ql-align-justify\">No show de lan\u00e7amento, nesta sexta-feira (27\/06), \u00e0s 20h, no Teatro An\u00e1lia Franco da Escola Pestalozzi, Erlindo se apresenta acompanhado de Marcos (viol\u00e3o, guitarra e voz) e dos m\u00fasicos Fernando Diniz (voz), Wainer (teclados), Edmilson (baixo) e Daniel Ribeiro (bateria). Os desenhos do artista ser\u00e3o projetados na tela, ilustrando o cen\u00e1rio. A apresenta\u00e7\u00e3o contar\u00e1 com recursos de acessibilidade &#8211; int\u00e9rprete de Libras e audiodescri\u00e7\u00e3o das imagens projetadas.<\/p>\n<p class=\"ql-align-justify\">Para Erlindo, \u201cTrilhas de Minas\u201d transcende sua espiritualidade. \u201cVislumbro figuras como Eur\u00edpedes Barsanulfo, em Sacramento, com suas curas e o jasmineiro, que plantou em seu col\u00e9gio h\u00e1 mais de 100 anos, e o m\u00e9dium Langerton Neves da Cunha, no lugarejo de Peir\u00f3polis (distrito rural de Uberaba\/MG), onde tamb\u00e9m realizava curas, todos especiais, medicinais, infinitesimais\u201d, finaliza o m\u00fasico.<\/p>\n<p class=\"ql-align-justify\"><strong>Inclus\u00e3o: shows em institui\u00e7\u00f5es<\/strong><\/p>\n<p class=\"ql-align-justify\">O lan\u00e7amento do disco \u201cTrilhas de Minas\u201d, de Erlindo Morato, prev\u00ea ainda tr\u00eas apresenta\u00e7\u00f5es musicais inclusivas, em duo com Marcos Prado, em institui\u00e7\u00f5es de Franca: no Lar de Eur\u00edpedes, que presta assist\u00eancia a pessoas idosas em situa\u00e7\u00e3o de vulnerabilidade social; na Caminhar &#8211; Associa\u00e7\u00e3o de Fam\u00edlias, Pessoas e Portadores de Paralisia Cerebral, institui\u00e7\u00e3o que oferece atendimento especializado para pessoas com defici\u00eancias m\u00faltiplas; e na Sociedade Francana de Instru\u00e7\u00e3o e Trabalho para Cegos, com divulga\u00e7\u00e3o de material promocional em Braille, garantindo que pessoas com defici\u00eancia visual tenham acesso ao conte\u00fado e \u00e0 programa\u00e7\u00e3o do evento.<\/p>\n<p class=\"ql-align-justify\">\u201cTrilhas de Minas\u201d, que foi contemplado com recursos da Pol\u00edtica Nacional Aldir Blanc de Fomento \u00e0 Cultura (PNAB), atrav\u00e9s da Prefeitura Municipal de Franca, vai al\u00e9m do entretenimento.\u00a0\u201cN\u00e3o apenas valoriza as tradi\u00e7\u00f5es e ra\u00edzes culturais locais, mas tamb\u00e9m promove um di\u00e1logo inclusivo, ressaltando a import\u00e2ncia da m\u00fasica como ferramenta de inclus\u00e3o e express\u00e3o\u201d, diz Claryssa P\u00e1dua, produtora executiva e coordenadora do projeto.<\/p>\n<p class=\"ql-align-justify\"><strong>SERVI\u00c7O<\/strong><\/p>\n<p class=\"ql-align-justify\"><strong>Show de Lan\u00e7amento do CD \u201cTrilhas de Minas\u201d &#8211; Erlindo Morato\u00a0\u00a0<\/strong><\/p>\n<p class=\"ql-align-justify\"><strong>Data:\u00a0<\/strong>Sexta-feira (27\/06)<\/p>\n<p class=\"ql-align-justify\"><strong>Hor\u00e1rio:\u00a0<\/strong>20h<\/p>\n<p class=\"ql-align-justify\"><strong>Local:\u00a0<\/strong>Teatro An\u00e1lia Franco da Escola Pestalozzi &#8211; Rua Jos\u00e9 Marques Garcia, 197 &#8211; Cidade Nova &#8211; Franca\/SP<\/p>\n<p class=\"ql-align-justify\"><strong>Recursos de acessibilidade:<\/strong>\u00a0int\u00e9rprete de Libras e audiodescri\u00e7\u00e3o<\/p>\n<p class=\"ql-align-justify\"><strong>Entrada gratuita<\/strong><\/p>\n<p class=\"ql-align-justify\"><strong>Pr\u00e9-save:<\/strong>\u00a0<a href=\"https:\/\/linktr.ee\/erlindomorato\" target=\"_blank\" rel=\"noopener noreferrer\">https:\/\/linktr.ee\/erlindomorato<\/a><\/p>\n","protected":false},"excerpt":{"rendered":"<p>\u00c1lbum resgata suas mem\u00f3rias afetivas entre Franca e Minas Gerais O m\u00fasico, arquiteto e artista visual\u00a0Erlindo Morato lan\u00e7a em todas as plataformas digitais seu terceiro \u00e1lbum<span class=\"excerpt-hellip\"> [\u2026]<\/span><\/p>\n","protected":false},"author":10,"featured_media":57252,"comment_status":"open","ping_status":"open","sticky":false,"template":"","format":"standard","meta":{"_jetpack_memberships_contains_paid_content":false,"footnotes":"","jetpack_publicize_message":"","jetpack_publicize_feature_enabled":true,"jetpack_social_post_already_shared":true,"jetpack_social_options":{"image_generator_settings":{"template":"highway","default_image_id":0,"enabled":false},"version":2}},"categories":[28,44],"tags":[],"class_list":["post-57251","post","type-post","status-publish","format-standard","has-post-thumbnail","hentry","category-cotidiano","category-noticias"],"yoast_head":"<!-- This site is optimized with the Yoast SEO plugin v25.6 - https:\/\/yoast.com\/wordpress\/plugins\/seo\/ -->\n<title>&#039;Trilhas de Minas&#039;: Erlindo Morato lan\u00e7a novo trabalho unindo m\u00fasica e desenhos autorais - VerdadeOn<\/title>\n<meta name=\"robots\" content=\"index, follow, max-snippet:-1, max-image-preview:large, max-video-preview:-1\" \/>\n<link rel=\"canonical\" href=\"https:\/\/verdadeon.com.br\/portal\/2025\/06\/25\/trilhas-de-minas-erlindo-morato-lanca-novo-trabalho-unindo-musica-e-desenhos-autorais\/\" \/>\n<meta property=\"og:locale\" content=\"pt_BR\" \/>\n<meta property=\"og:type\" content=\"article\" \/>\n<meta property=\"og:title\" content=\"&#039;Trilhas de Minas&#039;: Erlindo Morato lan\u00e7a novo trabalho unindo m\u00fasica e desenhos autorais - VerdadeOn\" \/>\n<meta property=\"og:description\" content=\"\u00c1lbum resgata suas mem\u00f3rias afetivas entre Franca e Minas Gerais O m\u00fasico, arquiteto e artista visual\u00a0Erlindo Morato lan\u00e7a em todas as plataformas digitais seu terceiro \u00e1lbum [\u2026]\" \/>\n<meta property=\"og:url\" content=\"https:\/\/verdadeon.com.br\/portal\/2025\/06\/25\/trilhas-de-minas-erlindo-morato-lanca-novo-trabalho-unindo-musica-e-desenhos-autorais\/\" \/>\n<meta property=\"og:site_name\" content=\"VerdadeOn\" \/>\n<meta property=\"article:published_time\" content=\"2025-06-25T14:16:11+00:00\" \/>\n<meta property=\"og:image\" content=\"https:\/\/verdadeon.com.br\/portal\/wp-content\/uploads\/2025\/06\/WhatsApp-Image-2025-06-24-at-10.56.36.jpeg\" \/>\n\t<meta property=\"og:image:width\" content=\"1600\" \/>\n\t<meta property=\"og:image:height\" content=\"1066\" \/>\n\t<meta property=\"og:image:type\" content=\"image\/jpeg\" \/>\n<meta name=\"author\" content=\"Redacao VerdadeOn\" \/>\n<meta name=\"twitter:card\" content=\"summary_large_image\" \/>\n<meta name=\"twitter:label1\" content=\"Escrito por\" \/>\n\t<meta name=\"twitter:data1\" content=\"Redacao VerdadeOn\" \/>\n\t<meta name=\"twitter:label2\" content=\"Est. tempo de leitura\" \/>\n\t<meta name=\"twitter:data2\" content=\"5 minutos\" \/>\n<script type=\"application\/ld+json\" class=\"yoast-schema-graph\">{\"@context\":\"https:\/\/schema.org\",\"@graph\":[{\"@type\":\"WebPage\",\"@id\":\"https:\/\/verdadeon.com.br\/portal\/2025\/06\/25\/trilhas-de-minas-erlindo-morato-lanca-novo-trabalho-unindo-musica-e-desenhos-autorais\/\",\"url\":\"https:\/\/verdadeon.com.br\/portal\/2025\/06\/25\/trilhas-de-minas-erlindo-morato-lanca-novo-trabalho-unindo-musica-e-desenhos-autorais\/\",\"name\":\"'Trilhas de Minas': Erlindo Morato lan\u00e7a novo trabalho unindo m\u00fasica e desenhos autorais - VerdadeOn\",\"isPartOf\":{\"@id\":\"https:\/\/verdadeon.com.br\/portal\/#website\"},\"primaryImageOfPage\":{\"@id\":\"https:\/\/verdadeon.com.br\/portal\/2025\/06\/25\/trilhas-de-minas-erlindo-morato-lanca-novo-trabalho-unindo-musica-e-desenhos-autorais\/#primaryimage\"},\"image\":{\"@id\":\"https:\/\/verdadeon.com.br\/portal\/2025\/06\/25\/trilhas-de-minas-erlindo-morato-lanca-novo-trabalho-unindo-musica-e-desenhos-autorais\/#primaryimage\"},\"thumbnailUrl\":\"https:\/\/i0.wp.com\/verdadeon.com.br\/portal\/wp-content\/uploads\/2025\/06\/WhatsApp-Image-2025-06-24-at-10.56.36.jpeg?fit=1600%2C1066&ssl=1\",\"datePublished\":\"2025-06-25T14:16:11+00:00\",\"author\":{\"@id\":\"https:\/\/verdadeon.com.br\/portal\/#\/schema\/person\/a5060ad1e9ea3df545188fc93ce43d2f\"},\"breadcrumb\":{\"@id\":\"https:\/\/verdadeon.com.br\/portal\/2025\/06\/25\/trilhas-de-minas-erlindo-morato-lanca-novo-trabalho-unindo-musica-e-desenhos-autorais\/#breadcrumb\"},\"inLanguage\":\"pt-BR\",\"potentialAction\":[{\"@type\":\"ReadAction\",\"target\":[\"https:\/\/verdadeon.com.br\/portal\/2025\/06\/25\/trilhas-de-minas-erlindo-morato-lanca-novo-trabalho-unindo-musica-e-desenhos-autorais\/\"]}]},{\"@type\":\"ImageObject\",\"inLanguage\":\"pt-BR\",\"@id\":\"https:\/\/verdadeon.com.br\/portal\/2025\/06\/25\/trilhas-de-minas-erlindo-morato-lanca-novo-trabalho-unindo-musica-e-desenhos-autorais\/#primaryimage\",\"url\":\"https:\/\/i0.wp.com\/verdadeon.com.br\/portal\/wp-content\/uploads\/2025\/06\/WhatsApp-Image-2025-06-24-at-10.56.36.jpeg?fit=1600%2C1066&ssl=1\",\"contentUrl\":\"https:\/\/i0.wp.com\/verdadeon.com.br\/portal\/wp-content\/uploads\/2025\/06\/WhatsApp-Image-2025-06-24-at-10.56.36.jpeg?fit=1600%2C1066&ssl=1\",\"width\":1600,\"height\":1066,\"caption\":\"Em novo disco, \u2018Trilhas de Minas\u2019, Erlindo Morato mostra a sua versatilidade como cantor e multi-instrumentista inspirado por suas mem\u00f3rias afetivas da inf\u00e2ncia entre Franca e Minas Gerais (\u00a9Fernando Bachur)\"},{\"@type\":\"BreadcrumbList\",\"@id\":\"https:\/\/verdadeon.com.br\/portal\/2025\/06\/25\/trilhas-de-minas-erlindo-morato-lanca-novo-trabalho-unindo-musica-e-desenhos-autorais\/#breadcrumb\",\"itemListElement\":[{\"@type\":\"ListItem\",\"position\":1,\"name\":\"In\u00edcio\",\"item\":\"https:\/\/verdadeon.com.br\/portal\/\"},{\"@type\":\"ListItem\",\"position\":2,\"name\":\"&#8216;Trilhas de Minas&#8217;: Erlindo Morato lan\u00e7a novo trabalho unindo m\u00fasica e desenhos autorais\"}]},{\"@type\":\"WebSite\",\"@id\":\"https:\/\/verdadeon.com.br\/portal\/#website\",\"url\":\"https:\/\/verdadeon.com.br\/portal\/\",\"name\":\"VerdadeOn\",\"description\":\"Not\u00edcias di\u00e1rias sobre Franca, Regi\u00e3o, Esporte, Cultura, Cotidiano, Colunas. Cobertura nos principais eventos da cidade \u00e9 aqui - Verdadeon Franca\",\"potentialAction\":[{\"@type\":\"SearchAction\",\"target\":{\"@type\":\"EntryPoint\",\"urlTemplate\":\"https:\/\/verdadeon.com.br\/portal\/?s={search_term_string}\"},\"query-input\":{\"@type\":\"PropertyValueSpecification\",\"valueRequired\":true,\"valueName\":\"search_term_string\"}}],\"inLanguage\":\"pt-BR\"},{\"@type\":\"Person\",\"@id\":\"https:\/\/verdadeon.com.br\/portal\/#\/schema\/person\/a5060ad1e9ea3df545188fc93ce43d2f\",\"name\":\"Redacao VerdadeOn\",\"image\":{\"@type\":\"ImageObject\",\"inLanguage\":\"pt-BR\",\"@id\":\"https:\/\/verdadeon.com.br\/portal\/#\/schema\/person\/image\/\",\"url\":\"https:\/\/secure.gravatar.com\/avatar\/459a9613caaaf07f582c3d0841eea68bdd66f533e465e6ba8b9cb45619572cf4?s=96&d=mm&r=g\",\"contentUrl\":\"https:\/\/secure.gravatar.com\/avatar\/459a9613caaaf07f582c3d0841eea68bdd66f533e465e6ba8b9cb45619572cf4?s=96&d=mm&r=g\",\"caption\":\"Redacao VerdadeOn\"},\"url\":\"https:\/\/verdadeon.com.br\/portal\/author\/redacao\/\"}]}<\/script>\n<!-- \/ Yoast SEO plugin. -->","yoast_head_json":{"title":"'Trilhas de Minas': Erlindo Morato lan\u00e7a novo trabalho unindo m\u00fasica e desenhos autorais - VerdadeOn","robots":{"index":"index","follow":"follow","max-snippet":"max-snippet:-1","max-image-preview":"max-image-preview:large","max-video-preview":"max-video-preview:-1"},"canonical":"https:\/\/verdadeon.com.br\/portal\/2025\/06\/25\/trilhas-de-minas-erlindo-morato-lanca-novo-trabalho-unindo-musica-e-desenhos-autorais\/","og_locale":"pt_BR","og_type":"article","og_title":"'Trilhas de Minas': Erlindo Morato lan\u00e7a novo trabalho unindo m\u00fasica e desenhos autorais - VerdadeOn","og_description":"\u00c1lbum resgata suas mem\u00f3rias afetivas entre Franca e Minas Gerais O m\u00fasico, arquiteto e artista visual\u00a0Erlindo Morato lan\u00e7a em todas as plataformas digitais seu terceiro \u00e1lbum [\u2026]","og_url":"https:\/\/verdadeon.com.br\/portal\/2025\/06\/25\/trilhas-de-minas-erlindo-morato-lanca-novo-trabalho-unindo-musica-e-desenhos-autorais\/","og_site_name":"VerdadeOn","article_published_time":"2025-06-25T14:16:11+00:00","og_image":[{"width":1600,"height":1066,"url":"https:\/\/verdadeon.com.br\/portal\/wp-content\/uploads\/2025\/06\/WhatsApp-Image-2025-06-24-at-10.56.36.jpeg","type":"image\/jpeg"}],"author":"Redacao VerdadeOn","twitter_card":"summary_large_image","twitter_misc":{"Escrito por":"Redacao VerdadeOn","Est. tempo de leitura":"5 minutos"},"schema":{"@context":"https:\/\/schema.org","@graph":[{"@type":"WebPage","@id":"https:\/\/verdadeon.com.br\/portal\/2025\/06\/25\/trilhas-de-minas-erlindo-morato-lanca-novo-trabalho-unindo-musica-e-desenhos-autorais\/","url":"https:\/\/verdadeon.com.br\/portal\/2025\/06\/25\/trilhas-de-minas-erlindo-morato-lanca-novo-trabalho-unindo-musica-e-desenhos-autorais\/","name":"'Trilhas de Minas': Erlindo Morato lan\u00e7a novo trabalho unindo m\u00fasica e desenhos autorais - VerdadeOn","isPartOf":{"@id":"https:\/\/verdadeon.com.br\/portal\/#website"},"primaryImageOfPage":{"@id":"https:\/\/verdadeon.com.br\/portal\/2025\/06\/25\/trilhas-de-minas-erlindo-morato-lanca-novo-trabalho-unindo-musica-e-desenhos-autorais\/#primaryimage"},"image":{"@id":"https:\/\/verdadeon.com.br\/portal\/2025\/06\/25\/trilhas-de-minas-erlindo-morato-lanca-novo-trabalho-unindo-musica-e-desenhos-autorais\/#primaryimage"},"thumbnailUrl":"https:\/\/i0.wp.com\/verdadeon.com.br\/portal\/wp-content\/uploads\/2025\/06\/WhatsApp-Image-2025-06-24-at-10.56.36.jpeg?fit=1600%2C1066&ssl=1","datePublished":"2025-06-25T14:16:11+00:00","author":{"@id":"https:\/\/verdadeon.com.br\/portal\/#\/schema\/person\/a5060ad1e9ea3df545188fc93ce43d2f"},"breadcrumb":{"@id":"https:\/\/verdadeon.com.br\/portal\/2025\/06\/25\/trilhas-de-minas-erlindo-morato-lanca-novo-trabalho-unindo-musica-e-desenhos-autorais\/#breadcrumb"},"inLanguage":"pt-BR","potentialAction":[{"@type":"ReadAction","target":["https:\/\/verdadeon.com.br\/portal\/2025\/06\/25\/trilhas-de-minas-erlindo-morato-lanca-novo-trabalho-unindo-musica-e-desenhos-autorais\/"]}]},{"@type":"ImageObject","inLanguage":"pt-BR","@id":"https:\/\/verdadeon.com.br\/portal\/2025\/06\/25\/trilhas-de-minas-erlindo-morato-lanca-novo-trabalho-unindo-musica-e-desenhos-autorais\/#primaryimage","url":"https:\/\/i0.wp.com\/verdadeon.com.br\/portal\/wp-content\/uploads\/2025\/06\/WhatsApp-Image-2025-06-24-at-10.56.36.jpeg?fit=1600%2C1066&ssl=1","contentUrl":"https:\/\/i0.wp.com\/verdadeon.com.br\/portal\/wp-content\/uploads\/2025\/06\/WhatsApp-Image-2025-06-24-at-10.56.36.jpeg?fit=1600%2C1066&ssl=1","width":1600,"height":1066,"caption":"Em novo disco, \u2018Trilhas de Minas\u2019, Erlindo Morato mostra a sua versatilidade como cantor e multi-instrumentista inspirado por suas mem\u00f3rias afetivas da inf\u00e2ncia entre Franca e Minas Gerais (\u00a9Fernando Bachur)"},{"@type":"BreadcrumbList","@id":"https:\/\/verdadeon.com.br\/portal\/2025\/06\/25\/trilhas-de-minas-erlindo-morato-lanca-novo-trabalho-unindo-musica-e-desenhos-autorais\/#breadcrumb","itemListElement":[{"@type":"ListItem","position":1,"name":"In\u00edcio","item":"https:\/\/verdadeon.com.br\/portal\/"},{"@type":"ListItem","position":2,"name":"&#8216;Trilhas de Minas&#8217;: Erlindo Morato lan\u00e7a novo trabalho unindo m\u00fasica e desenhos autorais"}]},{"@type":"WebSite","@id":"https:\/\/verdadeon.com.br\/portal\/#website","url":"https:\/\/verdadeon.com.br\/portal\/","name":"VerdadeOn","description":"Not\u00edcias di\u00e1rias sobre Franca, Regi\u00e3o, Esporte, Cultura, Cotidiano, Colunas. Cobertura nos principais eventos da cidade \u00e9 aqui - Verdadeon Franca","potentialAction":[{"@type":"SearchAction","target":{"@type":"EntryPoint","urlTemplate":"https:\/\/verdadeon.com.br\/portal\/?s={search_term_string}"},"query-input":{"@type":"PropertyValueSpecification","valueRequired":true,"valueName":"search_term_string"}}],"inLanguage":"pt-BR"},{"@type":"Person","@id":"https:\/\/verdadeon.com.br\/portal\/#\/schema\/person\/a5060ad1e9ea3df545188fc93ce43d2f","name":"Redacao VerdadeOn","image":{"@type":"ImageObject","inLanguage":"pt-BR","@id":"https:\/\/verdadeon.com.br\/portal\/#\/schema\/person\/image\/","url":"https:\/\/secure.gravatar.com\/avatar\/459a9613caaaf07f582c3d0841eea68bdd66f533e465e6ba8b9cb45619572cf4?s=96&d=mm&r=g","contentUrl":"https:\/\/secure.gravatar.com\/avatar\/459a9613caaaf07f582c3d0841eea68bdd66f533e465e6ba8b9cb45619572cf4?s=96&d=mm&r=g","caption":"Redacao VerdadeOn"},"url":"https:\/\/verdadeon.com.br\/portal\/author\/redacao\/"}]}},"jetpack_publicize_connections":[],"jetpack_featured_media_url":"https:\/\/i0.wp.com\/verdadeon.com.br\/portal\/wp-content\/uploads\/2025\/06\/WhatsApp-Image-2025-06-24-at-10.56.36.jpeg?fit=1600%2C1066&ssl=1","jetpack_sharing_enabled":true,"_links":{"self":[{"href":"https:\/\/verdadeon.com.br\/portal\/wp-json\/wp\/v2\/posts\/57251","targetHints":{"allow":["GET"]}}],"collection":[{"href":"https:\/\/verdadeon.com.br\/portal\/wp-json\/wp\/v2\/posts"}],"about":[{"href":"https:\/\/verdadeon.com.br\/portal\/wp-json\/wp\/v2\/types\/post"}],"author":[{"embeddable":true,"href":"https:\/\/verdadeon.com.br\/portal\/wp-json\/wp\/v2\/users\/10"}],"replies":[{"embeddable":true,"href":"https:\/\/verdadeon.com.br\/portal\/wp-json\/wp\/v2\/comments?post=57251"}],"version-history":[{"count":1,"href":"https:\/\/verdadeon.com.br\/portal\/wp-json\/wp\/v2\/posts\/57251\/revisions"}],"predecessor-version":[{"id":57253,"href":"https:\/\/verdadeon.com.br\/portal\/wp-json\/wp\/v2\/posts\/57251\/revisions\/57253"}],"wp:featuredmedia":[{"embeddable":true,"href":"https:\/\/verdadeon.com.br\/portal\/wp-json\/wp\/v2\/media\/57252"}],"wp:attachment":[{"href":"https:\/\/verdadeon.com.br\/portal\/wp-json\/wp\/v2\/media?parent=57251"}],"wp:term":[{"taxonomy":"category","embeddable":true,"href":"https:\/\/verdadeon.com.br\/portal\/wp-json\/wp\/v2\/categories?post=57251"},{"taxonomy":"post_tag","embeddable":true,"href":"https:\/\/verdadeon.com.br\/portal\/wp-json\/wp\/v2\/tags?post=57251"}],"curies":[{"name":"wp","href":"https:\/\/api.w.org\/{rel}","templated":true}]}}